{"id":60749,"date":"2012-05-22T22:35:09","date_gmt":"2012-05-22T21:35:09","guid":{"rendered":"http:\/\/www.visit-ulcinj.com\/blog\/?p=60749"},"modified":"2012-05-24T09:30:15","modified_gmt":"2012-05-24T08:30:15","slug":"udsh-ja-telegram-ngushellimi-kryeministrit-te-shqiperise","status":"publish","type":"post","link":"https:\/\/www.visit-ulcinj.com\/blog\/2012\/05\/22\/udsh-ja-telegram-ngushellimi-kryeministrit-te-shqiperise\/","title":{"rendered":"UDSH-ja: Telegram ngush\u00ebllimi kryeministrit t\u00eb Shqip\u00ebris\u00eb"},"content":{"rendered":"<p><strong><a href=\"http:\/\/www.visit-ulcinj.com\/blog\/wp-content\/uploads\/2012\/05\/UNIONI-DEMOKRATIK-I-SHQIPTAR\u00cbVE.jpg\"><img loading=\"lazy\" class=\"alignleft  wp-image-60750\" title=\"UNIONI  DEMOKRATIK I SHQIPTAR\u00cbVE\" src=\"http:\/\/www.visit-ulcinj.com\/blog\/wp-content\/uploads\/2012\/05\/UNIONI-DEMOKRATIK-I-SHQIPTAR\u00cbVE-300x285.jpg\" alt=\"\" width=\"200\" height=\"200\" \/><\/a>UNIONI\u00a0 DEMOKRATIK I SHQIPTAR\u00cbVE<br \/>\n<\/strong><strong><\/strong><\/p>\n<p>Ulqin,m\u00eb\u00a0 22.05.2012<\/p>\n<p><strong>\u00a0\u00a0\u00a0\u00a0\u00a0\u00a0\u00a0\u00a0\u00a0\u00a0\u00a0\u00a0\u00a0\u00a0\u00a0\u00a0\u00a0\u00a0\u00a0\u00a0\u00a0\u00a0\u00a0\u00a0\u00a0\u00a0\u00a0\u00a0\u00a0\u00a0\u00a0\u00a0\u00a0\u00a0\u00a0 <\/strong><\/p>\n<p style=\"text-align: center;\">\u00a0\u00a0\u00a0\u00a0\u00a0\u00a0\u00a0\u00a0\u00a0\u00a0\u00a0\u00a0\u00a0\u00a0\u00a0 <strong>Kryeministrit t\u00eb Republik\u00ebs s\u00eb Shqip\u00ebris\u00eb, z. Sali Berisha<\/strong><\/p>\n<p style=\"text-align: center;\"><strong>\u00a0\u00a0\u00a0\u00a0\u00a0\u00a0\u00a0\u00a0\u00a0\u00a0\u00a0 \u00a0\u00a0\u00a0\u00a0\u00a0\u00a0\u00a0\u00a0\u00a0\u00a0\u00a0\u00a0\u00a0\u00a0\u00a0\u00a0\u00a0\u00a0\u00a0\u00a0\u00a0\u00a0\u00a0\u00a0\u00a0\u00a0\u00a0\u00a0\u00a0\u00a0\u00a0\u00a0Telegram ngush\u00ebllimi<\/strong><\/p>\n<p>&nbsp;<\/p>\n<p>Me dhimbje t\u00eb thell\u00eb mor\u00ebm lajmin mbi vdekjen tragjike, si dhe plagosjen e student\u00ebve t\u00eb Universitetit \u201cAleksand\u00ebr Xhuvani\u201d t\u00eb Elbasanit, n\u00eb aksidentin e trafikut q\u00eb ndodhi n\u00eb aksin rrugor Sarand\u00eb \u2013 Himar\u00eb.<\/p>\n<p>M\u00eb lejoni q\u00eb n\u00eb k\u00ebt\u00eb moment pik\u00ebllimi dhe dhimbjeje, t\u00eb ju shpreh Juve, Qeveris\u00eb s\u00eb Shqip\u00ebris\u00eb dhe t\u00eb gjith\u00eb familjarve t\u00eb student\u00ebve q\u00eb humb\u00ebn jet\u00ebn n\u00eb k\u00ebt\u00eb tragjedi, ngush\u00ebllimet e mija t\u00eb sinqerta. Shqiptar\u00ebt e Malit t\u00eb Zi, an\u00ebtar\u00ebt e Unionit Demokratik t\u00eb Shqiptar\u00ebve, si dhe un\u00eb personalisht, ndiejm\u00eb dhimbje dhe d\u00ebshirojm\u00eb t\u00eb jemi pran\u00eb jush dhe familjeve q\u00eb humb\u00ebn t\u00eb dashurit e tyre n\u00eb k\u00ebt\u00eb tragjedi.<\/p>\n<p>Nj\u00ebkoh\u00ebsisht, i bashkohemi lutjeve p\u00ebr sh\u00ebrim sa m\u00eb t\u00eb shpejt t\u00eb student\u00ebve t\u00eb plagosur!<\/p>\n<p>Kryetari i UDSH s\u00eb<\/p>\n<p>Mehmet Zenka<\/p>\n","protected":false},"excerpt":{"rendered":"<p>UNIONI\u00a0 DEMOKRATIK I SHQIPTAR\u00cbVE Ulqin,m\u00eb\u00a0 22.05.2012 \u00a0\u00a0\u00a0\u00a0\u00a0\u00a0\u00a0\u00a0\u00a0\u00a0\u00a0\u00a0\u00a0\u00a0\u00a0\u00a0\u00a0\u00a0\u00a0\u00a0\u00a0\u00a0\u00a0\u00a0\u00a0\u00a0\u00a0\u00a0\u00a0\u00a0\u00a0\u00a0\u00a0\u00a0\u00a0 \u00a0\u00a0\u00a0\u00a0\u00a0\u00a0\u00a0\u00a0\u00a0\u00a0\u00a0\u00a0\u00a0\u00a0\u00a0 Kryeministrit t\u00eb Republik\u00ebs s\u00eb Shqip\u00ebris\u00eb, z. Sali Berisha \u00a0\u00a0\u00a0\u00a0\u00a0\u00a0\u00a0\u00a0\u00a0\u00a0\u00a0 \u00a0\u00a0\u00a0\u00a0\u00a0\u00a0\u00a0\u00a0\u00a0\u00a0\u00a0\u00a0\u00a0\u00a0\u00a0\u00a0\u00a0\u00a0\u00a0\u00a0\u00a0\u00a0\u00a0\u00a0\u00a0\u00a0\u00a0\u00a0\u00a0\u00a0\u00a0\u00a0Telegram ngush\u00ebllimi &nbsp; Me dhimbje t\u00eb thell\u00eb mor\u00ebm lajmin mbi vdekjen tragjike, si dhe plagosjen e student\u00ebve t\u00eb Universitetit \u201cAleksand\u00ebr Xhuvani\u201d t\u00eb Elbasanit, n\u00eb aksidentin e trafikut q\u00eb ndodhi n\u00eb aksin rrugor Sarand\u00eb \u2013 Himar\u00eb. M\u00eb lejoni q\u00eb [&hellip;]<\/p>\n","protected":false},"author":1,"featured_media":0,"comment_status":"open","ping_status":"closed","sticky":false,"template":"","format":"standard","meta":{"spay_email":"","jetpack_publicize_message":"","jetpack_is_tweetstorm":false,"jetpack_publicize_feature_enabled":true},"categories":[8],"tags":[20550,20552,20551,2445],"jetpack_publicize_connections":[],"yoast_head":"<!-- This site is optimized with the Yoast SEO plugin v19.1 - https:\/\/yoast.com\/wordpress\/plugins\/seo\/ -->\n<title>UDSH-ja: Telegram ngush\u00ebllimi kryeministrit t\u00eb Shqip\u00ebris\u00eb - Lajme nga Ulqini<\/title>\n<meta name=\"description\" content=\"UNIONI\u00a0 DEMOKRATIK I SHQIPTAR\u00cbVE Ulqin,m\u00eb\u00a0 22.05.2012 \u00a0\u00a0\u00a0\u00a0\u00a0\u00a0\u00a0\u00a0\u00a0\u00a0\u00a0\u00a0\u00a0\u00a0\u00a0\u00a0\u00a0\u00a0\u00a0\u00a0\u00a0\u00a0\u00a0\u00a0\u00a0\u00a0\u00a0\u00a0\u00a0\u00a0\u00a0\u00a0\u00a0\u00a0\u00a0 \u00a0\u00a0\u00a0\u00a0\u00a0\u00a0\u00a0\u00a0\u00a0\u00a0\u00a0\u00a0\u00a0\u00a0\u00a0 Kryeministrit t\u00eb Republik\u00ebs s\u00eb Shqip\u00ebris\u00eb, z.\" \/>\n<meta name=\"robots\" content=\"index, follow, max-snippet:-1, max-image-preview:large, max-video-preview:-1\" \/>\n<link rel=\"canonical\" href=\"https:\/\/www.visit-ulcinj.com\/blog\/2012\/05\/22\/udsh-ja-telegram-ngushellimi-kryeministrit-te-shqiperise\/\" \/>\n<meta property=\"og:locale\" content=\"en_US\" \/>\n<meta property=\"og:type\" content=\"article\" \/>\n<meta property=\"og:title\" content=\"UDSH-ja: Telegram ngush\u00ebllimi kryeministrit t\u00eb Shqip\u00ebris\u00eb - Lajme nga Ulqini\" \/>\n<meta property=\"og:description\" content=\"UNIONI\u00a0 DEMOKRATIK I SHQIPTAR\u00cbVE Ulqin,m\u00eb\u00a0 22.05.2012 \u00a0\u00a0\u00a0\u00a0\u00a0\u00a0\u00a0\u00a0\u00a0\u00a0\u00a0\u00a0\u00a0\u00a0\u00a0\u00a0\u00a0\u00a0\u00a0\u00a0\u00a0\u00a0\u00a0\u00a0\u00a0\u00a0\u00a0\u00a0\u00a0\u00a0\u00a0\u00a0\u00a0\u00a0\u00a0 \u00a0\u00a0\u00a0\u00a0\u00a0\u00a0\u00a0\u00a0\u00a0\u00a0\u00a0\u00a0\u00a0\u00a0\u00a0 Kryeministrit t\u00eb Republik\u00ebs s\u00eb Shqip\u00ebris\u00eb, z.\" \/>\n<meta property=\"og:url\" content=\"https:\/\/www.visit-ulcinj.com\/blog\/2012\/05\/22\/udsh-ja-telegram-ngushellimi-kryeministrit-te-shqiperise\/\" \/>\n<meta property=\"og:site_name\" content=\"Lajme nga Ulqini\" \/>\n<meta property=\"article:published_time\" content=\"2012-05-22T21:35:09+00:00\" \/>\n<meta property=\"article:modified_time\" content=\"2012-05-24T08:30:15+00:00\" \/>\n<meta name=\"twitter:label1\" content=\"Written by\" \/>\n\t<meta name=\"twitter:data1\" content=\"ulqini\" \/>\n\t<meta name=\"twitter:label2\" content=\"Est. reading time\" \/>\n\t<meta name=\"twitter:data2\" content=\"1 minute\" \/>\n<script type=\"application\/ld+json\" class=\"yoast-schema-graph\">{\"@context\":\"https:\/\/schema.org\",\"@graph\":[{\"@type\":\"WebSite\",\"@id\":\"https:\/\/www.visit-ulcinj.com\/blog\/#website\",\"url\":\"https:\/\/www.visit-ulcinj.com\/blog\/\",\"name\":\"Lajme nga Ulqini\",\"description\":\"Lajme,Vijesti,Ulqini,Ulqin,Crna Gora,Mali i Zi\",\"potentialAction\":[{\"@type\":\"SearchAction\",\"target\":{\"@type\":\"EntryPoint\",\"urlTemplate\":\"https:\/\/www.visit-ulcinj.com\/blog\/?s={search_term_string}\"},\"query-input\":\"required name=search_term_string\"}],\"inLanguage\":\"en-US\"},{\"@type\":\"WebPage\",\"@id\":\"https:\/\/www.visit-ulcinj.com\/blog\/2012\/05\/22\/udsh-ja-telegram-ngushellimi-kryeministrit-te-shqiperise\/#webpage\",\"url\":\"https:\/\/www.visit-ulcinj.com\/blog\/2012\/05\/22\/udsh-ja-telegram-ngushellimi-kryeministrit-te-shqiperise\/\",\"name\":\"UDSH-ja: Telegram ngush\u00ebllimi kryeministrit t\u00eb Shqip\u00ebris\u00eb - Lajme nga Ulqini\",\"isPartOf\":{\"@id\":\"https:\/\/www.visit-ulcinj.com\/blog\/#website\"},\"datePublished\":\"2012-05-22T21:35:09+00:00\",\"dateModified\":\"2012-05-24T08:30:15+00:00\",\"author\":{\"@id\":\"https:\/\/www.visit-ulcinj.com\/blog\/#\/schema\/person\/dcab619c614d3038751c63bc2aadc06d\"},\"description\":\"UNIONI\u00a0 DEMOKRATIK I SHQIPTAR\u00cbVE Ulqin,m\u00eb\u00a0 22.05.2012 \u00a0\u00a0\u00a0\u00a0\u00a0\u00a0\u00a0\u00a0\u00a0\u00a0\u00a0\u00a0\u00a0\u00a0\u00a0\u00a0\u00a0\u00a0\u00a0\u00a0\u00a0\u00a0\u00a0\u00a0\u00a0\u00a0\u00a0\u00a0\u00a0\u00a0\u00a0\u00a0\u00a0\u00a0\u00a0 \u00a0\u00a0\u00a0\u00a0\u00a0\u00a0\u00a0\u00a0\u00a0\u00a0\u00a0\u00a0\u00a0\u00a0\u00a0 Kryeministrit t\u00eb Republik\u00ebs s\u00eb Shqip\u00ebris\u00eb, z.\",\"breadcrumb\":{\"@id\":\"https:\/\/www.visit-ulcinj.com\/blog\/2012\/05\/22\/udsh-ja-telegram-ngushellimi-kryeministrit-te-shqiperise\/#breadcrumb\"},\"inLanguage\":\"en-US\",\"potentialAction\":[{\"@type\":\"ReadAction\",\"target\":[\"https:\/\/www.visit-ulcinj.com\/blog\/2012\/05\/22\/udsh-ja-telegram-ngushellimi-kryeministrit-te-shqiperise\/\"]}]},{\"@type\":\"BreadcrumbList\",\"@id\":\"https:\/\/www.visit-ulcinj.com\/blog\/2012\/05\/22\/udsh-ja-telegram-ngushellimi-kryeministrit-te-shqiperise\/#breadcrumb\",\"itemListElement\":[{\"@type\":\"ListItem\",\"position\":1,\"name\":\"UDSH-ja: Telegram ngush\u00ebllimi kryeministrit t\u00eb Shqip\u00ebris\u00eb\"}]},{\"@type\":\"Person\",\"@id\":\"https:\/\/www.visit-ulcinj.com\/blog\/#\/schema\/person\/dcab619c614d3038751c63bc2aadc06d\",\"name\":\"ulqini\",\"sameAs\":[\"http:\/\/www.visit-ulcinj.com\"],\"url\":\"https:\/\/www.visit-ulcinj.com\/blog\/author\/admin\/\"}]}<\/script>\n<!-- \/ Yoast SEO plugin. -->","yoast_head_json":{"title":"UDSH-ja: Telegram ngush\u00ebllimi kryeministrit t\u00eb Shqip\u00ebris\u00eb - Lajme nga Ulqini","description":"UNIONI\u00a0 DEMOKRATIK I SHQIPTAR\u00cbVE Ulqin,m\u00eb\u00a0 22.05.2012 \u00a0\u00a0\u00a0\u00a0\u00a0\u00a0\u00a0\u00a0\u00a0\u00a0\u00a0\u00a0\u00a0\u00a0\u00a0\u00a0\u00a0\u00a0\u00a0\u00a0\u00a0\u00a0\u00a0\u00a0\u00a0\u00a0\u00a0\u00a0\u00a0\u00a0\u00a0\u00a0\u00a0\u00a0\u00a0 \u00a0\u00a0\u00a0\u00a0\u00a0\u00a0\u00a0\u00a0\u00a0\u00a0\u00a0\u00a0\u00a0\u00a0\u00a0 Kryeministrit t\u00eb Republik\u00ebs s\u00eb Shqip\u00ebris\u00eb, z.","robots":{"index":"index","follow":"follow","max-snippet":"max-snippet:-1","max-image-preview":"max-image-preview:large","max-video-preview":"max-video-preview:-1"},"canonical":"https:\/\/www.visit-ulcinj.com\/blog\/2012\/05\/22\/udsh-ja-telegram-ngushellimi-kryeministrit-te-shqiperise\/","og_locale":"en_US","og_type":"article","og_title":"UDSH-ja: Telegram ngush\u00ebllimi kryeministrit t\u00eb Shqip\u00ebris\u00eb - Lajme nga Ulqini","og_description":"UNIONI\u00a0 DEMOKRATIK I SHQIPTAR\u00cbVE Ulqin,m\u00eb\u00a0 22.05.2012 \u00a0\u00a0\u00a0\u00a0\u00a0\u00a0\u00a0\u00a0\u00a0\u00a0\u00a0\u00a0\u00a0\u00a0\u00a0\u00a0\u00a0\u00a0\u00a0\u00a0\u00a0\u00a0\u00a0\u00a0\u00a0\u00a0\u00a0\u00a0\u00a0\u00a0\u00a0\u00a0\u00a0\u00a0\u00a0 \u00a0\u00a0\u00a0\u00a0\u00a0\u00a0\u00a0\u00a0\u00a0\u00a0\u00a0\u00a0\u00a0\u00a0\u00a0 Kryeministrit t\u00eb Republik\u00ebs s\u00eb Shqip\u00ebris\u00eb, z.","og_url":"https:\/\/www.visit-ulcinj.com\/blog\/2012\/05\/22\/udsh-ja-telegram-ngushellimi-kryeministrit-te-shqiperise\/","og_site_name":"Lajme nga Ulqini","article_published_time":"2012-05-22T21:35:09+00:00","article_modified_time":"2012-05-24T08:30:15+00:00","twitter_misc":{"Written by":"ulqini","Est. reading time":"1 minute"},"schema":{"@context":"https:\/\/schema.org","@graph":[{"@type":"WebSite","@id":"https:\/\/www.visit-ulcinj.com\/blog\/#website","url":"https:\/\/www.visit-ulcinj.com\/blog\/","name":"Lajme nga Ulqini","description":"Lajme,Vijesti,Ulqini,Ulqin,Crna Gora,Mali i Zi","potentialAction":[{"@type":"SearchAction","target":{"@type":"EntryPoint","urlTemplate":"https:\/\/www.visit-ulcinj.com\/blog\/?s={search_term_string}"},"query-input":"required name=search_term_string"}],"inLanguage":"en-US"},{"@type":"WebPage","@id":"https:\/\/www.visit-ulcinj.com\/blog\/2012\/05\/22\/udsh-ja-telegram-ngushellimi-kryeministrit-te-shqiperise\/#webpage","url":"https:\/\/www.visit-ulcinj.com\/blog\/2012\/05\/22\/udsh-ja-telegram-ngushellimi-kryeministrit-te-shqiperise\/","name":"UDSH-ja: Telegram ngush\u00ebllimi kryeministrit t\u00eb Shqip\u00ebris\u00eb - Lajme nga Ulqini","isPartOf":{"@id":"https:\/\/www.visit-ulcinj.com\/blog\/#website"},"datePublished":"2012-05-22T21:35:09+00:00","dateModified":"2012-05-24T08:30:15+00:00","author":{"@id":"https:\/\/www.visit-ulcinj.com\/blog\/#\/schema\/person\/dcab619c614d3038751c63bc2aadc06d"},"description":"UNIONI\u00a0 DEMOKRATIK I SHQIPTAR\u00cbVE Ulqin,m\u00eb\u00a0 22.05.2012 \u00a0\u00a0\u00a0\u00a0\u00a0\u00a0\u00a0\u00a0\u00a0\u00a0\u00a0\u00a0\u00a0\u00a0\u00a0\u00a0\u00a0\u00a0\u00a0\u00a0\u00a0\u00a0\u00a0\u00a0\u00a0\u00a0\u00a0\u00a0\u00a0\u00a0\u00a0\u00a0\u00a0\u00a0\u00a0 \u00a0\u00a0\u00a0\u00a0\u00a0\u00a0\u00a0\u00a0\u00a0\u00a0\u00a0\u00a0\u00a0\u00a0\u00a0 Kryeministrit t\u00eb Republik\u00ebs s\u00eb Shqip\u00ebris\u00eb, z.","breadcrumb":{"@id":"https:\/\/www.visit-ulcinj.com\/blog\/2012\/05\/22\/udsh-ja-telegram-ngushellimi-kryeministrit-te-shqiperise\/#breadcrumb"},"inLanguage":"en-US","potentialAction":[{"@type":"ReadAction","target":["https:\/\/www.visit-ulcinj.com\/blog\/2012\/05\/22\/udsh-ja-telegram-ngushellimi-kryeministrit-te-shqiperise\/"]}]},{"@type":"BreadcrumbList","@id":"https:\/\/www.visit-ulcinj.com\/blog\/2012\/05\/22\/udsh-ja-telegram-ngushellimi-kryeministrit-te-shqiperise\/#breadcrumb","itemListElement":[{"@type":"ListItem","position":1,"name":"UDSH-ja: Telegram ngush\u00ebllimi kryeministrit t\u00eb Shqip\u00ebris\u00eb"}]},{"@type":"Person","@id":"https:\/\/www.visit-ulcinj.com\/blog\/#\/schema\/person\/dcab619c614d3038751c63bc2aadc06d","name":"ulqini","sameAs":["http:\/\/www.visit-ulcinj.com"],"url":"https:\/\/www.visit-ulcinj.com\/blog\/author\/admin\/"}]}},"jetpack_featured_media_url":"","jetpack_sharing_enabled":true,"jetpack_shortlink":"https:\/\/wp.me\/pe6lTn-fNP","_links":{"self":[{"href":"https:\/\/www.visit-ulcinj.com\/blog\/wp-json\/wp\/v2\/posts\/60749"}],"collection":[{"href":"https:\/\/www.visit-ulcinj.com\/blog\/wp-json\/wp\/v2\/posts"}],"about":[{"href":"https:\/\/www.visit-ulcinj.com\/blog\/wp-json\/wp\/v2\/types\/post"}],"author":[{"embeddable":true,"href":"https:\/\/www.visit-ulcinj.com\/blog\/wp-json\/wp\/v2\/users\/1"}],"replies":[{"embeddable":true,"href":"https:\/\/www.visit-ulcinj.com\/blog\/wp-json\/wp\/v2\/comments?post=60749"}],"version-history":[{"count":6,"href":"https:\/\/www.visit-ulcinj.com\/blog\/wp-json\/wp\/v2\/posts\/60749\/revisions"}],"predecessor-version":[{"id":60752,"href":"https:\/\/www.visit-ulcinj.com\/blog\/wp-json\/wp\/v2\/posts\/60749\/revisions\/60752"}],"wp:attachment":[{"href":"https:\/\/www.visit-ulcinj.com\/blog\/wp-json\/wp\/v2\/media?parent=60749"}],"wp:term":[{"taxonomy":"category","embeddable":true,"href":"https:\/\/www.visit-ulcinj.com\/blog\/wp-json\/wp\/v2\/categories?post=60749"},{"taxonomy":"post_tag","embeddable":true,"href":"https:\/\/www.visit-ulcinj.com\/blog\/wp-json\/wp\/v2\/tags?post=60749"}],"curies":[{"name":"wp","href":"https:\/\/api.w.org\/{rel}","templated":true}]}}