{"id":60765,"date":"2012-05-23T08:51:56","date_gmt":"2012-05-23T07:51:56","guid":{"rendered":"http:\/\/www.visit-ulcinj.com\/blog\/?p=60765"},"modified":"2012-05-23T10:47:23","modified_gmt":"2012-05-23T09:47:23","slug":"mali-i-zi-ka-nevoje-per-15-mije-punetor-te-huaj-sezonal","status":"publish","type":"post","link":"https:\/\/www.visit-ulcinj.com\/blog\/2012\/05\/23\/mali-i-zi-ka-nevoje-per-15-mije-punetor-te-huaj-sezonal\/","title":{"rendered":"Mali i Zi ka nevoj\u00eb per 15 mij\u00eb pun\u00ebtor t\u00eb huaj sezonal"},"content":{"rendered":"<p><strong><a href=\"http:\/\/www.visit-ulcinj.com\/blog\/wp-content\/uploads\/2012\/05\/Mali-i-zi-kerkon-15-mije-puntor.jpg\"><img loading=\"lazy\" class=\"alignleft  wp-image-60767\" title=\"Mali i zi  kerkon 15 mije puntor\" src=\"http:\/\/www.visit-ulcinj.com\/blog\/wp-content\/uploads\/2012\/05\/Mali-i-zi-kerkon-15-mije-puntor.jpg\" alt=\"\" width=\"508\" height=\"348\" \/><\/a>Mali i Zi nevoj\u00eb p\u00ebr mbi 15 mij\u00eb pun\u00ebtor t\u00eb huaj sezonal<\/strong><\/p>\n<p>N\u00eb Mal t\u00eb Zi \u00ebsht\u00eb vler\u00ebsuar se gjat\u00eb sezonit veror \u00ebsht\u00eb nevoja p\u00ebr t\u00eb angazhuar rreth 15 mij\u00eb pun\u00ebtor sezonal.<\/p>\n<p>Enti p\u00ebr Pun\u00ebsim n\u00eb Podgoric\u00eb ka b\u00ebr\u00eb t\u00eb ditur se gjat\u00eb sezonit t\u00eb ver\u00ebs p\u00ebrmes tyre pun\u00ebsohen rreth 8 mij\u00eb pun\u00ebtor sezonal, nd\u00ebrsa nevoja \u00ebsht\u00eb p\u00ebr t\u00eb p\u00ebrfshir\u00eb n\u00eb pun\u00eb deri n\u00eb 15 mij\u00eb apo 18 mij\u00eb pun\u00ebtor.<\/p>\n<p>Enti ka n\u00ebnvizuar se po rritet nevoja p\u00ebr pun\u00ebtor sezonal dhe se k\u00ebrkesat jan\u00eb m\u00eb t\u00eb m\u00ebdha edhe gjat\u00eb k\u00ebtij viti, pasi q\u00eb nj\u00eb num\u00ebr i madh i hoteleve dhe objekteve tjera turistike hapen vet\u00ebm gjat\u00eb sezonit turistik.<\/p>\n<p>Enti p\u00ebr Pun\u00ebsim ka theksuar se ekziston nevoja p\u00ebr t\u00eb p\u00ebrfshir\u00eb t\u00eb pun\u00ebsuar sezonal edhe nga vendet fqinje. Vitin e kaluar, Ministria e Brendshme ka dh\u00ebn\u00eb mbi 19 mij\u00eb leje pune p\u00ebr t\u00eb huaj. Vet\u00ebm n\u00eb kat\u00ebr muajt e par\u00eb t\u00eb k\u00ebtij viti jan\u00eb dh\u00ebn\u00eb rreth 5 mij\u00eb leje t\u00eb pun\u00ebs p\u00ebr t\u00eb huaj. (INA)<\/p>\n<!--YouTube Error: bad URL entered-->\n","protected":false},"excerpt":{"rendered":"<p>Mali i Zi nevoj\u00eb p\u00ebr mbi 15 mij\u00eb pun\u00ebtor t\u00eb huaj sezonal N\u00eb Mal t\u00eb Zi \u00ebsht\u00eb vler\u00ebsuar se gjat\u00eb sezonit veror \u00ebsht\u00eb nevoja p\u00ebr t\u00eb angazhuar rreth 15 mij\u00eb pun\u00ebtor sezonal. Enti p\u00ebr Pun\u00ebsim n\u00eb Podgoric\u00eb ka b\u00ebr\u00eb t\u00eb ditur se gjat\u00eb sezonit t\u00eb ver\u00ebs p\u00ebrmes tyre pun\u00ebsohen rreth 8 mij\u00eb pun\u00ebtor sezonal, nd\u00ebrsa [&hellip;]<\/p>\n","protected":false},"author":1,"featured_media":0,"comment_status":"open","ping_status":"closed","sticky":false,"template":"","format":"standard","meta":{"spay_email":"","jetpack_publicize_message":"","jetpack_is_tweetstorm":false,"jetpack_publicize_feature_enabled":true},"categories":[10],"tags":[20556,20553,20557,20554,20555],"jetpack_publicize_connections":[],"yoast_head":"<!-- This site is optimized with the Yoast SEO plugin v19.1 - https:\/\/yoast.com\/wordpress\/plugins\/seo\/ -->\n<title>Mali i Zi ka nevoj\u00eb per 15 mij\u00eb pun\u00ebtor t\u00eb huaj sezonal - Lajme nga Ulqini<\/title>\n<meta name=\"description\" content=\"Mali i Zi nevoj\u00eb p\u00ebr mbi 15 mij\u00eb pun\u00ebtor t\u00eb huaj sezonal N\u00eb Mal t\u00eb Zi \u00ebsht\u00eb vler\u00ebsuar se gjat\u00eb sezonit veror \u00ebsht\u00eb nevoja p\u00ebr t\u00eb angazhuar rreth 15 mij\u00eb\" \/>\n<meta name=\"robots\" content=\"index, follow, max-snippet:-1, max-image-preview:large, max-video-preview:-1\" \/>\n<link rel=\"canonical\" href=\"https:\/\/www.visit-ulcinj.com\/blog\/2012\/05\/23\/mali-i-zi-ka-nevoje-per-15-mije-punetor-te-huaj-sezonal\/\" \/>\n<meta property=\"og:locale\" content=\"en_US\" \/>\n<meta property=\"og:type\" content=\"article\" \/>\n<meta property=\"og:title\" content=\"Mali i Zi ka nevoj\u00eb per 15 mij\u00eb pun\u00ebtor t\u00eb huaj sezonal - Lajme nga Ulqini\" \/>\n<meta property=\"og:description\" content=\"Mali i Zi nevoj\u00eb p\u00ebr mbi 15 mij\u00eb pun\u00ebtor t\u00eb huaj sezonal N\u00eb Mal t\u00eb Zi \u00ebsht\u00eb vler\u00ebsuar se gjat\u00eb sezonit veror \u00ebsht\u00eb nevoja p\u00ebr t\u00eb angazhuar rreth 15 mij\u00eb\" \/>\n<meta property=\"og:url\" content=\"https:\/\/www.visit-ulcinj.com\/blog\/2012\/05\/23\/mali-i-zi-ka-nevoje-per-15-mije-punetor-te-huaj-sezonal\/\" \/>\n<meta property=\"og:site_name\" content=\"Lajme nga Ulqini\" \/>\n<meta property=\"article:published_time\" content=\"2012-05-23T07:51:56+00:00\" \/>\n<meta property=\"article:modified_time\" content=\"2012-05-23T09:47:23+00:00\" \/>\n<meta property=\"og:image\" content=\"http:\/\/www.visit-ulcinj.com\/blog\/wp-content\/uploads\/2012\/05\/Mali-i-zi-kerkon-15-mije-puntor.jpg\" \/>\n<meta name=\"twitter:label1\" content=\"Written by\" \/>\n\t<meta name=\"twitter:data1\" content=\"ulqini\" \/>\n\t<meta name=\"twitter:label2\" content=\"Est. reading time\" \/>\n\t<meta name=\"twitter:data2\" content=\"1 minute\" \/>\n<script type=\"application\/ld+json\" class=\"yoast-schema-graph\">{\"@context\":\"https:\/\/schema.org\",\"@graph\":[{\"@type\":\"WebSite\",\"@id\":\"https:\/\/www.visit-ulcinj.com\/blog\/#website\",\"url\":\"https:\/\/www.visit-ulcinj.com\/blog\/\",\"name\":\"Lajme nga Ulqini\",\"description\":\"Lajme,Vijesti,Ulqini,Ulqin,Crna Gora,Mali i Zi\",\"potentialAction\":[{\"@type\":\"SearchAction\",\"target\":{\"@type\":\"EntryPoint\",\"urlTemplate\":\"https:\/\/www.visit-ulcinj.com\/blog\/?s={search_term_string}\"},\"query-input\":\"required name=search_term_string\"}],\"inLanguage\":\"en-US\"},{\"@type\":\"ImageObject\",\"inLanguage\":\"en-US\",\"@id\":\"https:\/\/www.visit-ulcinj.com\/blog\/2012\/05\/23\/mali-i-zi-ka-nevoje-per-15-mije-punetor-te-huaj-sezonal\/#primaryimage\",\"url\":\"https:\/\/www.visit-ulcinj.com\/blog\/wp-content\/uploads\/2012\/05\/Mali-i-zi-kerkon-15-mije-puntor.jpg\",\"contentUrl\":\"https:\/\/www.visit-ulcinj.com\/blog\/wp-content\/uploads\/2012\/05\/Mali-i-zi-kerkon-15-mije-puntor.jpg\",\"width\":\"640\",\"height\":\"348\"},{\"@type\":\"WebPage\",\"@id\":\"https:\/\/www.visit-ulcinj.com\/blog\/2012\/05\/23\/mali-i-zi-ka-nevoje-per-15-mije-punetor-te-huaj-sezonal\/#webpage\",\"url\":\"https:\/\/www.visit-ulcinj.com\/blog\/2012\/05\/23\/mali-i-zi-ka-nevoje-per-15-mije-punetor-te-huaj-sezonal\/\",\"name\":\"Mali i Zi ka nevoj\u00eb per 15 mij\u00eb pun\u00ebtor t\u00eb huaj sezonal - Lajme nga Ulqini\",\"isPartOf\":{\"@id\":\"https:\/\/www.visit-ulcinj.com\/blog\/#website\"},\"primaryImageOfPage\":{\"@id\":\"https:\/\/www.visit-ulcinj.com\/blog\/2012\/05\/23\/mali-i-zi-ka-nevoje-per-15-mije-punetor-te-huaj-sezonal\/#primaryimage\"},\"datePublished\":\"2012-05-23T07:51:56+00:00\",\"dateModified\":\"2012-05-23T09:47:23+00:00\",\"author\":{\"@id\":\"https:\/\/www.visit-ulcinj.com\/blog\/#\/schema\/person\/dcab619c614d3038751c63bc2aadc06d\"},\"description\":\"Mali i Zi nevoj\u00eb p\u00ebr mbi 15 mij\u00eb pun\u00ebtor t\u00eb huaj sezonal N\u00eb Mal t\u00eb Zi \u00ebsht\u00eb vler\u00ebsuar se gjat\u00eb sezonit veror \u00ebsht\u00eb nevoja p\u00ebr t\u00eb angazhuar rreth 15 mij\u00eb\",\"breadcrumb\":{\"@id\":\"https:\/\/www.visit-ulcinj.com\/blog\/2012\/05\/23\/mali-i-zi-ka-nevoje-per-15-mije-punetor-te-huaj-sezonal\/#breadcrumb\"},\"inLanguage\":\"en-US\",\"potentialAction\":[{\"@type\":\"ReadAction\",\"target\":[\"https:\/\/www.visit-ulcinj.com\/blog\/2012\/05\/23\/mali-i-zi-ka-nevoje-per-15-mije-punetor-te-huaj-sezonal\/\"]}]},{\"@type\":\"BreadcrumbList\",\"@id\":\"https:\/\/www.visit-ulcinj.com\/blog\/2012\/05\/23\/mali-i-zi-ka-nevoje-per-15-mije-punetor-te-huaj-sezonal\/#breadcrumb\",\"itemListElement\":[{\"@type\":\"ListItem\",\"position\":1,\"name\":\"Mali i Zi ka nevoj\u00eb per 15 mij\u00eb pun\u00ebtor t\u00eb huaj sezonal\"}]},{\"@type\":\"Person\",\"@id\":\"https:\/\/www.visit-ulcinj.com\/blog\/#\/schema\/person\/dcab619c614d3038751c63bc2aadc06d\",\"name\":\"ulqini\",\"sameAs\":[\"http:\/\/www.visit-ulcinj.com\"],\"url\":\"https:\/\/www.visit-ulcinj.com\/blog\/author\/admin\/\"}]}<\/script>\n<!-- \/ Yoast SEO plugin. -->","yoast_head_json":{"title":"Mali i Zi ka nevoj\u00eb per 15 mij\u00eb pun\u00ebtor t\u00eb huaj sezonal - Lajme nga Ulqini","description":"Mali i Zi nevoj\u00eb p\u00ebr mbi 15 mij\u00eb pun\u00ebtor t\u00eb huaj sezonal N\u00eb Mal t\u00eb Zi \u00ebsht\u00eb vler\u00ebsuar se gjat\u00eb sezonit veror \u00ebsht\u00eb nevoja p\u00ebr t\u00eb angazhuar rreth 15 mij\u00eb","robots":{"index":"index","follow":"follow","max-snippet":"max-snippet:-1","max-image-preview":"max-image-preview:large","max-video-preview":"max-video-preview:-1"},"canonical":"https:\/\/www.visit-ulcinj.com\/blog\/2012\/05\/23\/mali-i-zi-ka-nevoje-per-15-mije-punetor-te-huaj-sezonal\/","og_locale":"en_US","og_type":"article","og_title":"Mali i Zi ka nevoj\u00eb per 15 mij\u00eb pun\u00ebtor t\u00eb huaj sezonal - Lajme nga Ulqini","og_description":"Mali i Zi nevoj\u00eb p\u00ebr mbi 15 mij\u00eb pun\u00ebtor t\u00eb huaj sezonal N\u00eb Mal t\u00eb Zi \u00ebsht\u00eb vler\u00ebsuar se gjat\u00eb sezonit veror \u00ebsht\u00eb nevoja p\u00ebr t\u00eb angazhuar rreth 15 mij\u00eb","og_url":"https:\/\/www.visit-ulcinj.com\/blog\/2012\/05\/23\/mali-i-zi-ka-nevoje-per-15-mije-punetor-te-huaj-sezonal\/","og_site_name":"Lajme nga Ulqini","article_published_time":"2012-05-23T07:51:56+00:00","article_modified_time":"2012-05-23T09:47:23+00:00","og_image":[{"url":"http:\/\/www.visit-ulcinj.com\/blog\/wp-content\/uploads\/2012\/05\/Mali-i-zi-kerkon-15-mije-puntor.jpg"}],"twitter_misc":{"Written by":"ulqini","Est. reading time":"1 minute"},"schema":{"@context":"https:\/\/schema.org","@graph":[{"@type":"WebSite","@id":"https:\/\/www.visit-ulcinj.com\/blog\/#website","url":"https:\/\/www.visit-ulcinj.com\/blog\/","name":"Lajme nga Ulqini","description":"Lajme,Vijesti,Ulqini,Ulqin,Crna Gora,Mali i Zi","potentialAction":[{"@type":"SearchAction","target":{"@type":"EntryPoint","urlTemplate":"https:\/\/www.visit-ulcinj.com\/blog\/?s={search_term_string}"},"query-input":"required name=search_term_string"}],"inLanguage":"en-US"},{"@type":"ImageObject","inLanguage":"en-US","@id":"https:\/\/www.visit-ulcinj.com\/blog\/2012\/05\/23\/mali-i-zi-ka-nevoje-per-15-mije-punetor-te-huaj-sezonal\/#primaryimage","url":"https:\/\/www.visit-ulcinj.com\/blog\/wp-content\/uploads\/2012\/05\/Mali-i-zi-kerkon-15-mije-puntor.jpg","contentUrl":"https:\/\/www.visit-ulcinj.com\/blog\/wp-content\/uploads\/2012\/05\/Mali-i-zi-kerkon-15-mije-puntor.jpg","width":"640","height":"348"},{"@type":"WebPage","@id":"https:\/\/www.visit-ulcinj.com\/blog\/2012\/05\/23\/mali-i-zi-ka-nevoje-per-15-mije-punetor-te-huaj-sezonal\/#webpage","url":"https:\/\/www.visit-ulcinj.com\/blog\/2012\/05\/23\/mali-i-zi-ka-nevoje-per-15-mije-punetor-te-huaj-sezonal\/","name":"Mali i Zi ka nevoj\u00eb per 15 mij\u00eb pun\u00ebtor t\u00eb huaj sezonal - Lajme nga Ulqini","isPartOf":{"@id":"https:\/\/www.visit-ulcinj.com\/blog\/#website"},"primaryImageOfPage":{"@id":"https:\/\/www.visit-ulcinj.com\/blog\/2012\/05\/23\/mali-i-zi-ka-nevoje-per-15-mije-punetor-te-huaj-sezonal\/#primaryimage"},"datePublished":"2012-05-23T07:51:56+00:00","dateModified":"2012-05-23T09:47:23+00:00","author":{"@id":"https:\/\/www.visit-ulcinj.com\/blog\/#\/schema\/person\/dcab619c614d3038751c63bc2aadc06d"},"description":"Mali i Zi nevoj\u00eb p\u00ebr mbi 15 mij\u00eb pun\u00ebtor t\u00eb huaj sezonal N\u00eb Mal t\u00eb Zi \u00ebsht\u00eb vler\u00ebsuar se gjat\u00eb sezonit veror \u00ebsht\u00eb nevoja p\u00ebr t\u00eb angazhuar rreth 15 mij\u00eb","breadcrumb":{"@id":"https:\/\/www.visit-ulcinj.com\/blog\/2012\/05\/23\/mali-i-zi-ka-nevoje-per-15-mije-punetor-te-huaj-sezonal\/#breadcrumb"},"inLanguage":"en-US","potentialAction":[{"@type":"ReadAction","target":["https:\/\/www.visit-ulcinj.com\/blog\/2012\/05\/23\/mali-i-zi-ka-nevoje-per-15-mije-punetor-te-huaj-sezonal\/"]}]},{"@type":"BreadcrumbList","@id":"https:\/\/www.visit-ulcinj.com\/blog\/2012\/05\/23\/mali-i-zi-ka-nevoje-per-15-mije-punetor-te-huaj-sezonal\/#breadcrumb","itemListElement":[{"@type":"ListItem","position":1,"name":"Mali i Zi ka nevoj\u00eb per 15 mij\u00eb pun\u00ebtor t\u00eb huaj sezonal"}]},{"@type":"Person","@id":"https:\/\/www.visit-ulcinj.com\/blog\/#\/schema\/person\/dcab619c614d3038751c63bc2aadc06d","name":"ulqini","sameAs":["http:\/\/www.visit-ulcinj.com"],"url":"https:\/\/www.visit-ulcinj.com\/blog\/author\/admin\/"}]}},"jetpack_featured_media_url":"","jetpack_sharing_enabled":true,"jetpack_shortlink":"https:\/\/wp.me\/pe6lTn-fO5","_links":{"self":[{"href":"https:\/\/www.visit-ulcinj.com\/blog\/wp-json\/wp\/v2\/posts\/60765"}],"collection":[{"href":"https:\/\/www.visit-ulcinj.com\/blog\/wp-json\/wp\/v2\/posts"}],"about":[{"href":"https:\/\/www.visit-ulcinj.com\/blog\/wp-json\/wp\/v2\/types\/post"}],"author":[{"embeddable":true,"href":"https:\/\/www.visit-ulcinj.com\/blog\/wp-json\/wp\/v2\/users\/1"}],"replies":[{"embeddable":true,"href":"https:\/\/www.visit-ulcinj.com\/blog\/wp-json\/wp\/v2\/comments?post=60765"}],"version-history":[{"count":2,"href":"https:\/\/www.visit-ulcinj.com\/blog\/wp-json\/wp\/v2\/posts\/60765\/revisions"}],"predecessor-version":[{"id":60787,"href":"https:\/\/www.visit-ulcinj.com\/blog\/wp-json\/wp\/v2\/posts\/60765\/revisions\/60787"}],"wp:attachment":[{"href":"https:\/\/www.visit-ulcinj.com\/blog\/wp-json\/wp\/v2\/media?parent=60765"}],"wp:term":[{"taxonomy":"category","embeddable":true,"href":"https:\/\/www.visit-ulcinj.com\/blog\/wp-json\/wp\/v2\/categories?post=60765"},{"taxonomy":"post_tag","embeddable":true,"href":"https:\/\/www.visit-ulcinj.com\/blog\/wp-json\/wp\/v2\/tags?post=60765"}],"curies":[{"name":"wp","href":"https:\/\/api.w.org\/{rel}","templated":true}]}}