{"id":60770,"date":"2012-05-23T10:28:14","date_gmt":"2012-05-23T09:28:14","guid":{"rendered":"http:\/\/www.visit-ulcinj.com\/blog\/?p=60770"},"modified":"2012-05-23T10:29:59","modified_gmt":"2012-05-23T09:29:59","slug":"teoria-e-turizmit-te-ulqinit","status":"publish","type":"post","link":"https:\/\/www.visit-ulcinj.com\/blog\/2012\/05\/23\/teoria-e-turizmit-te-ulqinit\/","title":{"rendered":"Teoria e turizmit t\u00eb Ulqinit"},"content":{"rendered":"<p><a href=\"http:\/\/www.visit-ulcinj.com\/blog\/wp-content\/uploads\/2012\/05\/Turizmi-i-Ulqinit.jpg\"><img loading=\"lazy\" class=\"alignleft size-full wp-image-60771\" title=\"Turizmi i Ulqinit\" src=\"http:\/\/www.visit-ulcinj.com\/blog\/wp-content\/uploads\/2012\/05\/Turizmi-i-Ulqinit.jpg\" alt=\"\" width=\"508\" height=\"360\" \/><\/a>Ne teorin\u00eb disa specialist vendas por edhe t\u00eb huaj, q\u00eb thon\u00eb s\u00eb Ulqini m\u00eb at\u00eb \u00e7\u2019 ka ka b\u00ebr\u00eb, nuk ka shanse t\u00eb konkurroj\u00eb ndonj\u00ebher\u00eb n\u00eb turizmin elitar, prandaj duhet t\u00eb fokusohet tek llojet e tjera t\u00eb turizmit si ajo e kultur\u00ebs dhe natyr\u00ebs.Edhe pas 20 viteve t\u00eb kaluara Ulqini nuk ka arritur ende t\u00eb ket\u00eb resorte t\u00eb v\u00ebrteta turistike,nuk ka ende nj\u00eb hotel n\u00eb bregdet me mbi 100 dhoma, kur minimumi duhet t\u00eb ken\u00eb 200 q\u00eb t\u00eb konsiderohen nga turoperator\u00ebt e huaj, nuk kemi nj\u00eb investim t\u00eb huaj apo me em\u00ebr n\u00eb hotelerin\u00eb nd\u00ebrkomb\u00ebtare. Ajo q\u00eb kemi jan\u00eb &#8220;investime&#8221; nga t\u00eb njohur politikan\u00ebsh q\u00eb aplikojn\u00eb p\u00ebr fshatra turistike, por q\u00eb i kthejn\u00eb n\u00eb vila p\u00ebr shitje p\u00ebr t\u00eb cilat duhet t\u00eb shesin dy q\u00eb t\u00eb nd\u00ebrtojn\u00eb t\u00eb tret\u00ebn duke l\u00ebn\u00eb k\u00ebshtu nd\u00ebrtime t\u00eb pambaruara e beton t\u00eb sh\u00ebmtuar kudo n\u00eb bregdet.<\/p>\n<p>Nj\u00eb grup personash q\u00eb prej padijes ose prej interesit p\u00ebr t\u00eb g\u00ebnjyer njer\u00ebzit me iluzione, propagandojn\u00eb q\u00eb Ulqini duhet t\u00eb b\u00ebhet nj\u00eb destinacion elitar, por nuk jan\u00eb n\u00eb gjendje t\u00eb thon\u00eb se si, nga kush dhe kur. Dhe kur p\u00ebrballesh me realitetin ton\u00eb sot, me k\u00ebt\u00eb teori as nuk vlen t\u00eb merresh, t\u00eb pakt\u00ebn p\u00ebr momentin.<\/p>\n<p>Ulqini nuk mund t\u00eb injoroj potencialin q\u00eb ka, por p\u00ebr t&#8217;u kthyer n\u00eb konkurruese n\u00eb tregun e eg\u00ebr t\u00eb Mesdheut i duhet shum\u00eb, por shum\u00eb, shum\u00eb pun\u00eb. Duhet p\u00ebrcaktuar \u00e7far\u00eb produkti do t\u00eb nd\u00ebrtojm\u00eb dhe kujt do t&#8217;ia ofrojm\u00eb k\u00ebt\u00eb produkt.<\/p>\n<p>N\u00eb Ulqin situata \u00ebsht\u00eb shum\u00eb komplekse, dhe ka ardhur koha t\u00eb vendoset s\u00eb \u00e7far\u00eb do t\u00eb b\u00ebhet m\u00eb t\u00eb. Nevojiten t\u00eb thirren aktor\u00ebt kryesor\u00eb vendas dhe t\u00eb huaj, t\u00eb b\u00ebhet nj\u00eb analiz\u00eb e thell\u00eb dhe e shum\u00ebanshme, dhe t\u00eb krijohet nj\u00eb strategji unike vet\u00ebm p\u00ebr k\u00ebt\u00eb produkt e cila t\u00eb kontrollohet dhe zbatohet me afate t\u00eb p\u00ebrcaktuara dhe t\u00eb qart\u00eb nga Komuna e Ulqinit.<\/p>\n<!--YouTube Error: bad URL entered-->\n","protected":false},"excerpt":{"rendered":"<p>Ne teorin\u00eb disa specialist vendas por edhe t\u00eb huaj, q\u00eb thon\u00eb s\u00eb Ulqini m\u00eb at\u00eb \u00e7\u2019 ka ka b\u00ebr\u00eb, nuk ka shanse t\u00eb konkurroj\u00eb ndonj\u00ebher\u00eb n\u00eb turizmin elitar, prandaj duhet t\u00eb fokusohet tek llojet e tjera t\u00eb turizmit si ajo e kultur\u00ebs dhe natyr\u00ebs.Edhe pas 20 viteve t\u00eb kaluara Ulqini nuk ka arritur ende t\u00eb [&hellip;]<\/p>\n","protected":false},"author":1,"featured_media":0,"comment_status":"open","ping_status":"closed","sticky":false,"template":"","format":"standard","meta":{"spay_email":"","jetpack_publicize_message":"","jetpack_is_tweetstorm":false,"jetpack_publicize_feature_enabled":true},"categories":[14249],"tags":[3901,8870,2797,200,18,3372],"jetpack_publicize_connections":[],"yoast_head":"<!-- This site is optimized with the Yoast SEO plugin v19.1 - https:\/\/yoast.com\/wordpress\/plugins\/seo\/ -->\n<title>Teoria e turizmit t\u00eb Ulqinit - Lajme nga Ulqini<\/title>\n<meta name=\"description\" content=\"Ne teorin\u00eb disa specialist vendas por edhe t\u00eb huaj, q\u00eb thon\u00eb s\u00eb Ulqini m\u00eb at\u00eb \u00e7\u2019 ka ka b\u00ebr\u00eb, nuk ka shanse t\u00eb konkurroj\u00eb ndonj\u00ebher\u00eb n\u00eb turizmin elitar,\" \/>\n<meta name=\"robots\" content=\"index, follow, max-snippet:-1, max-image-preview:large, max-video-preview:-1\" \/>\n<link rel=\"canonical\" href=\"https:\/\/www.visit-ulcinj.com\/blog\/2012\/05\/23\/teoria-e-turizmit-te-ulqinit\/\" \/>\n<meta property=\"og:locale\" content=\"en_US\" \/>\n<meta property=\"og:type\" content=\"article\" \/>\n<meta property=\"og:title\" content=\"Teoria e turizmit t\u00eb Ulqinit - Lajme nga Ulqini\" \/>\n<meta property=\"og:description\" content=\"Ne teorin\u00eb disa specialist vendas por edhe t\u00eb huaj, q\u00eb thon\u00eb s\u00eb Ulqini m\u00eb at\u00eb \u00e7\u2019 ka ka b\u00ebr\u00eb, nuk ka shanse t\u00eb konkurroj\u00eb ndonj\u00ebher\u00eb n\u00eb turizmin elitar,\" \/>\n<meta property=\"og:url\" content=\"https:\/\/www.visit-ulcinj.com\/blog\/2012\/05\/23\/teoria-e-turizmit-te-ulqinit\/\" \/>\n<meta property=\"og:site_name\" content=\"Lajme nga Ulqini\" \/>\n<meta property=\"article:published_time\" content=\"2012-05-23T09:28:14+00:00\" \/>\n<meta property=\"article:modified_time\" content=\"2012-05-23T09:29:59+00:00\" \/>\n<meta property=\"og:image\" content=\"http:\/\/www.visit-ulcinj.com\/blog\/wp-content\/uploads\/2012\/05\/Turizmi-i-Ulqinit.jpg\" \/>\n<meta name=\"twitter:label1\" content=\"Written by\" \/>\n\t<meta name=\"twitter:data1\" content=\"ulqini\" \/>\n\t<meta name=\"twitter:label2\" content=\"Est. reading time\" \/>\n\t<meta name=\"twitter:data2\" content=\"2 minutes\" \/>\n<script type=\"application\/ld+json\" class=\"yoast-schema-graph\">{\"@context\":\"https:\/\/schema.org\",\"@graph\":[{\"@type\":\"WebSite\",\"@id\":\"https:\/\/www.visit-ulcinj.com\/blog\/#website\",\"url\":\"https:\/\/www.visit-ulcinj.com\/blog\/\",\"name\":\"Lajme nga Ulqini\",\"description\":\"Lajme,Vijesti,Ulqini,Ulqin,Crna Gora,Mali i Zi\",\"potentialAction\":[{\"@type\":\"SearchAction\",\"target\":{\"@type\":\"EntryPoint\",\"urlTemplate\":\"https:\/\/www.visit-ulcinj.com\/blog\/?s={search_term_string}\"},\"query-input\":\"required name=search_term_string\"}],\"inLanguage\":\"en-US\"},{\"@type\":\"ImageObject\",\"inLanguage\":\"en-US\",\"@id\":\"https:\/\/www.visit-ulcinj.com\/blog\/2012\/05\/23\/teoria-e-turizmit-te-ulqinit\/#primaryimage\",\"url\":\"https:\/\/www.visit-ulcinj.com\/blog\/wp-content\/uploads\/2012\/05\/Turizmi-i-Ulqinit.jpg\",\"contentUrl\":\"https:\/\/www.visit-ulcinj.com\/blog\/wp-content\/uploads\/2012\/05\/Turizmi-i-Ulqinit.jpg\",\"width\":\"1024\",\"height\":\"670\"},{\"@type\":\"WebPage\",\"@id\":\"https:\/\/www.visit-ulcinj.com\/blog\/2012\/05\/23\/teoria-e-turizmit-te-ulqinit\/#webpage\",\"url\":\"https:\/\/www.visit-ulcinj.com\/blog\/2012\/05\/23\/teoria-e-turizmit-te-ulqinit\/\",\"name\":\"Teoria e turizmit t\u00eb Ulqinit - Lajme nga Ulqini\",\"isPartOf\":{\"@id\":\"https:\/\/www.visit-ulcinj.com\/blog\/#website\"},\"primaryImageOfPage\":{\"@id\":\"https:\/\/www.visit-ulcinj.com\/blog\/2012\/05\/23\/teoria-e-turizmit-te-ulqinit\/#primaryimage\"},\"datePublished\":\"2012-05-23T09:28:14+00:00\",\"dateModified\":\"2012-05-23T09:29:59+00:00\",\"author\":{\"@id\":\"https:\/\/www.visit-ulcinj.com\/blog\/#\/schema\/person\/dcab619c614d3038751c63bc2aadc06d\"},\"description\":\"Ne teorin\u00eb disa specialist vendas por edhe t\u00eb huaj, q\u00eb thon\u00eb s\u00eb Ulqini m\u00eb at\u00eb \u00e7\u2019 ka ka b\u00ebr\u00eb, nuk ka shanse t\u00eb konkurroj\u00eb ndonj\u00ebher\u00eb n\u00eb turizmin elitar,\",\"breadcrumb\":{\"@id\":\"https:\/\/www.visit-ulcinj.com\/blog\/2012\/05\/23\/teoria-e-turizmit-te-ulqinit\/#breadcrumb\"},\"inLanguage\":\"en-US\",\"potentialAction\":[{\"@type\":\"ReadAction\",\"target\":[\"https:\/\/www.visit-ulcinj.com\/blog\/2012\/05\/23\/teoria-e-turizmit-te-ulqinit\/\"]}]},{\"@type\":\"BreadcrumbList\",\"@id\":\"https:\/\/www.visit-ulcinj.com\/blog\/2012\/05\/23\/teoria-e-turizmit-te-ulqinit\/#breadcrumb\",\"itemListElement\":[{\"@type\":\"ListItem\",\"position\":1,\"name\":\"Teoria e turizmit t\u00eb Ulqinit\"}]},{\"@type\":\"Person\",\"@id\":\"https:\/\/www.visit-ulcinj.com\/blog\/#\/schema\/person\/dcab619c614d3038751c63bc2aadc06d\",\"name\":\"ulqini\",\"sameAs\":[\"http:\/\/www.visit-ulcinj.com\"],\"url\":\"https:\/\/www.visit-ulcinj.com\/blog\/author\/admin\/\"}]}<\/script>\n<!-- \/ Yoast SEO plugin. -->","yoast_head_json":{"title":"Teoria e turizmit t\u00eb Ulqinit - Lajme nga Ulqini","description":"Ne teorin\u00eb disa specialist vendas por edhe t\u00eb huaj, q\u00eb thon\u00eb s\u00eb Ulqini m\u00eb at\u00eb \u00e7\u2019 ka ka b\u00ebr\u00eb, nuk ka shanse t\u00eb konkurroj\u00eb ndonj\u00ebher\u00eb n\u00eb turizmin elitar,","robots":{"index":"index","follow":"follow","max-snippet":"max-snippet:-1","max-image-preview":"max-image-preview:large","max-video-preview":"max-video-preview:-1"},"canonical":"https:\/\/www.visit-ulcinj.com\/blog\/2012\/05\/23\/teoria-e-turizmit-te-ulqinit\/","og_locale":"en_US","og_type":"article","og_title":"Teoria e turizmit t\u00eb Ulqinit - Lajme nga Ulqini","og_description":"Ne teorin\u00eb disa specialist vendas por edhe t\u00eb huaj, q\u00eb thon\u00eb s\u00eb Ulqini m\u00eb at\u00eb \u00e7\u2019 ka ka b\u00ebr\u00eb, nuk ka shanse t\u00eb konkurroj\u00eb ndonj\u00ebher\u00eb n\u00eb turizmin elitar,","og_url":"https:\/\/www.visit-ulcinj.com\/blog\/2012\/05\/23\/teoria-e-turizmit-te-ulqinit\/","og_site_name":"Lajme nga Ulqini","article_published_time":"2012-05-23T09:28:14+00:00","article_modified_time":"2012-05-23T09:29:59+00:00","og_image":[{"url":"http:\/\/www.visit-ulcinj.com\/blog\/wp-content\/uploads\/2012\/05\/Turizmi-i-Ulqinit.jpg"}],"twitter_misc":{"Written by":"ulqini","Est. reading time":"2 minutes"},"schema":{"@context":"https:\/\/schema.org","@graph":[{"@type":"WebSite","@id":"https:\/\/www.visit-ulcinj.com\/blog\/#website","url":"https:\/\/www.visit-ulcinj.com\/blog\/","name":"Lajme nga Ulqini","description":"Lajme,Vijesti,Ulqini,Ulqin,Crna Gora,Mali i Zi","potentialAction":[{"@type":"SearchAction","target":{"@type":"EntryPoint","urlTemplate":"https:\/\/www.visit-ulcinj.com\/blog\/?s={search_term_string}"},"query-input":"required name=search_term_string"}],"inLanguage":"en-US"},{"@type":"ImageObject","inLanguage":"en-US","@id":"https:\/\/www.visit-ulcinj.com\/blog\/2012\/05\/23\/teoria-e-turizmit-te-ulqinit\/#primaryimage","url":"https:\/\/www.visit-ulcinj.com\/blog\/wp-content\/uploads\/2012\/05\/Turizmi-i-Ulqinit.jpg","contentUrl":"https:\/\/www.visit-ulcinj.com\/blog\/wp-content\/uploads\/2012\/05\/Turizmi-i-Ulqinit.jpg","width":"1024","height":"670"},{"@type":"WebPage","@id":"https:\/\/www.visit-ulcinj.com\/blog\/2012\/05\/23\/teoria-e-turizmit-te-ulqinit\/#webpage","url":"https:\/\/www.visit-ulcinj.com\/blog\/2012\/05\/23\/teoria-e-turizmit-te-ulqinit\/","name":"Teoria e turizmit t\u00eb Ulqinit - Lajme nga Ulqini","isPartOf":{"@id":"https:\/\/www.visit-ulcinj.com\/blog\/#website"},"primaryImageOfPage":{"@id":"https:\/\/www.visit-ulcinj.com\/blog\/2012\/05\/23\/teoria-e-turizmit-te-ulqinit\/#primaryimage"},"datePublished":"2012-05-23T09:28:14+00:00","dateModified":"2012-05-23T09:29:59+00:00","author":{"@id":"https:\/\/www.visit-ulcinj.com\/blog\/#\/schema\/person\/dcab619c614d3038751c63bc2aadc06d"},"description":"Ne teorin\u00eb disa specialist vendas por edhe t\u00eb huaj, q\u00eb thon\u00eb s\u00eb Ulqini m\u00eb at\u00eb \u00e7\u2019 ka ka b\u00ebr\u00eb, nuk ka shanse t\u00eb konkurroj\u00eb ndonj\u00ebher\u00eb n\u00eb turizmin elitar,","breadcrumb":{"@id":"https:\/\/www.visit-ulcinj.com\/blog\/2012\/05\/23\/teoria-e-turizmit-te-ulqinit\/#breadcrumb"},"inLanguage":"en-US","potentialAction":[{"@type":"ReadAction","target":["https:\/\/www.visit-ulcinj.com\/blog\/2012\/05\/23\/teoria-e-turizmit-te-ulqinit\/"]}]},{"@type":"BreadcrumbList","@id":"https:\/\/www.visit-ulcinj.com\/blog\/2012\/05\/23\/teoria-e-turizmit-te-ulqinit\/#breadcrumb","itemListElement":[{"@type":"ListItem","position":1,"name":"Teoria e turizmit t\u00eb Ulqinit"}]},{"@type":"Person","@id":"https:\/\/www.visit-ulcinj.com\/blog\/#\/schema\/person\/dcab619c614d3038751c63bc2aadc06d","name":"ulqini","sameAs":["http:\/\/www.visit-ulcinj.com"],"url":"https:\/\/www.visit-ulcinj.com\/blog\/author\/admin\/"}]}},"jetpack_featured_media_url":"","jetpack_sharing_enabled":true,"jetpack_shortlink":"https:\/\/wp.me\/pe6lTn-fOa","_links":{"self":[{"href":"https:\/\/www.visit-ulcinj.com\/blog\/wp-json\/wp\/v2\/posts\/60770"}],"collection":[{"href":"https:\/\/www.visit-ulcinj.com\/blog\/wp-json\/wp\/v2\/posts"}],"about":[{"href":"https:\/\/www.visit-ulcinj.com\/blog\/wp-json\/wp\/v2\/types\/post"}],"author":[{"embeddable":true,"href":"https:\/\/www.visit-ulcinj.com\/blog\/wp-json\/wp\/v2\/users\/1"}],"replies":[{"embeddable":true,"href":"https:\/\/www.visit-ulcinj.com\/blog\/wp-json\/wp\/v2\/comments?post=60770"}],"version-history":[{"count":4,"href":"https:\/\/www.visit-ulcinj.com\/blog\/wp-json\/wp\/v2\/posts\/60770\/revisions"}],"predecessor-version":[{"id":60775,"href":"https:\/\/www.visit-ulcinj.com\/blog\/wp-json\/wp\/v2\/posts\/60770\/revisions\/60775"}],"wp:attachment":[{"href":"https:\/\/www.visit-ulcinj.com\/blog\/wp-json\/wp\/v2\/media?parent=60770"}],"wp:term":[{"taxonomy":"category","embeddable":true,"href":"https:\/\/www.visit-ulcinj.com\/blog\/wp-json\/wp\/v2\/categories?post=60770"},{"taxonomy":"post_tag","embeddable":true,"href":"https:\/\/www.visit-ulcinj.com\/blog\/wp-json\/wp\/v2\/tags?post=60770"}],"curies":[{"name":"wp","href":"https:\/\/api.w.org\/{rel}","templated":true}]}}