{"id":60828,"date":"2012-05-23T19:35:05","date_gmt":"2012-05-23T18:35:05","guid":{"rendered":"http:\/\/www.visit-ulcinj.com\/blog\/?p=60828"},"modified":"2012-05-25T07:36:37","modified_gmt":"2012-05-25T06:36:37","slug":"perfundon-me-sukses-pranvera-ne-ane-te-malit-2012","status":"publish","type":"post","link":"https:\/\/www.visit-ulcinj.com\/blog\/2012\/05\/23\/perfundon-me-sukses-pranvera-ne-ane-te-malit-2012\/","title":{"rendered":"P\u00ebrfundon me sukses &#8220;Pranvera n\u00eb An\u00eb t\u00eb Malit 2012&#8221;"},"content":{"rendered":"<p><a href=\"http:\/\/www.visit-ulcinj.com\/blog\/wp-content\/uploads\/2012\/05\/Perfundon-me-sukses-_Pranvera-n\u00eb-An\u00eb-t\u00eb-Malit-2012.jpg\"><img loading=\"lazy\" class=\"alignleft  wp-image-60829\" title=\"Perfundon me sukses _Pranvera n\u00eb An\u00eb t\u00eb Malit 2012\" src=\"http:\/\/www.visit-ulcinj.com\/blog\/wp-content\/uploads\/2012\/05\/Perfundon-me-sukses-_Pranvera-n\u00eb-An\u00eb-t\u00eb-Malit-2012.jpg\" alt=\"\" width=\"508\" height=\"360\" \/><\/a>Shoqata &#8220;ORA&#8221; me 18, 19 dhe 20 maj 2012, organizoj manifestimin tradicional &#8220;Pranvera n\u00eb An\u00eb t\u00eb Malit&#8221;gjat\u00eb edicionit IX t\u00eb manifestimit,nat\u00ebn e par\u00eb, n\u00eb kuad\u00ebr t\u00eb ciklit \u201cAna e Malit nd\u00ebr vite\u201d, n\u00eb Kalan\u00eb e Shasit, kan\u00eb prezantuar krijimtarin\u00eb dhe prezantimi i etnografis\u00eb s\u00eb An\u00ebs s\u00eb Malit dhe m\u00ebnyra e punimit t\u00eb tyre prej artizan\u00ebs Sut\u00eb Xhurreta prej katundit Rashtish.<\/p>\n<p>N\u00eb bashk\u00ebpunim me Art Klubin, prezantimi i etnografis\u00eb dhe riteve t\u00eb An\u00ebs s\u00eb Malit nga studiues t\u00eb Universitetit t\u00eb Prishtin\u00ebs: Drita Halimi Statovci, Uk\u00eb Xhemaj dhe Zanita Halimi.Duke vazhduar me k\u00ebng\u00eb t\u00eb tradites s\u00eb An\u00ebs s\u00eb Malit, Ulqinit dhe Shkodres realizuar nga kompozitori G\u00ebzim Gjeka.<\/p>\n<p>P\u00ebr t\u00eb dyt\u00ebn her\u00eb pas shum\u00eb koh\u00ebsh, kultura shqiptare u rikthye n\u00eb Kalan\u00eb e Shasit, me nj\u00eb mbr\u00ebmje kulturore t\u00eb organizuar t\u00eb premten, n\u00eb kuad\u00ebr t\u00eb manifestimit tradicional \u201cPranvera n\u00eb An\u00eb t\u00eb Malit\u201d, q\u00eb organizohet nga Shoqata \u201cOra\u201d.<\/p>\n<p><a href=\"http:\/\/www.visit-ulcinj.com\/blog\/wp-content\/uploads\/2012\/05\/Perfundon-me-sukses-_Pranvera-n\u00eb-An\u00eb-t\u00eb-Malit-2012.9.11.jpg\"><img loading=\"lazy\" class=\"alignleft size-full wp-image-60830\" title=\"Perfundon me sukses _Pranvera n\u00eb An\u00eb t\u00eb Malit 2012.9.11\" src=\"http:\/\/www.visit-ulcinj.com\/blog\/wp-content\/uploads\/2012\/05\/Perfundon-me-sukses-_Pranvera-n\u00eb-An\u00eb-t\u00eb-Malit-2012.9.11.jpg\" alt=\"\" width=\"508\" height=\"300\" \/><\/a><br \/>\nMbr\u00ebmja ka qen\u00eb e g\u00ebrshetuar me nj\u00eb s\u00ebr\u00eb aktivitetesh. N\u00eb kuad\u00ebr t\u00eb ciklit \u201cAna e Malit nd\u00ebr vite\u201d, para publikut t\u00eb pranish\u00ebm, t\u00eb fascinuar nga bukuria e Kalas\u00eb s\u00eb Shasit dhe pamjet madh\u00ebshtore q\u00eb ofrohen nga ky vend, kan\u00eb prezantuar krijimtarin\u00eb e tyre.<\/p>\n<p>&nbsp;<\/p>\n<p><strong><em>E shtun\u00eb, 19 maj 2012 <\/em><\/strong>Dita e dyt\u00eb e k\u00ebtij manifestimi iu kushtua sportit, ku u zhvilluan gara n\u00eb:<\/p>\n<p>&#8211; Atletik\u00eb &#8211; Gara n\u00eb vrapim<\/p>\n<p>&#8211; Turne n\u00eb volejboll<\/p>\n<p>&#8211; Turne n\u00eb futboll<\/p>\n<p>&#8211; Turne n\u00eb shah<\/p>\n<p>&#8211; Turne ne ping pong<\/p>\n<p><a href=\"http:\/\/www.visit-ulcinj.com\/blog\/wp-content\/uploads\/2012\/05\/Perfundon-me-sukses-_Pranvera-n\u00eb-An\u00eb-t\u00eb-Malit-2012.2.jpg\"><img loading=\"lazy\" class=\"alignleft size-full wp-image-60831\" title=\"Perfundon me sukses _Pranvera n\u00eb An\u00eb t\u00eb Malit 2012.2\" src=\"http:\/\/www.visit-ulcinj.com\/blog\/wp-content\/uploads\/2012\/05\/Perfundon-me-sukses-_Pranvera-n\u00eb-An\u00eb-t\u00eb-Malit-2012.2.jpg\" alt=\"\" width=\"508\" height=\"300\" \/><\/a><br \/>\nPjesa qendrore e manifestimit \u00ebsht\u00eb mbajtur t\u00eb diel\u00ebn pasdite n\u00eb stadiumin e Shasit, ku \u00ebsht\u00eb shfaqur nj\u00eb program kulturo-artistik i p\u00ebrb\u00ebr\u00eb me muzik\u00eb, k\u00ebng\u00eb, loj\u00ebra popullore, ushqim tradicional.<\/p>\n<p><strong><em>E diel, 20 maj 2012 <\/em><\/strong><\/p>\n<p>&#8211; Program kulturoro-zbavit\u00ebs<\/p>\n<p>&#8211; Muzik\u00eb popullore<\/p>\n<p>&#8211; Humor<\/p>\n<p>&#8211; Loj\u00ebra popullore<\/p>\n<p>&#8211; Ushqim tradicional<\/p>\n<p><strong>Lajme nga Ulqini<\/strong><\/p>\n<p><a href=\"https:\/\/www.facebook.com\/media\/set\/?set=a.373031106092364.90274.100001564340764&amp;type=3\" target=\"_blank\"><strong>P\u00ebr ma tep\u00ebr Fotografi &#8211; Ana E Malit Tradita Facebook<\/strong><\/a><\/p>\n<p><strong>VIDEO TV TEUTA<\/strong><br \/>\n<iframe loading=\"lazy\" src=\"http:\/\/www.youtube.com\/embed\/SvCKTsreMn0\" frameborder=\"0\" width=\"508\" height=\"360\"><\/iframe><br \/>\n\n\t\t<style type=\"text\/css\">\n\t\t\t#gallery-1 {\n\t\t\t\tmargin: auto;\n\t\t\t}\n\t\t\t#gallery-1 .gallery-item {\n\t\t\t\tfloat: left;\n\t\t\t\tmargin-top: 10px;\n\t\t\t\ttext-align: center;\n\t\t\t\twidth: 33%;\n\t\t\t}\n\t\t\t#gallery-1 img {\n\t\t\t\tborder: 2px solid #cfcfcf;\n\t\t\t}\n\t\t\t#gallery-1 .gallery-caption {\n\t\t\t\tmargin-left: 0;\n\t\t\t}\n\t\t\t\/* see gallery_shortcode() in wp-includes\/media.php *\/\n\t\t<\/style>\n\t\t<div id='gallery-1' class='gallery galleryid-60828 gallery-columns-3 gallery-size-thumbnail'><dl class='gallery-item'>\n\t\t\t<dt class='gallery-icon landscape'>\n\t\t\t\t<a href='https:\/\/www.visit-ulcinj.com\/blog\/wp-content\/uploads\/2012\/05\/Perfundon-me-sukses-_Pranvera-n\u00eb-An\u00eb-t\u00eb-Malit-2012.jpg'><img width=\"150\" height=\"150\" src=\"https:\/\/www.visit-ulcinj.com\/blog\/wp-content\/uploads\/2012\/05\/Perfundon-me-sukses-_Pranvera-n\u00eb-An\u00eb-t\u00eb-Malit-2012-150x150.jpg\" class=\"attachment-thumbnail size-thumbnail\" alt=\"\" loading=\"lazy\" \/><\/a>\n\t\t\t<\/dt><\/dl><dl class='gallery-item'>\n\t\t\t<dt class='gallery-icon landscape'>\n\t\t\t\t<a href='https:\/\/www.visit-ulcinj.com\/blog\/wp-content\/uploads\/2012\/05\/Perfundon-me-sukses-_Pranvera-n\u00eb-An\u00eb-t\u00eb-Malit-2012.9.11.jpg'><img width=\"150\" height=\"150\" src=\"https:\/\/www.visit-ulcinj.com\/blog\/wp-content\/uploads\/2012\/05\/Perfundon-me-sukses-_Pranvera-n\u00eb-An\u00eb-t\u00eb-Malit-2012.9.11-150x150.jpg\" class=\"attachment-thumbnail size-thumbnail\" alt=\"\" loading=\"lazy\" \/><\/a>\n\t\t\t<\/dt><\/dl><dl class='gallery-item'>\n\t\t\t<dt class='gallery-icon landscape'>\n\t\t\t\t<a href='https:\/\/www.visit-ulcinj.com\/blog\/wp-content\/uploads\/2012\/05\/Perfundon-me-sukses-_Pranvera-n\u00eb-An\u00eb-t\u00eb-Malit-2012.2.jpg'><img width=\"150\" height=\"150\" src=\"https:\/\/www.visit-ulcinj.com\/blog\/wp-content\/uploads\/2012\/05\/Perfundon-me-sukses-_Pranvera-n\u00eb-An\u00eb-t\u00eb-Malit-2012.2-150x150.jpg\" class=\"attachment-thumbnail size-thumbnail\" alt=\"\" loading=\"lazy\" \/><\/a>\n\t\t\t<\/dt><\/dl><br style=\"clear: both\" \/><dl class='gallery-item'>\n\t\t\t<dt class='gallery-icon landscape'>\n\t\t\t\t<a href='https:\/\/www.visit-ulcinj.com\/blog\/wp-content\/uploads\/2012\/05\/Perfundon-me-sukses-_Pranvera-n\u00eb-An\u00eb-t\u00eb-Malit-2012.5.jpg'><img width=\"150\" height=\"150\" src=\"https:\/\/www.visit-ulcinj.com\/blog\/wp-content\/uploads\/2012\/05\/Perfundon-me-sukses-_Pranvera-n\u00eb-An\u00eb-t\u00eb-Malit-2012.5-150x150.jpg\" class=\"attachment-thumbnail size-thumbnail\" alt=\"\" loading=\"lazy\" \/><\/a>\n\t\t\t<\/dt><\/dl><dl class='gallery-item'>\n\t\t\t<dt class='gallery-icon landscape'>\n\t\t\t\t<a href='https:\/\/www.visit-ulcinj.com\/blog\/wp-content\/uploads\/2012\/05\/Perfundon-me-sukses-_Pranvera-n\u00eb-An\u00eb-t\u00eb-Malit-2012.6.jpg'><img width=\"150\" height=\"150\" src=\"https:\/\/www.visit-ulcinj.com\/blog\/wp-content\/uploads\/2012\/05\/Perfundon-me-sukses-_Pranvera-n\u00eb-An\u00eb-t\u00eb-Malit-2012.6-150x150.jpg\" class=\"attachment-thumbnail size-thumbnail\" alt=\"\" loading=\"lazy\" \/><\/a>\n\t\t\t<\/dt><\/dl><dl class='gallery-item'>\n\t\t\t<dt class='gallery-icon landscape'>\n\t\t\t\t<a href='https:\/\/www.visit-ulcinj.com\/blog\/wp-content\/uploads\/2012\/05\/Perfundon-me-sukses-_Pranvera-n\u00eb-An\u00eb-t\u00eb-Malit-2012.7.jpg'><img width=\"150\" height=\"150\" src=\"https:\/\/www.visit-ulcinj.com\/blog\/wp-content\/uploads\/2012\/05\/Perfundon-me-sukses-_Pranvera-n\u00eb-An\u00eb-t\u00eb-Malit-2012.7-150x150.jpg\" class=\"attachment-thumbnail size-thumbnail\" alt=\"\" loading=\"lazy\" \/><\/a>\n\t\t\t<\/dt><\/dl><br style=\"clear: both\" \/><dl class='gallery-item'>\n\t\t\t<dt class='gallery-icon landscape'>\n\t\t\t\t<a href='https:\/\/www.visit-ulcinj.com\/blog\/wp-content\/uploads\/2012\/05\/Perfundon-me-sukses-_Pranvera-n\u00eb-An\u00eb-t\u00eb-Malit-2012.8.jpg'><img width=\"150\" height=\"150\" src=\"https:\/\/www.visit-ulcinj.com\/blog\/wp-content\/uploads\/2012\/05\/Perfundon-me-sukses-_Pranvera-n\u00eb-An\u00eb-t\u00eb-Malit-2012.8-150x150.jpg\" class=\"attachment-thumbnail size-thumbnail\" alt=\"\" loading=\"lazy\" \/><\/a>\n\t\t\t<\/dt><\/dl><dl class='gallery-item'>\n\t\t\t<dt class='gallery-icon landscape'>\n\t\t\t\t<a href='https:\/\/www.visit-ulcinj.com\/blog\/wp-content\/uploads\/2012\/05\/Perfundon-me-sukses-_Pranvera-n\u00eb-An\u00eb-t\u00eb-Malit-2012.9.10.jpg'><img width=\"150\" height=\"150\" src=\"https:\/\/www.visit-ulcinj.com\/blog\/wp-content\/uploads\/2012\/05\/Perfundon-me-sukses-_Pranvera-n\u00eb-An\u00eb-t\u00eb-Malit-2012.9.10-150x150.jpg\" class=\"attachment-thumbnail size-thumbnail\" alt=\"\" loading=\"lazy\" \/><\/a>\n\t\t\t<\/dt><\/dl><dl class='gallery-item'>\n\t\t\t<dt class='gallery-icon landscape'>\n\t\t\t\t<a href='https:\/\/www.visit-ulcinj.com\/blog\/wp-content\/uploads\/2012\/05\/Perfundon-me-sukses-_Pranvera-n\u00eb-An\u00eb-t\u00eb-Malit-2012.9.12.jpg'><img width=\"150\" height=\"150\" src=\"https:\/\/www.visit-ulcinj.com\/blog\/wp-content\/uploads\/2012\/05\/Perfundon-me-sukses-_Pranvera-n\u00eb-An\u00eb-t\u00eb-Malit-2012.9.12-150x150.jpg\" class=\"attachment-thumbnail size-thumbnail\" alt=\"\" loading=\"lazy\" \/><\/a>\n\t\t\t<\/dt><\/dl><br style=\"clear: both\" \/><dl class='gallery-item'>\n\t\t\t<dt class='gallery-icon landscape'>\n\t\t\t\t<a href='https:\/\/www.visit-ulcinj.com\/blog\/wp-content\/uploads\/2012\/05\/Perfundon-me-sukses-_Pranvera-n\u00eb-An\u00eb-t\u00eb-Malit-2012.9.13.jpg'><img width=\"150\" height=\"150\" src=\"https:\/\/www.visit-ulcinj.com\/blog\/wp-content\/uploads\/2012\/05\/Perfundon-me-sukses-_Pranvera-n\u00eb-An\u00eb-t\u00eb-Malit-2012.9.13-150x150.jpg\" class=\"attachment-thumbnail size-thumbnail\" alt=\"\" loading=\"lazy\" \/><\/a>\n\t\t\t<\/dt><\/dl><dl class='gallery-item'>\n\t\t\t<dt class='gallery-icon landscape'>\n\t\t\t\t<a href='https:\/\/www.visit-ulcinj.com\/blog\/wp-content\/uploads\/2012\/05\/Perfundon-me-sukses-_Pranvera-n\u00eb-An\u00eb-t\u00eb-Malit-2012.1.jpg'><img width=\"150\" height=\"150\" src=\"https:\/\/www.visit-ulcinj.com\/blog\/wp-content\/uploads\/2012\/05\/Perfundon-me-sukses-_Pranvera-n\u00eb-An\u00eb-t\u00eb-Malit-2012.1-150x150.jpg\" class=\"attachment-thumbnail size-thumbnail\" alt=\"\" loading=\"lazy\" \/><\/a>\n\t\t\t<\/dt><\/dl><dl class='gallery-item'>\n\t\t\t<dt class='gallery-icon landscape'>\n\t\t\t\t<a href='https:\/\/www.visit-ulcinj.com\/blog\/wp-content\/uploads\/2012\/05\/Perfundon-me-sukses-_Pranvera-n\u00eb-An\u00eb-t\u00eb-Malit-2012.3.jpg'><img width=\"150\" height=\"150\" src=\"https:\/\/www.visit-ulcinj.com\/blog\/wp-content\/uploads\/2012\/05\/Perfundon-me-sukses-_Pranvera-n\u00eb-An\u00eb-t\u00eb-Malit-2012.3-150x150.jpg\" class=\"attachment-thumbnail size-thumbnail\" alt=\"\" loading=\"lazy\" \/><\/a>\n\t\t\t<\/dt><\/dl><br style=\"clear: both\" \/><dl class='gallery-item'>\n\t\t\t<dt class='gallery-icon landscape'>\n\t\t\t\t<a href='https:\/\/www.visit-ulcinj.com\/blog\/wp-content\/uploads\/2012\/05\/Perfundon-me-sukses-_Pranvera-n\u00eb-An\u00eb-t\u00eb-Malit-2012.4.jpg'><img width=\"150\" height=\"150\" src=\"https:\/\/www.visit-ulcinj.com\/blog\/wp-content\/uploads\/2012\/05\/Perfundon-me-sukses-_Pranvera-n\u00eb-An\u00eb-t\u00eb-Malit-2012.4-150x150.jpg\" class=\"attachment-thumbnail size-thumbnail\" alt=\"\" loading=\"lazy\" \/><\/a>\n\t\t\t<\/dt><\/dl><dl class='gallery-item'>\n\t\t\t<dt class='gallery-icon landscape'>\n\t\t\t\t<a href='https:\/\/www.visit-ulcinj.com\/blog\/wp-content\/uploads\/2012\/05\/Perfundon-me-sukses-_Pranvera-n\u00eb-An\u00eb-t\u00eb-Malit-2012.9.jpg'><img width=\"150\" height=\"150\" src=\"https:\/\/www.visit-ulcinj.com\/blog\/wp-content\/uploads\/2012\/05\/Perfundon-me-sukses-_Pranvera-n\u00eb-An\u00eb-t\u00eb-Malit-2012.9-150x150.jpg\" class=\"attachment-thumbnail size-thumbnail\" alt=\"\" loading=\"lazy\" \/><\/a>\n\t\t\t<\/dt><\/dl><dl class='gallery-item'>\n\t\t\t<dt class='gallery-icon landscape'>\n\t\t\t\t<a href='https:\/\/www.visit-ulcinj.com\/blog\/wp-content\/uploads\/2012\/05\/Perfundon-me-sukses-_Pranvera-n\u00eb-An\u00eb-t\u00eb-Malit-2012.9.14.jpg'><img width=\"150\" height=\"150\" src=\"https:\/\/www.visit-ulcinj.com\/blog\/wp-content\/uploads\/2012\/05\/Perfundon-me-sukses-_Pranvera-n\u00eb-An\u00eb-t\u00eb-Malit-2012.9.14-150x150.jpg\" class=\"attachment-thumbnail size-thumbnail\" alt=\"\" loading=\"lazy\" \/><\/a>\n\t\t\t<\/dt><\/dl><br style=\"clear: both\" \/>\n\t\t<\/div>\n<\/p>\n","protected":false},"excerpt":{"rendered":"<p>Shoqata &#8220;ORA&#8221; me 18, 19 dhe 20 maj 2012, organizoj manifestimin tradicional &#8220;Pranvera n\u00eb An\u00eb t\u00eb Malit&#8221;gjat\u00eb edicionit IX t\u00eb manifestimit,nat\u00ebn e par\u00eb, n\u00eb kuad\u00ebr t\u00eb ciklit \u201cAna e Malit nd\u00ebr vite\u201d, n\u00eb Kalan\u00eb e Shasit, kan\u00eb prezantuar krijimtarin\u00eb dhe prezantimi i etnografis\u00eb s\u00eb An\u00ebs s\u00eb Malit dhe m\u00ebnyra e punimit t\u00eb tyre prej artizan\u00ebs [&hellip;]<\/p>\n","protected":false},"author":1,"featured_media":0,"comment_status":"open","ping_status":"closed","sticky":false,"template":"","format":"standard","meta":{"spay_email":"","jetpack_publicize_message":"","jetpack_is_tweetstorm":false,"jetpack_publicize_feature_enabled":true},"categories":[4,13],"tags":[3505,3510,3502,3516,3511,3504,3506,3499,3509,3507,3500,3228,3512,3227,3513,3514,3230,20562,3501,10472,3231,13150,3508,3503,3515,3498,200,18],"jetpack_publicize_connections":[],"yoast_head":"<!-- This site is optimized with the Yoast SEO plugin v19.1 - https:\/\/yoast.com\/wordpress\/plugins\/seo\/ -->\n<title>P\u00ebrfundon me sukses &quot;Pranvera n\u00eb An\u00eb t\u00eb Malit 2012&quot; - Lajme nga Ulqini<\/title>\n<meta name=\"description\" content=\"Shoqata &quot;ORA&quot; me 18, 19 dhe 20 maj 2012, organizoj manifestimin tradicional &quot;Pranvera n\u00eb An\u00eb t\u00eb Malit&quot;gjat\u00eb edicionit IX t\u00eb manifestimit,nat\u00ebn e par\u00eb, n\u00eb\" \/>\n<meta name=\"robots\" content=\"index, follow, max-snippet:-1, max-image-preview:large, max-video-preview:-1\" \/>\n<link rel=\"canonical\" href=\"https:\/\/www.visit-ulcinj.com\/blog\/2012\/05\/23\/perfundon-me-sukses-pranvera-ne-ane-te-malit-2012\/\" \/>\n<meta property=\"og:locale\" content=\"en_US\" \/>\n<meta property=\"og:type\" content=\"article\" \/>\n<meta property=\"og:title\" content=\"P\u00ebrfundon me sukses &quot;Pranvera n\u00eb An\u00eb t\u00eb Malit 2012&quot; - Lajme nga Ulqini\" \/>\n<meta property=\"og:description\" content=\"Shoqata &quot;ORA&quot; me 18, 19 dhe 20 maj 2012, organizoj manifestimin tradicional &quot;Pranvera n\u00eb An\u00eb t\u00eb Malit&quot;gjat\u00eb edicionit IX t\u00eb manifestimit,nat\u00ebn e par\u00eb, n\u00eb\" \/>\n<meta property=\"og:url\" content=\"https:\/\/www.visit-ulcinj.com\/blog\/2012\/05\/23\/perfundon-me-sukses-pranvera-ne-ane-te-malit-2012\/\" \/>\n<meta property=\"og:site_name\" content=\"Lajme nga Ulqini\" \/>\n<meta property=\"article:published_time\" content=\"2012-05-23T18:35:05+00:00\" \/>\n<meta property=\"article:modified_time\" content=\"2012-05-25T06:36:37+00:00\" \/>\n<meta property=\"og:image\" content=\"https:\/\/www.visit-ulcinj.com\/blog\/wp-content\/uploads\/2012\/05\/Perfundon-me-sukses-_Pranvera-n\u00eb-An\u00eb-t\u00eb-Malit-2012-150x150.jpg\" \/>\n<meta name=\"twitter:label1\" content=\"Written by\" \/>\n\t<meta name=\"twitter:data1\" content=\"ulqini\" \/>\n\t<meta name=\"twitter:label2\" content=\"Est. reading time\" \/>\n\t<meta name=\"twitter:data2\" content=\"2 minutes\" \/>\n<script type=\"application\/ld+json\" class=\"yoast-schema-graph\">{\"@context\":\"https:\/\/schema.org\",\"@graph\":[{\"@type\":\"WebSite\",\"@id\":\"https:\/\/www.visit-ulcinj.com\/blog\/#website\",\"url\":\"https:\/\/www.visit-ulcinj.com\/blog\/\",\"name\":\"Lajme nga Ulqini\",\"description\":\"Lajme,Vijesti,Ulqini,Ulqin,Crna Gora,Mali i Zi\",\"potentialAction\":[{\"@type\":\"SearchAction\",\"target\":{\"@type\":\"EntryPoint\",\"urlTemplate\":\"https:\/\/www.visit-ulcinj.com\/blog\/?s={search_term_string}\"},\"query-input\":\"required name=search_term_string\"}],\"inLanguage\":\"en-US\"},{\"@type\":\"WebPage\",\"@id\":\"https:\/\/www.visit-ulcinj.com\/blog\/2012\/05\/23\/perfundon-me-sukses-pranvera-ne-ane-te-malit-2012\/#webpage\",\"url\":\"https:\/\/www.visit-ulcinj.com\/blog\/2012\/05\/23\/perfundon-me-sukses-pranvera-ne-ane-te-malit-2012\/\",\"name\":\"P\u00ebrfundon me sukses \\\"Pranvera n\u00eb An\u00eb t\u00eb Malit 2012\\\" - Lajme nga Ulqini\",\"isPartOf\":{\"@id\":\"https:\/\/www.visit-ulcinj.com\/blog\/#website\"},\"datePublished\":\"2012-05-23T18:35:05+00:00\",\"dateModified\":\"2012-05-25T06:36:37+00:00\",\"author\":{\"@id\":\"https:\/\/www.visit-ulcinj.com\/blog\/#\/schema\/person\/dcab619c614d3038751c63bc2aadc06d\"},\"description\":\"Shoqata \\\"ORA\\\" me 18, 19 dhe 20 maj 2012, organizoj manifestimin tradicional \\\"Pranvera n\u00eb An\u00eb t\u00eb Malit\\\"gjat\u00eb edicionit IX t\u00eb manifestimit,nat\u00ebn e par\u00eb, n\u00eb\",\"breadcrumb\":{\"@id\":\"https:\/\/www.visit-ulcinj.com\/blog\/2012\/05\/23\/perfundon-me-sukses-pranvera-ne-ane-te-malit-2012\/#breadcrumb\"},\"inLanguage\":\"en-US\",\"potentialAction\":[{\"@type\":\"ReadAction\",\"target\":[\"https:\/\/www.visit-ulcinj.com\/blog\/2012\/05\/23\/perfundon-me-sukses-pranvera-ne-ane-te-malit-2012\/\"]}]},{\"@type\":\"BreadcrumbList\",\"@id\":\"https:\/\/www.visit-ulcinj.com\/blog\/2012\/05\/23\/perfundon-me-sukses-pranvera-ne-ane-te-malit-2012\/#breadcrumb\",\"itemListElement\":[{\"@type\":\"ListItem\",\"position\":1,\"name\":\"P\u00ebrfundon me sukses &#8220;Pranvera n\u00eb An\u00eb t\u00eb Malit 2012&#8221;\"}]},{\"@type\":\"Person\",\"@id\":\"https:\/\/www.visit-ulcinj.com\/blog\/#\/schema\/person\/dcab619c614d3038751c63bc2aadc06d\",\"name\":\"ulqini\",\"sameAs\":[\"http:\/\/www.visit-ulcinj.com\"],\"url\":\"https:\/\/www.visit-ulcinj.com\/blog\/author\/admin\/\"}]}<\/script>\n<!-- \/ Yoast SEO plugin. -->","yoast_head_json":{"title":"P\u00ebrfundon me sukses \"Pranvera n\u00eb An\u00eb t\u00eb Malit 2012\" - Lajme nga Ulqini","description":"Shoqata \"ORA\" me 18, 19 dhe 20 maj 2012, organizoj manifestimin tradicional \"Pranvera n\u00eb An\u00eb t\u00eb Malit\"gjat\u00eb edicionit IX t\u00eb manifestimit,nat\u00ebn e par\u00eb, n\u00eb","robots":{"index":"index","follow":"follow","max-snippet":"max-snippet:-1","max-image-preview":"max-image-preview:large","max-video-preview":"max-video-preview:-1"},"canonical":"https:\/\/www.visit-ulcinj.com\/blog\/2012\/05\/23\/perfundon-me-sukses-pranvera-ne-ane-te-malit-2012\/","og_locale":"en_US","og_type":"article","og_title":"P\u00ebrfundon me sukses \"Pranvera n\u00eb An\u00eb t\u00eb Malit 2012\" - Lajme nga Ulqini","og_description":"Shoqata \"ORA\" me 18, 19 dhe 20 maj 2012, organizoj manifestimin tradicional \"Pranvera n\u00eb An\u00eb t\u00eb Malit\"gjat\u00eb edicionit IX t\u00eb manifestimit,nat\u00ebn e par\u00eb, n\u00eb","og_url":"https:\/\/www.visit-ulcinj.com\/blog\/2012\/05\/23\/perfundon-me-sukses-pranvera-ne-ane-te-malit-2012\/","og_site_name":"Lajme nga Ulqini","article_published_time":"2012-05-23T18:35:05+00:00","article_modified_time":"2012-05-25T06:36:37+00:00","og_image":[{"url":"https:\/\/www.visit-ulcinj.com\/blog\/wp-content\/uploads\/2012\/05\/Perfundon-me-sukses-_Pranvera-n\u00eb-An\u00eb-t\u00eb-Malit-2012-150x150.jpg"}],"twitter_misc":{"Written by":"ulqini","Est. reading time":"2 minutes"},"schema":{"@context":"https:\/\/schema.org","@graph":[{"@type":"WebSite","@id":"https:\/\/www.visit-ulcinj.com\/blog\/#website","url":"https:\/\/www.visit-ulcinj.com\/blog\/","name":"Lajme nga Ulqini","description":"Lajme,Vijesti,Ulqini,Ulqin,Crna Gora,Mali i Zi","potentialAction":[{"@type":"SearchAction","target":{"@type":"EntryPoint","urlTemplate":"https:\/\/www.visit-ulcinj.com\/blog\/?s={search_term_string}"},"query-input":"required name=search_term_string"}],"inLanguage":"en-US"},{"@type":"WebPage","@id":"https:\/\/www.visit-ulcinj.com\/blog\/2012\/05\/23\/perfundon-me-sukses-pranvera-ne-ane-te-malit-2012\/#webpage","url":"https:\/\/www.visit-ulcinj.com\/blog\/2012\/05\/23\/perfundon-me-sukses-pranvera-ne-ane-te-malit-2012\/","name":"P\u00ebrfundon me sukses \"Pranvera n\u00eb An\u00eb t\u00eb Malit 2012\" - Lajme nga Ulqini","isPartOf":{"@id":"https:\/\/www.visit-ulcinj.com\/blog\/#website"},"datePublished":"2012-05-23T18:35:05+00:00","dateModified":"2012-05-25T06:36:37+00:00","author":{"@id":"https:\/\/www.visit-ulcinj.com\/blog\/#\/schema\/person\/dcab619c614d3038751c63bc2aadc06d"},"description":"Shoqata \"ORA\" me 18, 19 dhe 20 maj 2012, organizoj manifestimin tradicional \"Pranvera n\u00eb An\u00eb t\u00eb Malit\"gjat\u00eb edicionit IX t\u00eb manifestimit,nat\u00ebn e par\u00eb, n\u00eb","breadcrumb":{"@id":"https:\/\/www.visit-ulcinj.com\/blog\/2012\/05\/23\/perfundon-me-sukses-pranvera-ne-ane-te-malit-2012\/#breadcrumb"},"inLanguage":"en-US","potentialAction":[{"@type":"ReadAction","target":["https:\/\/www.visit-ulcinj.com\/blog\/2012\/05\/23\/perfundon-me-sukses-pranvera-ne-ane-te-malit-2012\/"]}]},{"@type":"BreadcrumbList","@id":"https:\/\/www.visit-ulcinj.com\/blog\/2012\/05\/23\/perfundon-me-sukses-pranvera-ne-ane-te-malit-2012\/#breadcrumb","itemListElement":[{"@type":"ListItem","position":1,"name":"P\u00ebrfundon me sukses &#8220;Pranvera n\u00eb An\u00eb t\u00eb Malit 2012&#8221;"}]},{"@type":"Person","@id":"https:\/\/www.visit-ulcinj.com\/blog\/#\/schema\/person\/dcab619c614d3038751c63bc2aadc06d","name":"ulqini","sameAs":["http:\/\/www.visit-ulcinj.com"],"url":"https:\/\/www.visit-ulcinj.com\/blog\/author\/admin\/"}]}},"jetpack_featured_media_url":"","jetpack_sharing_enabled":true,"jetpack_shortlink":"https:\/\/wp.me\/pe6lTn-fP6","_links":{"self":[{"href":"https:\/\/www.visit-ulcinj.com\/blog\/wp-json\/wp\/v2\/posts\/60828"}],"collection":[{"href":"https:\/\/www.visit-ulcinj.com\/blog\/wp-json\/wp\/v2\/posts"}],"about":[{"href":"https:\/\/www.visit-ulcinj.com\/blog\/wp-json\/wp\/v2\/types\/post"}],"author":[{"embeddable":true,"href":"https:\/\/www.visit-ulcinj.com\/blog\/wp-json\/wp\/v2\/users\/1"}],"replies":[{"embeddable":true,"href":"https:\/\/www.visit-ulcinj.com\/blog\/wp-json\/wp\/v2\/comments?post=60828"}],"version-history":[{"count":5,"href":"https:\/\/www.visit-ulcinj.com\/blog\/wp-json\/wp\/v2\/posts\/60828\/revisions"}],"predecessor-version":[{"id":60953,"href":"https:\/\/www.visit-ulcinj.com\/blog\/wp-json\/wp\/v2\/posts\/60828\/revisions\/60953"}],"wp:attachment":[{"href":"https:\/\/www.visit-ulcinj.com\/blog\/wp-json\/wp\/v2\/media?parent=60828"}],"wp:term":[{"taxonomy":"category","embeddable":true,"href":"https:\/\/www.visit-ulcinj.com\/blog\/wp-json\/wp\/v2\/categories?post=60828"},{"taxonomy":"post_tag","embeddable":true,"href":"https:\/\/www.visit-ulcinj.com\/blog\/wp-json\/wp\/v2\/tags?post=60828"}],"curies":[{"name":"wp","href":"https:\/\/api.w.org\/{rel}","templated":true}]}}