{"id":6084,"date":"2008-11-15T16:24:27","date_gmt":"2008-11-15T21:24:27","guid":{"rendered":"http:\/\/www.visit-ulcinj.com\/blog\/?p=6084"},"modified":"2008-11-15T16:30:38","modified_gmt":"2008-11-15T21:30:38","slug":"te-gjithe-te-cmendur-pas-jim-belushit","status":"publish","type":"post","link":"https:\/\/www.visit-ulcinj.com\/blog\/2008\/11\/15\/te-gjithe-te-cmendur-pas-jim-belushit\/","title":{"rendered":"T\u00eb gjith\u00eb t\u00eb \u00e7mendur pas Jim Belushit"},"content":{"rendered":"<p><a href=\"http:\/\/www.visit-ulcinj.com\/blog\/wp-content\/uploads\/2008\/11\/james-bellushi.jpg\"><img loading=\"lazy\" class=\"alignleft size-medium wp-image-6085\" title=\"james-bellushi\" src=\"http:\/\/www.visit-ulcinj.com\/blog\/wp-content\/uploads\/2008\/11\/james-bellushi-300x173.jpg\" alt=\"\" width=\"378\" height=\"218\" \/><\/a>Ai \u00ebsht\u00eb nj\u00eb aktor i madh q\u00eb e njeh gjith\u00eb bota, i super paguar n\u00eb atdheun e tij t\u00eb dyt\u00eb, n\u00eb Amerik\u00eb. Dhe padyshim nj\u00eb krenari p\u00ebr t\u00eb gjith\u00eb shqiptar\u00ebt, p\u00ebr rr\u00ebnj\u00ebt e tij, p\u00ebr gjakun e tij prej shqiptari. Dhe si gjithmon\u00eb k\u00ebto raste t\u00eb pakta fatlume ku edhe ne na jepet e drejta t\u00eb krenohemi q\u00eb kemi ambasador\u00eb t\u00eb till\u00eb n\u00ebp\u00ebr bot\u00eb, nuk mund t\u00eb kalojn\u00eb pa v\u00ebmendjen e duhur. T\u00eb till\u00eb v\u00ebmendje pati edhe ardhja n\u00eb Shqip\u00ebri e Jim Belushit, nj\u00eb aktori komik me origjin\u00eb nga Kor\u00e7a, i cili b\u00ebnte vizit\u00ebn e tij t\u00eb dyt\u00eb k\u00ebtu rreth 13 vite m\u00eb von\u00eb.<br \/>\nI thirrur si nj\u00eb i ftuar special n\u00eb programin e p\u00ebrvitsh\u00ebm t\u00eb Vera Grabock\u00ebs, \u201cDua m\u00eb shum\u00eb Shqip\u00ebrin\u00eb\u201d, Jim Belushi mori gjith\u00eb nderimet e mundshme, si dhe admirimin e t\u00eb gjith\u00eb t\u00eb ftuarve n\u00eb at\u00eb nat\u00eb speciale. Meq\u00eb ishte edhe i ftuari m\u00eb i r\u00ebnd\u00ebsish\u00ebm, ishte menduar q\u00eb t\u00eb lihej n\u00eb fund, pik\u00ebrisht aty ku kulmon nj\u00eb spektak\u00ebl. Por Belushit t\u00eb famsh\u00ebm i ishte rezervuar nj\u00eb surpriz\u00eb e ve\u00e7ant\u00eb, fjala e Presidentit Topi dhe dh\u00ebnia e titullit \u201cNder i kombit\u201d dhe m\u00eb pas surpiz\u00ebn p\u00ebr t\u00eb gjith\u00eb ne, na e b\u00ebri vet\u00eb ai, duke k\u00ebnduar disa k\u00ebng\u00eb t\u00eb famshme n\u00eb versionin e mir\u00ebnjohur t\u00eb \u201cBlues Brothers\u201d.<\/p>\n<p>Por me mbarimin e spektaklit nuk mbaroi gjith\u00e7ka. T\u00eb gjith\u00eb nxituan t\u00eb takohen me aktorin e madh e t\u00eb b\u00ebnin fotografi me t\u00eb. Por duket se Belushi preferoi t\u00eb kishte pran\u00eb miss-in e par\u00eb shqiptar, Vabona Selimllarin, t\u00eb cil\u00ebn e mbajti t\u00eb p\u00ebrqafuar p\u00ebr minuta t\u00eb t\u00ebra. Shum\u00eb fanse t\u00eb Belushit dukeshin edhe bashk\u00ebshortja dhe vajzat e Presidentit Topi, t\u00eb cilat kan\u00eb qeshur dhe duartrokitur gjith\u00eb koh\u00ebn kur ai performonte n\u00eb sken\u00eb. Po k\u00ebshtu edhe presidenti i \u201cTv Klan\u201d Aleksand\u00ebr Frangaj me t\u00eb shoqen dukeshin t\u00eb magjepsur nga Belushi. N\u00eb at\u00eb mbr\u00ebmje speciale duket se edhe spektator\u00ebt ishin t\u00eb till\u00eb, pasi n\u00eb llozhat e para t\u00eb binin n\u00eb sy mjaft emra t\u00eb njohur t\u00eb artit dhe medias. Nuk mungoi edhe Arbana Osmani n\u00eb spektak\u00ebl, e cila ishte e shoq\u00ebruar me Olsin, djalin q\u00eb u b\u00eb i njohur n\u00eb \u201cBig Brother\u201d.<\/p>\n<p><strong>PanoramaPlus<br \/>\n<\/strong><\/p>\n","protected":false},"excerpt":{"rendered":"<p>Ai \u00ebsht\u00eb nj\u00eb aktor i madh q\u00eb e njeh gjith\u00eb bota, i super paguar n\u00eb atdheun e tij t\u00eb dyt\u00eb, n\u00eb Amerik\u00eb. Dhe padyshim nj\u00eb krenari p\u00ebr t\u00eb gjith\u00eb shqiptar\u00ebt, p\u00ebr rr\u00ebnj\u00ebt e tij, p\u00ebr gjakun e tij prej shqiptari. Dhe si gjithmon\u00eb k\u00ebto raste t\u00eb pakta fatlume ku edhe ne na jepet e drejta [&hellip;]<\/p>\n","protected":false},"author":1,"featured_media":0,"comment_status":"open","ping_status":"closed","sticky":false,"template":"","format":"standard","meta":{"spay_email":"","jetpack_publicize_message":"","jetpack_is_tweetstorm":false,"jetpack_publicize_feature_enabled":true},"categories":[1],"tags":[5052,5053],"jetpack_publicize_connections":[],"yoast_head":"<!-- This site is optimized with the Yoast SEO plugin v19.1 - https:\/\/yoast.com\/wordpress\/plugins\/seo\/ -->\n<title>T\u00eb gjith\u00eb t\u00eb \u00e7mendur pas Jim Belushit - Lajme nga Ulqini<\/title>\n<meta name=\"description\" content=\"Ai \u00ebsht\u00eb nj\u00eb aktor i madh q\u00eb e njeh gjith\u00eb bota, i super paguar n\u00eb atdheun e tij t\u00eb dyt\u00eb, n\u00eb Amerik\u00eb. Dhe padyshim nj\u00eb krenari p\u00ebr t\u00eb gjith\u00eb shqiptar\u00ebt,\" \/>\n<meta name=\"robots\" content=\"index, follow, max-snippet:-1, max-image-preview:large, max-video-preview:-1\" \/>\n<link rel=\"canonical\" href=\"https:\/\/www.visit-ulcinj.com\/blog\/2008\/11\/15\/te-gjithe-te-cmendur-pas-jim-belushit\/\" \/>\n<meta property=\"og:locale\" content=\"en_US\" \/>\n<meta property=\"og:type\" content=\"article\" \/>\n<meta property=\"og:title\" content=\"T\u00eb gjith\u00eb t\u00eb \u00e7mendur pas Jim Belushit - Lajme nga Ulqini\" \/>\n<meta property=\"og:description\" content=\"Ai \u00ebsht\u00eb nj\u00eb aktor i madh q\u00eb e njeh gjith\u00eb bota, i super paguar n\u00eb atdheun e tij t\u00eb dyt\u00eb, n\u00eb Amerik\u00eb. Dhe padyshim nj\u00eb krenari p\u00ebr t\u00eb gjith\u00eb shqiptar\u00ebt,\" \/>\n<meta property=\"og:url\" content=\"https:\/\/www.visit-ulcinj.com\/blog\/2008\/11\/15\/te-gjithe-te-cmendur-pas-jim-belushit\/\" \/>\n<meta property=\"og:site_name\" content=\"Lajme nga Ulqini\" \/>\n<meta property=\"article:published_time\" content=\"2008-11-15T21:24:27+00:00\" \/>\n<meta property=\"article:modified_time\" content=\"2008-11-15T21:30:38+00:00\" \/>\n<meta property=\"og:image\" content=\"https:\/\/www.visit-ulcinj.com\/blog\/wp-content\/uploads\/2008\/11\/james-bellushi-150x150.jpg\" \/>\n<meta name=\"twitter:label1\" content=\"Written by\" \/>\n\t<meta name=\"twitter:data1\" content=\"ulqini\" \/>\n\t<meta name=\"twitter:label2\" content=\"Est. reading time\" \/>\n\t<meta name=\"twitter:data2\" content=\"2 minutes\" \/>\n<script type=\"application\/ld+json\" class=\"yoast-schema-graph\">{\"@context\":\"https:\/\/schema.org\",\"@graph\":[{\"@type\":\"WebSite\",\"@id\":\"https:\/\/www.visit-ulcinj.com\/blog\/#website\",\"url\":\"https:\/\/www.visit-ulcinj.com\/blog\/\",\"name\":\"Lajme nga Ulqini\",\"description\":\"Lajme,Vijesti,Ulqini,Ulqin,Crna Gora,Mali i Zi\",\"potentialAction\":[{\"@type\":\"SearchAction\",\"target\":{\"@type\":\"EntryPoint\",\"urlTemplate\":\"https:\/\/www.visit-ulcinj.com\/blog\/?s={search_term_string}\"},\"query-input\":\"required name=search_term_string\"}],\"inLanguage\":\"en-US\"},{\"@type\":\"ImageObject\",\"inLanguage\":\"en-US\",\"@id\":\"https:\/\/www.visit-ulcinj.com\/blog\/2008\/11\/15\/te-gjithe-te-cmendur-pas-jim-belushit\/#primaryimage\",\"url\":\"http:\/\/www.visit-ulcinj.com\/blog\/wp-content\/uploads\/2008\/11\/james-bellushi-300x173.jpg\",\"contentUrl\":\"http:\/\/www.visit-ulcinj.com\/blog\/wp-content\/uploads\/2008\/11\/james-bellushi-300x173.jpg\"},{\"@type\":\"WebPage\",\"@id\":\"https:\/\/www.visit-ulcinj.com\/blog\/2008\/11\/15\/te-gjithe-te-cmendur-pas-jim-belushit\/#webpage\",\"url\":\"https:\/\/www.visit-ulcinj.com\/blog\/2008\/11\/15\/te-gjithe-te-cmendur-pas-jim-belushit\/\",\"name\":\"T\u00eb gjith\u00eb t\u00eb \u00e7mendur pas Jim Belushit - Lajme nga Ulqini\",\"isPartOf\":{\"@id\":\"https:\/\/www.visit-ulcinj.com\/blog\/#website\"},\"primaryImageOfPage\":{\"@id\":\"https:\/\/www.visit-ulcinj.com\/blog\/2008\/11\/15\/te-gjithe-te-cmendur-pas-jim-belushit\/#primaryimage\"},\"datePublished\":\"2008-11-15T21:24:27+00:00\",\"dateModified\":\"2008-11-15T21:30:38+00:00\",\"author\":{\"@id\":\"https:\/\/www.visit-ulcinj.com\/blog\/#\/schema\/person\/dcab619c614d3038751c63bc2aadc06d\"},\"description\":\"Ai \u00ebsht\u00eb nj\u00eb aktor i madh q\u00eb e njeh gjith\u00eb bota, i super paguar n\u00eb atdheun e tij t\u00eb dyt\u00eb, n\u00eb Amerik\u00eb. Dhe padyshim nj\u00eb krenari p\u00ebr t\u00eb gjith\u00eb shqiptar\u00ebt,\",\"breadcrumb\":{\"@id\":\"https:\/\/www.visit-ulcinj.com\/blog\/2008\/11\/15\/te-gjithe-te-cmendur-pas-jim-belushit\/#breadcrumb\"},\"inLanguage\":\"en-US\",\"potentialAction\":[{\"@type\":\"ReadAction\",\"target\":[\"https:\/\/www.visit-ulcinj.com\/blog\/2008\/11\/15\/te-gjithe-te-cmendur-pas-jim-belushit\/\"]}]},{\"@type\":\"BreadcrumbList\",\"@id\":\"https:\/\/www.visit-ulcinj.com\/blog\/2008\/11\/15\/te-gjithe-te-cmendur-pas-jim-belushit\/#breadcrumb\",\"itemListElement\":[{\"@type\":\"ListItem\",\"position\":1,\"name\":\"T\u00eb gjith\u00eb t\u00eb \u00e7mendur pas Jim Belushit\"}]},{\"@type\":\"Person\",\"@id\":\"https:\/\/www.visit-ulcinj.com\/blog\/#\/schema\/person\/dcab619c614d3038751c63bc2aadc06d\",\"name\":\"ulqini\",\"sameAs\":[\"http:\/\/www.visit-ulcinj.com\"],\"url\":\"https:\/\/www.visit-ulcinj.com\/blog\/author\/admin\/\"}]}<\/script>\n<!-- \/ Yoast SEO plugin. -->","yoast_head_json":{"title":"T\u00eb gjith\u00eb t\u00eb \u00e7mendur pas Jim Belushit - Lajme nga Ulqini","description":"Ai \u00ebsht\u00eb nj\u00eb aktor i madh q\u00eb e njeh gjith\u00eb bota, i super paguar n\u00eb atdheun e tij t\u00eb dyt\u00eb, n\u00eb Amerik\u00eb. Dhe padyshim nj\u00eb krenari p\u00ebr t\u00eb gjith\u00eb shqiptar\u00ebt,","robots":{"index":"index","follow":"follow","max-snippet":"max-snippet:-1","max-image-preview":"max-image-preview:large","max-video-preview":"max-video-preview:-1"},"canonical":"https:\/\/www.visit-ulcinj.com\/blog\/2008\/11\/15\/te-gjithe-te-cmendur-pas-jim-belushit\/","og_locale":"en_US","og_type":"article","og_title":"T\u00eb gjith\u00eb t\u00eb \u00e7mendur pas Jim Belushit - Lajme nga Ulqini","og_description":"Ai \u00ebsht\u00eb nj\u00eb aktor i madh q\u00eb e njeh gjith\u00eb bota, i super paguar n\u00eb atdheun e tij t\u00eb dyt\u00eb, n\u00eb Amerik\u00eb. Dhe padyshim nj\u00eb krenari p\u00ebr t\u00eb gjith\u00eb shqiptar\u00ebt,","og_url":"https:\/\/www.visit-ulcinj.com\/blog\/2008\/11\/15\/te-gjithe-te-cmendur-pas-jim-belushit\/","og_site_name":"Lajme nga Ulqini","article_published_time":"2008-11-15T21:24:27+00:00","article_modified_time":"2008-11-15T21:30:38+00:00","og_image":[{"url":"https:\/\/www.visit-ulcinj.com\/blog\/wp-content\/uploads\/2008\/11\/james-bellushi-150x150.jpg"}],"twitter_misc":{"Written by":"ulqini","Est. reading time":"2 minutes"},"schema":{"@context":"https:\/\/schema.org","@graph":[{"@type":"WebSite","@id":"https:\/\/www.visit-ulcinj.com\/blog\/#website","url":"https:\/\/www.visit-ulcinj.com\/blog\/","name":"Lajme nga Ulqini","description":"Lajme,Vijesti,Ulqini,Ulqin,Crna Gora,Mali i Zi","potentialAction":[{"@type":"SearchAction","target":{"@type":"EntryPoint","urlTemplate":"https:\/\/www.visit-ulcinj.com\/blog\/?s={search_term_string}"},"query-input":"required name=search_term_string"}],"inLanguage":"en-US"},{"@type":"ImageObject","inLanguage":"en-US","@id":"https:\/\/www.visit-ulcinj.com\/blog\/2008\/11\/15\/te-gjithe-te-cmendur-pas-jim-belushit\/#primaryimage","url":"http:\/\/www.visit-ulcinj.com\/blog\/wp-content\/uploads\/2008\/11\/james-bellushi-300x173.jpg","contentUrl":"http:\/\/www.visit-ulcinj.com\/blog\/wp-content\/uploads\/2008\/11\/james-bellushi-300x173.jpg"},{"@type":"WebPage","@id":"https:\/\/www.visit-ulcinj.com\/blog\/2008\/11\/15\/te-gjithe-te-cmendur-pas-jim-belushit\/#webpage","url":"https:\/\/www.visit-ulcinj.com\/blog\/2008\/11\/15\/te-gjithe-te-cmendur-pas-jim-belushit\/","name":"T\u00eb gjith\u00eb t\u00eb \u00e7mendur pas Jim Belushit - Lajme nga Ulqini","isPartOf":{"@id":"https:\/\/www.visit-ulcinj.com\/blog\/#website"},"primaryImageOfPage":{"@id":"https:\/\/www.visit-ulcinj.com\/blog\/2008\/11\/15\/te-gjithe-te-cmendur-pas-jim-belushit\/#primaryimage"},"datePublished":"2008-11-15T21:24:27+00:00","dateModified":"2008-11-15T21:30:38+00:00","author":{"@id":"https:\/\/www.visit-ulcinj.com\/blog\/#\/schema\/person\/dcab619c614d3038751c63bc2aadc06d"},"description":"Ai \u00ebsht\u00eb nj\u00eb aktor i madh q\u00eb e njeh gjith\u00eb bota, i super paguar n\u00eb atdheun e tij t\u00eb dyt\u00eb, n\u00eb Amerik\u00eb. Dhe padyshim nj\u00eb krenari p\u00ebr t\u00eb gjith\u00eb shqiptar\u00ebt,","breadcrumb":{"@id":"https:\/\/www.visit-ulcinj.com\/blog\/2008\/11\/15\/te-gjithe-te-cmendur-pas-jim-belushit\/#breadcrumb"},"inLanguage":"en-US","potentialAction":[{"@type":"ReadAction","target":["https:\/\/www.visit-ulcinj.com\/blog\/2008\/11\/15\/te-gjithe-te-cmendur-pas-jim-belushit\/"]}]},{"@type":"BreadcrumbList","@id":"https:\/\/www.visit-ulcinj.com\/blog\/2008\/11\/15\/te-gjithe-te-cmendur-pas-jim-belushit\/#breadcrumb","itemListElement":[{"@type":"ListItem","position":1,"name":"T\u00eb gjith\u00eb t\u00eb \u00e7mendur pas Jim Belushit"}]},{"@type":"Person","@id":"https:\/\/www.visit-ulcinj.com\/blog\/#\/schema\/person\/dcab619c614d3038751c63bc2aadc06d","name":"ulqini","sameAs":["http:\/\/www.visit-ulcinj.com"],"url":"https:\/\/www.visit-ulcinj.com\/blog\/author\/admin\/"}]}},"jetpack_featured_media_url":"","jetpack_sharing_enabled":true,"jetpack_shortlink":"https:\/\/wp.me\/pe6lTn-1A8","_links":{"self":[{"href":"https:\/\/www.visit-ulcinj.com\/blog\/wp-json\/wp\/v2\/posts\/6084"}],"collection":[{"href":"https:\/\/www.visit-ulcinj.com\/blog\/wp-json\/wp\/v2\/posts"}],"about":[{"href":"https:\/\/www.visit-ulcinj.com\/blog\/wp-json\/wp\/v2\/types\/post"}],"author":[{"embeddable":true,"href":"https:\/\/www.visit-ulcinj.com\/blog\/wp-json\/wp\/v2\/users\/1"}],"replies":[{"embeddable":true,"href":"https:\/\/www.visit-ulcinj.com\/blog\/wp-json\/wp\/v2\/comments?post=6084"}],"version-history":[{"count":0,"href":"https:\/\/www.visit-ulcinj.com\/blog\/wp-json\/wp\/v2\/posts\/6084\/revisions"}],"wp:attachment":[{"href":"https:\/\/www.visit-ulcinj.com\/blog\/wp-json\/wp\/v2\/media?parent=6084"}],"wp:term":[{"taxonomy":"category","embeddable":true,"href":"https:\/\/www.visit-ulcinj.com\/blog\/wp-json\/wp\/v2\/categories?post=6084"},{"taxonomy":"post_tag","embeddable":true,"href":"https:\/\/www.visit-ulcinj.com\/blog\/wp-json\/wp\/v2\/tags?post=6084"}],"curies":[{"name":"wp","href":"https:\/\/api.w.org\/{rel}","templated":true}]}}