{"id":60849,"date":"2012-05-23T20:11:59","date_gmt":"2012-05-23T19:11:59","guid":{"rendered":"http:\/\/www.visit-ulcinj.com\/blog\/?p=60849"},"modified":"2012-05-23T20:11:59","modified_gmt":"2012-05-23T19:11:59","slug":"besnik-qaka-i-mohon-akuzat-per-abuzim-seksual","status":"publish","type":"post","link":"https:\/\/www.visit-ulcinj.com\/blog\/2012\/05\/23\/besnik-qaka-i-mohon-akuzat-per-abuzim-seksual\/","title":{"rendered":"Besnik Qaka i mohon akuzat p\u00ebr abuzim seksual"},"content":{"rendered":"<p><a href=\"http:\/\/www.visit-ulcinj.com\/blog\/wp-content\/uploads\/2012\/05\/BESNIK-QAKA.jpg\"><img loading=\"lazy\" class=\"alignleft  wp-image-60850\" title=\"BESNIK QAKA\" src=\"http:\/\/www.visit-ulcinj.com\/blog\/wp-content\/uploads\/2012\/05\/BESNIK-QAKA.jpg\" alt=\"\" width=\"508\" height=\"360\" \/><\/a>E derisa lajmi p\u00ebr skandalin seksual po p\u00ebrhapet me t\u00eb madhe, ne u munduam t\u00eb kontaktojm\u00eb me k\u00ebng\u00ebtarin, Besnik Qaka, i cili ishte n\u00eb diaspore me angazhime muzikore dhe tregon se fjal\u00ebt p\u00ebr k\u00ebt\u00eb akuz\u00eb jan\u00eb vet\u00ebm thashetheme dhe nuk ka asgj\u00eb t\u00eb v\u00ebrtet\u00eb. Nuk dihet n\u00ebse pas kthimit t\u00eb tij n\u00eb Kosov\u00eb do t\u00eb paraqes\u00eb ndonj\u00eb padi kund\u00ebr gazet\u00ebs apo lajmi do te rezultoj\u00eb i v\u00ebrtet\u00eb.<\/p>\n<p>Po shkruhet se akuzohesh nga Prokuroria p\u00ebr kryerje t\u00eb marr\u00ebdh\u00ebnieve seksuale me t\u00eb mitur n\u00ebn 16 vje\u00e7, cili \u00ebsht\u00eb versioni i s\u00eb v\u00ebrtet\u00ebs sipas jush?<\/p>\n<p>\u201cMe t\u00eb v\u00ebrtet\u00eb nuk kam koh\u00eb t\u00eb merrem me thashetheme e si duket, pseudogazetar\u00ebt pa kurrfar\u00eb etike t\u00eb gazetaris\u00eb b\u00ebjn\u00eb kopje pas thashethemeve duke injoruar principin themelor t\u00eb profesionit, hulumtimin para publikimit t\u00eb g\u00ebnjeshtrave\u201d tha Qaka.<\/p>\n<p>Sipas jush nuk \u00ebsht\u00eb aspak e v\u00ebrtet\u00eb ajo \u00e7far\u00eb shkruhet?<\/p>\n<p>Eh, \u201cJETA\u201d (NE KOSOVE) p\u00ebr fat t\u00eb keq e till\u00eb \u00ebsht\u00eb, t\u00eb njollosin pa kurrfar\u00eb nd\u00ebrgjegjeje.<br \/>\nKOHA NET<\/p>\n<!--YouTube Error: bad URL entered-->\n","protected":false},"excerpt":{"rendered":"<p>E derisa lajmi p\u00ebr skandalin seksual po p\u00ebrhapet me t\u00eb madhe, ne u munduam t\u00eb kontaktojm\u00eb me k\u00ebng\u00ebtarin, Besnik Qaka, i cili ishte n\u00eb diaspore me angazhime muzikore dhe tregon se fjal\u00ebt p\u00ebr k\u00ebt\u00eb akuz\u00eb jan\u00eb vet\u00ebm thashetheme dhe nuk ka asgj\u00eb t\u00eb v\u00ebrtet\u00eb. Nuk dihet n\u00ebse pas kthimit t\u00eb tij n\u00eb Kosov\u00eb do t\u00eb [&hellip;]<\/p>\n","protected":false},"author":1,"featured_media":0,"comment_status":"open","ping_status":"closed","sticky":false,"template":"","format":"standard","meta":{"spay_email":"","jetpack_publicize_message":"","jetpack_is_tweetstorm":false,"jetpack_publicize_feature_enabled":true},"categories":[1],"tags":[17521],"jetpack_publicize_connections":[],"yoast_head":"<!-- This site is optimized with the Yoast SEO plugin v19.1 - https:\/\/yoast.com\/wordpress\/plugins\/seo\/ -->\n<title>Besnik Qaka i mohon akuzat p\u00ebr abuzim seksual - Lajme nga Ulqini<\/title>\n<meta name=\"description\" content=\"E derisa lajmi p\u00ebr skandalin seksual po p\u00ebrhapet me t\u00eb madhe, ne u munduam t\u00eb kontaktojm\u00eb me k\u00ebng\u00ebtarin, Besnik Qaka, i cili ishte n\u00eb diaspore me\" \/>\n<meta name=\"robots\" content=\"index, follow, max-snippet:-1, max-image-preview:large, max-video-preview:-1\" \/>\n<link rel=\"canonical\" href=\"https:\/\/www.visit-ulcinj.com\/blog\/2012\/05\/23\/besnik-qaka-i-mohon-akuzat-per-abuzim-seksual\/\" \/>\n<meta property=\"og:locale\" content=\"en_US\" \/>\n<meta property=\"og:type\" content=\"article\" \/>\n<meta property=\"og:title\" content=\"Besnik Qaka i mohon akuzat p\u00ebr abuzim seksual - Lajme nga Ulqini\" \/>\n<meta property=\"og:description\" content=\"E derisa lajmi p\u00ebr skandalin seksual po p\u00ebrhapet me t\u00eb madhe, ne u munduam t\u00eb kontaktojm\u00eb me k\u00ebng\u00ebtarin, Besnik Qaka, i cili ishte n\u00eb diaspore me\" \/>\n<meta property=\"og:url\" content=\"https:\/\/www.visit-ulcinj.com\/blog\/2012\/05\/23\/besnik-qaka-i-mohon-akuzat-per-abuzim-seksual\/\" \/>\n<meta property=\"og:site_name\" content=\"Lajme nga Ulqini\" \/>\n<meta property=\"article:published_time\" content=\"2012-05-23T19:11:59+00:00\" \/>\n<meta property=\"og:image\" content=\"http:\/\/www.visit-ulcinj.com\/blog\/wp-content\/uploads\/2012\/05\/BESNIK-QAKA.jpg\" \/>\n<meta name=\"twitter:label1\" content=\"Written by\" \/>\n\t<meta name=\"twitter:data1\" content=\"ulqini\" \/>\n\t<meta name=\"twitter:label2\" content=\"Est. reading time\" \/>\n\t<meta name=\"twitter:data2\" content=\"1 minute\" \/>\n<script type=\"application\/ld+json\" class=\"yoast-schema-graph\">{\"@context\":\"https:\/\/schema.org\",\"@graph\":[{\"@type\":\"WebSite\",\"@id\":\"https:\/\/www.visit-ulcinj.com\/blog\/#website\",\"url\":\"https:\/\/www.visit-ulcinj.com\/blog\/\",\"name\":\"Lajme nga Ulqini\",\"description\":\"Lajme,Vijesti,Ulqini,Ulqin,Crna Gora,Mali i Zi\",\"potentialAction\":[{\"@type\":\"SearchAction\",\"target\":{\"@type\":\"EntryPoint\",\"urlTemplate\":\"https:\/\/www.visit-ulcinj.com\/blog\/?s={search_term_string}\"},\"query-input\":\"required name=search_term_string\"}],\"inLanguage\":\"en-US\"},{\"@type\":\"ImageObject\",\"inLanguage\":\"en-US\",\"@id\":\"https:\/\/www.visit-ulcinj.com\/blog\/2012\/05\/23\/besnik-qaka-i-mohon-akuzat-per-abuzim-seksual\/#primaryimage\",\"url\":\"http:\/\/www.visit-ulcinj.com\/blog\/wp-content\/uploads\/2012\/05\/BESNIK-QAKA.jpg\",\"contentUrl\":\"http:\/\/www.visit-ulcinj.com\/blog\/wp-content\/uploads\/2012\/05\/BESNIK-QAKA.jpg\"},{\"@type\":\"WebPage\",\"@id\":\"https:\/\/www.visit-ulcinj.com\/blog\/2012\/05\/23\/besnik-qaka-i-mohon-akuzat-per-abuzim-seksual\/#webpage\",\"url\":\"https:\/\/www.visit-ulcinj.com\/blog\/2012\/05\/23\/besnik-qaka-i-mohon-akuzat-per-abuzim-seksual\/\",\"name\":\"Besnik Qaka i mohon akuzat p\u00ebr abuzim seksual - Lajme nga Ulqini\",\"isPartOf\":{\"@id\":\"https:\/\/www.visit-ulcinj.com\/blog\/#website\"},\"primaryImageOfPage\":{\"@id\":\"https:\/\/www.visit-ulcinj.com\/blog\/2012\/05\/23\/besnik-qaka-i-mohon-akuzat-per-abuzim-seksual\/#primaryimage\"},\"datePublished\":\"2012-05-23T19:11:59+00:00\",\"dateModified\":\"2012-05-23T19:11:59+00:00\",\"author\":{\"@id\":\"https:\/\/www.visit-ulcinj.com\/blog\/#\/schema\/person\/dcab619c614d3038751c63bc2aadc06d\"},\"description\":\"E derisa lajmi p\u00ebr skandalin seksual po p\u00ebrhapet me t\u00eb madhe, ne u munduam t\u00eb kontaktojm\u00eb me k\u00ebng\u00ebtarin, Besnik Qaka, i cili ishte n\u00eb diaspore me\",\"breadcrumb\":{\"@id\":\"https:\/\/www.visit-ulcinj.com\/blog\/2012\/05\/23\/besnik-qaka-i-mohon-akuzat-per-abuzim-seksual\/#breadcrumb\"},\"inLanguage\":\"en-US\",\"potentialAction\":[{\"@type\":\"ReadAction\",\"target\":[\"https:\/\/www.visit-ulcinj.com\/blog\/2012\/05\/23\/besnik-qaka-i-mohon-akuzat-per-abuzim-seksual\/\"]}]},{\"@type\":\"BreadcrumbList\",\"@id\":\"https:\/\/www.visit-ulcinj.com\/blog\/2012\/05\/23\/besnik-qaka-i-mohon-akuzat-per-abuzim-seksual\/#breadcrumb\",\"itemListElement\":[{\"@type\":\"ListItem\",\"position\":1,\"name\":\"Besnik Qaka i mohon akuzat p\u00ebr abuzim seksual\"}]},{\"@type\":\"Person\",\"@id\":\"https:\/\/www.visit-ulcinj.com\/blog\/#\/schema\/person\/dcab619c614d3038751c63bc2aadc06d\",\"name\":\"ulqini\",\"sameAs\":[\"http:\/\/www.visit-ulcinj.com\"],\"url\":\"https:\/\/www.visit-ulcinj.com\/blog\/author\/admin\/\"}]}<\/script>\n<!-- \/ Yoast SEO plugin. -->","yoast_head_json":{"title":"Besnik Qaka i mohon akuzat p\u00ebr abuzim seksual - Lajme nga Ulqini","description":"E derisa lajmi p\u00ebr skandalin seksual po p\u00ebrhapet me t\u00eb madhe, ne u munduam t\u00eb kontaktojm\u00eb me k\u00ebng\u00ebtarin, Besnik Qaka, i cili ishte n\u00eb diaspore me","robots":{"index":"index","follow":"follow","max-snippet":"max-snippet:-1","max-image-preview":"max-image-preview:large","max-video-preview":"max-video-preview:-1"},"canonical":"https:\/\/www.visit-ulcinj.com\/blog\/2012\/05\/23\/besnik-qaka-i-mohon-akuzat-per-abuzim-seksual\/","og_locale":"en_US","og_type":"article","og_title":"Besnik Qaka i mohon akuzat p\u00ebr abuzim seksual - Lajme nga Ulqini","og_description":"E derisa lajmi p\u00ebr skandalin seksual po p\u00ebrhapet me t\u00eb madhe, ne u munduam t\u00eb kontaktojm\u00eb me k\u00ebng\u00ebtarin, Besnik Qaka, i cili ishte n\u00eb diaspore me","og_url":"https:\/\/www.visit-ulcinj.com\/blog\/2012\/05\/23\/besnik-qaka-i-mohon-akuzat-per-abuzim-seksual\/","og_site_name":"Lajme nga Ulqini","article_published_time":"2012-05-23T19:11:59+00:00","og_image":[{"url":"http:\/\/www.visit-ulcinj.com\/blog\/wp-content\/uploads\/2012\/05\/BESNIK-QAKA.jpg"}],"twitter_misc":{"Written by":"ulqini","Est. reading time":"1 minute"},"schema":{"@context":"https:\/\/schema.org","@graph":[{"@type":"WebSite","@id":"https:\/\/www.visit-ulcinj.com\/blog\/#website","url":"https:\/\/www.visit-ulcinj.com\/blog\/","name":"Lajme nga Ulqini","description":"Lajme,Vijesti,Ulqini,Ulqin,Crna Gora,Mali i Zi","potentialAction":[{"@type":"SearchAction","target":{"@type":"EntryPoint","urlTemplate":"https:\/\/www.visit-ulcinj.com\/blog\/?s={search_term_string}"},"query-input":"required name=search_term_string"}],"inLanguage":"en-US"},{"@type":"ImageObject","inLanguage":"en-US","@id":"https:\/\/www.visit-ulcinj.com\/blog\/2012\/05\/23\/besnik-qaka-i-mohon-akuzat-per-abuzim-seksual\/#primaryimage","url":"http:\/\/www.visit-ulcinj.com\/blog\/wp-content\/uploads\/2012\/05\/BESNIK-QAKA.jpg","contentUrl":"http:\/\/www.visit-ulcinj.com\/blog\/wp-content\/uploads\/2012\/05\/BESNIK-QAKA.jpg"},{"@type":"WebPage","@id":"https:\/\/www.visit-ulcinj.com\/blog\/2012\/05\/23\/besnik-qaka-i-mohon-akuzat-per-abuzim-seksual\/#webpage","url":"https:\/\/www.visit-ulcinj.com\/blog\/2012\/05\/23\/besnik-qaka-i-mohon-akuzat-per-abuzim-seksual\/","name":"Besnik Qaka i mohon akuzat p\u00ebr abuzim seksual - Lajme nga Ulqini","isPartOf":{"@id":"https:\/\/www.visit-ulcinj.com\/blog\/#website"},"primaryImageOfPage":{"@id":"https:\/\/www.visit-ulcinj.com\/blog\/2012\/05\/23\/besnik-qaka-i-mohon-akuzat-per-abuzim-seksual\/#primaryimage"},"datePublished":"2012-05-23T19:11:59+00:00","dateModified":"2012-05-23T19:11:59+00:00","author":{"@id":"https:\/\/www.visit-ulcinj.com\/blog\/#\/schema\/person\/dcab619c614d3038751c63bc2aadc06d"},"description":"E derisa lajmi p\u00ebr skandalin seksual po p\u00ebrhapet me t\u00eb madhe, ne u munduam t\u00eb kontaktojm\u00eb me k\u00ebng\u00ebtarin, Besnik Qaka, i cili ishte n\u00eb diaspore me","breadcrumb":{"@id":"https:\/\/www.visit-ulcinj.com\/blog\/2012\/05\/23\/besnik-qaka-i-mohon-akuzat-per-abuzim-seksual\/#breadcrumb"},"inLanguage":"en-US","potentialAction":[{"@type":"ReadAction","target":["https:\/\/www.visit-ulcinj.com\/blog\/2012\/05\/23\/besnik-qaka-i-mohon-akuzat-per-abuzim-seksual\/"]}]},{"@type":"BreadcrumbList","@id":"https:\/\/www.visit-ulcinj.com\/blog\/2012\/05\/23\/besnik-qaka-i-mohon-akuzat-per-abuzim-seksual\/#breadcrumb","itemListElement":[{"@type":"ListItem","position":1,"name":"Besnik Qaka i mohon akuzat p\u00ebr abuzim seksual"}]},{"@type":"Person","@id":"https:\/\/www.visit-ulcinj.com\/blog\/#\/schema\/person\/dcab619c614d3038751c63bc2aadc06d","name":"ulqini","sameAs":["http:\/\/www.visit-ulcinj.com"],"url":"https:\/\/www.visit-ulcinj.com\/blog\/author\/admin\/"}]}},"jetpack_featured_media_url":"","jetpack_sharing_enabled":true,"jetpack_shortlink":"https:\/\/wp.me\/pe6lTn-fPr","_links":{"self":[{"href":"https:\/\/www.visit-ulcinj.com\/blog\/wp-json\/wp\/v2\/posts\/60849"}],"collection":[{"href":"https:\/\/www.visit-ulcinj.com\/blog\/wp-json\/wp\/v2\/posts"}],"about":[{"href":"https:\/\/www.visit-ulcinj.com\/blog\/wp-json\/wp\/v2\/types\/post"}],"author":[{"embeddable":true,"href":"https:\/\/www.visit-ulcinj.com\/blog\/wp-json\/wp\/v2\/users\/1"}],"replies":[{"embeddable":true,"href":"https:\/\/www.visit-ulcinj.com\/blog\/wp-json\/wp\/v2\/comments?post=60849"}],"version-history":[{"count":1,"href":"https:\/\/www.visit-ulcinj.com\/blog\/wp-json\/wp\/v2\/posts\/60849\/revisions"}],"predecessor-version":[{"id":60851,"href":"https:\/\/www.visit-ulcinj.com\/blog\/wp-json\/wp\/v2\/posts\/60849\/revisions\/60851"}],"wp:attachment":[{"href":"https:\/\/www.visit-ulcinj.com\/blog\/wp-json\/wp\/v2\/media?parent=60849"}],"wp:term":[{"taxonomy":"category","embeddable":true,"href":"https:\/\/www.visit-ulcinj.com\/blog\/wp-json\/wp\/v2\/categories?post=60849"},{"taxonomy":"post_tag","embeddable":true,"href":"https:\/\/www.visit-ulcinj.com\/blog\/wp-json\/wp\/v2\/tags?post=60849"}],"curies":[{"name":"wp","href":"https:\/\/api.w.org\/{rel}","templated":true}]}}