{"id":60857,"date":"2012-05-23T20:38:48","date_gmt":"2012-05-23T19:38:48","guid":{"rendered":"http:\/\/www.visit-ulcinj.com\/blog\/?p=60857"},"modified":"2012-05-23T21:01:09","modified_gmt":"2012-05-23T20:01:09","slug":"rita-ora-merr-pjese-ne-festivalin-e-kanes","status":"publish","type":"post","link":"https:\/\/www.visit-ulcinj.com\/blog\/2012\/05\/23\/rita-ora-merr-pjese-ne-festivalin-e-kanes\/","title":{"rendered":"Rita Ora merr pjes\u00eb n\u00eb festivalin e Kan\u00ebs &#8211; Video Live"},"content":{"rendered":"<p><a href=\"http:\/\/www.visit-ulcinj.com\/blog\/wp-content\/uploads\/2012\/05\/Rita-Ora-ne-festival-e-Kanit.jpg\"><img loading=\"lazy\" class=\"alignleft size-full wp-image-60858\" title=\"Rita Ora ne festival e Kanit\" src=\"http:\/\/www.visit-ulcinj.com\/blog\/wp-content\/uploads\/2012\/05\/Rita-Ora-ne-festival-e-Kanit.jpg\" alt=\"\" width=\"508\" height=\"700\" \/><\/a>Rita Ora \u00ebsht\u00eb paraqitur me nj\u00eb fustan t\u00eb gjat\u00eb t\u00eb bardh\u00eb n\u00eb festivalin e filmit n\u00eb Kan\u00eb. K\u00ebng\u00ebtarja me origjin\u00eb shqiptare, aktualisht numri 1 n\u00eb renditjet britanike me k\u00ebng\u00ebn R.I.P, ka mb\u00ebrritur n\u00eb Franc\u00eb t\u00eb h\u00ebn\u00ebn.<\/p>\n<p>Rita Ora ishte e pranishme n\u00eb nj\u00eb fest\u00eb luksoze t\u00eb mbajtur n\u00eb nj\u00eb vil\u00eb private n\u00eb kodrat e qytetit francez.<\/p>\n<p>Bukuroshja fundjav\u00ebn e kaluar ishte n\u00eb nj\u00eb fest\u00eb n\u00eb Lodr\u00ebn Per\u00ebndimore ku merrnin pjes\u00eb k\u00ebng\u00ebtar\u00eb t\u00eb tjer\u00eb t\u00eb famsh\u00ebm si Rihanna, Jay-Z dhe Kanye West.<br \/>\n<a href=\"http:\/\/www.visit-ulcinj.com\/blog\/wp-content\/uploads\/2012\/05\/Rita-Ora.jpg\"><img loading=\"lazy\" class=\"alignleft size-full wp-image-60860\" title=\"Rita Ora\" src=\"http:\/\/www.visit-ulcinj.com\/blog\/wp-content\/uploads\/2012\/05\/Rita-Ora.jpg\" alt=\"\" width=\"508\" height=\"700\" \/><\/a><br \/>\nNd\u00ebrsa t\u00eb h\u00ebn\u00ebn, Rita Ora k\u00ebndoi disa k\u00ebng\u00eb e ftuar n\u00eb nj\u00eb televizion francez.<\/p>\n<p>TOP CHANNEL<br \/>\n1.<\/p>\n<div><object type=\"application\/x-shockwave-flash\" width=\"508\" height=\"370\" id=\"canal649153\" name=\"canal649153\" data=\"http:\/\/player.canalplus.fr\/embed\/flash\/player.swf\"><param name=\"movie\" value=\"http:\/\/player.canalplus.fr\/embed\/flash\/player.swf\"><param name=\"flashvars\" value=\"param=cplus&#038;videoId=649153\"><param name=\"allowScriptAccess\" value=\"always\"\/><param name=\"allowFullScreen\" value=\"true\"\/><noembed>Veuillez installer Flash Player pour lire la vid\u00e9o<\/noembed><\/embed><\/object><\/div>\n<div style=\"width:472px;font-size:11px; background:#EBEBEB; border:1px solid #D6D6D6; margin-top:5px; padding:4px 0 4px 6px; font-family:Arial, Helvetica, sans-serif; -moz-border-radius:3px; -webkit-border-radius:3px;\"><a target=\"_blank\" style=\"text-decoration:none; color:#666;\" href=\"http:\/\/www.canalplus.fr\/c-cinema\/c-festival-de-cannes\/pid4393-cannes-drive.html?vid=649153&#038;sc_cmpid=SharePlayerEmbed\"><span style=\"color:#000; font-weight:bold;\">After de China<\/span> &#8211; RITA ORA<\/a><\/div>\n<p>2.<\/p>\n<div><object type=\"application\/x-shockwave-flash\" width=\"508\" height=\"370\" id=\"canal648020\" name=\"canal648020\" data=\"http:\/\/player.canalplus.fr\/embed\/flash\/player.swf\"><param name=\"movie\" value=\"http:\/\/player.canalplus.fr\/embed\/flash\/player.swf\"><param name=\"flashvars\" value=\"param=cplus&#038;videoId=648020\"><param name=\"allowScriptAccess\" value=\"always\"\/><param name=\"allowFullScreen\" value=\"true\"\/><noembed>Veuillez installer Flash Player pour lire la vid\u00e9o<\/noembed><\/embed><\/object><\/div>\n<div style=\"width:472px;font-size:11px; background:#EBEBEB; border:1px solid #D6D6D6; margin-top:5px; padding:4px 0 4px 6px; font-family:Arial, Helvetica, sans-serif; -moz-border-radius:3px; -webkit-border-radius:3px;\"><a target=\"_blank\" style=\"text-decoration:none; color:#666;\" href=\"http:\/\/www.canalplus.fr\/c-divertissement\/pid3303-c-le-live-du-grand-journal.html?vid=648020&#038;sc_cmpid=SharePlayerEmbed\"><span style=\"color:#000; font-weight:bold;\">Rita Ora<\/span> &#8211; Hot right now<\/a><\/div>\n<p>3.<\/p>\n<div><object type=\"application\/x-shockwave-flash\" width=\"508\" height=\"360\" id=\"canal648038\" name=\"canal648038\" data=\"http:\/\/player.canalplus.fr\/embed\/flash\/player.swf\"><param name=\"movie\" value=\"http:\/\/player.canalplus.fr\/embed\/flash\/player.swf\"><param name=\"flashvars\" value=\"param=cplus&#038;videoId=648038\"><param name=\"allowScriptAccess\" value=\"always\"\/><param name=\"allowFullScreen\" value=\"true\"\/><noembed>Veuillez installer Flash Player pour lire la vid\u00e9o<\/noembed><\/embed><\/object><\/div>\n<div style=\"width:472px;font-size:11px; background:#EBEBEB; border:1px solid #D6D6D6; margin-top:5px; padding:4px 0 4px 6px; font-family:Arial, Helvetica, sans-serif; -moz-border-radius:3px; -webkit-border-radius:3px;\"><a target=\"_blank\" style=\"text-decoration:none; color:#666;\" href=\"http:\/\/www.canalplus.fr\/c-divertissement\/pid3303-c-le-live-du-grand-journal.html?vid=648038&#038;sc_cmpid=SharePlayerEmbed\"><span style=\"color:#000; font-weight:bold;\">Rita Ora<\/span> &#8211; How We Do<\/a><\/div>\n","protected":false},"excerpt":{"rendered":"<p>Rita Ora \u00ebsht\u00eb paraqitur me nj\u00eb fustan t\u00eb gjat\u00eb t\u00eb bardh\u00eb n\u00eb festivalin e filmit n\u00eb Kan\u00eb. K\u00ebng\u00ebtarja me origjin\u00eb shqiptare, aktualisht numri 1 n\u00eb renditjet britanike me k\u00ebng\u00ebn R.I.P, ka mb\u00ebrritur n\u00eb Franc\u00eb t\u00eb h\u00ebn\u00ebn. Rita Ora ishte e pranishme n\u00eb nj\u00eb fest\u00eb luksoze t\u00eb mbajtur n\u00eb nj\u00eb vil\u00eb private n\u00eb kodrat e qytetit [&hellip;]<\/p>\n","protected":false},"author":1,"featured_media":0,"comment_status":"open","ping_status":"closed","sticky":false,"template":"","format":"standard","meta":{"spay_email":"","jetpack_publicize_message":"","jetpack_is_tweetstorm":false,"jetpack_publicize_feature_enabled":true},"categories":[1],"tags":[13349],"jetpack_publicize_connections":[],"yoast_head":"<!-- This site is optimized with the Yoast SEO plugin v19.1 - https:\/\/yoast.com\/wordpress\/plugins\/seo\/ -->\n<title>Rita Ora merr pjes\u00eb n\u00eb festivalin e Kan\u00ebs - Video Live - Lajme nga Ulqini<\/title>\n<meta name=\"description\" content=\"Rita Ora \u00ebsht\u00eb paraqitur me nj\u00eb fustan t\u00eb gjat\u00eb t\u00eb bardh\u00eb n\u00eb festivalin e filmit n\u00eb Kan\u00eb. K\u00ebng\u00ebtarja me origjin\u00eb shqiptare, aktualisht numri 1 n\u00eb\" \/>\n<meta name=\"robots\" content=\"index, follow, max-snippet:-1, max-image-preview:large, max-video-preview:-1\" \/>\n<link rel=\"canonical\" href=\"https:\/\/www.visit-ulcinj.com\/blog\/2012\/05\/23\/rita-ora-merr-pjese-ne-festivalin-e-kanes\/\" \/>\n<meta property=\"og:locale\" content=\"en_US\" \/>\n<meta property=\"og:type\" content=\"article\" \/>\n<meta property=\"og:title\" content=\"Rita Ora merr pjes\u00eb n\u00eb festivalin e Kan\u00ebs - Video Live - Lajme nga Ulqini\" \/>\n<meta property=\"og:description\" content=\"Rita Ora \u00ebsht\u00eb paraqitur me nj\u00eb fustan t\u00eb gjat\u00eb t\u00eb bardh\u00eb n\u00eb festivalin e filmit n\u00eb Kan\u00eb. K\u00ebng\u00ebtarja me origjin\u00eb shqiptare, aktualisht numri 1 n\u00eb\" \/>\n<meta property=\"og:url\" content=\"https:\/\/www.visit-ulcinj.com\/blog\/2012\/05\/23\/rita-ora-merr-pjese-ne-festivalin-e-kanes\/\" \/>\n<meta property=\"og:site_name\" content=\"Lajme nga Ulqini\" \/>\n<meta property=\"article:published_time\" content=\"2012-05-23T19:38:48+00:00\" \/>\n<meta property=\"article:modified_time\" content=\"2012-05-23T20:01:09+00:00\" \/>\n<meta property=\"og:image\" content=\"http:\/\/www.visit-ulcinj.com\/blog\/wp-content\/uploads\/2012\/05\/Rita-Ora-ne-festival-e-Kanit.jpg\" \/>\n<meta name=\"twitter:label1\" content=\"Written by\" \/>\n\t<meta name=\"twitter:data1\" content=\"ulqini\" \/>\n\t<meta name=\"twitter:label2\" content=\"Est. reading time\" \/>\n\t<meta name=\"twitter:data2\" content=\"1 minute\" \/>\n<script type=\"application\/ld+json\" class=\"yoast-schema-graph\">{\"@context\":\"https:\/\/schema.org\",\"@graph\":[{\"@type\":\"WebSite\",\"@id\":\"https:\/\/www.visit-ulcinj.com\/blog\/#website\",\"url\":\"https:\/\/www.visit-ulcinj.com\/blog\/\",\"name\":\"Lajme nga Ulqini\",\"description\":\"Lajme,Vijesti,Ulqini,Ulqin,Crna Gora,Mali i Zi\",\"potentialAction\":[{\"@type\":\"SearchAction\",\"target\":{\"@type\":\"EntryPoint\",\"urlTemplate\":\"https:\/\/www.visit-ulcinj.com\/blog\/?s={search_term_string}\"},\"query-input\":\"required name=search_term_string\"}],\"inLanguage\":\"en-US\"},{\"@type\":\"ImageObject\",\"inLanguage\":\"en-US\",\"@id\":\"https:\/\/www.visit-ulcinj.com\/blog\/2012\/05\/23\/rita-ora-merr-pjese-ne-festivalin-e-kanes\/#primaryimage\",\"url\":\"http:\/\/www.visit-ulcinj.com\/blog\/wp-content\/uploads\/2012\/05\/Rita-Ora-ne-festival-e-Kanit.jpg\",\"contentUrl\":\"http:\/\/www.visit-ulcinj.com\/blog\/wp-content\/uploads\/2012\/05\/Rita-Ora-ne-festival-e-Kanit.jpg\"},{\"@type\":\"WebPage\",\"@id\":\"https:\/\/www.visit-ulcinj.com\/blog\/2012\/05\/23\/rita-ora-merr-pjese-ne-festivalin-e-kanes\/#webpage\",\"url\":\"https:\/\/www.visit-ulcinj.com\/blog\/2012\/05\/23\/rita-ora-merr-pjese-ne-festivalin-e-kanes\/\",\"name\":\"Rita Ora merr pjes\u00eb n\u00eb festivalin e Kan\u00ebs - Video Live - Lajme nga Ulqini\",\"isPartOf\":{\"@id\":\"https:\/\/www.visit-ulcinj.com\/blog\/#website\"},\"primaryImageOfPage\":{\"@id\":\"https:\/\/www.visit-ulcinj.com\/blog\/2012\/05\/23\/rita-ora-merr-pjese-ne-festivalin-e-kanes\/#primaryimage\"},\"datePublished\":\"2012-05-23T19:38:48+00:00\",\"dateModified\":\"2012-05-23T20:01:09+00:00\",\"author\":{\"@id\":\"https:\/\/www.visit-ulcinj.com\/blog\/#\/schema\/person\/dcab619c614d3038751c63bc2aadc06d\"},\"description\":\"Rita Ora \u00ebsht\u00eb paraqitur me nj\u00eb fustan t\u00eb gjat\u00eb t\u00eb bardh\u00eb n\u00eb festivalin e filmit n\u00eb Kan\u00eb. K\u00ebng\u00ebtarja me origjin\u00eb shqiptare, aktualisht numri 1 n\u00eb\",\"breadcrumb\":{\"@id\":\"https:\/\/www.visit-ulcinj.com\/blog\/2012\/05\/23\/rita-ora-merr-pjese-ne-festivalin-e-kanes\/#breadcrumb\"},\"inLanguage\":\"en-US\",\"potentialAction\":[{\"@type\":\"ReadAction\",\"target\":[\"https:\/\/www.visit-ulcinj.com\/blog\/2012\/05\/23\/rita-ora-merr-pjese-ne-festivalin-e-kanes\/\"]}]},{\"@type\":\"BreadcrumbList\",\"@id\":\"https:\/\/www.visit-ulcinj.com\/blog\/2012\/05\/23\/rita-ora-merr-pjese-ne-festivalin-e-kanes\/#breadcrumb\",\"itemListElement\":[{\"@type\":\"ListItem\",\"position\":1,\"name\":\"Rita Ora merr pjes\u00eb n\u00eb festivalin e Kan\u00ebs &#8211; Video Live\"}]},{\"@type\":\"Person\",\"@id\":\"https:\/\/www.visit-ulcinj.com\/blog\/#\/schema\/person\/dcab619c614d3038751c63bc2aadc06d\",\"name\":\"ulqini\",\"sameAs\":[\"http:\/\/www.visit-ulcinj.com\"],\"url\":\"https:\/\/www.visit-ulcinj.com\/blog\/author\/admin\/\"}]}<\/script>\n<!-- \/ Yoast SEO plugin. -->","yoast_head_json":{"title":"Rita Ora merr pjes\u00eb n\u00eb festivalin e Kan\u00ebs - Video Live - Lajme nga Ulqini","description":"Rita Ora \u00ebsht\u00eb paraqitur me nj\u00eb fustan t\u00eb gjat\u00eb t\u00eb bardh\u00eb n\u00eb festivalin e filmit n\u00eb Kan\u00eb. K\u00ebng\u00ebtarja me origjin\u00eb shqiptare, aktualisht numri 1 n\u00eb","robots":{"index":"index","follow":"follow","max-snippet":"max-snippet:-1","max-image-preview":"max-image-preview:large","max-video-preview":"max-video-preview:-1"},"canonical":"https:\/\/www.visit-ulcinj.com\/blog\/2012\/05\/23\/rita-ora-merr-pjese-ne-festivalin-e-kanes\/","og_locale":"en_US","og_type":"article","og_title":"Rita Ora merr pjes\u00eb n\u00eb festivalin e Kan\u00ebs - Video Live - Lajme nga Ulqini","og_description":"Rita Ora \u00ebsht\u00eb paraqitur me nj\u00eb fustan t\u00eb gjat\u00eb t\u00eb bardh\u00eb n\u00eb festivalin e filmit n\u00eb Kan\u00eb. K\u00ebng\u00ebtarja me origjin\u00eb shqiptare, aktualisht numri 1 n\u00eb","og_url":"https:\/\/www.visit-ulcinj.com\/blog\/2012\/05\/23\/rita-ora-merr-pjese-ne-festivalin-e-kanes\/","og_site_name":"Lajme nga Ulqini","article_published_time":"2012-05-23T19:38:48+00:00","article_modified_time":"2012-05-23T20:01:09+00:00","og_image":[{"url":"http:\/\/www.visit-ulcinj.com\/blog\/wp-content\/uploads\/2012\/05\/Rita-Ora-ne-festival-e-Kanit.jpg"}],"twitter_misc":{"Written by":"ulqini","Est. reading time":"1 minute"},"schema":{"@context":"https:\/\/schema.org","@graph":[{"@type":"WebSite","@id":"https:\/\/www.visit-ulcinj.com\/blog\/#website","url":"https:\/\/www.visit-ulcinj.com\/blog\/","name":"Lajme nga Ulqini","description":"Lajme,Vijesti,Ulqini,Ulqin,Crna Gora,Mali i Zi","potentialAction":[{"@type":"SearchAction","target":{"@type":"EntryPoint","urlTemplate":"https:\/\/www.visit-ulcinj.com\/blog\/?s={search_term_string}"},"query-input":"required name=search_term_string"}],"inLanguage":"en-US"},{"@type":"ImageObject","inLanguage":"en-US","@id":"https:\/\/www.visit-ulcinj.com\/blog\/2012\/05\/23\/rita-ora-merr-pjese-ne-festivalin-e-kanes\/#primaryimage","url":"http:\/\/www.visit-ulcinj.com\/blog\/wp-content\/uploads\/2012\/05\/Rita-Ora-ne-festival-e-Kanit.jpg","contentUrl":"http:\/\/www.visit-ulcinj.com\/blog\/wp-content\/uploads\/2012\/05\/Rita-Ora-ne-festival-e-Kanit.jpg"},{"@type":"WebPage","@id":"https:\/\/www.visit-ulcinj.com\/blog\/2012\/05\/23\/rita-ora-merr-pjese-ne-festivalin-e-kanes\/#webpage","url":"https:\/\/www.visit-ulcinj.com\/blog\/2012\/05\/23\/rita-ora-merr-pjese-ne-festivalin-e-kanes\/","name":"Rita Ora merr pjes\u00eb n\u00eb festivalin e Kan\u00ebs - Video Live - Lajme nga Ulqini","isPartOf":{"@id":"https:\/\/www.visit-ulcinj.com\/blog\/#website"},"primaryImageOfPage":{"@id":"https:\/\/www.visit-ulcinj.com\/blog\/2012\/05\/23\/rita-ora-merr-pjese-ne-festivalin-e-kanes\/#primaryimage"},"datePublished":"2012-05-23T19:38:48+00:00","dateModified":"2012-05-23T20:01:09+00:00","author":{"@id":"https:\/\/www.visit-ulcinj.com\/blog\/#\/schema\/person\/dcab619c614d3038751c63bc2aadc06d"},"description":"Rita Ora \u00ebsht\u00eb paraqitur me nj\u00eb fustan t\u00eb gjat\u00eb t\u00eb bardh\u00eb n\u00eb festivalin e filmit n\u00eb Kan\u00eb. K\u00ebng\u00ebtarja me origjin\u00eb shqiptare, aktualisht numri 1 n\u00eb","breadcrumb":{"@id":"https:\/\/www.visit-ulcinj.com\/blog\/2012\/05\/23\/rita-ora-merr-pjese-ne-festivalin-e-kanes\/#breadcrumb"},"inLanguage":"en-US","potentialAction":[{"@type":"ReadAction","target":["https:\/\/www.visit-ulcinj.com\/blog\/2012\/05\/23\/rita-ora-merr-pjese-ne-festivalin-e-kanes\/"]}]},{"@type":"BreadcrumbList","@id":"https:\/\/www.visit-ulcinj.com\/blog\/2012\/05\/23\/rita-ora-merr-pjese-ne-festivalin-e-kanes\/#breadcrumb","itemListElement":[{"@type":"ListItem","position":1,"name":"Rita Ora merr pjes\u00eb n\u00eb festivalin e Kan\u00ebs &#8211; Video Live"}]},{"@type":"Person","@id":"https:\/\/www.visit-ulcinj.com\/blog\/#\/schema\/person\/dcab619c614d3038751c63bc2aadc06d","name":"ulqini","sameAs":["http:\/\/www.visit-ulcinj.com"],"url":"https:\/\/www.visit-ulcinj.com\/blog\/author\/admin\/"}]}},"jetpack_featured_media_url":"","jetpack_sharing_enabled":true,"jetpack_shortlink":"https:\/\/wp.me\/pe6lTn-fPz","_links":{"self":[{"href":"https:\/\/www.visit-ulcinj.com\/blog\/wp-json\/wp\/v2\/posts\/60857"}],"collection":[{"href":"https:\/\/www.visit-ulcinj.com\/blog\/wp-json\/wp\/v2\/posts"}],"about":[{"href":"https:\/\/www.visit-ulcinj.com\/blog\/wp-json\/wp\/v2\/types\/post"}],"author":[{"embeddable":true,"href":"https:\/\/www.visit-ulcinj.com\/blog\/wp-json\/wp\/v2\/users\/1"}],"replies":[{"embeddable":true,"href":"https:\/\/www.visit-ulcinj.com\/blog\/wp-json\/wp\/v2\/comments?post=60857"}],"version-history":[{"count":8,"href":"https:\/\/www.visit-ulcinj.com\/blog\/wp-json\/wp\/v2\/posts\/60857\/revisions"}],"predecessor-version":[{"id":60867,"href":"https:\/\/www.visit-ulcinj.com\/blog\/wp-json\/wp\/v2\/posts\/60857\/revisions\/60867"}],"wp:attachment":[{"href":"https:\/\/www.visit-ulcinj.com\/blog\/wp-json\/wp\/v2\/media?parent=60857"}],"wp:term":[{"taxonomy":"category","embeddable":true,"href":"https:\/\/www.visit-ulcinj.com\/blog\/wp-json\/wp\/v2\/categories?post=60857"},{"taxonomy":"post_tag","embeddable":true,"href":"https:\/\/www.visit-ulcinj.com\/blog\/wp-json\/wp\/v2\/tags?post=60857"}],"curies":[{"name":"wp","href":"https:\/\/api.w.org\/{rel}","templated":true}]}}