{"id":6089,"date":"2008-11-15T16:29:11","date_gmt":"2008-11-15T21:29:11","guid":{"rendered":"http:\/\/www.visit-ulcinj.com\/blog\/?p=6089"},"modified":"2008-11-15T16:29:11","modified_gmt":"2008-11-15T21:29:11","slug":"gati-per-te-bere-bumin-e-radhes","status":"publish","type":"post","link":"https:\/\/www.visit-ulcinj.com\/blog\/2008\/11\/15\/gati-per-te-bere-bumin-e-radhes\/","title":{"rendered":"Gati p\u00ebr t\u00eb b\u00ebr\u00eb bumin e radh\u00ebs"},"content":{"rendered":"<p><a href=\"http:\/\/www.visit-ulcinj.com\/blog\/wp-content\/uploads\/2008\/11\/zanfina-ismajli.jpg\"><img loading=\"lazy\" class=\"alignleft size-medium wp-image-6090\" title=\"zanfina-ismajli\" src=\"http:\/\/www.visit-ulcinj.com\/blog\/wp-content\/uploads\/2008\/11\/zanfina-ismajli-300x189.jpg\" alt=\"\" width=\"376\" height=\"237\" srcset=\"https:\/\/www.visit-ulcinj.com\/blog\/wp-content\/uploads\/2008\/11\/zanfina-ismajli-300x189.jpg 300w, https:\/\/www.visit-ulcinj.com\/blog\/wp-content\/uploads\/2008\/11\/zanfina-ismajli.jpg 550w\" sizes=\"(max-width: 376px) 100vw, 376px\" \/><\/a>Pas publikimit t\u00eb lajmit se Adelina Ismajli pushon n\u00eb San Marino s\u00eb bashku me motr\u00ebn e dyt\u00eb Em\u00ebn, disa dit\u00eb m\u00eb pas atyre u \u00ebsht\u00eb bashkangjitur edhe e \u00ebma me Zanfin\u00ebn, duke kaluar dit\u00eb shum\u00eb t\u00eb bukura n\u00ebp\u00ebr qytete t\u00eb ndryshme t\u00eb Italis\u00eb, edhe pse vendq\u00ebndrimi i tyre ka qen\u00eb qytet-shteti San Marino. Kaluan disa dit\u00eb dhe u kthyen p\u00ebrs\u00ebri n\u00eb rutin\u00ebn e p\u00ebrditshme n\u00eb Prishtin\u00eb, familja e njohur Ismajli ku filluan angazhimet e tyre normale. Zanfina gjat\u00eb k\u00ebtyre dit\u00ebve ka b\u00ebr\u00eb nj\u00eb k\u00ebng\u00eb t\u00eb re s\u00eb cil\u00ebs do t\u2019i bashkangjis\u00eb edhe nje videoklip. K\u00ebnga \u00ebsht\u00eb ritmike dhe ajo beson q\u00eb do t\u00eb p\u00eblqehet nga publiku, Zanfina ka planifikuar ta k\u00ebndoj\u00eb p\u00ebr festat e fundvitit n\u00ebp\u00ebr xhirime t\u00eb televizioneve dhe produksioneve t\u00eb ndryshme kosovare.<br \/>\nGjat\u00eb karrier\u00ebs s\u00eb saj ajo ka bashk\u00ebpunuar me emra shum\u00eb t\u00eb njohur t\u00eb muzik\u00ebs: Florent Boshnjakun, Ilir Beranin, Avni Qahilin, Wirusin, kurse koh\u00ebve t\u00eb fundit ajo po bashk\u00ebpunon edhe me djalin e talentuar, Flori Mumajesi. Ky i fundit i ka b\u00ebr\u00eb nj\u00eb k\u00ebng\u00eb Zanfin\u00ebs, t\u00eb cil\u00ebn thuhet se k\u00ebng\u00ebtarja e ka p\u00eblqyer shum\u00eb dhe ka vendosur t\u00eb ket\u00eb t\u00eb tjera bashk\u00ebpunime me Florin. Zanfina gjithashtu, ka punuar edhe versionin ritmik t\u00eb k\u00ebng\u00ebs &#8220;Koha e komet\u00ebs&#8221;, e cila u zgjodh si kolon\u00eb zanore p\u00ebr filmin me t\u00eb nj\u00ebjtin em\u00ebr. Zanfina tashm\u00eb ka b\u00ebr\u00eb emrin e saj n\u00eb muzik\u00eb, por edhe shum\u00eb fansa gjithashtu.<\/p>\n<!--YouTube Error: bad URL entered-->\n","protected":false},"excerpt":{"rendered":"<p>Pas publikimit t\u00eb lajmit se Adelina Ismajli pushon n\u00eb San Marino s\u00eb bashku me motr\u00ebn e dyt\u00eb Em\u00ebn, disa dit\u00eb m\u00eb pas atyre u \u00ebsht\u00eb bashkangjitur edhe e \u00ebma me Zanfin\u00ebn, duke kaluar dit\u00eb shum\u00eb t\u00eb bukura n\u00ebp\u00ebr qytete t\u00eb ndryshme t\u00eb Italis\u00eb, edhe pse vendq\u00ebndrimi i tyre ka qen\u00eb qytet-shteti San Marino. Kaluan disa [&hellip;]<\/p>\n","protected":false},"author":1,"featured_media":0,"comment_status":"open","ping_status":"closed","sticky":false,"template":"","format":"standard","meta":{"spay_email":"","jetpack_publicize_message":"","jetpack_is_tweetstorm":false,"jetpack_publicize_feature_enabled":true},"categories":[1],"tags":[4938],"jetpack_publicize_connections":[],"yoast_head":"<!-- This site is optimized with the Yoast SEO plugin v19.1 - https:\/\/yoast.com\/wordpress\/plugins\/seo\/ -->\n<title>Gati p\u00ebr t\u00eb b\u00ebr\u00eb bumin e radh\u00ebs - Lajme nga Ulqini<\/title>\n<meta name=\"description\" content=\"Pas publikimit t\u00eb lajmit se Adelina Ismajli pushon n\u00eb San Marino s\u00eb bashku me motr\u00ebn e dyt\u00eb Em\u00ebn, disa dit\u00eb m\u00eb pas atyre u \u00ebsht\u00eb bashkangjitur edhe e \u00ebma\" \/>\n<meta name=\"robots\" content=\"index, follow, max-snippet:-1, max-image-preview:large, max-video-preview:-1\" \/>\n<link rel=\"canonical\" href=\"https:\/\/www.visit-ulcinj.com\/blog\/2008\/11\/15\/gati-per-te-bere-bumin-e-radhes\/\" \/>\n<meta property=\"og:locale\" content=\"en_US\" \/>\n<meta property=\"og:type\" content=\"article\" \/>\n<meta property=\"og:title\" content=\"Gati p\u00ebr t\u00eb b\u00ebr\u00eb bumin e radh\u00ebs - Lajme nga Ulqini\" \/>\n<meta property=\"og:description\" content=\"Pas publikimit t\u00eb lajmit se Adelina Ismajli pushon n\u00eb San Marino s\u00eb bashku me motr\u00ebn e dyt\u00eb Em\u00ebn, disa dit\u00eb m\u00eb pas atyre u \u00ebsht\u00eb bashkangjitur edhe e \u00ebma\" \/>\n<meta property=\"og:url\" content=\"https:\/\/www.visit-ulcinj.com\/blog\/2008\/11\/15\/gati-per-te-bere-bumin-e-radhes\/\" \/>\n<meta property=\"og:site_name\" content=\"Lajme nga Ulqini\" \/>\n<meta property=\"article:published_time\" content=\"2008-11-15T21:29:11+00:00\" \/>\n<meta property=\"og:image\" content=\"http:\/\/www.visit-ulcinj.com\/blog\/wp-content\/uploads\/2008\/11\/zanfina-ismajli-300x189.jpg\" \/>\n<meta name=\"twitter:label1\" content=\"Written by\" \/>\n\t<meta name=\"twitter:data1\" content=\"ulqini\" \/>\n\t<meta name=\"twitter:label2\" content=\"Est. reading time\" \/>\n\t<meta name=\"twitter:data2\" content=\"1 minute\" \/>\n<script type=\"application\/ld+json\" class=\"yoast-schema-graph\">{\"@context\":\"https:\/\/schema.org\",\"@graph\":[{\"@type\":\"WebSite\",\"@id\":\"https:\/\/www.visit-ulcinj.com\/blog\/#website\",\"url\":\"https:\/\/www.visit-ulcinj.com\/blog\/\",\"name\":\"Lajme nga Ulqini\",\"description\":\"Lajme,Vijesti,Ulqini,Ulqin,Crna Gora,Mali i Zi\",\"potentialAction\":[{\"@type\":\"SearchAction\",\"target\":{\"@type\":\"EntryPoint\",\"urlTemplate\":\"https:\/\/www.visit-ulcinj.com\/blog\/?s={search_term_string}\"},\"query-input\":\"required name=search_term_string\"}],\"inLanguage\":\"en-US\"},{\"@type\":\"ImageObject\",\"inLanguage\":\"en-US\",\"@id\":\"https:\/\/www.visit-ulcinj.com\/blog\/2008\/11\/15\/gati-per-te-bere-bumin-e-radhes\/#primaryimage\",\"url\":\"http:\/\/www.visit-ulcinj.com\/blog\/wp-content\/uploads\/2008\/11\/zanfina-ismajli-300x189.jpg\",\"contentUrl\":\"http:\/\/www.visit-ulcinj.com\/blog\/wp-content\/uploads\/2008\/11\/zanfina-ismajli-300x189.jpg\"},{\"@type\":\"WebPage\",\"@id\":\"https:\/\/www.visit-ulcinj.com\/blog\/2008\/11\/15\/gati-per-te-bere-bumin-e-radhes\/#webpage\",\"url\":\"https:\/\/www.visit-ulcinj.com\/blog\/2008\/11\/15\/gati-per-te-bere-bumin-e-radhes\/\",\"name\":\"Gati p\u00ebr t\u00eb b\u00ebr\u00eb bumin e radh\u00ebs - Lajme nga Ulqini\",\"isPartOf\":{\"@id\":\"https:\/\/www.visit-ulcinj.com\/blog\/#website\"},\"primaryImageOfPage\":{\"@id\":\"https:\/\/www.visit-ulcinj.com\/blog\/2008\/11\/15\/gati-per-te-bere-bumin-e-radhes\/#primaryimage\"},\"datePublished\":\"2008-11-15T21:29:11+00:00\",\"dateModified\":\"2008-11-15T21:29:11+00:00\",\"author\":{\"@id\":\"https:\/\/www.visit-ulcinj.com\/blog\/#\/schema\/person\/dcab619c614d3038751c63bc2aadc06d\"},\"description\":\"Pas publikimit t\u00eb lajmit se Adelina Ismajli pushon n\u00eb San Marino s\u00eb bashku me motr\u00ebn e dyt\u00eb Em\u00ebn, disa dit\u00eb m\u00eb pas atyre u \u00ebsht\u00eb bashkangjitur edhe e \u00ebma\",\"breadcrumb\":{\"@id\":\"https:\/\/www.visit-ulcinj.com\/blog\/2008\/11\/15\/gati-per-te-bere-bumin-e-radhes\/#breadcrumb\"},\"inLanguage\":\"en-US\",\"potentialAction\":[{\"@type\":\"ReadAction\",\"target\":[\"https:\/\/www.visit-ulcinj.com\/blog\/2008\/11\/15\/gati-per-te-bere-bumin-e-radhes\/\"]}]},{\"@type\":\"BreadcrumbList\",\"@id\":\"https:\/\/www.visit-ulcinj.com\/blog\/2008\/11\/15\/gati-per-te-bere-bumin-e-radhes\/#breadcrumb\",\"itemListElement\":[{\"@type\":\"ListItem\",\"position\":1,\"name\":\"Gati p\u00ebr t\u00eb b\u00ebr\u00eb bumin e radh\u00ebs\"}]},{\"@type\":\"Person\",\"@id\":\"https:\/\/www.visit-ulcinj.com\/blog\/#\/schema\/person\/dcab619c614d3038751c63bc2aadc06d\",\"name\":\"ulqini\",\"sameAs\":[\"http:\/\/www.visit-ulcinj.com\"],\"url\":\"https:\/\/www.visit-ulcinj.com\/blog\/author\/admin\/\"}]}<\/script>\n<!-- \/ Yoast SEO plugin. -->","yoast_head_json":{"title":"Gati p\u00ebr t\u00eb b\u00ebr\u00eb bumin e radh\u00ebs - Lajme nga Ulqini","description":"Pas publikimit t\u00eb lajmit se Adelina Ismajli pushon n\u00eb San Marino s\u00eb bashku me motr\u00ebn e dyt\u00eb Em\u00ebn, disa dit\u00eb m\u00eb pas atyre u \u00ebsht\u00eb bashkangjitur edhe e \u00ebma","robots":{"index":"index","follow":"follow","max-snippet":"max-snippet:-1","max-image-preview":"max-image-preview:large","max-video-preview":"max-video-preview:-1"},"canonical":"https:\/\/www.visit-ulcinj.com\/blog\/2008\/11\/15\/gati-per-te-bere-bumin-e-radhes\/","og_locale":"en_US","og_type":"article","og_title":"Gati p\u00ebr t\u00eb b\u00ebr\u00eb bumin e radh\u00ebs - Lajme nga Ulqini","og_description":"Pas publikimit t\u00eb lajmit se Adelina Ismajli pushon n\u00eb San Marino s\u00eb bashku me motr\u00ebn e dyt\u00eb Em\u00ebn, disa dit\u00eb m\u00eb pas atyre u \u00ebsht\u00eb bashkangjitur edhe e \u00ebma","og_url":"https:\/\/www.visit-ulcinj.com\/blog\/2008\/11\/15\/gati-per-te-bere-bumin-e-radhes\/","og_site_name":"Lajme nga Ulqini","article_published_time":"2008-11-15T21:29:11+00:00","og_image":[{"url":"http:\/\/www.visit-ulcinj.com\/blog\/wp-content\/uploads\/2008\/11\/zanfina-ismajli-300x189.jpg"}],"twitter_misc":{"Written by":"ulqini","Est. reading time":"1 minute"},"schema":{"@context":"https:\/\/schema.org","@graph":[{"@type":"WebSite","@id":"https:\/\/www.visit-ulcinj.com\/blog\/#website","url":"https:\/\/www.visit-ulcinj.com\/blog\/","name":"Lajme nga Ulqini","description":"Lajme,Vijesti,Ulqini,Ulqin,Crna Gora,Mali i Zi","potentialAction":[{"@type":"SearchAction","target":{"@type":"EntryPoint","urlTemplate":"https:\/\/www.visit-ulcinj.com\/blog\/?s={search_term_string}"},"query-input":"required name=search_term_string"}],"inLanguage":"en-US"},{"@type":"ImageObject","inLanguage":"en-US","@id":"https:\/\/www.visit-ulcinj.com\/blog\/2008\/11\/15\/gati-per-te-bere-bumin-e-radhes\/#primaryimage","url":"http:\/\/www.visit-ulcinj.com\/blog\/wp-content\/uploads\/2008\/11\/zanfina-ismajli-300x189.jpg","contentUrl":"http:\/\/www.visit-ulcinj.com\/blog\/wp-content\/uploads\/2008\/11\/zanfina-ismajli-300x189.jpg"},{"@type":"WebPage","@id":"https:\/\/www.visit-ulcinj.com\/blog\/2008\/11\/15\/gati-per-te-bere-bumin-e-radhes\/#webpage","url":"https:\/\/www.visit-ulcinj.com\/blog\/2008\/11\/15\/gati-per-te-bere-bumin-e-radhes\/","name":"Gati p\u00ebr t\u00eb b\u00ebr\u00eb bumin e radh\u00ebs - Lajme nga Ulqini","isPartOf":{"@id":"https:\/\/www.visit-ulcinj.com\/blog\/#website"},"primaryImageOfPage":{"@id":"https:\/\/www.visit-ulcinj.com\/blog\/2008\/11\/15\/gati-per-te-bere-bumin-e-radhes\/#primaryimage"},"datePublished":"2008-11-15T21:29:11+00:00","dateModified":"2008-11-15T21:29:11+00:00","author":{"@id":"https:\/\/www.visit-ulcinj.com\/blog\/#\/schema\/person\/dcab619c614d3038751c63bc2aadc06d"},"description":"Pas publikimit t\u00eb lajmit se Adelina Ismajli pushon n\u00eb San Marino s\u00eb bashku me motr\u00ebn e dyt\u00eb Em\u00ebn, disa dit\u00eb m\u00eb pas atyre u \u00ebsht\u00eb bashkangjitur edhe e \u00ebma","breadcrumb":{"@id":"https:\/\/www.visit-ulcinj.com\/blog\/2008\/11\/15\/gati-per-te-bere-bumin-e-radhes\/#breadcrumb"},"inLanguage":"en-US","potentialAction":[{"@type":"ReadAction","target":["https:\/\/www.visit-ulcinj.com\/blog\/2008\/11\/15\/gati-per-te-bere-bumin-e-radhes\/"]}]},{"@type":"BreadcrumbList","@id":"https:\/\/www.visit-ulcinj.com\/blog\/2008\/11\/15\/gati-per-te-bere-bumin-e-radhes\/#breadcrumb","itemListElement":[{"@type":"ListItem","position":1,"name":"Gati p\u00ebr t\u00eb b\u00ebr\u00eb bumin e radh\u00ebs"}]},{"@type":"Person","@id":"https:\/\/www.visit-ulcinj.com\/blog\/#\/schema\/person\/dcab619c614d3038751c63bc2aadc06d","name":"ulqini","sameAs":["http:\/\/www.visit-ulcinj.com"],"url":"https:\/\/www.visit-ulcinj.com\/blog\/author\/admin\/"}]}},"jetpack_featured_media_url":"","jetpack_sharing_enabled":true,"jetpack_shortlink":"https:\/\/wp.me\/pe6lTn-1Ad","_links":{"self":[{"href":"https:\/\/www.visit-ulcinj.com\/blog\/wp-json\/wp\/v2\/posts\/6089"}],"collection":[{"href":"https:\/\/www.visit-ulcinj.com\/blog\/wp-json\/wp\/v2\/posts"}],"about":[{"href":"https:\/\/www.visit-ulcinj.com\/blog\/wp-json\/wp\/v2\/types\/post"}],"author":[{"embeddable":true,"href":"https:\/\/www.visit-ulcinj.com\/blog\/wp-json\/wp\/v2\/users\/1"}],"replies":[{"embeddable":true,"href":"https:\/\/www.visit-ulcinj.com\/blog\/wp-json\/wp\/v2\/comments?post=6089"}],"version-history":[{"count":0,"href":"https:\/\/www.visit-ulcinj.com\/blog\/wp-json\/wp\/v2\/posts\/6089\/revisions"}],"wp:attachment":[{"href":"https:\/\/www.visit-ulcinj.com\/blog\/wp-json\/wp\/v2\/media?parent=6089"}],"wp:term":[{"taxonomy":"category","embeddable":true,"href":"https:\/\/www.visit-ulcinj.com\/blog\/wp-json\/wp\/v2\/categories?post=6089"},{"taxonomy":"post_tag","embeddable":true,"href":"https:\/\/www.visit-ulcinj.com\/blog\/wp-json\/wp\/v2\/tags?post=6089"}],"curies":[{"name":"wp","href":"https:\/\/api.w.org\/{rel}","templated":true}]}}