{"id":60913,"date":"2012-05-24T14:30:23","date_gmt":"2012-05-24T13:30:23","guid":{"rendered":"http:\/\/www.visit-ulcinj.com\/blog\/?p=60913"},"modified":"2012-06-03T11:08:24","modified_gmt":"2012-06-03T10:08:24","slug":"anamalasit-peruruan-shoqaten-biznis-klub-ana-malit","status":"publish","type":"post","link":"https:\/\/www.visit-ulcinj.com\/blog\/2012\/05\/24\/anamalasit-peruruan-shoqaten-biznis-klub-ana-malit\/","title":{"rendered":"Anamalasit p\u00ebruruan shoqat\u00ebn \u201cBiznis Klub Ana Malit\u201d + Foto"},"content":{"rendered":"<p><strong><a href=\"http:\/\/www.visit-ulcinj.com\/blog\/wp-content\/uploads\/2012\/05\/Biznis-Klub-Ana-Malit_Ulqin_Mali-i-Zi.jpg\"><img loading=\"lazy\" class=\"alignleft  wp-image-60914\" title=\"Biznis Klub Ana Malit_Ulqin_Mali i Zi\" src=\"http:\/\/www.visit-ulcinj.com\/blog\/wp-content\/uploads\/2012\/05\/Biznis-Klub-Ana-Malit_Ulqin_Mali-i-Zi.jpg\" alt=\"\" width=\"508\" height=\"360\" \/><\/a>Anamalasit t\u00eb vendosur p\u00ebr zhviillim t\u00eb Ulqinit<\/strong><\/p>\n<p><strong>Ulqin, 24 maj 2012 \u2013 <\/strong>Bizneset nga Ana e Mali, krijuan dhe p\u00ebruruan shoqat\u00ebn e tyre e cila ka p\u00ebr q\u00ebllim p\u00ebrkrhajen, organizimin dhe zhvillimin e jet\u00ebs ekonomike dhe zhvilliimore t\u00eb gjithanshme n\u00eb An\u00ebn e Malit t\u00eb Ulqinit.\u00a0\u00a0\u201cAnamalasit historikisht kan\u00eb hapur der\u00ebn qdo kujt, koha \u00ebhst\u00eb q\u00eb t\u00eb nd\u00ebrtojn\u00eb\u00a0\u00a0sht\u00ebpin\u00eb e tyre\u201d \u00ebsht\u00eb mesazhi i k\u00ebsaj shoqate.<\/p>\n<p><a href=\"http:\/\/www.visit-ulcinj.com\/blog\/wp-content\/uploads\/2012\/05\/P\u00ebrurimi-i-Biznis-Klub-Anamalit_Ulqin_Mali-i-Zi.5.jpg\"><img loading=\"lazy\" class=\"alignleft  wp-image-60922\" title=\"P\u00ebrurimi i Biznis Klub Anamalit_Ulqin_Mali i Zi.5\" src=\"http:\/\/www.visit-ulcinj.com\/blog\/wp-content\/uploads\/2012\/05\/P\u00ebrurimi-i-Biznis-Klub-Anamalit_Ulqin_Mali-i-Zi.5.jpg\" alt=\"\" width=\"508\" height=\"300\" \/><\/a><\/p>\n<p><strong>Kabil Kurti, <\/strong>kryetar i Shoqat\u00ebs Biznis Klub Ana Malit, tha se kjo nism\u00eb do t\u00eb jet\u00ebsohet dhe do t\u00eb b\u00ebhet promotore e nj\u00eb zhvillimi t\u00eb mir\u00ebfillt\u00eb t\u00eb k\u00ebsaj zone t\u00eb njohur, jo vet\u00ebm n\u00eb Komun\u00ebn e Ulqinit, por edhe n\u00eb hap\u00ebsir\u00ebn mbar\u00ebshqiptare. Sipas tij themelimi i k\u00ebsaj shoqate \u00ebsht\u00eb pjes\u00eb e projektit q\u00eb ka p\u00ebr q\u00ebllim investimin, zhvillimin dhe integrimin ekonomik t\u00eb k\u00ebsaj zone me potenciale t\u00eb shumta n\u00eb t\u00eb gjitha sektor\u00ebt e prodhimit n\u00eb tregun e Malit t\u00eb Zi dhe m\u00eb gjer\u00eb.<\/p>\n<p>\u201cObjektivi i r\u00ebnd\u00ebsish\u00ebm i k\u00ebsaj shoqate bazohet te strategjia afatshkurt\u00ebr dhe afatmesme, ku p\u00ebrfshihet kultivimi dhe metoda bashk\u00ebkohore n\u00eb sektorin e bujq\u00ebsis\u00eb dhe blegtoris\u00eb me zgjerimin e kapaciteteve t\u00eb tyre, investimin n\u00eb objektet e p\u00ebprunimit, grumbullimit dhe prodhimeve e t\u00eb plasimit t\u00eb tyre n\u00eb treg si dhe\u00a0\u00a0zhvillimin e turizimit\u00a0\u00a0familjar si nj\u00eb veprimtari q\u00eb po sh\u00ebnon hapa pozitive n\u00eb rajon\u201d, tha Kabil Kurti.<br \/>\n<a href=\"http:\/\/www.visit-ulcinj.com\/blog\/wp-content\/uploads\/2012\/05\/P\u00ebrurimi-i-Biznis-Klub-Anamalit_Ulqin_Mali-i-Zi.18.jpg\"><img loading=\"lazy\" class=\"alignleft  wp-image-60924\" title=\"P\u00ebrurimi i Biznis Klub Anamalit_Ulqin_Mali i Zi.18\" src=\"http:\/\/www.visit-ulcinj.com\/blog\/wp-content\/uploads\/2012\/05\/P\u00ebrurimi-i-Biznis-Klub-Anamalit_Ulqin_Mali-i-Zi.18.jpg\" alt=\"\" width=\"508\" height=\"300\" \/><\/a><\/p>\n<p>Kryetari i Shoqat\u00ebs Biznes Klub <strong>Ana Mali,<\/strong> shtoi se r\u00ebnd\u00ebsi e veqant\u00eb do ti kushtohet zhvillimit t\u00eb bujq\u00ebsis\u00eb organike, e cila ofron\u00a0\u00a0p\u00ebrfitime me interes p\u00ebr sh\u00ebndetin dhe mbrojtjen e mjedisit. Kjo vepriimtari \u00ebsht\u00eb provuar\u00a0\u00a0se ka ndikime pozitive mbi ekonomin\u00eb rurale nga pik\u00ebpamja e krijmit t\u00eb t\u00eb ardhurave dhe diversifikimit t\u00eb veprimtarive ekonomike. Sipas Kabil Kurtit, n\u00eb k\u00ebt\u00eb m\u00ebnyr\u00eb do t\u00eb krijohej nj\u00eb ekonomi e ekuilibruar ku partneriteti me sektorin privat dhe publik, me qeverin\u00eb lokale dhe at\u00eb qendrore do t\u00eb ndikonte n\u00eb zhvillimin e An\u00ebs s\u00eb Malit dhe n\u00eb p\u00ebrmir\u00ebsimin e standartit\u00a0\u00a0t\u00eb jetes\u00ebs dhe pun\u00ebsimit t\u00eb t\u00eb rinj\u00ebve. Kryetari i BKAM-s\u00eb, tha se p\u00ebr t\u00eb arritur k\u00ebt\u00eb qasje strategjike Biznes Klub Anamali i ka identifikuar masat e zhvillimit t\u00eb k\u00ebsaj zone e q\u00eb bazohen n\u00eb p\u00ebrvoj\u00ebn dhe strategjin\u00eb e zhviillimit sipas\u00a0\u00a0norrmave t\u00eb Bashkimit Evropian. K\u00ebto masa duhet t\u00eb bazohen n\u00eb zhvillimin dhe trajtimin profesional n\u00eb ristrukturimin e potencialit t\u00eb gjithansh\u00ebm.<\/p>\n<p>Kryetari Kabil Kurti, shtoi se implementimi i k\u00ebtyre masave do t\u00eb siguronte q\u00ebndrushm\u00ebrin\u00eb\u00a0\u00a0e zon\u00ebs s\u00eb An\u00ebs s\u00eb Malit dhe ngritjen e mir\u00ebqenies s\u00eb popullat\u00ebs.\u00a0\u00a0Kjo k\u00ebrkon angazhime dhe mb\u00ebshtetje nga institucionet dhe donator\u00ebt.<\/p>\n<p>\u201cNe jemi mbledhur k\u00ebtu p\u00ebr t\u00eb ndihmuar e kanalizuar zhvillimin ekonomik pasi qdo nism\u00eb drejt\u00eb ekonomis\u00eb dhe rritjes s\u00eb rolit t\u00eb qytetarit n\u00eb shoq\u00ebri \u00ebsht\u00eb garancia m\u00eb e mir\u00eb p\u00ebr t\u00eb\u00eb ardhmen e k\u00ebsaj ane.\u00a0\u00a0Besojm\u00eb se do t\u00eb kemi mb\u00ebshtetjen e t\u00eb gjith\u00eb faktor\u00ebvee\u00a0\u00a0dhe angazhimi\u00a0\u00a0do t\u00eb p\u00ebrmir\u00ebsoi klim\u00ebn e zhvillimit ekonomik social n\u00eb An\u00ebn e Malit\u201d, tha Kurti.<\/p>\n<p>Kryetari shtoi se Biznes Klubi Anamalit \u00ebsht\u00eb i hapur p\u00ebr t\u00eb gjith\u00eb q\u00eb duan bash\u00ebkpunim, sepse kjo \u00ebsht\u00eb e vetmja m\u00ebnyr\u00eb e arritjes s\u00eb objektivave p\u00ebr t\u00eb fuqizuar z\u00ebrin.<\/p>\n<p><a href=\"http:\/\/www.visit-ulcinj.com\/blog\/wp-content\/uploads\/2012\/05\/P\u00ebrurimi-i-Biznis-Klub-Anamalit_Ulqin_Mali-i-Zi.6.jpg\"><img loading=\"lazy\" class=\"alignleft  wp-image-60923\" title=\"P\u00ebrurimi i Biznis Klub Anamalit_Ulqin_Mali i Zi.6\" src=\"http:\/\/www.visit-ulcinj.com\/blog\/wp-content\/uploads\/2012\/05\/P\u00ebrurimi-i-Biznis-Klub-Anamalit_Ulqin_Mali-i-Zi.6.jpg\" alt=\"\" width=\"508\" height=\"300\" \/><\/a><\/p>\n<p><strong>Nazif Cungu,<\/strong> kryetar i Komun\u00ebs s\u00eb Ulqinit, tha se t\u00eb gjith\u00eb ata q\u00eb merren me afariz\u00ebm duhet t\u00eb jen\u00eb krenar q\u00eb jan\u00eb pjes\u00eb e formimit t\u00eb vlerave t\u00eb reja, n\u00eb pun\u00ebsimin e familjeve, shok\u00ebve dhe miq\u00ebve e m\u00eb gjer\u00eb. Shumica\u00a0\u00a0kan\u00eb nisur biznisin me huazime mjetesh, duke mos ditur se a do t\u00eb munden ti kthejm\u00eb. Nj\u00eb gj\u00eb e kemi ditur se duam t\u00eb punojm\u00eb, organizohemi dhe konkurrojm\u00eb.<\/p>\n<p>\u201cRrjedhat ekonomike n\u00eb Komun\u00ebn e Ulqinit, kan\u00eb ndikuar n\u00eb zhvillimin\u00a0\u00a0e p\u00ebrgjithsh\u00ebm. Privatizimet e pasuksesshme kan\u00eb l\u00ebn\u00eb familje t\u00eb t\u00ebra pa pun\u00eb dhe populli p\u00ebrs\u00ebri ka nisur t\u00eb migroi dhe k\u00ebrkoi kushte m\u00eb t\u00eb mira p\u00ebr jetes\u00eb. Zhvillimin ton\u00eb e ka ndal\u00a0\u00a0ata t\u00eb cil\u00ebt kan\u00eb promovuar\u00a0\u00a0p\u00ebrparim dhe q\u00eb ne em\u00ebr toninin kan\u00eb aprovuar\u00a0\u00a0vendime dhe na kan\u00eb caktuar taksa e tatime disa her\u00eb m\u00eb t\u00eb larta se n\u00eb komunat tjera\u201d,tha Nazif Cungu. Kryetari i Komun\u00ebs, shtoi se bizneset jan\u00eb ata t\u00eb cil\u00ebt\u00a0kan\u00eb lufutar\u00a0\u00a0s\u00eb bashku q\u00eb kushtet\u00a0\u00a0p\u00ebr veprimee n\u00eb zhvillimin e afarizmit t\u00eb nd\u00ebrrohen.<\/p>\n<p>Kryetari i Ulqinit Nazif Cungu, tha se afarist\u00ebt e An\u00ebs s\u00eb Malit, po b\u00ebjn\u00eb kuror\u00ebzimin e pjekuris\u00eb ekonomike dhe v\u00ebrtetojn\u00eb\u00a0vendosm\u00ebrin\u00eb p\u00ebr t\u00eb zhviilluar Ulqinin.\u00a0\u00a0Ai premtoi se Komuna e Ulqinit, s\u00eb shpejti do ti dhuroi An\u00ebs s\u00eb Malit\u00a0\u00a0nj\u00eb zon\u00eb\u00a0\u00a0t\u00eb biznesit\u00a0\u00a0prej 20 hektar\u00ebsh.<\/p>\n<p>Kryetari i Komun\u00ebs, premtoi mb\u00ebshtetjen e plot\u00eb t\u00eb k\u00ebtij institucioni q\u00eb bashkarisht\u00a0\u00a0t\u00eb avanzocjn\u00eb biznesin dhe t\u00eb menjanojn\u00eb barrierat e deritashme.<\/p>\n<p><strong>Agim Shahini,<\/strong> kryetar i Aleanc\u00ebs s\u00eb Bizneseve t\u00eb Kosov\u00ebs, tha se kjo dit\u00eb \u00ebsht\u00eb e sh\u00ebnuar jo vet\u00ebm p\u00ebr Ulqinin, por edhe p\u00ebr Kosov\u00ebn, kjo po afron institucionet jo vet\u00ebm vend\u00ebse, por edhe ato jasht\u00eb kufij\u00ebve. \u201cDuhet t\u00eb kemi ura komunikimi dhe bashk\u00eb\u00ebpunimi. Ulqini ka afarist\u00eb t\u00eb suksessh\u00ebm dhe tashm\u00eb po organizohen edhe m\u00eb fuqish\u00ebm. Biznesi k\u00ebtu po fuqizohet dhe sukseset e bizneseve jan\u00eb t\u00eb m\u00ebdha\u201d, tha Shahini.<\/p>\n<p>Kryetari i AKB-s\u00eb, shtoi se do t\u00eb ken\u00eb p\u00ebrklrahjen jo vet\u00ebm t\u00eb AKB-s\u00eb, por edhe t\u00eb instoitucioneve t\u00eb Kosov\u00ebs dhe Kosova nuk iu harron dhe duhet t\u00eb rrriten mardh\u00ebniet dhe shk\u00ebmbimet tregtare. Agim SHahini, beson se sukseset do t\u00eb jen\u00eb t\u00eb m\u00ebdha.<\/p>\n<p>N\u00eb k\u00ebt\u00eb eveniment i cili u mbajt n\u00eb qendr\u00ebn Lamiga n\u00eb Kryth\u00eb, ishin t\u00eb pranish\u00ebm edhe zyrtar\u00eb nga Qeveria e Malit t\u00eb Zi e m\u00eb gjer\u00eb. \/<strong>KI\/<\/strong><\/p>\n<p><strong>Kosova.info<\/strong><br \/>\n<strong>P\u00cbR MA SHUM\u00cb FOTO &#8211;\u00a0 <a href=\"https:\/\/www.facebook.com\/profile.php?id=100003671025563\">Biznis Klub Ana Malit Facebook<\/a><\/strong><br \/>\n\n\t\t<style type=\"text\/css\">\n\t\t\t#gallery-1 {\n\t\t\t\tmargin: auto;\n\t\t\t}\n\t\t\t#gallery-1 .gallery-item {\n\t\t\t\tfloat: left;\n\t\t\t\tmargin-top: 10px;\n\t\t\t\ttext-align: center;\n\t\t\t\twidth: 33%;\n\t\t\t}\n\t\t\t#gallery-1 img {\n\t\t\t\tborder: 2px solid #cfcfcf;\n\t\t\t}\n\t\t\t#gallery-1 .gallery-caption {\n\t\t\t\tmargin-left: 0;\n\t\t\t}\n\t\t\t\/* see gallery_shortcode() in wp-includes\/media.php *\/\n\t\t<\/style>\n\t\t<div id='gallery-1' class='gallery galleryid-60913 gallery-columns-3 gallery-size-thumbnail'><dl class='gallery-item'>\n\t\t\t<dt class='gallery-icon landscape'>\n\t\t\t\t<a href='https:\/\/www.visit-ulcinj.com\/blog\/wp-content\/uploads\/2012\/05\/Biznis-Klub-Ana-Malit_Ulqin_Mali-i-Zi.jpg'><img width=\"150\" height=\"150\" src=\"https:\/\/www.visit-ulcinj.com\/blog\/wp-content\/uploads\/2012\/05\/Biznis-Klub-Ana-Malit_Ulqin_Mali-i-Zi-150x150.jpg\" class=\"attachment-thumbnail size-thumbnail\" alt=\"\" loading=\"lazy\" \/><\/a>\n\t\t\t<\/dt><\/dl><dl class='gallery-item'>\n\t\t\t<dt class='gallery-icon landscape'>\n\t\t\t\t<a href='https:\/\/www.visit-ulcinj.com\/blog\/wp-content\/uploads\/2012\/05\/P\u00ebrurimi-i-Biznis-Klub-Anamalit_Ulqin_Mali-i-Zi.5.jpg'><img width=\"150\" height=\"150\" src=\"https:\/\/www.visit-ulcinj.com\/blog\/wp-content\/uploads\/2012\/05\/P\u00ebrurimi-i-Biznis-Klub-Anamalit_Ulqin_Mali-i-Zi.5-150x150.jpg\" class=\"attachment-thumbnail size-thumbnail\" alt=\"\" loading=\"lazy\" \/><\/a>\n\t\t\t<\/dt><\/dl><dl class='gallery-item'>\n\t\t\t<dt class='gallery-icon landscape'>\n\t\t\t\t<a href='https:\/\/www.visit-ulcinj.com\/blog\/wp-content\/uploads\/2012\/05\/P\u00ebrurimi-i-Biznis-Klub-Anamalit_Ulqin_Mali-i-Zi.6.jpg'><img width=\"150\" height=\"150\" src=\"https:\/\/www.visit-ulcinj.com\/blog\/wp-content\/uploads\/2012\/05\/P\u00ebrurimi-i-Biznis-Klub-Anamalit_Ulqin_Mali-i-Zi.6-150x150.jpg\" class=\"attachment-thumbnail size-thumbnail\" alt=\"\" loading=\"lazy\" \/><\/a>\n\t\t\t<\/dt><\/dl><br style=\"clear: both\" \/><dl class='gallery-item'>\n\t\t\t<dt class='gallery-icon landscape'>\n\t\t\t\t<a href='https:\/\/www.visit-ulcinj.com\/blog\/wp-content\/uploads\/2012\/05\/P\u00ebrurimi-i-Biznis-Klub-Anamalit_Ulqin_Mali-i-Zi.18.jpg'><img width=\"150\" height=\"150\" src=\"https:\/\/www.visit-ulcinj.com\/blog\/wp-content\/uploads\/2012\/05\/P\u00ebrurimi-i-Biznis-Klub-Anamalit_Ulqin_Mali-i-Zi.18-150x150.jpg\" class=\"attachment-thumbnail size-thumbnail\" alt=\"\" loading=\"lazy\" \/><\/a>\n\t\t\t<\/dt><\/dl><dl class='gallery-item'>\n\t\t\t<dt class='gallery-icon landscape'>\n\t\t\t\t<a href='https:\/\/www.visit-ulcinj.com\/blog\/wp-content\/uploads\/2012\/05\/P\u00ebrurimi-i-Biznis-Klub-Anamalit_Ulqin_Mali-i-Zi.1.jpg'><img width=\"150\" height=\"150\" src=\"https:\/\/www.visit-ulcinj.com\/blog\/wp-content\/uploads\/2012\/05\/P\u00ebrurimi-i-Biznis-Klub-Anamalit_Ulqin_Mali-i-Zi.1-150x150.jpg\" class=\"attachment-thumbnail size-thumbnail\" alt=\"\" loading=\"lazy\" \/><\/a>\n\t\t\t<\/dt><\/dl><dl class='gallery-item'>\n\t\t\t<dt class='gallery-icon landscape'>\n\t\t\t\t<a href='https:\/\/www.visit-ulcinj.com\/blog\/wp-content\/uploads\/2012\/05\/P\u00ebrurimi-i-Biznis-Klub-Anamalit_Ulqin_Mali-i-Zi.3.jpg'><img width=\"150\" height=\"150\" src=\"https:\/\/www.visit-ulcinj.com\/blog\/wp-content\/uploads\/2012\/05\/P\u00ebrurimi-i-Biznis-Klub-Anamalit_Ulqin_Mali-i-Zi.3-150x150.jpg\" class=\"attachment-thumbnail size-thumbnail\" alt=\"\" loading=\"lazy\" \/><\/a>\n\t\t\t<\/dt><\/dl><br style=\"clear: both\" \/><dl class='gallery-item'>\n\t\t\t<dt class='gallery-icon landscape'>\n\t\t\t\t<a href='https:\/\/www.visit-ulcinj.com\/blog\/wp-content\/uploads\/2012\/05\/P\u00ebrurimi-i-Biznis-Klub-Anamalit_Ulqin_Mali-i-Zi.10.jpg'><img width=\"150\" height=\"150\" src=\"https:\/\/www.visit-ulcinj.com\/blog\/wp-content\/uploads\/2012\/05\/P\u00ebrurimi-i-Biznis-Klub-Anamalit_Ulqin_Mali-i-Zi.10-150x150.jpg\" class=\"attachment-thumbnail size-thumbnail\" alt=\"\" loading=\"lazy\" \/><\/a>\n\t\t\t<\/dt><\/dl><dl class='gallery-item'>\n\t\t\t<dt class='gallery-icon landscape'>\n\t\t\t\t<a href='https:\/\/www.visit-ulcinj.com\/blog\/wp-content\/uploads\/2012\/05\/P\u00ebrurimi-i-Biznis-Klub-Anamalit_Ulqin_Mali-i-Zi.11.jpg'><img width=\"150\" height=\"150\" src=\"https:\/\/www.visit-ulcinj.com\/blog\/wp-content\/uploads\/2012\/05\/P\u00ebrurimi-i-Biznis-Klub-Anamalit_Ulqin_Mali-i-Zi.11-150x150.jpg\" class=\"attachment-thumbnail size-thumbnail\" alt=\"\" loading=\"lazy\" \/><\/a>\n\t\t\t<\/dt><\/dl><dl class='gallery-item'>\n\t\t\t<dt class='gallery-icon landscape'>\n\t\t\t\t<a href='https:\/\/www.visit-ulcinj.com\/blog\/wp-content\/uploads\/2012\/05\/P\u00ebrurimi-i-Biznis-Klub-Anamalit_Ulqin_Mali-i-Zi.12.jpg'><img width=\"150\" height=\"150\" src=\"https:\/\/www.visit-ulcinj.com\/blog\/wp-content\/uploads\/2012\/05\/P\u00ebrurimi-i-Biznis-Klub-Anamalit_Ulqin_Mali-i-Zi.12-150x150.jpg\" class=\"attachment-thumbnail size-thumbnail\" alt=\"\" loading=\"lazy\" \/><\/a>\n\t\t\t<\/dt><\/dl><br style=\"clear: both\" \/><dl class='gallery-item'>\n\t\t\t<dt class='gallery-icon landscape'>\n\t\t\t\t<a href='https:\/\/www.visit-ulcinj.com\/blog\/wp-content\/uploads\/2012\/05\/P\u00ebrurimi-i-Biznis-Klub-Anamalit_Ulqin_Mali-i-Zi.4.jpg'><img width=\"150\" height=\"150\" src=\"https:\/\/www.visit-ulcinj.com\/blog\/wp-content\/uploads\/2012\/05\/P\u00ebrurimi-i-Biznis-Klub-Anamalit_Ulqin_Mali-i-Zi.4-150x150.jpg\" class=\"attachment-thumbnail size-thumbnail\" alt=\"\" loading=\"lazy\" \/><\/a>\n\t\t\t<\/dt><\/dl><dl class='gallery-item'>\n\t\t\t<dt class='gallery-icon landscape'>\n\t\t\t\t<a href='https:\/\/www.visit-ulcinj.com\/blog\/wp-content\/uploads\/2012\/05\/P\u00ebrurimi-i-Biznis-Klub-Anamalit_Ulqin_Mali-i-Zi.7.jpg'><img width=\"150\" height=\"150\" src=\"https:\/\/www.visit-ulcinj.com\/blog\/wp-content\/uploads\/2012\/05\/P\u00ebrurimi-i-Biznis-Klub-Anamalit_Ulqin_Mali-i-Zi.7-150x150.jpg\" class=\"attachment-thumbnail size-thumbnail\" alt=\"\" loading=\"lazy\" \/><\/a>\n\t\t\t<\/dt><\/dl><dl class='gallery-item'>\n\t\t\t<dt class='gallery-icon landscape'>\n\t\t\t\t<a href='https:\/\/www.visit-ulcinj.com\/blog\/wp-content\/uploads\/2012\/05\/P\u00ebrurimi-i-Biznis-Klub-Anamalit_Ulqin_Mali-i-Zi.8.jpg'><img width=\"150\" height=\"150\" src=\"https:\/\/www.visit-ulcinj.com\/blog\/wp-content\/uploads\/2012\/05\/P\u00ebrurimi-i-Biznis-Klub-Anamalit_Ulqin_Mali-i-Zi.8-150x150.jpg\" class=\"attachment-thumbnail size-thumbnail\" alt=\"\" loading=\"lazy\" \/><\/a>\n\t\t\t<\/dt><\/dl><br style=\"clear: both\" \/><dl class='gallery-item'>\n\t\t\t<dt class='gallery-icon landscape'>\n\t\t\t\t<a href='https:\/\/www.visit-ulcinj.com\/blog\/wp-content\/uploads\/2012\/05\/P\u00ebrurimi-i-Biznis-Klub-Anamalit_Ulqin_Mali-i-Zi.9.jpg'><img width=\"150\" height=\"150\" src=\"https:\/\/www.visit-ulcinj.com\/blog\/wp-content\/uploads\/2012\/05\/P\u00ebrurimi-i-Biznis-Klub-Anamalit_Ulqin_Mali-i-Zi.9-150x150.jpg\" class=\"attachment-thumbnail size-thumbnail\" alt=\"\" loading=\"lazy\" \/><\/a>\n\t\t\t<\/dt><\/dl><dl class='gallery-item'>\n\t\t\t<dt class='gallery-icon landscape'>\n\t\t\t\t<a href='https:\/\/www.visit-ulcinj.com\/blog\/wp-content\/uploads\/2012\/05\/P\u00ebrurimi-i-Biznis-Klub-Anamalit_Ulqin_Mali-i-Zi.17.jpg'><img width=\"150\" height=\"150\" src=\"https:\/\/www.visit-ulcinj.com\/blog\/wp-content\/uploads\/2012\/05\/P\u00ebrurimi-i-Biznis-Klub-Anamalit_Ulqin_Mali-i-Zi.17-150x150.jpg\" class=\"attachment-thumbnail size-thumbnail\" alt=\"\" loading=\"lazy\" \/><\/a>\n\t\t\t<\/dt><\/dl><dl class='gallery-item'>\n\t\t\t<dt class='gallery-icon landscape'>\n\t\t\t\t<a href='https:\/\/www.visit-ulcinj.com\/blog\/wp-content\/uploads\/2012\/05\/P\u00ebrurimi-i-Biznis-Klub-Anamalit_Ulqin_Mali-i-Zi.jpg'><img width=\"150\" height=\"150\" src=\"https:\/\/www.visit-ulcinj.com\/blog\/wp-content\/uploads\/2012\/05\/P\u00ebrurimi-i-Biznis-Klub-Anamalit_Ulqin_Mali-i-Zi-150x150.jpg\" class=\"attachment-thumbnail size-thumbnail\" alt=\"\" loading=\"lazy\" \/><\/a>\n\t\t\t<\/dt><\/dl><br style=\"clear: both\" \/><dl class='gallery-item'>\n\t\t\t<dt class='gallery-icon landscape'>\n\t\t\t\t<a href='https:\/\/www.visit-ulcinj.com\/blog\/wp-content\/uploads\/2012\/05\/P\u00ebrurimi-i-Biznis-Klub-Anamalit_Ulqin_Mali-i-Zi.13.jpg'><img width=\"150\" height=\"150\" src=\"https:\/\/www.visit-ulcinj.com\/blog\/wp-content\/uploads\/2012\/05\/P\u00ebrurimi-i-Biznis-Klub-Anamalit_Ulqin_Mali-i-Zi.13-150x150.jpg\" class=\"attachment-thumbnail size-thumbnail\" alt=\"\" loading=\"lazy\" \/><\/a>\n\t\t\t<\/dt><\/dl><dl class='gallery-item'>\n\t\t\t<dt class='gallery-icon landscape'>\n\t\t\t\t<a href='https:\/\/www.visit-ulcinj.com\/blog\/wp-content\/uploads\/2012\/05\/P\u00ebrurimi-i-Biznis-Klub-Anamalit_Ulqin_Mali-i-Zi.14.jpg'><img width=\"150\" height=\"150\" src=\"https:\/\/www.visit-ulcinj.com\/blog\/wp-content\/uploads\/2012\/05\/P\u00ebrurimi-i-Biznis-Klub-Anamalit_Ulqin_Mali-i-Zi.14-150x150.jpg\" class=\"attachment-thumbnail size-thumbnail\" alt=\"\" loading=\"lazy\" \/><\/a>\n\t\t\t<\/dt><\/dl><dl class='gallery-item'>\n\t\t\t<dt class='gallery-icon landscape'>\n\t\t\t\t<a href='https:\/\/www.visit-ulcinj.com\/blog\/wp-content\/uploads\/2012\/05\/P\u00ebrurimi-i-Biznis-Klub-Anamalit_Ulqin_Mali-i-Zi.15.jpg'><img width=\"150\" height=\"150\" src=\"https:\/\/www.visit-ulcinj.com\/blog\/wp-content\/uploads\/2012\/05\/P\u00ebrurimi-i-Biznis-Klub-Anamalit_Ulqin_Mali-i-Zi.15-150x150.jpg\" class=\"attachment-thumbnail size-thumbnail\" alt=\"\" loading=\"lazy\" \/><\/a>\n\t\t\t<\/dt><\/dl><br style=\"clear: both\" \/><dl class='gallery-item'>\n\t\t\t<dt class='gallery-icon landscape'>\n\t\t\t\t<a href='https:\/\/www.visit-ulcinj.com\/blog\/wp-content\/uploads\/2012\/05\/P\u00ebrurimi-i-Biznis-Klub-Anamalit_Ulqin_Mali-i-Zi.16.jpg'><img width=\"150\" height=\"150\" src=\"https:\/\/www.visit-ulcinj.com\/blog\/wp-content\/uploads\/2012\/05\/P\u00ebrurimi-i-Biznis-Klub-Anamalit_Ulqin_Mali-i-Zi.16-150x150.jpg\" class=\"attachment-thumbnail size-thumbnail\" alt=\"\" loading=\"lazy\" \/><\/a>\n\t\t\t<\/dt><\/dl><dl class='gallery-item'>\n\t\t\t<dt class='gallery-icon landscape'>\n\t\t\t\t<a href='https:\/\/www.visit-ulcinj.com\/blog\/wp-content\/uploads\/2012\/05\/P\u00ebrurimi-i-Biznis-Klub-Anamalit_Ulqin_Mali-i-Zi.181.jpg'><img width=\"150\" height=\"150\" src=\"https:\/\/www.visit-ulcinj.com\/blog\/wp-content\/uploads\/2012\/05\/P\u00ebrurimi-i-Biznis-Klub-Anamalit_Ulqin_Mali-i-Zi.181-150x150.jpg\" class=\"attachment-thumbnail size-thumbnail\" alt=\"\" loading=\"lazy\" \/><\/a>\n\t\t\t<\/dt><\/dl><dl class='gallery-item'>\n\t\t\t<dt class='gallery-icon landscape'>\n\t\t\t\t<a href='https:\/\/www.visit-ulcinj.com\/blog\/wp-content\/uploads\/2012\/05\/P\u00ebrurimi-i-Biznis-Klub-Anamalit_Ulqin_Mali-i-Zi.19.jpg'><img width=\"150\" height=\"150\" src=\"https:\/\/www.visit-ulcinj.com\/blog\/wp-content\/uploads\/2012\/05\/P\u00ebrurimi-i-Biznis-Klub-Anamalit_Ulqin_Mali-i-Zi.19-150x150.jpg\" class=\"attachment-thumbnail size-thumbnail\" alt=\"\" loading=\"lazy\" \/><\/a>\n\t\t\t<\/dt><\/dl><br style=\"clear: both\" \/>\n\t\t<\/div>\n<\/p>\n","protected":false},"excerpt":{"rendered":"<p>Anamalasit t\u00eb vendosur p\u00ebr zhviillim t\u00eb Ulqinit Ulqin, 24 maj 2012 \u2013 Bizneset nga Ana e Mali, krijuan dhe p\u00ebruruan shoqat\u00ebn e tyre e cila ka p\u00ebr q\u00ebllim p\u00ebrkrhajen, organizimin dhe zhvillimin e jet\u00ebs ekonomike dhe zhvilliimore t\u00eb gjithanshme n\u00eb An\u00ebn e Malit t\u00eb Ulqinit.\u00a0\u00a0\u201cAnamalasit historikisht kan\u00eb hapur der\u00ebn qdo kujt, koha \u00ebhst\u00eb q\u00eb t\u00eb [&hellip;]<\/p>\n","protected":false},"author":1,"featured_media":0,"comment_status":"open","ping_status":"closed","sticky":false,"template":"","format":"standard","meta":{"spay_email":"","jetpack_publicize_message":"","jetpack_is_tweetstorm":false,"jetpack_publicize_feature_enabled":true},"categories":[1,12],"tags":[3505,20567,3510,3502,3516,3511,3504,3506,3499,3509,3507,3500,3228,20478,3512,20179,3227,3513,3514,3230,20562,3501,10472,3231,13150,3508,3503,3515,3498,200,18],"jetpack_publicize_connections":[],"yoast_head":"<!-- This site is optimized with the Yoast SEO plugin v19.1 - https:\/\/yoast.com\/wordpress\/plugins\/seo\/ -->\n<title>Anamalasit p\u00ebruruan shoqat\u00ebn \u201cBiznis Klub Ana Malit\u201d + Foto - Lajme nga Ulqini<\/title>\n<meta name=\"description\" content=\"Anamalasit t\u00eb vendosur p\u00ebr zhviillim t\u00eb Ulqinit Ulqin, 24 maj 2012 \u2013 Bizneset nga Ana e Mali, krijuan dhe p\u00ebruruan shoqat\u00ebn e tyre e cila ka p\u00ebr q\u00ebllim\" \/>\n<meta name=\"robots\" content=\"index, follow, max-snippet:-1, max-image-preview:large, max-video-preview:-1\" \/>\n<link rel=\"canonical\" href=\"https:\/\/www.visit-ulcinj.com\/blog\/2012\/05\/24\/anamalasit-peruruan-shoqaten-biznis-klub-ana-malit\/\" \/>\n<meta property=\"og:locale\" content=\"en_US\" \/>\n<meta property=\"og:type\" content=\"article\" \/>\n<meta property=\"og:title\" content=\"Anamalasit p\u00ebruruan shoqat\u00ebn \u201cBiznis Klub Ana Malit\u201d + Foto - Lajme nga Ulqini\" \/>\n<meta property=\"og:description\" content=\"Anamalasit t\u00eb vendosur p\u00ebr zhviillim t\u00eb Ulqinit Ulqin, 24 maj 2012 \u2013 Bizneset nga Ana e Mali, krijuan dhe p\u00ebruruan shoqat\u00ebn e tyre e cila ka p\u00ebr q\u00ebllim\" \/>\n<meta property=\"og:url\" content=\"https:\/\/www.visit-ulcinj.com\/blog\/2012\/05\/24\/anamalasit-peruruan-shoqaten-biznis-klub-ana-malit\/\" \/>\n<meta property=\"og:site_name\" content=\"Lajme nga Ulqini\" \/>\n<meta property=\"article:published_time\" content=\"2012-05-24T13:30:23+00:00\" \/>\n<meta property=\"article:modified_time\" content=\"2012-06-03T10:08:24+00:00\" \/>\n<meta property=\"og:image\" content=\"https:\/\/www.visit-ulcinj.com\/blog\/wp-content\/uploads\/2012\/05\/Biznis-Klub-Ana-Malit_Ulqin_Mali-i-Zi-150x150.jpg\" \/>\n<meta name=\"twitter:label1\" content=\"Written by\" \/>\n\t<meta name=\"twitter:data1\" content=\"ulqini\" \/>\n\t<meta name=\"twitter:label2\" content=\"Est. reading time\" \/>\n\t<meta name=\"twitter:data2\" content=\"5 minutes\" \/>\n<script type=\"application\/ld+json\" class=\"yoast-schema-graph\">{\"@context\":\"https:\/\/schema.org\",\"@graph\":[{\"@type\":\"WebSite\",\"@id\":\"https:\/\/www.visit-ulcinj.com\/blog\/#website\",\"url\":\"https:\/\/www.visit-ulcinj.com\/blog\/\",\"name\":\"Lajme nga Ulqini\",\"description\":\"Lajme,Vijesti,Ulqini,Ulqin,Crna Gora,Mali i Zi\",\"potentialAction\":[{\"@type\":\"SearchAction\",\"target\":{\"@type\":\"EntryPoint\",\"urlTemplate\":\"https:\/\/www.visit-ulcinj.com\/blog\/?s={search_term_string}\"},\"query-input\":\"required name=search_term_string\"}],\"inLanguage\":\"en-US\"},{\"@type\":\"ImageObject\",\"inLanguage\":\"en-US\",\"@id\":\"https:\/\/www.visit-ulcinj.com\/blog\/2012\/05\/24\/anamalasit-peruruan-shoqaten-biznis-klub-ana-malit\/#primaryimage\",\"url\":\"https:\/\/www.visit-ulcinj.com\/blog\/wp-content\/uploads\/2012\/05\/Biznis-Klub-Ana-Malit_Ulqin_Mali-i-Zi.jpg\",\"contentUrl\":\"https:\/\/www.visit-ulcinj.com\/blog\/wp-content\/uploads\/2012\/05\/Biznis-Klub-Ana-Malit_Ulqin_Mali-i-Zi.jpg\",\"width\":\"960\",\"height\":\"808\"},{\"@type\":\"WebPage\",\"@id\":\"https:\/\/www.visit-ulcinj.com\/blog\/2012\/05\/24\/anamalasit-peruruan-shoqaten-biznis-klub-ana-malit\/#webpage\",\"url\":\"https:\/\/www.visit-ulcinj.com\/blog\/2012\/05\/24\/anamalasit-peruruan-shoqaten-biznis-klub-ana-malit\/\",\"name\":\"Anamalasit p\u00ebruruan shoqat\u00ebn \u201cBiznis Klub Ana Malit\u201d + Foto - Lajme nga Ulqini\",\"isPartOf\":{\"@id\":\"https:\/\/www.visit-ulcinj.com\/blog\/#website\"},\"primaryImageOfPage\":{\"@id\":\"https:\/\/www.visit-ulcinj.com\/blog\/2012\/05\/24\/anamalasit-peruruan-shoqaten-biznis-klub-ana-malit\/#primaryimage\"},\"datePublished\":\"2012-05-24T13:30:23+00:00\",\"dateModified\":\"2012-06-03T10:08:24+00:00\",\"author\":{\"@id\":\"https:\/\/www.visit-ulcinj.com\/blog\/#\/schema\/person\/dcab619c614d3038751c63bc2aadc06d\"},\"description\":\"Anamalasit t\u00eb vendosur p\u00ebr zhviillim t\u00eb Ulqinit Ulqin, 24 maj 2012 \u2013 Bizneset nga Ana e Mali, krijuan dhe p\u00ebruruan shoqat\u00ebn e tyre e cila ka p\u00ebr q\u00ebllim\",\"breadcrumb\":{\"@id\":\"https:\/\/www.visit-ulcinj.com\/blog\/2012\/05\/24\/anamalasit-peruruan-shoqaten-biznis-klub-ana-malit\/#breadcrumb\"},\"inLanguage\":\"en-US\",\"potentialAction\":[{\"@type\":\"ReadAction\",\"target\":[\"https:\/\/www.visit-ulcinj.com\/blog\/2012\/05\/24\/anamalasit-peruruan-shoqaten-biznis-klub-ana-malit\/\"]}]},{\"@type\":\"BreadcrumbList\",\"@id\":\"https:\/\/www.visit-ulcinj.com\/blog\/2012\/05\/24\/anamalasit-peruruan-shoqaten-biznis-klub-ana-malit\/#breadcrumb\",\"itemListElement\":[{\"@type\":\"ListItem\",\"position\":1,\"name\":\"Anamalasit p\u00ebruruan shoqat\u00ebn \u201cBiznis Klub Ana Malit\u201d + Foto\"}]},{\"@type\":\"Person\",\"@id\":\"https:\/\/www.visit-ulcinj.com\/blog\/#\/schema\/person\/dcab619c614d3038751c63bc2aadc06d\",\"name\":\"ulqini\",\"sameAs\":[\"http:\/\/www.visit-ulcinj.com\"],\"url\":\"https:\/\/www.visit-ulcinj.com\/blog\/author\/admin\/\"}]}<\/script>\n<!-- \/ Yoast SEO plugin. -->","yoast_head_json":{"title":"Anamalasit p\u00ebruruan shoqat\u00ebn \u201cBiznis Klub Ana Malit\u201d + Foto - Lajme nga Ulqini","description":"Anamalasit t\u00eb vendosur p\u00ebr zhviillim t\u00eb Ulqinit Ulqin, 24 maj 2012 \u2013 Bizneset nga Ana e Mali, krijuan dhe p\u00ebruruan shoqat\u00ebn e tyre e cila ka p\u00ebr q\u00ebllim","robots":{"index":"index","follow":"follow","max-snippet":"max-snippet:-1","max-image-preview":"max-image-preview:large","max-video-preview":"max-video-preview:-1"},"canonical":"https:\/\/www.visit-ulcinj.com\/blog\/2012\/05\/24\/anamalasit-peruruan-shoqaten-biznis-klub-ana-malit\/","og_locale":"en_US","og_type":"article","og_title":"Anamalasit p\u00ebruruan shoqat\u00ebn \u201cBiznis Klub Ana Malit\u201d + Foto - Lajme nga Ulqini","og_description":"Anamalasit t\u00eb vendosur p\u00ebr zhviillim t\u00eb Ulqinit Ulqin, 24 maj 2012 \u2013 Bizneset nga Ana e Mali, krijuan dhe p\u00ebruruan shoqat\u00ebn e tyre e cila ka p\u00ebr q\u00ebllim","og_url":"https:\/\/www.visit-ulcinj.com\/blog\/2012\/05\/24\/anamalasit-peruruan-shoqaten-biznis-klub-ana-malit\/","og_site_name":"Lajme nga Ulqini","article_published_time":"2012-05-24T13:30:23+00:00","article_modified_time":"2012-06-03T10:08:24+00:00","og_image":[{"url":"https:\/\/www.visit-ulcinj.com\/blog\/wp-content\/uploads\/2012\/05\/Biznis-Klub-Ana-Malit_Ulqin_Mali-i-Zi-150x150.jpg"}],"twitter_misc":{"Written by":"ulqini","Est. reading time":"5 minutes"},"schema":{"@context":"https:\/\/schema.org","@graph":[{"@type":"WebSite","@id":"https:\/\/www.visit-ulcinj.com\/blog\/#website","url":"https:\/\/www.visit-ulcinj.com\/blog\/","name":"Lajme nga Ulqini","description":"Lajme,Vijesti,Ulqini,Ulqin,Crna Gora,Mali i Zi","potentialAction":[{"@type":"SearchAction","target":{"@type":"EntryPoint","urlTemplate":"https:\/\/www.visit-ulcinj.com\/blog\/?s={search_term_string}"},"query-input":"required name=search_term_string"}],"inLanguage":"en-US"},{"@type":"ImageObject","inLanguage":"en-US","@id":"https:\/\/www.visit-ulcinj.com\/blog\/2012\/05\/24\/anamalasit-peruruan-shoqaten-biznis-klub-ana-malit\/#primaryimage","url":"https:\/\/www.visit-ulcinj.com\/blog\/wp-content\/uploads\/2012\/05\/Biznis-Klub-Ana-Malit_Ulqin_Mali-i-Zi.jpg","contentUrl":"https:\/\/www.visit-ulcinj.com\/blog\/wp-content\/uploads\/2012\/05\/Biznis-Klub-Ana-Malit_Ulqin_Mali-i-Zi.jpg","width":"960","height":"808"},{"@type":"WebPage","@id":"https:\/\/www.visit-ulcinj.com\/blog\/2012\/05\/24\/anamalasit-peruruan-shoqaten-biznis-klub-ana-malit\/#webpage","url":"https:\/\/www.visit-ulcinj.com\/blog\/2012\/05\/24\/anamalasit-peruruan-shoqaten-biznis-klub-ana-malit\/","name":"Anamalasit p\u00ebruruan shoqat\u00ebn \u201cBiznis Klub Ana Malit\u201d + Foto - Lajme nga Ulqini","isPartOf":{"@id":"https:\/\/www.visit-ulcinj.com\/blog\/#website"},"primaryImageOfPage":{"@id":"https:\/\/www.visit-ulcinj.com\/blog\/2012\/05\/24\/anamalasit-peruruan-shoqaten-biznis-klub-ana-malit\/#primaryimage"},"datePublished":"2012-05-24T13:30:23+00:00","dateModified":"2012-06-03T10:08:24+00:00","author":{"@id":"https:\/\/www.visit-ulcinj.com\/blog\/#\/schema\/person\/dcab619c614d3038751c63bc2aadc06d"},"description":"Anamalasit t\u00eb vendosur p\u00ebr zhviillim t\u00eb Ulqinit Ulqin, 24 maj 2012 \u2013 Bizneset nga Ana e Mali, krijuan dhe p\u00ebruruan shoqat\u00ebn e tyre e cila ka p\u00ebr q\u00ebllim","breadcrumb":{"@id":"https:\/\/www.visit-ulcinj.com\/blog\/2012\/05\/24\/anamalasit-peruruan-shoqaten-biznis-klub-ana-malit\/#breadcrumb"},"inLanguage":"en-US","potentialAction":[{"@type":"ReadAction","target":["https:\/\/www.visit-ulcinj.com\/blog\/2012\/05\/24\/anamalasit-peruruan-shoqaten-biznis-klub-ana-malit\/"]}]},{"@type":"BreadcrumbList","@id":"https:\/\/www.visit-ulcinj.com\/blog\/2012\/05\/24\/anamalasit-peruruan-shoqaten-biznis-klub-ana-malit\/#breadcrumb","itemListElement":[{"@type":"ListItem","position":1,"name":"Anamalasit p\u00ebruruan shoqat\u00ebn \u201cBiznis Klub Ana Malit\u201d + Foto"}]},{"@type":"Person","@id":"https:\/\/www.visit-ulcinj.com\/blog\/#\/schema\/person\/dcab619c614d3038751c63bc2aadc06d","name":"ulqini","sameAs":["http:\/\/www.visit-ulcinj.com"],"url":"https:\/\/www.visit-ulcinj.com\/blog\/author\/admin\/"}]}},"jetpack_featured_media_url":"","jetpack_sharing_enabled":true,"jetpack_shortlink":"https:\/\/wp.me\/pe6lTn-fQt","_links":{"self":[{"href":"https:\/\/www.visit-ulcinj.com\/blog\/wp-json\/wp\/v2\/posts\/60913"}],"collection":[{"href":"https:\/\/www.visit-ulcinj.com\/blog\/wp-json\/wp\/v2\/posts"}],"about":[{"href":"https:\/\/www.visit-ulcinj.com\/blog\/wp-json\/wp\/v2\/types\/post"}],"author":[{"embeddable":true,"href":"https:\/\/www.visit-ulcinj.com\/blog\/wp-json\/wp\/v2\/users\/1"}],"replies":[{"embeddable":true,"href":"https:\/\/www.visit-ulcinj.com\/blog\/wp-json\/wp\/v2\/comments?post=60913"}],"version-history":[{"count":8,"href":"https:\/\/www.visit-ulcinj.com\/blog\/wp-json\/wp\/v2\/posts\/60913\/revisions"}],"predecessor-version":[{"id":61277,"href":"https:\/\/www.visit-ulcinj.com\/blog\/wp-json\/wp\/v2\/posts\/60913\/revisions\/61277"}],"wp:attachment":[{"href":"https:\/\/www.visit-ulcinj.com\/blog\/wp-json\/wp\/v2\/media?parent=60913"}],"wp:term":[{"taxonomy":"category","embeddable":true,"href":"https:\/\/www.visit-ulcinj.com\/blog\/wp-json\/wp\/v2\/categories?post=60913"},{"taxonomy":"post_tag","embeddable":true,"href":"https:\/\/www.visit-ulcinj.com\/blog\/wp-json\/wp\/v2\/tags?post=60913"}],"curies":[{"name":"wp","href":"https:\/\/api.w.org\/{rel}","templated":true}]}}