{"id":60950,"date":"2012-05-25T07:35:48","date_gmt":"2012-05-25T06:35:48","guid":{"rendered":"http:\/\/www.visit-ulcinj.com\/blog\/?p=60950"},"modified":"2012-05-25T15:35:36","modified_gmt":"2012-05-25T14:35:36","slug":"art-club-aksioni-i-dhurimit-te-librave-per-biblioteken-ne-junik","status":"publish","type":"post","link":"https:\/\/www.visit-ulcinj.com\/blog\/2012\/05\/25\/art-club-aksioni-i-dhurimit-te-librave-per-biblioteken-ne-junik\/","title":{"rendered":"Art Club &#8211; Aksioni i dhurimit te librave per Biblioteken ne Junik"},"content":{"rendered":"<p><a href=\"http:\/\/www.visit-ulcinj.com\/blog\/wp-content\/uploads\/2012\/05\/Shoqata-Art-Club-Ulqin.1.jpg\"><img loading=\"lazy\" class=\"alignleft  wp-image-60188\" title=\"Shoqata Art Club Ulqin.1\" src=\"http:\/\/www.visit-ulcinj.com\/blog\/wp-content\/uploads\/2012\/05\/Shoqata-Art-Club-Ulqin.1.jpg\" alt=\"\" width=\"508\" height=\"138\" \/><\/a><strong><a href=\"http:\/\/www.visit-ulcinj.com\/blog\/wp-content\/uploads\/2012\/05\/Art-Club-Aksioni-i-dhurimit-te-librave-per-Biblioteken-ne-Junik.jpg\"><img loading=\"lazy\" class=\"alignleft  wp-image-60951\" title=\"Art Club - Aksioni i dhurimit te librave per Biblioteken ne Junik\" src=\"http:\/\/www.visit-ulcinj.com\/blog\/wp-content\/uploads\/2012\/05\/Art-Club-Aksioni-i-dhurimit-te-librave-per-Biblioteken-ne-Junik.jpg\" alt=\"\" width=\"508\" height=\"360\" \/><\/a>P\u00ebrfaq\u00ebsues nga Ulqini dhurojn\u00eb libra bibliotek\u00ebs s\u00eb Junikut &#8211; 24 maj 2012<\/strong><br \/>\nKryetari i Komun\u00ebs s\u00eb Junikut, Agron Ku\u00e7i priti sot p\u00ebrfaq\u00ebsues t\u00eb artist\u00ebve dhe intelektual\u00ebve shqiptar nga Ulqini. Shoqata e Artist\u00ebve dhe Intelektual\u00ebve shqiptar n\u00eb Mal t\u00eb Zi ka sjellur nj\u00eb num\u00ebr simbolik t\u00eb librave, p\u00ebr t\u00eb pasuruar bibliotek\u00ebn junikasve n\u00eb k\u00ebt\u00eb 100 vjetor t\u00eb Kuvendit t\u00eb Junikut.<\/p>\n<p>Kryetari Ku\u00e7i, fal\u00ebnderoi Shoqat\u00ebn e Artist\u00ebve dhe Intelektual\u00ebve nga Ulqini p\u00ebr librat e dhuruar, ai po ashtu, fal\u00ebnderoj shqiptar\u00ebt n\u00eb Mal t\u00eb Zi p\u00ebr kontributin e tyre, q\u00eb n\u00eb vazhdim\u00ebsi e b\u00ebj\u00ebn p\u00ebr shqiptar\u00ebt n\u00eb Kosov\u00eb. Sipas Ku\u00e7it \u201ckjo dhurat\u00eb modeste, k\u00ebto libra jan\u00eb pasuri p\u00ebr Kull\u00ebn, p\u00ebr bibliotek\u00ebn, p\u00ebr nx\u00ebn\u00ebsit dhe qytetar\u00ebt e Junikut\u201d.<br \/>\nKryetari shprehi fal\u00ebnderim edhe p\u00ebr vizit\u00ebn artist\u00ebve dhe intelektual\u00ebve n\u00eb k\u00ebt\u00eb 100 vjetor t\u00eb Kuvendit t\u00eb Junikut, q\u00eb i priu Pavar\u00ebsis\u00eb s\u00eb Shqip\u00ebris\u00eb.<\/p>\n<p>Nd\u00ebrsa , Ali Salaj n\u00eb em\u00ebr t\u00eb Shoqat\u00ebs s\u00eb Artist\u00ebve dhe Intelektual\u00ebve t\u00eb \u201cART CLUB\u201d nga Ulqini deklaroj:<\/p>\n<p>\u201c Shprehim nj\u00eb k\u00ebnaq\u00ebsi t\u00eb ve\u00e7ant\u00eb q\u00eb sot gjendemi n\u00eb Junik p\u00ebr t\u00eb kryer nj\u00eb veprimtari modeste kulturore, por shum\u00eb simbolike p\u00ebr kombin ton\u00eb n\u00eb 100 vjetorin e Pavar\u00ebsis\u00eb. Shoqata e Artist\u00ebve dhe Intelektual\u00ebve \u201cArt Club\u201d nga Ulqini dhuron botimet e veta n\u00eb nj\u00eb bibliotek\u00eb t\u00eb rind\u00ebrtuar n\u00eb Kull\u00ebn e Hoxhajve e cila \u00ebsht\u00eb g\u00ebrshetim m\u00eb t\u00eb bukur\u00ebs: ruajta e trash\u00ebgimis\u00eb kulturore me simbolin e dijes, me librin. \u00cbsht\u00eb ky nj\u00eb g\u00ebrshetim i heroizmit dhe dituris\u00eb. Kulla me rezistenc\u00ebn komb\u00ebtare me urtin\u00eb dhe men\u00e7urin\u00eb ofron vend nderi Librit, Shkrimtarit , Poetit.<\/p>\n<p>Kjo bibliotek\u00eb n\u00eb Kull\u00ebn e Hoxhajve tregon se librin shqip nuk mund ta zhduk as dhuna as terrori, q\u00eb gjat\u00eb viteve t\u00eb `90-ta, ushtroi pushteti serb duke djegur disa biblioteka n\u00eb Junik dhe De\u00e7an me mbi 100 mij\u00eb libra. Ishte kjo dhun\u00eb q\u00eb shqiptar\u00ebt i motivon edhe m\u00eb shum\u00eb p\u00ebr t`iu p\u00ebrkushtuar n\u00eb m\u00ebnyr\u00eb serioze tradit\u00ebs dhe kultur\u00ebs komb\u00ebtare.<\/p>\n<p>Shqiptar\u00ebt n\u00eb Mal t\u00eb Zi, i kan\u00eb mb\u00ebshtetur dhe jan\u00eb p\u00ebrkujdesur p\u00ebr t\u00eb d\u00ebbuarit e luft\u00ebs s\u00eb Kosov\u00ebs, kurse m\u00ebrgata shqiptare n\u00eb Mal t\u00eb Zi n\u00eb Amerik\u00eb i ka kontribuar jasht\u00ebzakonisht \u00e7\u00ebshtjes s\u00eb Kosov\u00ebs, prandaj k\u00ebto lidhje t\u00eb sinqerta midis nj\u00eb populli t\u00eb ndar\u00eb duhet ti ruajm\u00eb dhe ti kultivojm\u00eb edhe m\u00eb shum\u00eb qoft\u00eb p\u00ebrmes artit, kultur\u00ebs apo edhe sportit. Edhe k\u00ebto libra t\u00eb krijuesve shqiptar\u00eb nga Mali i Zi dueht t\u00eb sh\u00ebrbejn\u00eb si nj\u00eb ur\u00eb bashk\u00ebpunimi, por edhe si nj\u00eb shenj\u00eb p\u00ebrkujtimi q\u00eb n\u00eb nj\u00eb cep t\u00eb atdheut ton\u00eb jeton dhe vepron nj\u00eb deg\u00eb e kultur\u00ebs shqiptare \u201c , p\u00ebrfundon fjalimi i Z. Salaj.<\/p>\n<p><strong>Ismet Kallaba<br \/>\nLajme nga Ulqini<br \/>\n<\/strong><\/p>\n","protected":false},"excerpt":{"rendered":"<p>P\u00ebrfaq\u00ebsues nga Ulqini dhurojn\u00eb libra bibliotek\u00ebs s\u00eb Junikut &#8211; 24 maj 2012 Kryetari i Komun\u00ebs s\u00eb Junikut, Agron Ku\u00e7i priti sot p\u00ebrfaq\u00ebsues t\u00eb artist\u00ebve dhe intelektual\u00ebve shqiptar nga Ulqini. Shoqata e Artist\u00ebve dhe Intelektual\u00ebve shqiptar n\u00eb Mal t\u00eb Zi ka sjellur nj\u00eb num\u00ebr simbolik t\u00eb librave, p\u00ebr t\u00eb pasuruar bibliotek\u00ebn junikasve n\u00eb k\u00ebt\u00eb 100 vjetor [&hellip;]<\/p>\n","protected":false},"author":1,"featured_media":0,"comment_status":"open","ping_status":"closed","sticky":false,"template":"","format":"standard","meta":{"spay_email":"","jetpack_publicize_message":"","jetpack_is_tweetstorm":false,"jetpack_publicize_feature_enabled":true},"categories":[4],"tags":[16830,20568,200,18],"jetpack_publicize_connections":[],"yoast_head":"<!-- This site is optimized with the Yoast SEO plugin v19.1 - https:\/\/yoast.com\/wordpress\/plugins\/seo\/ -->\n<title>Art Club - Aksioni i dhurimit te librave per Biblioteken ne Junik - Lajme nga Ulqini<\/title>\n<meta name=\"description\" content=\"P\u00ebrfaq\u00ebsues nga Ulqini dhurojn\u00eb libra bibliotek\u00ebs s\u00eb Junikut - 24 maj 2012 Kryetari i Komun\u00ebs s\u00eb Junikut, Agron Ku\u00e7i priti sot p\u00ebrfaq\u00ebsues t\u00eb artist\u00ebve\" \/>\n<meta name=\"robots\" content=\"index, follow, max-snippet:-1, max-image-preview:large, max-video-preview:-1\" \/>\n<link rel=\"canonical\" href=\"https:\/\/www.visit-ulcinj.com\/blog\/2012\/05\/25\/art-club-aksioni-i-dhurimit-te-librave-per-biblioteken-ne-junik\/\" \/>\n<meta property=\"og:locale\" content=\"en_US\" \/>\n<meta property=\"og:type\" content=\"article\" \/>\n<meta property=\"og:title\" content=\"Art Club - Aksioni i dhurimit te librave per Biblioteken ne Junik - Lajme nga Ulqini\" \/>\n<meta property=\"og:description\" content=\"P\u00ebrfaq\u00ebsues nga Ulqini dhurojn\u00eb libra bibliotek\u00ebs s\u00eb Junikut - 24 maj 2012 Kryetari i Komun\u00ebs s\u00eb Junikut, Agron Ku\u00e7i priti sot p\u00ebrfaq\u00ebsues t\u00eb artist\u00ebve\" \/>\n<meta property=\"og:url\" content=\"https:\/\/www.visit-ulcinj.com\/blog\/2012\/05\/25\/art-club-aksioni-i-dhurimit-te-librave-per-biblioteken-ne-junik\/\" \/>\n<meta property=\"og:site_name\" content=\"Lajme nga Ulqini\" \/>\n<meta property=\"article:published_time\" content=\"2012-05-25T06:35:48+00:00\" \/>\n<meta property=\"article:modified_time\" content=\"2012-05-25T14:35:36+00:00\" \/>\n<meta property=\"og:image\" content=\"http:\/\/www.visit-ulcinj.com\/blog\/wp-content\/uploads\/2012\/05\/Shoqata-Art-Club-Ulqin.1.jpg\" \/>\n<meta name=\"twitter:label1\" content=\"Written by\" \/>\n\t<meta name=\"twitter:data1\" content=\"ulqini\" \/>\n\t<meta name=\"twitter:label2\" content=\"Est. reading time\" \/>\n\t<meta name=\"twitter:data2\" content=\"3 minutes\" \/>\n<script type=\"application\/ld+json\" class=\"yoast-schema-graph\">{\"@context\":\"https:\/\/schema.org\",\"@graph\":[{\"@type\":\"WebSite\",\"@id\":\"https:\/\/www.visit-ulcinj.com\/blog\/#website\",\"url\":\"https:\/\/www.visit-ulcinj.com\/blog\/\",\"name\":\"Lajme nga Ulqini\",\"description\":\"Lajme,Vijesti,Ulqini,Ulqin,Crna Gora,Mali i Zi\",\"potentialAction\":[{\"@type\":\"SearchAction\",\"target\":{\"@type\":\"EntryPoint\",\"urlTemplate\":\"https:\/\/www.visit-ulcinj.com\/blog\/?s={search_term_string}\"},\"query-input\":\"required name=search_term_string\"}],\"inLanguage\":\"en-US\"},{\"@type\":\"ImageObject\",\"inLanguage\":\"en-US\",\"@id\":\"https:\/\/www.visit-ulcinj.com\/blog\/2012\/05\/25\/art-club-aksioni-i-dhurimit-te-librave-per-biblioteken-ne-junik\/#primaryimage\",\"url\":\"https:\/\/www.visit-ulcinj.com\/blog\/wp-content\/uploads\/2012\/05\/Shoqata-Art-Club-Ulqin.1.jpg\",\"contentUrl\":\"https:\/\/www.visit-ulcinj.com\/blog\/wp-content\/uploads\/2012\/05\/Shoqata-Art-Club-Ulqin.1.jpg\",\"width\":\"625\",\"height\":\"138\"},{\"@type\":\"WebPage\",\"@id\":\"https:\/\/www.visit-ulcinj.com\/blog\/2012\/05\/25\/art-club-aksioni-i-dhurimit-te-librave-per-biblioteken-ne-junik\/#webpage\",\"url\":\"https:\/\/www.visit-ulcinj.com\/blog\/2012\/05\/25\/art-club-aksioni-i-dhurimit-te-librave-per-biblioteken-ne-junik\/\",\"name\":\"Art Club - Aksioni i dhurimit te librave per Biblioteken ne Junik - Lajme nga Ulqini\",\"isPartOf\":{\"@id\":\"https:\/\/www.visit-ulcinj.com\/blog\/#website\"},\"primaryImageOfPage\":{\"@id\":\"https:\/\/www.visit-ulcinj.com\/blog\/2012\/05\/25\/art-club-aksioni-i-dhurimit-te-librave-per-biblioteken-ne-junik\/#primaryimage\"},\"datePublished\":\"2012-05-25T06:35:48+00:00\",\"dateModified\":\"2012-05-25T14:35:36+00:00\",\"author\":{\"@id\":\"https:\/\/www.visit-ulcinj.com\/blog\/#\/schema\/person\/dcab619c614d3038751c63bc2aadc06d\"},\"description\":\"P\u00ebrfaq\u00ebsues nga Ulqini dhurojn\u00eb libra bibliotek\u00ebs s\u00eb Junikut - 24 maj 2012 Kryetari i Komun\u00ebs s\u00eb Junikut, Agron Ku\u00e7i priti sot p\u00ebrfaq\u00ebsues t\u00eb artist\u00ebve\",\"breadcrumb\":{\"@id\":\"https:\/\/www.visit-ulcinj.com\/blog\/2012\/05\/25\/art-club-aksioni-i-dhurimit-te-librave-per-biblioteken-ne-junik\/#breadcrumb\"},\"inLanguage\":\"en-US\",\"potentialAction\":[{\"@type\":\"ReadAction\",\"target\":[\"https:\/\/www.visit-ulcinj.com\/blog\/2012\/05\/25\/art-club-aksioni-i-dhurimit-te-librave-per-biblioteken-ne-junik\/\"]}]},{\"@type\":\"BreadcrumbList\",\"@id\":\"https:\/\/www.visit-ulcinj.com\/blog\/2012\/05\/25\/art-club-aksioni-i-dhurimit-te-librave-per-biblioteken-ne-junik\/#breadcrumb\",\"itemListElement\":[{\"@type\":\"ListItem\",\"position\":1,\"name\":\"Art Club &#8211; Aksioni i dhurimit te librave per Biblioteken ne Junik\"}]},{\"@type\":\"Person\",\"@id\":\"https:\/\/www.visit-ulcinj.com\/blog\/#\/schema\/person\/dcab619c614d3038751c63bc2aadc06d\",\"name\":\"ulqini\",\"sameAs\":[\"http:\/\/www.visit-ulcinj.com\"],\"url\":\"https:\/\/www.visit-ulcinj.com\/blog\/author\/admin\/\"}]}<\/script>\n<!-- \/ Yoast SEO plugin. -->","yoast_head_json":{"title":"Art Club - Aksioni i dhurimit te librave per Biblioteken ne Junik - Lajme nga Ulqini","description":"P\u00ebrfaq\u00ebsues nga Ulqini dhurojn\u00eb libra bibliotek\u00ebs s\u00eb Junikut - 24 maj 2012 Kryetari i Komun\u00ebs s\u00eb Junikut, Agron Ku\u00e7i priti sot p\u00ebrfaq\u00ebsues t\u00eb artist\u00ebve","robots":{"index":"index","follow":"follow","max-snippet":"max-snippet:-1","max-image-preview":"max-image-preview:large","max-video-preview":"max-video-preview:-1"},"canonical":"https:\/\/www.visit-ulcinj.com\/blog\/2012\/05\/25\/art-club-aksioni-i-dhurimit-te-librave-per-biblioteken-ne-junik\/","og_locale":"en_US","og_type":"article","og_title":"Art Club - Aksioni i dhurimit te librave per Biblioteken ne Junik - Lajme nga Ulqini","og_description":"P\u00ebrfaq\u00ebsues nga Ulqini dhurojn\u00eb libra bibliotek\u00ebs s\u00eb Junikut - 24 maj 2012 Kryetari i Komun\u00ebs s\u00eb Junikut, Agron Ku\u00e7i priti sot p\u00ebrfaq\u00ebsues t\u00eb artist\u00ebve","og_url":"https:\/\/www.visit-ulcinj.com\/blog\/2012\/05\/25\/art-club-aksioni-i-dhurimit-te-librave-per-biblioteken-ne-junik\/","og_site_name":"Lajme nga Ulqini","article_published_time":"2012-05-25T06:35:48+00:00","article_modified_time":"2012-05-25T14:35:36+00:00","og_image":[{"url":"http:\/\/www.visit-ulcinj.com\/blog\/wp-content\/uploads\/2012\/05\/Shoqata-Art-Club-Ulqin.1.jpg"}],"twitter_misc":{"Written by":"ulqini","Est. reading time":"3 minutes"},"schema":{"@context":"https:\/\/schema.org","@graph":[{"@type":"WebSite","@id":"https:\/\/www.visit-ulcinj.com\/blog\/#website","url":"https:\/\/www.visit-ulcinj.com\/blog\/","name":"Lajme nga Ulqini","description":"Lajme,Vijesti,Ulqini,Ulqin,Crna Gora,Mali i Zi","potentialAction":[{"@type":"SearchAction","target":{"@type":"EntryPoint","urlTemplate":"https:\/\/www.visit-ulcinj.com\/blog\/?s={search_term_string}"},"query-input":"required name=search_term_string"}],"inLanguage":"en-US"},{"@type":"ImageObject","inLanguage":"en-US","@id":"https:\/\/www.visit-ulcinj.com\/blog\/2012\/05\/25\/art-club-aksioni-i-dhurimit-te-librave-per-biblioteken-ne-junik\/#primaryimage","url":"https:\/\/www.visit-ulcinj.com\/blog\/wp-content\/uploads\/2012\/05\/Shoqata-Art-Club-Ulqin.1.jpg","contentUrl":"https:\/\/www.visit-ulcinj.com\/blog\/wp-content\/uploads\/2012\/05\/Shoqata-Art-Club-Ulqin.1.jpg","width":"625","height":"138"},{"@type":"WebPage","@id":"https:\/\/www.visit-ulcinj.com\/blog\/2012\/05\/25\/art-club-aksioni-i-dhurimit-te-librave-per-biblioteken-ne-junik\/#webpage","url":"https:\/\/www.visit-ulcinj.com\/blog\/2012\/05\/25\/art-club-aksioni-i-dhurimit-te-librave-per-biblioteken-ne-junik\/","name":"Art Club - Aksioni i dhurimit te librave per Biblioteken ne Junik - Lajme nga Ulqini","isPartOf":{"@id":"https:\/\/www.visit-ulcinj.com\/blog\/#website"},"primaryImageOfPage":{"@id":"https:\/\/www.visit-ulcinj.com\/blog\/2012\/05\/25\/art-club-aksioni-i-dhurimit-te-librave-per-biblioteken-ne-junik\/#primaryimage"},"datePublished":"2012-05-25T06:35:48+00:00","dateModified":"2012-05-25T14:35:36+00:00","author":{"@id":"https:\/\/www.visit-ulcinj.com\/blog\/#\/schema\/person\/dcab619c614d3038751c63bc2aadc06d"},"description":"P\u00ebrfaq\u00ebsues nga Ulqini dhurojn\u00eb libra bibliotek\u00ebs s\u00eb Junikut - 24 maj 2012 Kryetari i Komun\u00ebs s\u00eb Junikut, Agron Ku\u00e7i priti sot p\u00ebrfaq\u00ebsues t\u00eb artist\u00ebve","breadcrumb":{"@id":"https:\/\/www.visit-ulcinj.com\/blog\/2012\/05\/25\/art-club-aksioni-i-dhurimit-te-librave-per-biblioteken-ne-junik\/#breadcrumb"},"inLanguage":"en-US","potentialAction":[{"@type":"ReadAction","target":["https:\/\/www.visit-ulcinj.com\/blog\/2012\/05\/25\/art-club-aksioni-i-dhurimit-te-librave-per-biblioteken-ne-junik\/"]}]},{"@type":"BreadcrumbList","@id":"https:\/\/www.visit-ulcinj.com\/blog\/2012\/05\/25\/art-club-aksioni-i-dhurimit-te-librave-per-biblioteken-ne-junik\/#breadcrumb","itemListElement":[{"@type":"ListItem","position":1,"name":"Art Club &#8211; Aksioni i dhurimit te librave per Biblioteken ne Junik"}]},{"@type":"Person","@id":"https:\/\/www.visit-ulcinj.com\/blog\/#\/schema\/person\/dcab619c614d3038751c63bc2aadc06d","name":"ulqini","sameAs":["http:\/\/www.visit-ulcinj.com"],"url":"https:\/\/www.visit-ulcinj.com\/blog\/author\/admin\/"}]}},"jetpack_featured_media_url":"","jetpack_sharing_enabled":true,"jetpack_shortlink":"https:\/\/wp.me\/pe6lTn-fR4","_links":{"self":[{"href":"https:\/\/www.visit-ulcinj.com\/blog\/wp-json\/wp\/v2\/posts\/60950"}],"collection":[{"href":"https:\/\/www.visit-ulcinj.com\/blog\/wp-json\/wp\/v2\/posts"}],"about":[{"href":"https:\/\/www.visit-ulcinj.com\/blog\/wp-json\/wp\/v2\/types\/post"}],"author":[{"embeddable":true,"href":"https:\/\/www.visit-ulcinj.com\/blog\/wp-json\/wp\/v2\/users\/1"}],"replies":[{"embeddable":true,"href":"https:\/\/www.visit-ulcinj.com\/blog\/wp-json\/wp\/v2\/comments?post=60950"}],"version-history":[{"count":3,"href":"https:\/\/www.visit-ulcinj.com\/blog\/wp-json\/wp\/v2\/posts\/60950\/revisions"}],"predecessor-version":[{"id":60961,"href":"https:\/\/www.visit-ulcinj.com\/blog\/wp-json\/wp\/v2\/posts\/60950\/revisions\/60961"}],"wp:attachment":[{"href":"https:\/\/www.visit-ulcinj.com\/blog\/wp-json\/wp\/v2\/media?parent=60950"}],"wp:term":[{"taxonomy":"category","embeddable":true,"href":"https:\/\/www.visit-ulcinj.com\/blog\/wp-json\/wp\/v2\/categories?post=60950"},{"taxonomy":"post_tag","embeddable":true,"href":"https:\/\/www.visit-ulcinj.com\/blog\/wp-json\/wp\/v2\/tags?post=60950"}],"curies":[{"name":"wp","href":"https:\/\/api.w.org\/{rel}","templated":true}]}}