{"id":60957,"date":"2012-05-25T15:28:53","date_gmt":"2012-05-25T14:28:53","guid":{"rendered":"http:\/\/www.visit-ulcinj.com\/blog\/?p=60957"},"modified":"2012-05-25T15:28:53","modified_gmt":"2012-05-25T14:28:53","slug":"forca-takimit-e-forumeve-rinore-mbareshqiptare","status":"publish","type":"post","link":"https:\/\/www.visit-ulcinj.com\/blog\/2012\/05\/25\/forca-takimit-e-forumeve-rinore-mbareshqiptare\/","title":{"rendered":"Forca: Takimit e Forumeve Rinore mbareshqiptare"},"content":{"rendered":"<p><strong><a href=\"http:\/\/www.visit-ulcinj.com\/blog\/wp-content\/uploads\/2012\/05\/Forca-Rinore-Ulqin.jpg\"><img loading=\"lazy\" class=\"alignleft size-full wp-image-60958\" title=\"Forca Rinore Ulqin\" src=\"http:\/\/www.visit-ulcinj.com\/blog\/wp-content\/uploads\/2012\/05\/Forca-Rinore-Ulqin.jpg\" alt=\"\" width=\"300\" height=\"300\" srcset=\"https:\/\/www.visit-ulcinj.com\/blog\/wp-content\/uploads\/2012\/05\/Forca-Rinore-Ulqin.jpg 300w, https:\/\/www.visit-ulcinj.com\/blog\/wp-content\/uploads\/2012\/05\/Forca-Rinore-Ulqin-150x150.jpg 150w\" sizes=\"(max-width: 300px) 100vw, 300px\" \/><\/a>Po ju njoftoje per takimin e radhes te Forumeve Rinore mbareshqiptare, qe kete radhe organizohet nga Forca Rinore<\/strong><\/p>\n<p>Takimin e III I Forumeve Rinore mbareshqiptare kete radhe do te mbahet ne Ulqin i cili vijon pas takimeve qe jane mbajtur ne Shkup dhe Prishtine. Qellimi i ketij organizimi eshte bashkepunimi per organizimin e nje evenimenti kulturor dhe sportiv, si dhe per organizimin e kampeve verore ne viset Shqipetare. Vemendja e kesaj lidhjeje eshte fokusuar ne ndikimin e te rinjve ne procesin e integrimeve rajonale dhe nderkombetare. Nikoqir i ketij takimi eshte Forca Rinore e cila eshte e nderuar per kete lloj besimi qe u dha nga forrumet e tjera rinore.<\/p>\n<p><strong>Takimi do t\u00eb mbahet me dat\u00eb 26 Maj 2012 n\u00eb Hotelin Otrant &#8211; Ulqin dhe tem\u00eb kryesore do t\u00eb ket\u00eb:<\/strong><\/p>\n<p>&#8211;\u00a0\u00a0\u00a0\u00a0\u00a0\u00a0\u00a0\u00a0\u00a0 Hartimi dhe n\u00ebnshkrimi i deklarat\u00ebs s\u00eb p\u00ebrbashk\u00ebt t\u00eb gjitha forumeve rinore politike shqiptare n\u00eb 100 vjetorin e pavar\u00ebsis\u00eb s\u00eb Shqip\u00ebris\u00eb.<\/p>\n<p>&#8211;\u00a0\u00a0\u00a0\u00a0\u00a0\u00a0\u00a0\u00a0\u00a0 Koordinimi i aktiviteteve tona si te rinj p\u00ebr sh\u00ebnimin e 100 vjetorit te pavar\u00ebsis\u00eb se Shqip\u00ebris\u00eb.<\/p>\n<p>&#8211;\u00a0\u00a0\u00a0\u00a0\u00a0\u00a0\u00a0\u00a0\u00a0 Percaktimi i aktiviteteve finale dhe koordinimi i tyre ne kohe<\/p>\n<p>&#8211;\u00a0\u00a0\u00a0\u00a0\u00a0\u00a0\u00a0\u00a0\u00a0 Caktimi i agjend\u00ebs s\u00eb aktiviteteve q\u00eb do t\u00eb organizohen p\u00ebr k\u00ebt\u00eb q\u00ebllim.<\/p>\n<p>&#8211;\u00a0\u00a0\u00a0\u00a0\u00a0\u00a0\u00a0\u00a0\u00a0 Jeni t\u00eb lir\u00eb dhe jane te mir\u00ebseardhura propozimet tuaja qe t\u2019i diskutojm\u00eb \u00e7do pik\u00eb tjet\u00ebr q\u00eb e mendoni t\u00eb r\u00ebnd\u00ebsishme.<\/p>\n<p>Dita do te jete e organizuar fillimisht me takimin e punes ku do te diskutohet mbi temat e mesiperme, dhe organizimi i dites do te vijoje me takimin me Kryetarin e Komunes se Ulqinit z. Nazif Cungu dhe me deputetin e Forces ne parlamentin e Malit te Zi z. Genci Nimanbegu.<\/p>\n<p>&nbsp;<\/p>\n<p>Me rrespekt,<\/p>\n<p>Sherbimi per informim I Forces<\/p>\n","protected":false},"excerpt":{"rendered":"<p>Po ju njoftoje per takimin e radhes te Forumeve Rinore mbareshqiptare, qe kete radhe organizohet nga Forca Rinore Takimin e III I Forumeve Rinore mbareshqiptare kete radhe do te mbahet ne Ulqin i cili vijon pas takimeve qe jane mbajtur ne Shkup dhe Prishtine. Qellimi i ketij organizimi eshte bashkepunimi per organizimin e nje evenimenti [&hellip;]<\/p>\n","protected":false},"author":1,"featured_media":0,"comment_status":"open","ping_status":"closed","sticky":false,"template":"","format":"standard","meta":{"spay_email":"","jetpack_publicize_message":"","jetpack_is_tweetstorm":false,"jetpack_publicize_feature_enabled":true},"categories":[12],"tags":[672,13151,200,18],"jetpack_publicize_connections":[],"yoast_head":"<!-- This site is optimized with the Yoast SEO plugin v19.1 - https:\/\/yoast.com\/wordpress\/plugins\/seo\/ -->\n<title>Forca: Takimit e Forumeve Rinore mbareshqiptare - Lajme nga Ulqini<\/title>\n<meta name=\"description\" content=\"Po ju njoftoje per takimin e radhes te Forumeve Rinore mbareshqiptare, qe kete radhe organizohet nga Forca Rinore Takimin e III I Forumeve Rinore\" \/>\n<meta name=\"robots\" content=\"index, follow, max-snippet:-1, max-image-preview:large, max-video-preview:-1\" \/>\n<link rel=\"canonical\" href=\"https:\/\/www.visit-ulcinj.com\/blog\/2012\/05\/25\/forca-takimit-e-forumeve-rinore-mbareshqiptare\/\" \/>\n<meta property=\"og:locale\" content=\"en_US\" \/>\n<meta property=\"og:type\" content=\"article\" \/>\n<meta property=\"og:title\" content=\"Forca: Takimit e Forumeve Rinore mbareshqiptare - Lajme nga Ulqini\" \/>\n<meta property=\"og:description\" content=\"Po ju njoftoje per takimin e radhes te Forumeve Rinore mbareshqiptare, qe kete radhe organizohet nga Forca Rinore Takimin e III I Forumeve Rinore\" \/>\n<meta property=\"og:url\" content=\"https:\/\/www.visit-ulcinj.com\/blog\/2012\/05\/25\/forca-takimit-e-forumeve-rinore-mbareshqiptare\/\" \/>\n<meta property=\"og:site_name\" content=\"Lajme nga Ulqini\" \/>\n<meta property=\"article:published_time\" content=\"2012-05-25T14:28:53+00:00\" \/>\n<meta property=\"og:image\" content=\"http:\/\/www.visit-ulcinj.com\/blog\/wp-content\/uploads\/2012\/05\/Forca-Rinore-Ulqin.jpg\" \/>\n<meta name=\"twitter:label1\" content=\"Written by\" \/>\n\t<meta name=\"twitter:data1\" content=\"ulqini\" \/>\n\t<meta name=\"twitter:label2\" content=\"Est. reading time\" \/>\n\t<meta name=\"twitter:data2\" content=\"1 minute\" \/>\n<script type=\"application\/ld+json\" class=\"yoast-schema-graph\">{\"@context\":\"https:\/\/schema.org\",\"@graph\":[{\"@type\":\"WebSite\",\"@id\":\"https:\/\/www.visit-ulcinj.com\/blog\/#website\",\"url\":\"https:\/\/www.visit-ulcinj.com\/blog\/\",\"name\":\"Lajme nga Ulqini\",\"description\":\"Lajme,Vijesti,Ulqini,Ulqin,Crna Gora,Mali i Zi\",\"potentialAction\":[{\"@type\":\"SearchAction\",\"target\":{\"@type\":\"EntryPoint\",\"urlTemplate\":\"https:\/\/www.visit-ulcinj.com\/blog\/?s={search_term_string}\"},\"query-input\":\"required name=search_term_string\"}],\"inLanguage\":\"en-US\"},{\"@type\":\"ImageObject\",\"inLanguage\":\"en-US\",\"@id\":\"https:\/\/www.visit-ulcinj.com\/blog\/2012\/05\/25\/forca-takimit-e-forumeve-rinore-mbareshqiptare\/#primaryimage\",\"url\":\"https:\/\/www.visit-ulcinj.com\/blog\/wp-content\/uploads\/2012\/05\/Forca-Rinore-Ulqin.jpg\",\"contentUrl\":\"https:\/\/www.visit-ulcinj.com\/blog\/wp-content\/uploads\/2012\/05\/Forca-Rinore-Ulqin.jpg\",\"width\":\"300\",\"height\":\"300\"},{\"@type\":\"WebPage\",\"@id\":\"https:\/\/www.visit-ulcinj.com\/blog\/2012\/05\/25\/forca-takimit-e-forumeve-rinore-mbareshqiptare\/#webpage\",\"url\":\"https:\/\/www.visit-ulcinj.com\/blog\/2012\/05\/25\/forca-takimit-e-forumeve-rinore-mbareshqiptare\/\",\"name\":\"Forca: Takimit e Forumeve Rinore mbareshqiptare - Lajme nga Ulqini\",\"isPartOf\":{\"@id\":\"https:\/\/www.visit-ulcinj.com\/blog\/#website\"},\"primaryImageOfPage\":{\"@id\":\"https:\/\/www.visit-ulcinj.com\/blog\/2012\/05\/25\/forca-takimit-e-forumeve-rinore-mbareshqiptare\/#primaryimage\"},\"datePublished\":\"2012-05-25T14:28:53+00:00\",\"dateModified\":\"2012-05-25T14:28:53+00:00\",\"author\":{\"@id\":\"https:\/\/www.visit-ulcinj.com\/blog\/#\/schema\/person\/dcab619c614d3038751c63bc2aadc06d\"},\"description\":\"Po ju njoftoje per takimin e radhes te Forumeve Rinore mbareshqiptare, qe kete radhe organizohet nga Forca Rinore Takimin e III I Forumeve Rinore\",\"breadcrumb\":{\"@id\":\"https:\/\/www.visit-ulcinj.com\/blog\/2012\/05\/25\/forca-takimit-e-forumeve-rinore-mbareshqiptare\/#breadcrumb\"},\"inLanguage\":\"en-US\",\"potentialAction\":[{\"@type\":\"ReadAction\",\"target\":[\"https:\/\/www.visit-ulcinj.com\/blog\/2012\/05\/25\/forca-takimit-e-forumeve-rinore-mbareshqiptare\/\"]}]},{\"@type\":\"BreadcrumbList\",\"@id\":\"https:\/\/www.visit-ulcinj.com\/blog\/2012\/05\/25\/forca-takimit-e-forumeve-rinore-mbareshqiptare\/#breadcrumb\",\"itemListElement\":[{\"@type\":\"ListItem\",\"position\":1,\"name\":\"Forca: Takimit e Forumeve Rinore mbareshqiptare\"}]},{\"@type\":\"Person\",\"@id\":\"https:\/\/www.visit-ulcinj.com\/blog\/#\/schema\/person\/dcab619c614d3038751c63bc2aadc06d\",\"name\":\"ulqini\",\"sameAs\":[\"http:\/\/www.visit-ulcinj.com\"],\"url\":\"https:\/\/www.visit-ulcinj.com\/blog\/author\/admin\/\"}]}<\/script>\n<!-- \/ Yoast SEO plugin. -->","yoast_head_json":{"title":"Forca: Takimit e Forumeve Rinore mbareshqiptare - Lajme nga Ulqini","description":"Po ju njoftoje per takimin e radhes te Forumeve Rinore mbareshqiptare, qe kete radhe organizohet nga Forca Rinore Takimin e III I Forumeve Rinore","robots":{"index":"index","follow":"follow","max-snippet":"max-snippet:-1","max-image-preview":"max-image-preview:large","max-video-preview":"max-video-preview:-1"},"canonical":"https:\/\/www.visit-ulcinj.com\/blog\/2012\/05\/25\/forca-takimit-e-forumeve-rinore-mbareshqiptare\/","og_locale":"en_US","og_type":"article","og_title":"Forca: Takimit e Forumeve Rinore mbareshqiptare - Lajme nga Ulqini","og_description":"Po ju njoftoje per takimin e radhes te Forumeve Rinore mbareshqiptare, qe kete radhe organizohet nga Forca Rinore Takimin e III I Forumeve Rinore","og_url":"https:\/\/www.visit-ulcinj.com\/blog\/2012\/05\/25\/forca-takimit-e-forumeve-rinore-mbareshqiptare\/","og_site_name":"Lajme nga Ulqini","article_published_time":"2012-05-25T14:28:53+00:00","og_image":[{"url":"http:\/\/www.visit-ulcinj.com\/blog\/wp-content\/uploads\/2012\/05\/Forca-Rinore-Ulqin.jpg"}],"twitter_misc":{"Written by":"ulqini","Est. reading time":"1 minute"},"schema":{"@context":"https:\/\/schema.org","@graph":[{"@type":"WebSite","@id":"https:\/\/www.visit-ulcinj.com\/blog\/#website","url":"https:\/\/www.visit-ulcinj.com\/blog\/","name":"Lajme nga Ulqini","description":"Lajme,Vijesti,Ulqini,Ulqin,Crna Gora,Mali i Zi","potentialAction":[{"@type":"SearchAction","target":{"@type":"EntryPoint","urlTemplate":"https:\/\/www.visit-ulcinj.com\/blog\/?s={search_term_string}"},"query-input":"required name=search_term_string"}],"inLanguage":"en-US"},{"@type":"ImageObject","inLanguage":"en-US","@id":"https:\/\/www.visit-ulcinj.com\/blog\/2012\/05\/25\/forca-takimit-e-forumeve-rinore-mbareshqiptare\/#primaryimage","url":"https:\/\/www.visit-ulcinj.com\/blog\/wp-content\/uploads\/2012\/05\/Forca-Rinore-Ulqin.jpg","contentUrl":"https:\/\/www.visit-ulcinj.com\/blog\/wp-content\/uploads\/2012\/05\/Forca-Rinore-Ulqin.jpg","width":"300","height":"300"},{"@type":"WebPage","@id":"https:\/\/www.visit-ulcinj.com\/blog\/2012\/05\/25\/forca-takimit-e-forumeve-rinore-mbareshqiptare\/#webpage","url":"https:\/\/www.visit-ulcinj.com\/blog\/2012\/05\/25\/forca-takimit-e-forumeve-rinore-mbareshqiptare\/","name":"Forca: Takimit e Forumeve Rinore mbareshqiptare - Lajme nga Ulqini","isPartOf":{"@id":"https:\/\/www.visit-ulcinj.com\/blog\/#website"},"primaryImageOfPage":{"@id":"https:\/\/www.visit-ulcinj.com\/blog\/2012\/05\/25\/forca-takimit-e-forumeve-rinore-mbareshqiptare\/#primaryimage"},"datePublished":"2012-05-25T14:28:53+00:00","dateModified":"2012-05-25T14:28:53+00:00","author":{"@id":"https:\/\/www.visit-ulcinj.com\/blog\/#\/schema\/person\/dcab619c614d3038751c63bc2aadc06d"},"description":"Po ju njoftoje per takimin e radhes te Forumeve Rinore mbareshqiptare, qe kete radhe organizohet nga Forca Rinore Takimin e III I Forumeve Rinore","breadcrumb":{"@id":"https:\/\/www.visit-ulcinj.com\/blog\/2012\/05\/25\/forca-takimit-e-forumeve-rinore-mbareshqiptare\/#breadcrumb"},"inLanguage":"en-US","potentialAction":[{"@type":"ReadAction","target":["https:\/\/www.visit-ulcinj.com\/blog\/2012\/05\/25\/forca-takimit-e-forumeve-rinore-mbareshqiptare\/"]}]},{"@type":"BreadcrumbList","@id":"https:\/\/www.visit-ulcinj.com\/blog\/2012\/05\/25\/forca-takimit-e-forumeve-rinore-mbareshqiptare\/#breadcrumb","itemListElement":[{"@type":"ListItem","position":1,"name":"Forca: Takimit e Forumeve Rinore mbareshqiptare"}]},{"@type":"Person","@id":"https:\/\/www.visit-ulcinj.com\/blog\/#\/schema\/person\/dcab619c614d3038751c63bc2aadc06d","name":"ulqini","sameAs":["http:\/\/www.visit-ulcinj.com"],"url":"https:\/\/www.visit-ulcinj.com\/blog\/author\/admin\/"}]}},"jetpack_featured_media_url":"","jetpack_sharing_enabled":true,"jetpack_shortlink":"https:\/\/wp.me\/pe6lTn-fRb","_links":{"self":[{"href":"https:\/\/www.visit-ulcinj.com\/blog\/wp-json\/wp\/v2\/posts\/60957"}],"collection":[{"href":"https:\/\/www.visit-ulcinj.com\/blog\/wp-json\/wp\/v2\/posts"}],"about":[{"href":"https:\/\/www.visit-ulcinj.com\/blog\/wp-json\/wp\/v2\/types\/post"}],"author":[{"embeddable":true,"href":"https:\/\/www.visit-ulcinj.com\/blog\/wp-json\/wp\/v2\/users\/1"}],"replies":[{"embeddable":true,"href":"https:\/\/www.visit-ulcinj.com\/blog\/wp-json\/wp\/v2\/comments?post=60957"}],"version-history":[{"count":2,"href":"https:\/\/www.visit-ulcinj.com\/blog\/wp-json\/wp\/v2\/posts\/60957\/revisions"}],"predecessor-version":[{"id":60960,"href":"https:\/\/www.visit-ulcinj.com\/blog\/wp-json\/wp\/v2\/posts\/60957\/revisions\/60960"}],"wp:attachment":[{"href":"https:\/\/www.visit-ulcinj.com\/blog\/wp-json\/wp\/v2\/media?parent=60957"}],"wp:term":[{"taxonomy":"category","embeddable":true,"href":"https:\/\/www.visit-ulcinj.com\/blog\/wp-json\/wp\/v2\/categories?post=60957"},{"taxonomy":"post_tag","embeddable":true,"href":"https:\/\/www.visit-ulcinj.com\/blog\/wp-json\/wp\/v2\/tags?post=60957"}],"curies":[{"name":"wp","href":"https:\/\/api.w.org\/{rel}","templated":true}]}}