{"id":60962,"date":"2012-05-25T16:55:18","date_gmt":"2012-05-25T15:55:18","guid":{"rendered":"http:\/\/www.visit-ulcinj.com\/blog\/?p=60962"},"modified":"2013-02-03T17:19:57","modified_gmt":"2013-02-03T16:19:57","slug":"hapja-solemne-e-xhamise-se-detareve-ne-ulqin-me-1-06-2012","status":"publish","type":"post","link":"https:\/\/www.visit-ulcinj.com\/blog\/2012\/05\/25\/hapja-solemne-e-xhamise-se-detareve-ne-ulqin-me-1-06-2012\/","title":{"rendered":"Hapja solemne e xhamis\u00eb s\u00eb Detar\u00ebve n\u00eb Ulqin me 1.06.2012"},"content":{"rendered":"<p><a href=\"http:\/\/www.visit-ulcinj.com\/blog\/wp-content\/uploads\/2012\/05\/Hapja-solemne-e-xhamis\u00eb-s\u00eb-Marinar\u00ebve-n\u00eb-Ulqin-me-1.06.2012.jpg\"><img loading=\"lazy\" class=\"alignleft  wp-image-60963\" title=\"Hapja solemne e xhamis\u00eb s\u00eb Marinar\u00ebve n\u00eb Ulqin me 1.06.2012\" alt=\"\" src=\"http:\/\/www.visit-ulcinj.com\/blog\/wp-content\/uploads\/2012\/05\/Hapja-solemne-e-xhamis\u00eb-s\u00eb-Marinar\u00ebve-n\u00eb-Ulqin-me-1.06.2012.jpg\" width=\"508\" height=\"381\" srcset=\"https:\/\/www.visit-ulcinj.com\/blog\/wp-content\/uploads\/2012\/05\/Hapja-solemne-e-xhamis\u00eb-s\u00eb-Marinar\u00ebve-n\u00eb-Ulqin-me-1.06.2012.jpg 508w, https:\/\/www.visit-ulcinj.com\/blog\/wp-content\/uploads\/2012\/05\/Hapja-solemne-e-xhamis\u00eb-s\u00eb-Marinar\u00ebve-n\u00eb-Ulqin-me-1.06.2012-300x224.jpg 300w\" sizes=\"(max-width: 508px) 100vw, 508px\" \/><\/a>N\u00eb plazhin e vogel t\u00eb Ulqinit m\u00eb 1 qershor\u00eb 2012,do b\u00ebhet inaugurimi i xhamis\u00eb s\u00eb Marinar\u00ebve.Pas nj\u00eb pune dhe angazhimi t\u00eb madh\u00eb nga Bashk\u00ebsia Islame e Ulqinit dhe nga qytetar\u00ebt e Ulqinit,do l\u00ebshohet n\u00eb p\u00ebrdorim xhamia e re, e cila qytetar\u00ebve do tu mund\u00ebson q\u00eb t\u00eb realizojn\u00eb obligimet dhe nevojat e tyre fetare.<br \/>\n<a href=\"http:\/\/www.visit-ulcinj.com\/blog\/wp-content\/uploads\/2012\/05\/Xhamia-e-Marinar\u00ebve-n\u00eb-Ulqin.1.jpg\"><img loading=\"lazy\" class=\"alignleft  wp-image-60964\" title=\"Xhamia e Marinar\u00ebve n\u00eb Ulqin.1\" alt=\"\" src=\"http:\/\/www.visit-ulcinj.com\/blog\/wp-content\/uploads\/2012\/05\/Xhamia-e-Marinar\u00ebve-n\u00eb-Ulqin.1.jpg\" width=\"508\" height=\"300\" \/><\/a><br \/>\n<strong>Di\u00e7ka p\u00ebr Xhamin e Detar\u00ebve n\u00eb Ulqin<\/strong><br \/>\nN\u00eb vitin 1932, t\u00eb qytetit bregdetar t\u00eb Ulqinit iu shkat\u00ebrrua nj\u00eb nd\u00ebr xhamit\u00eb m\u00eb t\u00eb vjetra n\u00eb rajonin e Ballkanit, ajo e marinar\u00ebve, q\u00eb sipas sh\u00ebnimeve studimore: \u201ct\u00eb dh\u00ebnat e vitit 1571 tregojn\u00eb q\u00eb, kur erdh\u00ebn turqit n\u00eb k\u00ebto vise, e kan\u00eb gjetur xhamin\u00eb e maur\u00ebve apo arab\u00ebve marinar\u00eb. P\u00ebr turqit q\u00eb e soll\u00ebn fen\u00eb islame, kjo xhami ishte nj\u00eb befasi e rrall\u00eb\u201d [Ismet H. Karamanaga: \u201cKalaja legjend\u00eb dhe art\u201d, Ulqin 2006, fq.56.]<br \/>\n<a href=\"http:\/\/www.visit-ulcinj.com\/blog\/wp-content\/uploads\/2012\/05\/Xhamia-e-Marinar\u00ebve-n\u00eb-Ulqin-Kalaja-e-Ulqinit_-viti-1571.jpg\"><img loading=\"lazy\" class=\"alignleft  wp-image-60965\" title=\"Xhamia e Marinar\u00ebve n\u00eb Ulqin- Kalaja e Ulqinit_ viti 1571\" alt=\"\" src=\"http:\/\/www.visit-ulcinj.com\/blog\/wp-content\/uploads\/2012\/05\/Xhamia-e-Marinar\u00ebve-n\u00eb-Ulqin-Kalaja-e-Ulqinit_-viti-1571-1024x400.jpg\" width=\"508\" height=\"300\" \/><\/a><br \/>\nN\u00eb bregdetin e Ulqinit, n\u00eb gjirin e plazhit t\u00eb vog\u00ebl, u rind\u00ebrtua xhamia e lasht\u00eb e detar\u00ebve. Me siguri, dallg\u00ebt e shumta q\u00eb do ta vizitojn\u00eb k\u00ebt\u00eb bregdet, dit\u00eb pas dite, do t\u00eb sjellin me vete imazhet e detar\u00ebve t\u00eb par\u00eb musliman\u00eb arab\u00eb q\u00eb soll\u00ebn me vete, n\u00eb k\u00ebt\u00eb vend, jo vet\u00ebm besimin dhe drit\u00ebn e Islamit, por hodh\u00ebn edhe themelet e xhamis\u00eb s\u00eb sinqeritetit, ngulit\u00ebn me zemrat e tyre rr\u00ebnj\u00ebt e besimit n\u00eb Nj\u00ebsin\u00eb e Zotit, n\u00eb dijen e pakufishme, n\u00eb p\u00ebrkushtimin ndaj jet\u00ebs\u2026 Ai sinqeritet u ruajt nd\u00ebr shekuj. E ruajti koha. E ruajti deti. E ruajt\u00ebn dallg\u00ebt. E ruajti kalaja shum\u00ebshekullore. E ruajt\u00ebn brezat\u2026<br \/>\n<a href=\"http:\/\/www.visit-ulcinj.com\/blog\/wp-content\/uploads\/2012\/05\/Hoxhallaret-ne-oborin-e-Xhamis-se-Marinarve-Ulqin.jpg\"><img loading=\"lazy\" class=\"alignleft  wp-image-60966\" title=\"Hoxhallaret ne oborin e Xhamis se Marinarve Ulqin\" alt=\"\" src=\"http:\/\/www.visit-ulcinj.com\/blog\/wp-content\/uploads\/2012\/05\/Hoxhallaret-ne-oborin-e-Xhamis-se-Marinarve-Ulqin.jpg\" width=\"508\" height=\"300\" \/><\/a><\/p>\n<p><strong>Do t\u00eb mundohemi q\u00eb t\u00eb behet transmetimi live ne internet,sipas mund\u00ebsive n\u00eb Ulqin,Lajme nga Ulqini q\u00ebndron gati p\u00ebr transmetim,dhe si gjithmon\u00eb jemi n\u00eb sh\u00ebrbimin e juaj.<\/strong><\/p>\n<p><strong>Lajme nga Ulqini<\/strong><\/p>\n<p><!--YouTube Error: bad URL entered--><br \/>\n\n\t\t<style type=\"text\/css\">\n\t\t\t#gallery-1 {\n\t\t\t\tmargin: auto;\n\t\t\t}\n\t\t\t#gallery-1 .gallery-item {\n\t\t\t\tfloat: left;\n\t\t\t\tmargin-top: 10px;\n\t\t\t\ttext-align: center;\n\t\t\t\twidth: 33%;\n\t\t\t}\n\t\t\t#gallery-1 img {\n\t\t\t\tborder: 2px solid #cfcfcf;\n\t\t\t}\n\t\t\t#gallery-1 .gallery-caption {\n\t\t\t\tmargin-left: 0;\n\t\t\t}\n\t\t\t\/* see gallery_shortcode() in wp-includes\/media.php *\/\n\t\t<\/style>\n\t\t<div id='gallery-1' class='gallery galleryid-60962 gallery-columns-3 gallery-size-thumbnail'><dl class='gallery-item'>\n\t\t\t<dt class='gallery-icon landscape'>\n\t\t\t\t<a href='https:\/\/www.visit-ulcinj.com\/blog\/wp-content\/uploads\/2012\/05\/Hapja-solemne-e-xhamis\u00eb-s\u00eb-Marinar\u00ebve-n\u00eb-Ulqin-me-1.06.2012.jpg'><img width=\"150\" height=\"150\" src=\"https:\/\/www.visit-ulcinj.com\/blog\/wp-content\/uploads\/2012\/05\/Hapja-solemne-e-xhamis\u00eb-s\u00eb-Marinar\u00ebve-n\u00eb-Ulqin-me-1.06.2012-150x150.jpg\" class=\"attachment-thumbnail size-thumbnail\" alt=\"\" loading=\"lazy\" \/><\/a>\n\t\t\t<\/dt><\/dl><dl class='gallery-item'>\n\t\t\t<dt class='gallery-icon landscape'>\n\t\t\t\t<a href='https:\/\/www.visit-ulcinj.com\/blog\/wp-content\/uploads\/2012\/05\/Xhamia-e-Marinar\u00ebve-n\u00eb-Ulqin.1.jpg'><img width=\"150\" height=\"150\" src=\"https:\/\/www.visit-ulcinj.com\/blog\/wp-content\/uploads\/2012\/05\/Xhamia-e-Marinar\u00ebve-n\u00eb-Ulqin.1-150x150.jpg\" class=\"attachment-thumbnail size-thumbnail\" alt=\"\" loading=\"lazy\" \/><\/a>\n\t\t\t<\/dt><\/dl><dl class='gallery-item'>\n\t\t\t<dt class='gallery-icon landscape'>\n\t\t\t\t<a href='https:\/\/www.visit-ulcinj.com\/blog\/wp-content\/uploads\/2012\/05\/Xhamia-e-Marinar\u00ebve-n\u00eb-Ulqin-Kalaja-e-Ulqinit_-viti-1571.jpg'><img width=\"150\" height=\"150\" src=\"https:\/\/www.visit-ulcinj.com\/blog\/wp-content\/uploads\/2012\/05\/Xhamia-e-Marinar\u00ebve-n\u00eb-Ulqin-Kalaja-e-Ulqinit_-viti-1571-150x150.jpg\" class=\"attachment-thumbnail size-thumbnail\" alt=\"\" loading=\"lazy\" \/><\/a>\n\t\t\t<\/dt><\/dl><br style=\"clear: both\" \/><dl class='gallery-item'>\n\t\t\t<dt class='gallery-icon landscape'>\n\t\t\t\t<a href='https:\/\/www.visit-ulcinj.com\/blog\/wp-content\/uploads\/2012\/05\/Hoxhallaret-ne-oborin-e-Xhamis-se-Marinarve-Ulqin.jpg'><img width=\"150\" height=\"150\" src=\"https:\/\/www.visit-ulcinj.com\/blog\/wp-content\/uploads\/2012\/05\/Hoxhallaret-ne-oborin-e-Xhamis-se-Marinarve-Ulqin-150x150.jpg\" class=\"attachment-thumbnail size-thumbnail\" alt=\"\" loading=\"lazy\" \/><\/a>\n\t\t\t<\/dt><\/dl><dl class='gallery-item'>\n\t\t\t<dt class='gallery-icon landscape'>\n\t\t\t\t<a href='https:\/\/www.visit-ulcinj.com\/blog\/wp-content\/uploads\/2012\/05\/Xhamia-e-Marinareve-ne-Ulqin-4.jpg'><img width=\"150\" height=\"150\" src=\"https:\/\/www.visit-ulcinj.com\/blog\/wp-content\/uploads\/2012\/05\/Xhamia-e-Marinareve-ne-Ulqin-4-150x150.jpg\" class=\"attachment-thumbnail size-thumbnail\" alt=\"\" loading=\"lazy\" \/><\/a>\n\t\t\t<\/dt><\/dl><dl class='gallery-item'>\n\t\t\t<dt class='gallery-icon landscape'>\n\t\t\t\t<a href='https:\/\/www.visit-ulcinj.com\/blog\/wp-content\/uploads\/2012\/05\/Xhamia-e-Marinareve-ne-Ulqin-5.jpg'><img width=\"150\" height=\"150\" src=\"https:\/\/www.visit-ulcinj.com\/blog\/wp-content\/uploads\/2012\/05\/Xhamia-e-Marinareve-ne-Ulqin-5-150x150.jpg\" class=\"attachment-thumbnail size-thumbnail\" alt=\"\" loading=\"lazy\" \/><\/a>\n\t\t\t<\/dt><\/dl><br style=\"clear: both\" \/><dl class='gallery-item'>\n\t\t\t<dt class='gallery-icon landscape'>\n\t\t\t\t<a href='https:\/\/www.visit-ulcinj.com\/blog\/wp-content\/uploads\/2012\/05\/Xhamia-e-Marinareve-ne-Ulqin-Kalaja-e-Ulqinit_-viti-1571_6.jpg'><img width=\"150\" height=\"150\" src=\"https:\/\/www.visit-ulcinj.com\/blog\/wp-content\/uploads\/2012\/05\/Xhamia-e-Marinareve-ne-Ulqin-Kalaja-e-Ulqinit_-viti-1571_6-150x150.jpg\" class=\"attachment-thumbnail size-thumbnail\" alt=\"\" loading=\"lazy\" \/><\/a>\n\t\t\t<\/dt><\/dl><dl class='gallery-item'>\n\t\t\t<dt class='gallery-icon landscape'>\n\t\t\t\t<a href='https:\/\/www.visit-ulcinj.com\/blog\/wp-content\/uploads\/2012\/05\/Xhamia-e-Marinareve-ne-Ulqin-Kalaja-e-Ulqinit_-viti-1571_7.jpg'><img width=\"150\" height=\"150\" src=\"https:\/\/www.visit-ulcinj.com\/blog\/wp-content\/uploads\/2012\/05\/Xhamia-e-Marinareve-ne-Ulqin-Kalaja-e-Ulqinit_-viti-1571_7-150x150.jpg\" class=\"attachment-thumbnail size-thumbnail\" alt=\"\" loading=\"lazy\" \/><\/a>\n\t\t\t<\/dt><\/dl><dl class='gallery-item'>\n\t\t\t<dt class='gallery-icon landscape'>\n\t\t\t\t<a href='https:\/\/www.visit-ulcinj.com\/blog\/wp-content\/uploads\/2012\/05\/Xhamia-e-Marinareve-ne-Ulqin-Kalaja-e-Ulqinit_-viti-1571_8.jpg'><img width=\"150\" height=\"150\" src=\"https:\/\/www.visit-ulcinj.com\/blog\/wp-content\/uploads\/2012\/05\/Xhamia-e-Marinareve-ne-Ulqin-Kalaja-e-Ulqinit_-viti-1571_8-150x150.jpg\" class=\"attachment-thumbnail size-thumbnail\" alt=\"\" loading=\"lazy\" \/><\/a>\n\t\t\t<\/dt><\/dl><br style=\"clear: both\" \/><dl class='gallery-item'>\n\t\t\t<dt class='gallery-icon portrait'>\n\t\t\t\t<a href='https:\/\/www.visit-ulcinj.com\/blog\/wp-content\/uploads\/2012\/05\/Xhamia-e-Marinareve-ne-Ulqin-1.jpg'><img width=\"150\" height=\"150\" src=\"https:\/\/www.visit-ulcinj.com\/blog\/wp-content\/uploads\/2012\/05\/Xhamia-e-Marinareve-ne-Ulqin-1-150x150.jpg\" class=\"attachment-thumbnail size-thumbnail\" alt=\"\" loading=\"lazy\" \/><\/a>\n\t\t\t<\/dt><\/dl><dl class='gallery-item'>\n\t\t\t<dt class='gallery-icon landscape'>\n\t\t\t\t<a href='https:\/\/www.visit-ulcinj.com\/blog\/wp-content\/uploads\/2012\/05\/Xhamia-e-Marinareve-ne-Ulqin-2.jpg'><img width=\"150\" height=\"150\" src=\"https:\/\/www.visit-ulcinj.com\/blog\/wp-content\/uploads\/2012\/05\/Xhamia-e-Marinareve-ne-Ulqin-2-150x150.jpg\" class=\"attachment-thumbnail size-thumbnail\" alt=\"\" loading=\"lazy\" \/><\/a>\n\t\t\t<\/dt><\/dl><dl class='gallery-item'>\n\t\t\t<dt class='gallery-icon landscape'>\n\t\t\t\t<a href='https:\/\/www.visit-ulcinj.com\/blog\/wp-content\/uploads\/2012\/05\/Xhamia-e-Marinareve-ne-Ulqin-3.jpg'><img width=\"150\" height=\"150\" src=\"https:\/\/www.visit-ulcinj.com\/blog\/wp-content\/uploads\/2012\/05\/Xhamia-e-Marinareve-ne-Ulqin-3-150x150.jpg\" class=\"attachment-thumbnail size-thumbnail\" alt=\"\" loading=\"lazy\" \/><\/a>\n\t\t\t<\/dt><\/dl><br style=\"clear: both\" \/>\n\t\t<\/div>\n<\/p>\n","protected":false},"excerpt":{"rendered":"<p>N\u00eb plazhin e vogel t\u00eb Ulqinit m\u00eb 1 qershor\u00eb 2012,do b\u00ebhet inaugurimi i xhamis\u00eb s\u00eb Marinar\u00ebve.Pas nj\u00eb pune dhe angazhimi t\u00eb madh\u00eb nga Bashk\u00ebsia Islame e Ulqinit dhe nga qytetar\u00ebt e Ulqinit,do l\u00ebshohet n\u00eb p\u00ebrdorim xhamia e re, e cila qytetar\u00ebve do tu mund\u00ebson q\u00eb t\u00eb realizojn\u00eb obligimet dhe nevojat e tyre fetare. Di\u00e7ka p\u00ebr [&hellip;]<\/p>\n","protected":false},"author":1,"featured_media":0,"comment_status":"closed","ping_status":"closed","sticky":false,"template":"","format":"standard","meta":{"spay_email":"","jetpack_publicize_message":"","jetpack_is_tweetstorm":false,"jetpack_publicize_feature_enabled":true},"categories":[1,6950],"tags":[5029,203,20572,20573,20570,20571,200,18,20569],"jetpack_publicize_connections":[],"yoast_head":"<!-- This site is optimized with the Yoast SEO plugin v19.1 - https:\/\/yoast.com\/wordpress\/plugins\/seo\/ -->\n<title>Hapja solemne e xhamis\u00eb s\u00eb Detar\u00ebve n\u00eb Ulqin me 1.06.2012 - Lajme nga Ulqini<\/title>\n<meta name=\"description\" content=\"N\u00eb plazhin e vogel t\u00eb Ulqinit m\u00eb 1 qershor\u00eb 2012,do b\u00ebhet inaugurimi i xhamis\u00eb s\u00eb Marinar\u00ebve.Pas nj\u00eb pune dhe angazhimi t\u00eb madh\u00eb nga Bashk\u00ebsia Islame e\" \/>\n<meta name=\"robots\" content=\"index, follow, max-snippet:-1, max-image-preview:large, max-video-preview:-1\" \/>\n<link rel=\"canonical\" href=\"https:\/\/www.visit-ulcinj.com\/blog\/2012\/05\/25\/hapja-solemne-e-xhamise-se-detareve-ne-ulqin-me-1-06-2012\/\" \/>\n<meta property=\"og:locale\" content=\"en_US\" \/>\n<meta property=\"og:type\" content=\"article\" \/>\n<meta property=\"og:title\" content=\"Hapja solemne e xhamis\u00eb s\u00eb Detar\u00ebve n\u00eb Ulqin me 1.06.2012 - Lajme nga Ulqini\" \/>\n<meta property=\"og:description\" content=\"N\u00eb plazhin e vogel t\u00eb Ulqinit m\u00eb 1 qershor\u00eb 2012,do b\u00ebhet inaugurimi i xhamis\u00eb s\u00eb Marinar\u00ebve.Pas nj\u00eb pune dhe angazhimi t\u00eb madh\u00eb nga Bashk\u00ebsia Islame e\" \/>\n<meta property=\"og:url\" content=\"https:\/\/www.visit-ulcinj.com\/blog\/2012\/05\/25\/hapja-solemne-e-xhamise-se-detareve-ne-ulqin-me-1-06-2012\/\" \/>\n<meta property=\"og:site_name\" content=\"Lajme nga Ulqini\" \/>\n<meta property=\"article:published_time\" content=\"2012-05-25T15:55:18+00:00\" \/>\n<meta property=\"article:modified_time\" content=\"2013-02-03T16:19:57+00:00\" \/>\n<meta property=\"og:image\" content=\"https:\/\/www.visit-ulcinj.com\/blog\/wp-content\/uploads\/2012\/05\/Hapja-solemne-e-xhamis\u00eb-s\u00eb-Marinar\u00ebve-n\u00eb-Ulqin-me-1.06.2012-150x150.jpg\" \/>\n<meta name=\"twitter:label1\" content=\"Written by\" \/>\n\t<meta name=\"twitter:data1\" content=\"ulqini\" \/>\n\t<meta name=\"twitter:label2\" content=\"Est. reading time\" \/>\n\t<meta name=\"twitter:data2\" content=\"2 minutes\" \/>\n<script type=\"application\/ld+json\" class=\"yoast-schema-graph\">{\"@context\":\"https:\/\/schema.org\",\"@graph\":[{\"@type\":\"WebSite\",\"@id\":\"https:\/\/www.visit-ulcinj.com\/blog\/#website\",\"url\":\"https:\/\/www.visit-ulcinj.com\/blog\/\",\"name\":\"Lajme nga Ulqini\",\"description\":\"Lajme,Vijesti,Ulqini,Ulqin,Crna Gora,Mali i Zi\",\"potentialAction\":[{\"@type\":\"SearchAction\",\"target\":{\"@type\":\"EntryPoint\",\"urlTemplate\":\"https:\/\/www.visit-ulcinj.com\/blog\/?s={search_term_string}\"},\"query-input\":\"required name=search_term_string\"}],\"inLanguage\":\"en-US\"},{\"@type\":\"ImageObject\",\"inLanguage\":\"en-US\",\"@id\":\"https:\/\/www.visit-ulcinj.com\/blog\/2012\/05\/25\/hapja-solemne-e-xhamise-se-detareve-ne-ulqin-me-1-06-2012\/#primaryimage\",\"url\":\"https:\/\/www.visit-ulcinj.com\/blog\/wp-content\/uploads\/2012\/05\/Hoxhallaret-ne-oborin-e-Xhamis-se-Marinarve-Ulqin.jpg\",\"contentUrl\":\"https:\/\/www.visit-ulcinj.com\/blog\/wp-content\/uploads\/2012\/05\/Hoxhallaret-ne-oborin-e-Xhamis-se-Marinarve-Ulqin.jpg\",\"width\":\"640\",\"height\":\"443\"},{\"@type\":\"WebPage\",\"@id\":\"https:\/\/www.visit-ulcinj.com\/blog\/2012\/05\/25\/hapja-solemne-e-xhamise-se-detareve-ne-ulqin-me-1-06-2012\/#webpage\",\"url\":\"https:\/\/www.visit-ulcinj.com\/blog\/2012\/05\/25\/hapja-solemne-e-xhamise-se-detareve-ne-ulqin-me-1-06-2012\/\",\"name\":\"Hapja solemne e xhamis\u00eb s\u00eb Detar\u00ebve n\u00eb Ulqin me 1.06.2012 - Lajme nga Ulqini\",\"isPartOf\":{\"@id\":\"https:\/\/www.visit-ulcinj.com\/blog\/#website\"},\"primaryImageOfPage\":{\"@id\":\"https:\/\/www.visit-ulcinj.com\/blog\/2012\/05\/25\/hapja-solemne-e-xhamise-se-detareve-ne-ulqin-me-1-06-2012\/#primaryimage\"},\"datePublished\":\"2012-05-25T15:55:18+00:00\",\"dateModified\":\"2013-02-03T16:19:57+00:00\",\"author\":{\"@id\":\"https:\/\/www.visit-ulcinj.com\/blog\/#\/schema\/person\/dcab619c614d3038751c63bc2aadc06d\"},\"description\":\"N\u00eb plazhin e vogel t\u00eb Ulqinit m\u00eb 1 qershor\u00eb 2012,do b\u00ebhet inaugurimi i xhamis\u00eb s\u00eb Marinar\u00ebve.Pas nj\u00eb pune dhe angazhimi t\u00eb madh\u00eb nga Bashk\u00ebsia Islame e\",\"breadcrumb\":{\"@id\":\"https:\/\/www.visit-ulcinj.com\/blog\/2012\/05\/25\/hapja-solemne-e-xhamise-se-detareve-ne-ulqin-me-1-06-2012\/#breadcrumb\"},\"inLanguage\":\"en-US\",\"potentialAction\":[{\"@type\":\"ReadAction\",\"target\":[\"https:\/\/www.visit-ulcinj.com\/blog\/2012\/05\/25\/hapja-solemne-e-xhamise-se-detareve-ne-ulqin-me-1-06-2012\/\"]}]},{\"@type\":\"BreadcrumbList\",\"@id\":\"https:\/\/www.visit-ulcinj.com\/blog\/2012\/05\/25\/hapja-solemne-e-xhamise-se-detareve-ne-ulqin-me-1-06-2012\/#breadcrumb\",\"itemListElement\":[{\"@type\":\"ListItem\",\"position\":1,\"name\":\"Hapja solemne e xhamis\u00eb s\u00eb Detar\u00ebve n\u00eb Ulqin me 1.06.2012\"}]},{\"@type\":\"Person\",\"@id\":\"https:\/\/www.visit-ulcinj.com\/blog\/#\/schema\/person\/dcab619c614d3038751c63bc2aadc06d\",\"name\":\"ulqini\",\"sameAs\":[\"http:\/\/www.visit-ulcinj.com\"],\"url\":\"https:\/\/www.visit-ulcinj.com\/blog\/author\/admin\/\"}]}<\/script>\n<!-- \/ Yoast SEO plugin. -->","yoast_head_json":{"title":"Hapja solemne e xhamis\u00eb s\u00eb Detar\u00ebve n\u00eb Ulqin me 1.06.2012 - Lajme nga Ulqini","description":"N\u00eb plazhin e vogel t\u00eb Ulqinit m\u00eb 1 qershor\u00eb 2012,do b\u00ebhet inaugurimi i xhamis\u00eb s\u00eb Marinar\u00ebve.Pas nj\u00eb pune dhe angazhimi t\u00eb madh\u00eb nga Bashk\u00ebsia Islame e","robots":{"index":"index","follow":"follow","max-snippet":"max-snippet:-1","max-image-preview":"max-image-preview:large","max-video-preview":"max-video-preview:-1"},"canonical":"https:\/\/www.visit-ulcinj.com\/blog\/2012\/05\/25\/hapja-solemne-e-xhamise-se-detareve-ne-ulqin-me-1-06-2012\/","og_locale":"en_US","og_type":"article","og_title":"Hapja solemne e xhamis\u00eb s\u00eb Detar\u00ebve n\u00eb Ulqin me 1.06.2012 - Lajme nga Ulqini","og_description":"N\u00eb plazhin e vogel t\u00eb Ulqinit m\u00eb 1 qershor\u00eb 2012,do b\u00ebhet inaugurimi i xhamis\u00eb s\u00eb Marinar\u00ebve.Pas nj\u00eb pune dhe angazhimi t\u00eb madh\u00eb nga Bashk\u00ebsia Islame e","og_url":"https:\/\/www.visit-ulcinj.com\/blog\/2012\/05\/25\/hapja-solemne-e-xhamise-se-detareve-ne-ulqin-me-1-06-2012\/","og_site_name":"Lajme nga Ulqini","article_published_time":"2012-05-25T15:55:18+00:00","article_modified_time":"2013-02-03T16:19:57+00:00","og_image":[{"url":"https:\/\/www.visit-ulcinj.com\/blog\/wp-content\/uploads\/2012\/05\/Hapja-solemne-e-xhamis\u00eb-s\u00eb-Marinar\u00ebve-n\u00eb-Ulqin-me-1.06.2012-150x150.jpg"}],"twitter_misc":{"Written by":"ulqini","Est. reading time":"2 minutes"},"schema":{"@context":"https:\/\/schema.org","@graph":[{"@type":"WebSite","@id":"https:\/\/www.visit-ulcinj.com\/blog\/#website","url":"https:\/\/www.visit-ulcinj.com\/blog\/","name":"Lajme nga Ulqini","description":"Lajme,Vijesti,Ulqini,Ulqin,Crna Gora,Mali i Zi","potentialAction":[{"@type":"SearchAction","target":{"@type":"EntryPoint","urlTemplate":"https:\/\/www.visit-ulcinj.com\/blog\/?s={search_term_string}"},"query-input":"required name=search_term_string"}],"inLanguage":"en-US"},{"@type":"ImageObject","inLanguage":"en-US","@id":"https:\/\/www.visit-ulcinj.com\/blog\/2012\/05\/25\/hapja-solemne-e-xhamise-se-detareve-ne-ulqin-me-1-06-2012\/#primaryimage","url":"https:\/\/www.visit-ulcinj.com\/blog\/wp-content\/uploads\/2012\/05\/Hoxhallaret-ne-oborin-e-Xhamis-se-Marinarve-Ulqin.jpg","contentUrl":"https:\/\/www.visit-ulcinj.com\/blog\/wp-content\/uploads\/2012\/05\/Hoxhallaret-ne-oborin-e-Xhamis-se-Marinarve-Ulqin.jpg","width":"640","height":"443"},{"@type":"WebPage","@id":"https:\/\/www.visit-ulcinj.com\/blog\/2012\/05\/25\/hapja-solemne-e-xhamise-se-detareve-ne-ulqin-me-1-06-2012\/#webpage","url":"https:\/\/www.visit-ulcinj.com\/blog\/2012\/05\/25\/hapja-solemne-e-xhamise-se-detareve-ne-ulqin-me-1-06-2012\/","name":"Hapja solemne e xhamis\u00eb s\u00eb Detar\u00ebve n\u00eb Ulqin me 1.06.2012 - Lajme nga Ulqini","isPartOf":{"@id":"https:\/\/www.visit-ulcinj.com\/blog\/#website"},"primaryImageOfPage":{"@id":"https:\/\/www.visit-ulcinj.com\/blog\/2012\/05\/25\/hapja-solemne-e-xhamise-se-detareve-ne-ulqin-me-1-06-2012\/#primaryimage"},"datePublished":"2012-05-25T15:55:18+00:00","dateModified":"2013-02-03T16:19:57+00:00","author":{"@id":"https:\/\/www.visit-ulcinj.com\/blog\/#\/schema\/person\/dcab619c614d3038751c63bc2aadc06d"},"description":"N\u00eb plazhin e vogel t\u00eb Ulqinit m\u00eb 1 qershor\u00eb 2012,do b\u00ebhet inaugurimi i xhamis\u00eb s\u00eb Marinar\u00ebve.Pas nj\u00eb pune dhe angazhimi t\u00eb madh\u00eb nga Bashk\u00ebsia Islame e","breadcrumb":{"@id":"https:\/\/www.visit-ulcinj.com\/blog\/2012\/05\/25\/hapja-solemne-e-xhamise-se-detareve-ne-ulqin-me-1-06-2012\/#breadcrumb"},"inLanguage":"en-US","potentialAction":[{"@type":"ReadAction","target":["https:\/\/www.visit-ulcinj.com\/blog\/2012\/05\/25\/hapja-solemne-e-xhamise-se-detareve-ne-ulqin-me-1-06-2012\/"]}]},{"@type":"BreadcrumbList","@id":"https:\/\/www.visit-ulcinj.com\/blog\/2012\/05\/25\/hapja-solemne-e-xhamise-se-detareve-ne-ulqin-me-1-06-2012\/#breadcrumb","itemListElement":[{"@type":"ListItem","position":1,"name":"Hapja solemne e xhamis\u00eb s\u00eb Detar\u00ebve n\u00eb Ulqin me 1.06.2012"}]},{"@type":"Person","@id":"https:\/\/www.visit-ulcinj.com\/blog\/#\/schema\/person\/dcab619c614d3038751c63bc2aadc06d","name":"ulqini","sameAs":["http:\/\/www.visit-ulcinj.com"],"url":"https:\/\/www.visit-ulcinj.com\/blog\/author\/admin\/"}]}},"jetpack_featured_media_url":"","jetpack_sharing_enabled":true,"jetpack_shortlink":"https:\/\/wp.me\/pe6lTn-fRg","_links":{"self":[{"href":"https:\/\/www.visit-ulcinj.com\/blog\/wp-json\/wp\/v2\/posts\/60962"}],"collection":[{"href":"https:\/\/www.visit-ulcinj.com\/blog\/wp-json\/wp\/v2\/posts"}],"about":[{"href":"https:\/\/www.visit-ulcinj.com\/blog\/wp-json\/wp\/v2\/types\/post"}],"author":[{"embeddable":true,"href":"https:\/\/www.visit-ulcinj.com\/blog\/wp-json\/wp\/v2\/users\/1"}],"replies":[{"embeddable":true,"href":"https:\/\/www.visit-ulcinj.com\/blog\/wp-json\/wp\/v2\/comments?post=60962"}],"version-history":[{"count":5,"href":"https:\/\/www.visit-ulcinj.com\/blog\/wp-json\/wp\/v2\/posts\/60962\/revisions"}],"predecessor-version":[{"id":61073,"href":"https:\/\/www.visit-ulcinj.com\/blog\/wp-json\/wp\/v2\/posts\/60962\/revisions\/61073"}],"wp:attachment":[{"href":"https:\/\/www.visit-ulcinj.com\/blog\/wp-json\/wp\/v2\/media?parent=60962"}],"wp:term":[{"taxonomy":"category","embeddable":true,"href":"https:\/\/www.visit-ulcinj.com\/blog\/wp-json\/wp\/v2\/categories?post=60962"},{"taxonomy":"post_tag","embeddable":true,"href":"https:\/\/www.visit-ulcinj.com\/blog\/wp-json\/wp\/v2\/tags?post=60962"}],"curies":[{"name":"wp","href":"https:\/\/api.w.org\/{rel}","templated":true}]}}