{"id":60977,"date":"2012-05-25T17:13:15","date_gmt":"2012-05-25T16:13:15","guid":{"rendered":"http:\/\/www.visit-ulcinj.com\/blog\/?p=60977"},"modified":"2012-05-25T17:13:15","modified_gmt":"2012-05-25T16:13:15","slug":"ali-redza-ne-da-fotelju","status":"publish","type":"post","link":"https:\/\/www.visit-ulcinj.com\/blog\/2012\/05\/25\/ali-redza-ne-da-fotelju\/","title":{"rendered":"Ali Red\u017ea ne da fotelju"},"content":{"rendered":"<p><a href=\"http:\/\/www.visit-ulcinj.com\/blog\/wp-content\/uploads\/2012\/05\/Ali-Redza_Ulcinj.jpg\"><img loading=\"lazy\" class=\"alignleft  wp-image-60978\" title=\"Ali Redza_Ulcinj\" src=\"http:\/\/www.visit-ulcinj.com\/blog\/wp-content\/uploads\/2012\/05\/Ali-Redza_Ulcinj.jpg\" alt=\"\" width=\"340\" height=\"400\" \/><\/a>Saga o dva direktora Turisti\u010dke organizacije u Ulcinju se nastavlja. Osnovni sud u Ulcinju odlo\u017eio je ju\u010de prinudno izvr\u0161enje kojim je Sekretarijat za za\u0161titu op\u0161tinske imovine tra\u017eio da se iz prostorije direktora Turisti\u010dke organizacije iseli Ali Red\u017ea kako bi na njegovo mjesto do\u0161ao Minir Karamanaga, pa se ni nakon vi\u0161e mjeseci u najju\u017enijoj op\u0161tini ta\u010dno ne zna ko je zapravo legitimni direktor TO. Za predstavnike izvr\u0161ne vlasti u Ulcinju direktor je nesumljivo Minir Karamanaga, \u010dlan GO SDP Ulcinja, koja sa Forcom i Demokratskom partijom vr\u0161i vlast u najju\u017enijoj op\u0161tini. S druge strane, Ali Red\u017ea lider PDP-a, koja je do pro\u0161le godine sa DPS-om i DUA bila na vlasti, tvrdi da je on legitimni direktor, te da je poku\u0161aj njegov smjene nezakonit. Na zahtjev nadle\u017enog organa lokalne uprave, Osnovni sud je nedavno donio rje\u0161enje o prinudnom izvr\u0161enju, koje je i pored Red\u017eine \u017ealbe postalo izvr\u0161no, ali je \u010ditav postupak ju\u010de odlo\u017een. Red\u017ea tvrdi da prinudno izvr\u0161enje nije sprovedeno iz razloga \u0161to je Osnovnom sudu u Ulcinju, odnosno predsjednici tog suda Liriji Buzuku podnio zahtjev za izuze\u0107e sudija, kao i zahtjev za izuze\u0107e Osnovnog suda u Ulcinju za postupanje u ovoj pravnoj stvari.<br \/>\n\u2013 Te zahtjeve podnio sam zbog kr\u0161enja zakona od samog po\u010detka kako kad je rije\u010d o dono\u0161enju sudske odluke tako i kad se radi o nelegitimnom imenovanju Minira Karamanage na mjesto direktora stru\u010dne slu\u017ebe Turisti\u010dke organizacije Ulcinj. S ciljem za\u0161tite svojih prava, kao i za\u0161tite vladavine prava u Crnoj Gori inicirao sam sudski postupak kroz tu\u017ebu i predlog za izdavanje privremene mjere, a podnio sam pritu\u017ebu predsjednici suda koja se odnosi na rad Osnovnog suda u Ulcinju zbog nezakonitog postupanja u konkretnim predmetima u kojima sam kao stranka dokazao da je prinudno izvr\u0161enje nezakonito \u2013 kazao je ju\u010de Red\u017ea za \u201eDan\u201d. On nije \u017eelio vi\u0161e da komentari\u0161e ovu pravno-politi\u010dku zavrzlamu, rekav\u0161i da o\u010dekuje da \u0107e se uskoro sve rije\u0161iti na sudu. Podsjetimo, u jednom od ranijih \u010dlanaka na ovu temu Red\u017ea je \u201eDanu\u201c kazao da iza \u010ditavog problema stoji grupa politi\u010dara na vlasti u Ulcinju koja je, kako tvrdi, formirala paralelne organe TO kako bi sprovela neke politi\u010dke dogovore.<br \/>\n\u2013 Neformalno saznajem da je takvo pona\u0161anje proiza\u0161lo iz sporazuma partija na vlasti po kome \u010delna funkcija TO treba da pripadne jednoj od njih. Mislim da je predsjednik op\u0161tine zloupotrijebio ovla\u0161\u0107enja, jer on nema mandat da postavlja vr\u0161ioca du\u017enosti direktora, odnosno da ga smjenjuje, kazao je tada Red\u017ea i dodao da po Statutu organizacije Skup\u0161tina TO koja je u mandatu bira izvr\u0161ni i nadzorni odbor, predsjednika TO, a onda, na osnovu konkursa, izvr\u0161ni odbor bira direktora \u0161to, kako tvrdi, nije sprovedeno u njegovom slu\u010daju. S druge strane, sekretar Sekretarijata za za\u0161titu op\u0161tinske imovine Gzim Had\u017eibeti, koji je u konkretnoj pravnoj stvari zastupao Minira Karamanagu, tvrdi da je \u010ditav slu\u010daj sa stanovi\u0161ta va\u017ee\u0107ih zakona vi\u0161e nego jasan.<br \/>\n\u2013 Ali Red\u017ea je smijenjen i Minir Karamanaga je legitimno izabran za direktora. Sva dokumenta to dokazuju, kao i kontakti s Nacionalnom turisti\u010dkom organizacijom. Izvr\u0161enje je odlo\u017eeno iz nekih procesnih razloga, ali mislim da \u0107e se ono jako brzo izvr\u0161iti. Takva je procedura. Mjera koja je izre\u010dena je kona\u010dna i pravosna\u017ena i njihov prigovor je odbijen, tako da je sve zakonski nesporno \u2013 kazao je Had\u017eibeti.<\/p>\n<p><strong>Policija smirivala uzavrele strasti<\/strong><\/p>\n<p>Vi\u0161emjese\u010dna previranja oko direktorske fotelje u TO pratili su skandali poput provaljivanja u kancelarije Turisti\u010dke organizacije, prepucavanja preko medija, sva\u0111a, a intervenisala je \u010dak i policija koja je u nekoliko navrata morala da smiruje uzavrele strasti. Lokalna vlast je u jednom trenutku uspjela da zamrzne finansijska sredstva u jednoj banci koja ima filijalu u Ulcinju, ali je ta mjera ubrzo ukinuta. Zbog nastale situacije obje strane su se obra\u0107ale Ministarstvu turizma i odr\u017eivog razvoja koje nadzire primjenu zakona iz te oblasti, ali se, barem ne javno, niko iz nadle\u017enog ministarstava nije ogla\u0161avao.<br \/>\n<a href=\"http:\/\/www.dan.co.me\/?nivo=3&amp;rubrika=Regioni&amp;datum=2012-05-25&amp;clanak=332481&amp;naslov=Ali+Red%BEa+ne+da+fotelju&amp;kliknut=1337959878560&amp;fasb=22\" target=\"_blank\"><strong>Izvor: DAN<\/strong><\/a><\/p>\n","protected":false},"excerpt":{"rendered":"<p>Saga o dva direktora Turisti\u010dke organizacije u Ulcinju se nastavlja. Osnovni sud u Ulcinju odlo\u017eio je ju\u010de prinudno izvr\u0161enje kojim je Sekretarijat za za\u0161titu op\u0161tinske imovine tra\u017eio da se iz prostorije direktora Turisti\u010dke organizacije iseli Ali Red\u017ea kako bi na njegovo mjesto do\u0161ao Minir Karamanaga, pa se ni nakon vi\u0161e mjeseci u najju\u017enijoj op\u0161tini ta\u010dno [&hellip;]<\/p>\n","protected":false},"author":1,"featured_media":0,"comment_status":"open","ping_status":"closed","sticky":false,"template":"","format":"standard","meta":{"spay_email":"","jetpack_publicize_message":"","jetpack_is_tweetstorm":false,"jetpack_publicize_feature_enabled":true},"categories":[8337],"tags":[9724,19],"jetpack_publicize_connections":[],"yoast_head":"<!-- This site is optimized with the Yoast SEO plugin v19.1 - https:\/\/yoast.com\/wordpress\/plugins\/seo\/ -->\n<title>Ali Red\u017ea ne da fotelju - Lajme nga Ulqini<\/title>\n<meta name=\"description\" content=\"Saga o dva direktora Turisti\u010dke organizacije u Ulcinju se nastavlja. Osnovni sud u Ulcinju odlo\u017eio je ju\u010de prinudno izvr\u0161enje kojim je Sekretarijat za\" \/>\n<meta name=\"robots\" content=\"index, follow, max-snippet:-1, max-image-preview:large, max-video-preview:-1\" \/>\n<link rel=\"canonical\" href=\"https:\/\/www.visit-ulcinj.com\/blog\/2012\/05\/25\/ali-redza-ne-da-fotelju\/\" \/>\n<meta property=\"og:locale\" content=\"en_US\" \/>\n<meta property=\"og:type\" content=\"article\" \/>\n<meta property=\"og:title\" content=\"Ali Red\u017ea ne da fotelju - Lajme nga Ulqini\" \/>\n<meta property=\"og:description\" content=\"Saga o dva direktora Turisti\u010dke organizacije u Ulcinju se nastavlja. Osnovni sud u Ulcinju odlo\u017eio je ju\u010de prinudno izvr\u0161enje kojim je Sekretarijat za\" \/>\n<meta property=\"og:url\" content=\"https:\/\/www.visit-ulcinj.com\/blog\/2012\/05\/25\/ali-redza-ne-da-fotelju\/\" \/>\n<meta property=\"og:site_name\" content=\"Lajme nga Ulqini\" \/>\n<meta property=\"article:published_time\" content=\"2012-05-25T16:13:15+00:00\" \/>\n<meta property=\"og:image\" content=\"http:\/\/www.visit-ulcinj.com\/blog\/wp-content\/uploads\/2012\/05\/Ali-Redza_Ulcinj.jpg\" \/>\n<meta name=\"twitter:label1\" content=\"Written by\" \/>\n\t<meta name=\"twitter:data1\" content=\"ulqini\" \/>\n\t<meta name=\"twitter:label2\" content=\"Est. reading time\" \/>\n\t<meta name=\"twitter:data2\" content=\"4 minutes\" \/>\n<script type=\"application\/ld+json\" class=\"yoast-schema-graph\">{\"@context\":\"https:\/\/schema.org\",\"@graph\":[{\"@type\":\"WebSite\",\"@id\":\"https:\/\/www.visit-ulcinj.com\/blog\/#website\",\"url\":\"https:\/\/www.visit-ulcinj.com\/blog\/\",\"name\":\"Lajme nga Ulqini\",\"description\":\"Lajme,Vijesti,Ulqini,Ulqin,Crna Gora,Mali i Zi\",\"potentialAction\":[{\"@type\":\"SearchAction\",\"target\":{\"@type\":\"EntryPoint\",\"urlTemplate\":\"https:\/\/www.visit-ulcinj.com\/blog\/?s={search_term_string}\"},\"query-input\":\"required name=search_term_string\"}],\"inLanguage\":\"en-US\"},{\"@type\":\"ImageObject\",\"inLanguage\":\"en-US\",\"@id\":\"https:\/\/www.visit-ulcinj.com\/blog\/2012\/05\/25\/ali-redza-ne-da-fotelju\/#primaryimage\",\"url\":\"https:\/\/www.visit-ulcinj.com\/blog\/wp-content\/uploads\/2012\/05\/Ali-Redza_Ulcinj.jpg\",\"contentUrl\":\"https:\/\/www.visit-ulcinj.com\/blog\/wp-content\/uploads\/2012\/05\/Ali-Redza_Ulcinj.jpg\",\"width\":\"800\",\"height\":\"922\"},{\"@type\":\"WebPage\",\"@id\":\"https:\/\/www.visit-ulcinj.com\/blog\/2012\/05\/25\/ali-redza-ne-da-fotelju\/#webpage\",\"url\":\"https:\/\/www.visit-ulcinj.com\/blog\/2012\/05\/25\/ali-redza-ne-da-fotelju\/\",\"name\":\"Ali Red\u017ea ne da fotelju - Lajme nga Ulqini\",\"isPartOf\":{\"@id\":\"https:\/\/www.visit-ulcinj.com\/blog\/#website\"},\"primaryImageOfPage\":{\"@id\":\"https:\/\/www.visit-ulcinj.com\/blog\/2012\/05\/25\/ali-redza-ne-da-fotelju\/#primaryimage\"},\"datePublished\":\"2012-05-25T16:13:15+00:00\",\"dateModified\":\"2012-05-25T16:13:15+00:00\",\"author\":{\"@id\":\"https:\/\/www.visit-ulcinj.com\/blog\/#\/schema\/person\/dcab619c614d3038751c63bc2aadc06d\"},\"description\":\"Saga o dva direktora Turisti\u010dke organizacije u Ulcinju se nastavlja. Osnovni sud u Ulcinju odlo\u017eio je ju\u010de prinudno izvr\u0161enje kojim je Sekretarijat za\",\"breadcrumb\":{\"@id\":\"https:\/\/www.visit-ulcinj.com\/blog\/2012\/05\/25\/ali-redza-ne-da-fotelju\/#breadcrumb\"},\"inLanguage\":\"en-US\",\"potentialAction\":[{\"@type\":\"ReadAction\",\"target\":[\"https:\/\/www.visit-ulcinj.com\/blog\/2012\/05\/25\/ali-redza-ne-da-fotelju\/\"]}]},{\"@type\":\"BreadcrumbList\",\"@id\":\"https:\/\/www.visit-ulcinj.com\/blog\/2012\/05\/25\/ali-redza-ne-da-fotelju\/#breadcrumb\",\"itemListElement\":[{\"@type\":\"ListItem\",\"position\":1,\"name\":\"Ali Red\u017ea ne da fotelju\"}]},{\"@type\":\"Person\",\"@id\":\"https:\/\/www.visit-ulcinj.com\/blog\/#\/schema\/person\/dcab619c614d3038751c63bc2aadc06d\",\"name\":\"ulqini\",\"sameAs\":[\"http:\/\/www.visit-ulcinj.com\"],\"url\":\"https:\/\/www.visit-ulcinj.com\/blog\/author\/admin\/\"}]}<\/script>\n<!-- \/ Yoast SEO plugin. -->","yoast_head_json":{"title":"Ali Red\u017ea ne da fotelju - Lajme nga Ulqini","description":"Saga o dva direktora Turisti\u010dke organizacije u Ulcinju se nastavlja. Osnovni sud u Ulcinju odlo\u017eio je ju\u010de prinudno izvr\u0161enje kojim je Sekretarijat za","robots":{"index":"index","follow":"follow","max-snippet":"max-snippet:-1","max-image-preview":"max-image-preview:large","max-video-preview":"max-video-preview:-1"},"canonical":"https:\/\/www.visit-ulcinj.com\/blog\/2012\/05\/25\/ali-redza-ne-da-fotelju\/","og_locale":"en_US","og_type":"article","og_title":"Ali Red\u017ea ne da fotelju - Lajme nga Ulqini","og_description":"Saga o dva direktora Turisti\u010dke organizacije u Ulcinju se nastavlja. Osnovni sud u Ulcinju odlo\u017eio je ju\u010de prinudno izvr\u0161enje kojim je Sekretarijat za","og_url":"https:\/\/www.visit-ulcinj.com\/blog\/2012\/05\/25\/ali-redza-ne-da-fotelju\/","og_site_name":"Lajme nga Ulqini","article_published_time":"2012-05-25T16:13:15+00:00","og_image":[{"url":"http:\/\/www.visit-ulcinj.com\/blog\/wp-content\/uploads\/2012\/05\/Ali-Redza_Ulcinj.jpg"}],"twitter_misc":{"Written by":"ulqini","Est. reading time":"4 minutes"},"schema":{"@context":"https:\/\/schema.org","@graph":[{"@type":"WebSite","@id":"https:\/\/www.visit-ulcinj.com\/blog\/#website","url":"https:\/\/www.visit-ulcinj.com\/blog\/","name":"Lajme nga Ulqini","description":"Lajme,Vijesti,Ulqini,Ulqin,Crna Gora,Mali i Zi","potentialAction":[{"@type":"SearchAction","target":{"@type":"EntryPoint","urlTemplate":"https:\/\/www.visit-ulcinj.com\/blog\/?s={search_term_string}"},"query-input":"required name=search_term_string"}],"inLanguage":"en-US"},{"@type":"ImageObject","inLanguage":"en-US","@id":"https:\/\/www.visit-ulcinj.com\/blog\/2012\/05\/25\/ali-redza-ne-da-fotelju\/#primaryimage","url":"https:\/\/www.visit-ulcinj.com\/blog\/wp-content\/uploads\/2012\/05\/Ali-Redza_Ulcinj.jpg","contentUrl":"https:\/\/www.visit-ulcinj.com\/blog\/wp-content\/uploads\/2012\/05\/Ali-Redza_Ulcinj.jpg","width":"800","height":"922"},{"@type":"WebPage","@id":"https:\/\/www.visit-ulcinj.com\/blog\/2012\/05\/25\/ali-redza-ne-da-fotelju\/#webpage","url":"https:\/\/www.visit-ulcinj.com\/blog\/2012\/05\/25\/ali-redza-ne-da-fotelju\/","name":"Ali Red\u017ea ne da fotelju - Lajme nga Ulqini","isPartOf":{"@id":"https:\/\/www.visit-ulcinj.com\/blog\/#website"},"primaryImageOfPage":{"@id":"https:\/\/www.visit-ulcinj.com\/blog\/2012\/05\/25\/ali-redza-ne-da-fotelju\/#primaryimage"},"datePublished":"2012-05-25T16:13:15+00:00","dateModified":"2012-05-25T16:13:15+00:00","author":{"@id":"https:\/\/www.visit-ulcinj.com\/blog\/#\/schema\/person\/dcab619c614d3038751c63bc2aadc06d"},"description":"Saga o dva direktora Turisti\u010dke organizacije u Ulcinju se nastavlja. Osnovni sud u Ulcinju odlo\u017eio je ju\u010de prinudno izvr\u0161enje kojim je Sekretarijat za","breadcrumb":{"@id":"https:\/\/www.visit-ulcinj.com\/blog\/2012\/05\/25\/ali-redza-ne-da-fotelju\/#breadcrumb"},"inLanguage":"en-US","potentialAction":[{"@type":"ReadAction","target":["https:\/\/www.visit-ulcinj.com\/blog\/2012\/05\/25\/ali-redza-ne-da-fotelju\/"]}]},{"@type":"BreadcrumbList","@id":"https:\/\/www.visit-ulcinj.com\/blog\/2012\/05\/25\/ali-redza-ne-da-fotelju\/#breadcrumb","itemListElement":[{"@type":"ListItem","position":1,"name":"Ali Red\u017ea ne da fotelju"}]},{"@type":"Person","@id":"https:\/\/www.visit-ulcinj.com\/blog\/#\/schema\/person\/dcab619c614d3038751c63bc2aadc06d","name":"ulqini","sameAs":["http:\/\/www.visit-ulcinj.com"],"url":"https:\/\/www.visit-ulcinj.com\/blog\/author\/admin\/"}]}},"jetpack_featured_media_url":"","jetpack_sharing_enabled":true,"jetpack_shortlink":"https:\/\/wp.me\/pe6lTn-fRv","_links":{"self":[{"href":"https:\/\/www.visit-ulcinj.com\/blog\/wp-json\/wp\/v2\/posts\/60977"}],"collection":[{"href":"https:\/\/www.visit-ulcinj.com\/blog\/wp-json\/wp\/v2\/posts"}],"about":[{"href":"https:\/\/www.visit-ulcinj.com\/blog\/wp-json\/wp\/v2\/types\/post"}],"author":[{"embeddable":true,"href":"https:\/\/www.visit-ulcinj.com\/blog\/wp-json\/wp\/v2\/users\/1"}],"replies":[{"embeddable":true,"href":"https:\/\/www.visit-ulcinj.com\/blog\/wp-json\/wp\/v2\/comments?post=60977"}],"version-history":[{"count":1,"href":"https:\/\/www.visit-ulcinj.com\/blog\/wp-json\/wp\/v2\/posts\/60977\/revisions"}],"predecessor-version":[{"id":60979,"href":"https:\/\/www.visit-ulcinj.com\/blog\/wp-json\/wp\/v2\/posts\/60977\/revisions\/60979"}],"wp:attachment":[{"href":"https:\/\/www.visit-ulcinj.com\/blog\/wp-json\/wp\/v2\/media?parent=60977"}],"wp:term":[{"taxonomy":"category","embeddable":true,"href":"https:\/\/www.visit-ulcinj.com\/blog\/wp-json\/wp\/v2\/categories?post=60977"},{"taxonomy":"post_tag","embeddable":true,"href":"https:\/\/www.visit-ulcinj.com\/blog\/wp-json\/wp\/v2\/tags?post=60977"}],"curies":[{"name":"wp","href":"https:\/\/api.w.org\/{rel}","templated":true}]}}