{"id":6098,"date":"2008-11-16T05:01:01","date_gmt":"2008-11-16T10:01:01","guid":{"rendered":"http:\/\/www.visit-ulcinj.com\/blog\/?p=6098"},"modified":"2008-11-16T05:03:22","modified_gmt":"2008-11-16T10:03:22","slug":"novi-cjenovnik-za-crnogorskog-avio-prevoznika","status":"publish","type":"post","link":"https:\/\/www.visit-ulcinj.com\/blog\/2008\/11\/16\/novi-cjenovnik-za-crnogorskog-avio-prevoznika\/","title":{"rendered":"Montenegro Airlines:Novi cjenovnik za crnogorskog avio prevoznika"},"content":{"rendered":"<p><a href=\"http:\/\/www.visit-ulcinj.com\/blog\/wp-content\/uploads\/2008\/11\/montenegro-airlines.jpg\"><img loading=\"lazy\" class=\"alignleft size-medium wp-image-6099\" title=\"montenegro-airlines\" src=\"http:\/\/www.visit-ulcinj.com\/blog\/wp-content\/uploads\/2008\/11\/montenegro-airlines.jpg\" alt=\"\" width=\"346\" height=\"230\" \/><\/a>PODGORICA &#8211; Menad\u017ement beogradskog aerodroma \u201cNikola Tesla\u201d odlu?io je da pove?a cijene usluga crnogorskoj aviokompaniji Montenegro erlajnz \/airlines\/ (MA) za oko 90 odsto. Obaveze MA prema aerodromu u Beogradu, na godi\u0161njem nivou, do sada su iznosile oko 1,5 miliona EUR, a prema novoj tarifi usluga, ta cifra bi se skoro duplirala.<br \/>\nPredsjednik Borda direktora MA Zoran ?uri\u0161i? smatra da je motiv za takvu odluku isklju?ivo politi?ke prirode i zatra\u017eio je od Vlade Crne Gore da za\u0161titi interes nacionalne aviokompanije, kako ne bi do\u0161lo do broja smanjenja letova, crnogoskog i srpskog avio prevoznika Jat ervejza \/airways\/.On je za Vijesti kazao da bez obzira na takvu odluku aerodromske uprave aviokarte do Beograda ne?e poskupjeti.<br \/>\n?uri\u0161i? i njegovi saradnici u Beogradu su demonstrativno napustili sastanak sa generalnim direktorom aerodroma \u201cNikola Tesla\u201d Bojanom Kri\u0161tom. Uz obrazlo\u017eenje da se menad\u017ement aerodroma mora pridr\u017eavati cjenovnika usluga, koji predvi?a odre?ene tarife usluga stranim kompanijama, Kri\u0161to, prema rije?ima ?uri\u0161i?a, nije \u017eelio da odstupi od navedene odluke.<br \/>\n&#8220;Iako je poznato da je MA, nakon Jat ervejza, drugi najve?i partner beogradskog aerodroma, po prometu putnika i letova, uprava te vazdu\u0161ne luke nije se potrudila ni da saslu\u0161a na\u0161e argumente. O?igledno, rije? je o politi?ki motivisanoj odluci o drasti?nom poskupljenju usluga, koje nam pru\u017eaju&#8221;, naveo je ?uri\u0161i? i dodao da je Kri\u0161to nedavno odbio dolazak na sastanak u Podgorici, uz obrazlo\u017eenje da je revoltiran odlukom crnogorske Vlade o priznanju Kosova.<br \/>\n?uri\u0161i? je optu\u017eio upravu aerodroma \u201cNikola Tesla\u201d za monopolski odnos. &#8220;Bezo?no su napravili monopol, koji je do kraja zloupotrijebljen, jer znaju da nemamo izbora, zato \u0161to u Beogradu postoji samo jedan aerodrom&#8221;, dodao je ?uri\u0161i?. On je rekao da je od ministra pomorstva i saobra?aja Andrije Lompara zatra\u017eio da Vlada preduzme odre?ene mjere, kako bi za\u0161titila interes nacionalne aviokompanije.<br \/>\n&#8220;Zatra\u017eio sam od ministra Lompara i da se po?etkom naredne sedmice hitno sazove sjednica Upravnog odbora Javnog preduze?a Aerodromi Crne Gore i da se Jat-u na isti na?in pove?aju cijene usluga&#8221;, naveo je ?uri\u0161i?.<br \/>\nAvioni MA kompanije, u redovnom re\u017eimu saobra?aja, za Beograd zimi lete pet puta dnevno, a ljeti osam. Kapacitet popunjenosti putni?ke kabine na godi\u0161njem nivou prosje?no iznosi 67 odsto. Iz uprave aerodroma \u201cNikola Tesla\u201d, saop\u0161teno je da pove?anje cijena aerodromskih usluga za MA nijesu ta?ni.<br \/>\n&#8220;Cjenovnik aerodromskih usluga identi?an je za sve aviokompanije. Trenutni zvani?ni cjenovnik aerodromskih usluga je va\u017ee?i od 1. decembra 2005. godine i javni je dokument&#8221;, navode iz beogradskog aerodroma.<br \/>\nU oktobru ove godine je, kako se precizira, prestao da va\u017ei Ugovor o pru\u017eanju aerodromskih usluga, kojim su regulisane obaveze izme?u tog aerodroma i MA, koji je potpisan u vrijeme postojanja zajedni?ke dr\u017eave.<br \/>\n&#8220;Aerodrom &#8220;Nikola Tesla&#8221; ima odli?ne poslovne odnose sa MA i smatra ga svojim va\u017enim poslovnim partnerom. U skladu sa tim, menad\u017ement aerodroma &#8220;Nikola Tesla&#8221; je predstavnicima te aviokompanije prezentovao uslove kojima su im ponu?ene identi?ne privilegije, koje va\u017ee za ostale nacionalne aviokompanije drugih dr\u017eava&#8221; tvrde iz aerodroma \u201cNikola Tesla\u201d.<br \/>\nLompar je kazao da ?e ispititati razloge odluke aerodroma u Beogradu o poskuljenju cijene usluga MA odnosno da li su oni politi?ki ili komercijalni. &#8220;Sasta?u se u ponedjeljak sa direktorom Javnog preduze?a Aerodromi Crne Gore i razmotri?emo dalje postupanje i odnos prema srpskoj aviokompaniji&#8221;, kazao je Lompar.<br \/>\nIz uprave Aerodroma Crne Gore je saop\u0161teno da im nije poznato da je zatra\u017eeno odr\u017eavanje sastanka, na kojem bi se razmatrala mogu?nost poskupljenja cijena usluga srpskoj kompaniji Jat ervejz.<br \/>\nGeneralni direktor srpske kompanije Jat ervejz Sa\u0161a Vlaisavljevi? kazao je da je neformalno obavije\u0161ten o toj odluci, kao i da je upoznat i sa mogu?no\u0161?u da se prema srpskom avioprevozniku u Crnoj Gori primijeni model reciprociteta.<br \/>\n&#8220;U tom slu?aju, predlo\u017ei?emo kolegama iz Crne Gore, sa kojima imamo veoma dobru i korektnu saradnju, da obustavimo redovni saobra?aj izme?u Srbije i Crne Gore i tako natjeramo nadle\u017ene aerodroma \u201cNikola Tesla\u201d da promijene odluku&#8221;, saop\u0161tio je Vlaisavljevi?.<br \/>\n<strong>Izvor \/ Mina Business <\/strong><\/p>\n<!--YouTube Error: bad URL entered-->\n","protected":false},"excerpt":{"rendered":"<p>PODGORICA &#8211; Menad\u017ement beogradskog aerodroma \u201cNikola Tesla\u201d odlu?io je da pove?a cijene usluga crnogorskoj aviokompaniji Montenegro erlajnz \/airlines\/ (MA) za oko 90 odsto. Obaveze MA prema aerodromu u Beogradu, na godi\u0161njem nivou, do sada su iznosile oko 1,5 miliona EUR, a prema novoj tarifi usluga, ta cifra bi se skoro duplirala. Predsjednik Borda direktora MA [&hellip;]<\/p>\n","protected":false},"author":1,"featured_media":0,"comment_status":"open","ping_status":"closed","sticky":false,"template":"","format":"standard","meta":{"spay_email":"","jetpack_publicize_message":"","jetpack_is_tweetstorm":false,"jetpack_publicize_feature_enabled":true},"categories":[10],"tags":[1022,20,1096,3606],"jetpack_publicize_connections":[],"yoast_head":"<!-- This site is optimized with the Yoast SEO plugin v19.1 - https:\/\/yoast.com\/wordpress\/plugins\/seo\/ -->\n<title>Montenegro Airlines:Novi cjenovnik za crnogorskog avio prevoznika - Lajme nga Ulqini<\/title>\n<meta name=\"description\" content=\"PODGORICA - Menad\u017ement beogradskog aerodroma \u201cNikola Tesla\u201d odlu?io je da pove?a cijene usluga crnogorskoj aviokompaniji Montenegro erlajnz \/airlines\/\" \/>\n<meta name=\"robots\" content=\"index, follow, max-snippet:-1, max-image-preview:large, max-video-preview:-1\" \/>\n<link rel=\"canonical\" href=\"https:\/\/www.visit-ulcinj.com\/blog\/2008\/11\/16\/novi-cjenovnik-za-crnogorskog-avio-prevoznika\/\" \/>\n<meta property=\"og:locale\" content=\"en_US\" \/>\n<meta property=\"og:type\" content=\"article\" \/>\n<meta property=\"og:title\" content=\"Montenegro Airlines:Novi cjenovnik za crnogorskog avio prevoznika - Lajme nga Ulqini\" \/>\n<meta property=\"og:description\" content=\"PODGORICA - Menad\u017ement beogradskog aerodroma \u201cNikola Tesla\u201d odlu?io je da pove?a cijene usluga crnogorskoj aviokompaniji Montenegro erlajnz \/airlines\/\" \/>\n<meta property=\"og:url\" content=\"https:\/\/www.visit-ulcinj.com\/blog\/2008\/11\/16\/novi-cjenovnik-za-crnogorskog-avio-prevoznika\/\" \/>\n<meta property=\"og:site_name\" content=\"Lajme nga Ulqini\" \/>\n<meta property=\"article:published_time\" content=\"2008-11-16T10:01:01+00:00\" \/>\n<meta property=\"article:modified_time\" content=\"2008-11-16T10:03:22+00:00\" \/>\n<meta property=\"og:image\" content=\"http:\/\/www.visit-ulcinj.com\/blog\/wp-content\/uploads\/2008\/11\/montenegro-airlines.jpg\" \/>\n<meta name=\"twitter:label1\" content=\"Written by\" \/>\n\t<meta name=\"twitter:data1\" content=\"ulqini\" \/>\n\t<meta name=\"twitter:label2\" content=\"Est. reading time\" \/>\n\t<meta name=\"twitter:data2\" content=\"4 minutes\" \/>\n<script type=\"application\/ld+json\" class=\"yoast-schema-graph\">{\"@context\":\"https:\/\/schema.org\",\"@graph\":[{\"@type\":\"WebSite\",\"@id\":\"https:\/\/www.visit-ulcinj.com\/blog\/#website\",\"url\":\"https:\/\/www.visit-ulcinj.com\/blog\/\",\"name\":\"Lajme nga Ulqini\",\"description\":\"Lajme,Vijesti,Ulqini,Ulqin,Crna Gora,Mali i Zi\",\"potentialAction\":[{\"@type\":\"SearchAction\",\"target\":{\"@type\":\"EntryPoint\",\"urlTemplate\":\"https:\/\/www.visit-ulcinj.com\/blog\/?s={search_term_string}\"},\"query-input\":\"required name=search_term_string\"}],\"inLanguage\":\"en-US\"},{\"@type\":\"ImageObject\",\"inLanguage\":\"en-US\",\"@id\":\"https:\/\/www.visit-ulcinj.com\/blog\/2008\/11\/16\/novi-cjenovnik-za-crnogorskog-avio-prevoznika\/#primaryimage\",\"url\":\"http:\/\/www.visit-ulcinj.com\/blog\/wp-content\/uploads\/2008\/11\/montenegro-airlines.jpg\",\"contentUrl\":\"http:\/\/www.visit-ulcinj.com\/blog\/wp-content\/uploads\/2008\/11\/montenegro-airlines.jpg\"},{\"@type\":\"WebPage\",\"@id\":\"https:\/\/www.visit-ulcinj.com\/blog\/2008\/11\/16\/novi-cjenovnik-za-crnogorskog-avio-prevoznika\/#webpage\",\"url\":\"https:\/\/www.visit-ulcinj.com\/blog\/2008\/11\/16\/novi-cjenovnik-za-crnogorskog-avio-prevoznika\/\",\"name\":\"Montenegro Airlines:Novi cjenovnik za crnogorskog avio prevoznika - Lajme nga Ulqini\",\"isPartOf\":{\"@id\":\"https:\/\/www.visit-ulcinj.com\/blog\/#website\"},\"primaryImageOfPage\":{\"@id\":\"https:\/\/www.visit-ulcinj.com\/blog\/2008\/11\/16\/novi-cjenovnik-za-crnogorskog-avio-prevoznika\/#primaryimage\"},\"datePublished\":\"2008-11-16T10:01:01+00:00\",\"dateModified\":\"2008-11-16T10:03:22+00:00\",\"author\":{\"@id\":\"https:\/\/www.visit-ulcinj.com\/blog\/#\/schema\/person\/dcab619c614d3038751c63bc2aadc06d\"},\"description\":\"PODGORICA - Menad\u017ement beogradskog aerodroma \u201cNikola Tesla\u201d odlu?io je da pove?a cijene usluga crnogorskoj aviokompaniji Montenegro erlajnz \/airlines\/\",\"breadcrumb\":{\"@id\":\"https:\/\/www.visit-ulcinj.com\/blog\/2008\/11\/16\/novi-cjenovnik-za-crnogorskog-avio-prevoznika\/#breadcrumb\"},\"inLanguage\":\"en-US\",\"potentialAction\":[{\"@type\":\"ReadAction\",\"target\":[\"https:\/\/www.visit-ulcinj.com\/blog\/2008\/11\/16\/novi-cjenovnik-za-crnogorskog-avio-prevoznika\/\"]}]},{\"@type\":\"BreadcrumbList\",\"@id\":\"https:\/\/www.visit-ulcinj.com\/blog\/2008\/11\/16\/novi-cjenovnik-za-crnogorskog-avio-prevoznika\/#breadcrumb\",\"itemListElement\":[{\"@type\":\"ListItem\",\"position\":1,\"name\":\"Montenegro Airlines:Novi cjenovnik za crnogorskog avio prevoznika\"}]},{\"@type\":\"Person\",\"@id\":\"https:\/\/www.visit-ulcinj.com\/blog\/#\/schema\/person\/dcab619c614d3038751c63bc2aadc06d\",\"name\":\"ulqini\",\"sameAs\":[\"http:\/\/www.visit-ulcinj.com\"],\"url\":\"https:\/\/www.visit-ulcinj.com\/blog\/author\/admin\/\"}]}<\/script>\n<!-- \/ Yoast SEO plugin. -->","yoast_head_json":{"title":"Montenegro Airlines:Novi cjenovnik za crnogorskog avio prevoznika - Lajme nga Ulqini","description":"PODGORICA - Menad\u017ement beogradskog aerodroma \u201cNikola Tesla\u201d odlu?io je da pove?a cijene usluga crnogorskoj aviokompaniji Montenegro erlajnz \/airlines\/","robots":{"index":"index","follow":"follow","max-snippet":"max-snippet:-1","max-image-preview":"max-image-preview:large","max-video-preview":"max-video-preview:-1"},"canonical":"https:\/\/www.visit-ulcinj.com\/blog\/2008\/11\/16\/novi-cjenovnik-za-crnogorskog-avio-prevoznika\/","og_locale":"en_US","og_type":"article","og_title":"Montenegro Airlines:Novi cjenovnik za crnogorskog avio prevoznika - Lajme nga Ulqini","og_description":"PODGORICA - Menad\u017ement beogradskog aerodroma \u201cNikola Tesla\u201d odlu?io je da pove?a cijene usluga crnogorskoj aviokompaniji Montenegro erlajnz \/airlines\/","og_url":"https:\/\/www.visit-ulcinj.com\/blog\/2008\/11\/16\/novi-cjenovnik-za-crnogorskog-avio-prevoznika\/","og_site_name":"Lajme nga Ulqini","article_published_time":"2008-11-16T10:01:01+00:00","article_modified_time":"2008-11-16T10:03:22+00:00","og_image":[{"url":"http:\/\/www.visit-ulcinj.com\/blog\/wp-content\/uploads\/2008\/11\/montenegro-airlines.jpg"}],"twitter_misc":{"Written by":"ulqini","Est. reading time":"4 minutes"},"schema":{"@context":"https:\/\/schema.org","@graph":[{"@type":"WebSite","@id":"https:\/\/www.visit-ulcinj.com\/blog\/#website","url":"https:\/\/www.visit-ulcinj.com\/blog\/","name":"Lajme nga Ulqini","description":"Lajme,Vijesti,Ulqini,Ulqin,Crna Gora,Mali i Zi","potentialAction":[{"@type":"SearchAction","target":{"@type":"EntryPoint","urlTemplate":"https:\/\/www.visit-ulcinj.com\/blog\/?s={search_term_string}"},"query-input":"required name=search_term_string"}],"inLanguage":"en-US"},{"@type":"ImageObject","inLanguage":"en-US","@id":"https:\/\/www.visit-ulcinj.com\/blog\/2008\/11\/16\/novi-cjenovnik-za-crnogorskog-avio-prevoznika\/#primaryimage","url":"http:\/\/www.visit-ulcinj.com\/blog\/wp-content\/uploads\/2008\/11\/montenegro-airlines.jpg","contentUrl":"http:\/\/www.visit-ulcinj.com\/blog\/wp-content\/uploads\/2008\/11\/montenegro-airlines.jpg"},{"@type":"WebPage","@id":"https:\/\/www.visit-ulcinj.com\/blog\/2008\/11\/16\/novi-cjenovnik-za-crnogorskog-avio-prevoznika\/#webpage","url":"https:\/\/www.visit-ulcinj.com\/blog\/2008\/11\/16\/novi-cjenovnik-za-crnogorskog-avio-prevoznika\/","name":"Montenegro Airlines:Novi cjenovnik za crnogorskog avio prevoznika - Lajme nga Ulqini","isPartOf":{"@id":"https:\/\/www.visit-ulcinj.com\/blog\/#website"},"primaryImageOfPage":{"@id":"https:\/\/www.visit-ulcinj.com\/blog\/2008\/11\/16\/novi-cjenovnik-za-crnogorskog-avio-prevoznika\/#primaryimage"},"datePublished":"2008-11-16T10:01:01+00:00","dateModified":"2008-11-16T10:03:22+00:00","author":{"@id":"https:\/\/www.visit-ulcinj.com\/blog\/#\/schema\/person\/dcab619c614d3038751c63bc2aadc06d"},"description":"PODGORICA - Menad\u017ement beogradskog aerodroma \u201cNikola Tesla\u201d odlu?io je da pove?a cijene usluga crnogorskoj aviokompaniji Montenegro erlajnz \/airlines\/","breadcrumb":{"@id":"https:\/\/www.visit-ulcinj.com\/blog\/2008\/11\/16\/novi-cjenovnik-za-crnogorskog-avio-prevoznika\/#breadcrumb"},"inLanguage":"en-US","potentialAction":[{"@type":"ReadAction","target":["https:\/\/www.visit-ulcinj.com\/blog\/2008\/11\/16\/novi-cjenovnik-za-crnogorskog-avio-prevoznika\/"]}]},{"@type":"BreadcrumbList","@id":"https:\/\/www.visit-ulcinj.com\/blog\/2008\/11\/16\/novi-cjenovnik-za-crnogorskog-avio-prevoznika\/#breadcrumb","itemListElement":[{"@type":"ListItem","position":1,"name":"Montenegro Airlines:Novi cjenovnik za crnogorskog avio prevoznika"}]},{"@type":"Person","@id":"https:\/\/www.visit-ulcinj.com\/blog\/#\/schema\/person\/dcab619c614d3038751c63bc2aadc06d","name":"ulqini","sameAs":["http:\/\/www.visit-ulcinj.com"],"url":"https:\/\/www.visit-ulcinj.com\/blog\/author\/admin\/"}]}},"jetpack_featured_media_url":"","jetpack_sharing_enabled":true,"jetpack_shortlink":"https:\/\/wp.me\/pe6lTn-1Am","_links":{"self":[{"href":"https:\/\/www.visit-ulcinj.com\/blog\/wp-json\/wp\/v2\/posts\/6098"}],"collection":[{"href":"https:\/\/www.visit-ulcinj.com\/blog\/wp-json\/wp\/v2\/posts"}],"about":[{"href":"https:\/\/www.visit-ulcinj.com\/blog\/wp-json\/wp\/v2\/types\/post"}],"author":[{"embeddable":true,"href":"https:\/\/www.visit-ulcinj.com\/blog\/wp-json\/wp\/v2\/users\/1"}],"replies":[{"embeddable":true,"href":"https:\/\/www.visit-ulcinj.com\/blog\/wp-json\/wp\/v2\/comments?post=6098"}],"version-history":[{"count":0,"href":"https:\/\/www.visit-ulcinj.com\/blog\/wp-json\/wp\/v2\/posts\/6098\/revisions"}],"wp:attachment":[{"href":"https:\/\/www.visit-ulcinj.com\/blog\/wp-json\/wp\/v2\/media?parent=6098"}],"wp:term":[{"taxonomy":"category","embeddable":true,"href":"https:\/\/www.visit-ulcinj.com\/blog\/wp-json\/wp\/v2\/categories?post=6098"},{"taxonomy":"post_tag","embeddable":true,"href":"https:\/\/www.visit-ulcinj.com\/blog\/wp-json\/wp\/v2\/tags?post=6098"}],"curies":[{"name":"wp","href":"https:\/\/api.w.org\/{rel}","templated":true}]}}