{"id":60980,"date":"2012-05-25T17:38:59","date_gmt":"2012-05-25T16:38:59","guid":{"rendered":"http:\/\/www.visit-ulcinj.com\/blog\/?p=60980"},"modified":"2012-05-26T19:21:57","modified_gmt":"2012-05-26T18:21:57","slug":"bazar-suvenira-na-terasi-restorana-hollegro-ulcinj","status":"publish","type":"post","link":"https:\/\/www.visit-ulcinj.com\/blog\/2012\/05\/25\/bazar-suvenira-na-terasi-restorana-hollegro-ulcinj\/","title":{"rendered":"&#8220;Bazar suvenira&#8221; na terasi restorana Hollegro Ulcinj"},"content":{"rendered":"<p><strong><a href=\"http:\/\/www.visit-ulcinj.com\/blog\/wp-content\/uploads\/2012\/05\/Bazar-suvenira_na-terasi-restorana-Hollegro-Ulcinj.jpg\"><img loading=\"lazy\" class=\"alignleft  wp-image-60981\" title=\"Bazar suvenira_na terasi restorana Hollegro Ulcinj\" src=\"http:\/\/www.visit-ulcinj.com\/blog\/wp-content\/uploads\/2012\/05\/Bazar-suvenira_na-terasi-restorana-Hollegro-Ulcinj.jpg\" alt=\"\" width=\"508\" height=\"360\" \/><\/a>Bazar suvenira sjutra u Ulcinju<\/strong><br \/>\n&#8220;Bazar suvenira&#8221;, koji\u00a0organizuje Civilni\u00a0centar\u00a0u saradnji sa Op\u0161tinom Ulcinj, odr\u017ea\u0107e se sjutra na terasi restorana Hollegro na Maloj ulcinjskog pla\u017ei.<\/p>\n<p>&#8220;Bazar suvenira&#8221; bi\u0107e otvoren od 11 do 19 \u010dasova, a u\u010destvova\u0107e preko 50 izlaga\u010da iz cijele Crne Gore.<\/p>\n<p>&#8220;Na bazaru \u0107e se predstaviti proizvo\u0111a\u010di suvenira, stari zanati, izra\u0111iva\u010di nakita i umjetni\u010dke zanatlije&#8221;, saop\u0161teno je iz Civilnog centra.<\/p>\n<p>Ovo je druga ljetna manifestacija koju organizuje Civilni centar sa ciljem predstavljanja stvarala\u0161tva Crne Gore<\/p>\n<p><strong>Izvor: CDM<\/strong><\/p>\n","protected":false},"excerpt":{"rendered":"<p>Bazar suvenira sjutra u Ulcinju &#8220;Bazar suvenira&#8221;, koji\u00a0organizuje Civilni\u00a0centar\u00a0u saradnji sa Op\u0161tinom Ulcinj, odr\u017ea\u0107e se sjutra na terasi restorana Hollegro na Maloj ulcinjskog pla\u017ei. &#8220;Bazar suvenira&#8221; bi\u0107e otvoren od 11 do 19 \u010dasova, a u\u010destvova\u0107e preko 50 izlaga\u010da iz cijele Crne Gore. &#8220;Na bazaru \u0107e se predstaviti proizvo\u0111a\u010di suvenira, stari zanati, izra\u0111iva\u010di nakita i umjetni\u010dke [&hellip;]<\/p>\n","protected":false},"author":1,"featured_media":0,"comment_status":"open","ping_status":"closed","sticky":false,"template":"","format":"standard","meta":{"spay_email":"","jetpack_publicize_message":"","jetpack_is_tweetstorm":false,"jetpack_publicize_feature_enabled":true},"categories":[8337],"tags":[20574,19],"jetpack_publicize_connections":[],"yoast_head":"<!-- This site is optimized with the Yoast SEO plugin v19.1 - https:\/\/yoast.com\/wordpress\/plugins\/seo\/ -->\n<title>&quot;Bazar suvenira&quot; na terasi restorana Hollegro Ulcinj - Lajme nga Ulqini<\/title>\n<meta name=\"description\" content=\"Bazar suvenira sjutra u Ulcinju &quot;Bazar suvenira&quot;, koji\u00a0organizuje Civilni\u00a0centar\u00a0u saradnji sa Op\u0161tinom Ulcinj, odr\u017ea\u0107e se sjutra na terasi restorana\" \/>\n<meta name=\"robots\" content=\"index, follow, max-snippet:-1, max-image-preview:large, max-video-preview:-1\" \/>\n<link rel=\"canonical\" href=\"https:\/\/www.visit-ulcinj.com\/blog\/2012\/05\/25\/bazar-suvenira-na-terasi-restorana-hollegro-ulcinj\/\" \/>\n<meta property=\"og:locale\" content=\"en_US\" \/>\n<meta property=\"og:type\" content=\"article\" \/>\n<meta property=\"og:title\" content=\"&quot;Bazar suvenira&quot; na terasi restorana Hollegro Ulcinj - Lajme nga Ulqini\" \/>\n<meta property=\"og:description\" content=\"Bazar suvenira sjutra u Ulcinju &quot;Bazar suvenira&quot;, koji\u00a0organizuje Civilni\u00a0centar\u00a0u saradnji sa Op\u0161tinom Ulcinj, odr\u017ea\u0107e se sjutra na terasi restorana\" \/>\n<meta property=\"og:url\" content=\"https:\/\/www.visit-ulcinj.com\/blog\/2012\/05\/25\/bazar-suvenira-na-terasi-restorana-hollegro-ulcinj\/\" \/>\n<meta property=\"og:site_name\" content=\"Lajme nga Ulqini\" \/>\n<meta property=\"article:published_time\" content=\"2012-05-25T16:38:59+00:00\" \/>\n<meta property=\"article:modified_time\" content=\"2012-05-26T18:21:57+00:00\" \/>\n<meta property=\"og:image\" content=\"http:\/\/www.visit-ulcinj.com\/blog\/wp-content\/uploads\/2012\/05\/Bazar-suvenira_na-terasi-restorana-Hollegro-Ulcinj.jpg\" \/>\n<meta name=\"twitter:label1\" content=\"Written by\" \/>\n\t<meta name=\"twitter:data1\" content=\"ulqini\" \/>\n<script type=\"application\/ld+json\" class=\"yoast-schema-graph\">{\"@context\":\"https:\/\/schema.org\",\"@graph\":[{\"@type\":\"WebSite\",\"@id\":\"https:\/\/www.visit-ulcinj.com\/blog\/#website\",\"url\":\"https:\/\/www.visit-ulcinj.com\/blog\/\",\"name\":\"Lajme nga Ulqini\",\"description\":\"Lajme,Vijesti,Ulqini,Ulqin,Crna Gora,Mali i Zi\",\"potentialAction\":[{\"@type\":\"SearchAction\",\"target\":{\"@type\":\"EntryPoint\",\"urlTemplate\":\"https:\/\/www.visit-ulcinj.com\/blog\/?s={search_term_string}\"},\"query-input\":\"required name=search_term_string\"}],\"inLanguage\":\"en-US\"},{\"@type\":\"ImageObject\",\"inLanguage\":\"en-US\",\"@id\":\"https:\/\/www.visit-ulcinj.com\/blog\/2012\/05\/25\/bazar-suvenira-na-terasi-restorana-hollegro-ulcinj\/#primaryimage\",\"url\":\"https:\/\/www.visit-ulcinj.com\/blog\/wp-content\/uploads\/2012\/05\/Bazar-suvenira_na-terasi-restorana-Hollegro-Ulcinj.jpg\",\"contentUrl\":\"https:\/\/www.visit-ulcinj.com\/blog\/wp-content\/uploads\/2012\/05\/Bazar-suvenira_na-terasi-restorana-Hollegro-Ulcinj.jpg\",\"width\":\"1000\",\"height\":\"667\"},{\"@type\":\"WebPage\",\"@id\":\"https:\/\/www.visit-ulcinj.com\/blog\/2012\/05\/25\/bazar-suvenira-na-terasi-restorana-hollegro-ulcinj\/#webpage\",\"url\":\"https:\/\/www.visit-ulcinj.com\/blog\/2012\/05\/25\/bazar-suvenira-na-terasi-restorana-hollegro-ulcinj\/\",\"name\":\"\\\"Bazar suvenira\\\" na terasi restorana Hollegro Ulcinj - Lajme nga Ulqini\",\"isPartOf\":{\"@id\":\"https:\/\/www.visit-ulcinj.com\/blog\/#website\"},\"primaryImageOfPage\":{\"@id\":\"https:\/\/www.visit-ulcinj.com\/blog\/2012\/05\/25\/bazar-suvenira-na-terasi-restorana-hollegro-ulcinj\/#primaryimage\"},\"datePublished\":\"2012-05-25T16:38:59+00:00\",\"dateModified\":\"2012-05-26T18:21:57+00:00\",\"author\":{\"@id\":\"https:\/\/www.visit-ulcinj.com\/blog\/#\/schema\/person\/dcab619c614d3038751c63bc2aadc06d\"},\"description\":\"Bazar suvenira sjutra u Ulcinju \\\"Bazar suvenira\\\", koji\u00a0organizuje Civilni\u00a0centar\u00a0u saradnji sa Op\u0161tinom Ulcinj, odr\u017ea\u0107e se sjutra na terasi restorana\",\"breadcrumb\":{\"@id\":\"https:\/\/www.visit-ulcinj.com\/blog\/2012\/05\/25\/bazar-suvenira-na-terasi-restorana-hollegro-ulcinj\/#breadcrumb\"},\"inLanguage\":\"en-US\",\"potentialAction\":[{\"@type\":\"ReadAction\",\"target\":[\"https:\/\/www.visit-ulcinj.com\/blog\/2012\/05\/25\/bazar-suvenira-na-terasi-restorana-hollegro-ulcinj\/\"]}]},{\"@type\":\"BreadcrumbList\",\"@id\":\"https:\/\/www.visit-ulcinj.com\/blog\/2012\/05\/25\/bazar-suvenira-na-terasi-restorana-hollegro-ulcinj\/#breadcrumb\",\"itemListElement\":[{\"@type\":\"ListItem\",\"position\":1,\"name\":\"&#8220;Bazar suvenira&#8221; na terasi restorana Hollegro Ulcinj\"}]},{\"@type\":\"Person\",\"@id\":\"https:\/\/www.visit-ulcinj.com\/blog\/#\/schema\/person\/dcab619c614d3038751c63bc2aadc06d\",\"name\":\"ulqini\",\"sameAs\":[\"http:\/\/www.visit-ulcinj.com\"],\"url\":\"https:\/\/www.visit-ulcinj.com\/blog\/author\/admin\/\"}]}<\/script>\n<!-- \/ Yoast SEO plugin. -->","yoast_head_json":{"title":"\"Bazar suvenira\" na terasi restorana Hollegro Ulcinj - Lajme nga Ulqini","description":"Bazar suvenira sjutra u Ulcinju \"Bazar suvenira\", koji\u00a0organizuje Civilni\u00a0centar\u00a0u saradnji sa Op\u0161tinom Ulcinj, odr\u017ea\u0107e se sjutra na terasi restorana","robots":{"index":"index","follow":"follow","max-snippet":"max-snippet:-1","max-image-preview":"max-image-preview:large","max-video-preview":"max-video-preview:-1"},"canonical":"https:\/\/www.visit-ulcinj.com\/blog\/2012\/05\/25\/bazar-suvenira-na-terasi-restorana-hollegro-ulcinj\/","og_locale":"en_US","og_type":"article","og_title":"\"Bazar suvenira\" na terasi restorana Hollegro Ulcinj - Lajme nga Ulqini","og_description":"Bazar suvenira sjutra u Ulcinju \"Bazar suvenira\", koji\u00a0organizuje Civilni\u00a0centar\u00a0u saradnji sa Op\u0161tinom Ulcinj, odr\u017ea\u0107e se sjutra na terasi restorana","og_url":"https:\/\/www.visit-ulcinj.com\/blog\/2012\/05\/25\/bazar-suvenira-na-terasi-restorana-hollegro-ulcinj\/","og_site_name":"Lajme nga Ulqini","article_published_time":"2012-05-25T16:38:59+00:00","article_modified_time":"2012-05-26T18:21:57+00:00","og_image":[{"url":"http:\/\/www.visit-ulcinj.com\/blog\/wp-content\/uploads\/2012\/05\/Bazar-suvenira_na-terasi-restorana-Hollegro-Ulcinj.jpg"}],"twitter_misc":{"Written by":"ulqini"},"schema":{"@context":"https:\/\/schema.org","@graph":[{"@type":"WebSite","@id":"https:\/\/www.visit-ulcinj.com\/blog\/#website","url":"https:\/\/www.visit-ulcinj.com\/blog\/","name":"Lajme nga Ulqini","description":"Lajme,Vijesti,Ulqini,Ulqin,Crna Gora,Mali i Zi","potentialAction":[{"@type":"SearchAction","target":{"@type":"EntryPoint","urlTemplate":"https:\/\/www.visit-ulcinj.com\/blog\/?s={search_term_string}"},"query-input":"required name=search_term_string"}],"inLanguage":"en-US"},{"@type":"ImageObject","inLanguage":"en-US","@id":"https:\/\/www.visit-ulcinj.com\/blog\/2012\/05\/25\/bazar-suvenira-na-terasi-restorana-hollegro-ulcinj\/#primaryimage","url":"https:\/\/www.visit-ulcinj.com\/blog\/wp-content\/uploads\/2012\/05\/Bazar-suvenira_na-terasi-restorana-Hollegro-Ulcinj.jpg","contentUrl":"https:\/\/www.visit-ulcinj.com\/blog\/wp-content\/uploads\/2012\/05\/Bazar-suvenira_na-terasi-restorana-Hollegro-Ulcinj.jpg","width":"1000","height":"667"},{"@type":"WebPage","@id":"https:\/\/www.visit-ulcinj.com\/blog\/2012\/05\/25\/bazar-suvenira-na-terasi-restorana-hollegro-ulcinj\/#webpage","url":"https:\/\/www.visit-ulcinj.com\/blog\/2012\/05\/25\/bazar-suvenira-na-terasi-restorana-hollegro-ulcinj\/","name":"\"Bazar suvenira\" na terasi restorana Hollegro Ulcinj - Lajme nga Ulqini","isPartOf":{"@id":"https:\/\/www.visit-ulcinj.com\/blog\/#website"},"primaryImageOfPage":{"@id":"https:\/\/www.visit-ulcinj.com\/blog\/2012\/05\/25\/bazar-suvenira-na-terasi-restorana-hollegro-ulcinj\/#primaryimage"},"datePublished":"2012-05-25T16:38:59+00:00","dateModified":"2012-05-26T18:21:57+00:00","author":{"@id":"https:\/\/www.visit-ulcinj.com\/blog\/#\/schema\/person\/dcab619c614d3038751c63bc2aadc06d"},"description":"Bazar suvenira sjutra u Ulcinju \"Bazar suvenira\", koji\u00a0organizuje Civilni\u00a0centar\u00a0u saradnji sa Op\u0161tinom Ulcinj, odr\u017ea\u0107e se sjutra na terasi restorana","breadcrumb":{"@id":"https:\/\/www.visit-ulcinj.com\/blog\/2012\/05\/25\/bazar-suvenira-na-terasi-restorana-hollegro-ulcinj\/#breadcrumb"},"inLanguage":"en-US","potentialAction":[{"@type":"ReadAction","target":["https:\/\/www.visit-ulcinj.com\/blog\/2012\/05\/25\/bazar-suvenira-na-terasi-restorana-hollegro-ulcinj\/"]}]},{"@type":"BreadcrumbList","@id":"https:\/\/www.visit-ulcinj.com\/blog\/2012\/05\/25\/bazar-suvenira-na-terasi-restorana-hollegro-ulcinj\/#breadcrumb","itemListElement":[{"@type":"ListItem","position":1,"name":"&#8220;Bazar suvenira&#8221; na terasi restorana Hollegro Ulcinj"}]},{"@type":"Person","@id":"https:\/\/www.visit-ulcinj.com\/blog\/#\/schema\/person\/dcab619c614d3038751c63bc2aadc06d","name":"ulqini","sameAs":["http:\/\/www.visit-ulcinj.com"],"url":"https:\/\/www.visit-ulcinj.com\/blog\/author\/admin\/"}]}},"jetpack_featured_media_url":"","jetpack_sharing_enabled":true,"jetpack_shortlink":"https:\/\/wp.me\/pe6lTn-fRy","_links":{"self":[{"href":"https:\/\/www.visit-ulcinj.com\/blog\/wp-json\/wp\/v2\/posts\/60980"}],"collection":[{"href":"https:\/\/www.visit-ulcinj.com\/blog\/wp-json\/wp\/v2\/posts"}],"about":[{"href":"https:\/\/www.visit-ulcinj.com\/blog\/wp-json\/wp\/v2\/types\/post"}],"author":[{"embeddable":true,"href":"https:\/\/www.visit-ulcinj.com\/blog\/wp-json\/wp\/v2\/users\/1"}],"replies":[{"embeddable":true,"href":"https:\/\/www.visit-ulcinj.com\/blog\/wp-json\/wp\/v2\/comments?post=60980"}],"version-history":[{"count":2,"href":"https:\/\/www.visit-ulcinj.com\/blog\/wp-json\/wp\/v2\/posts\/60980\/revisions"}],"predecessor-version":[{"id":60999,"href":"https:\/\/www.visit-ulcinj.com\/blog\/wp-json\/wp\/v2\/posts\/60980\/revisions\/60999"}],"wp:attachment":[{"href":"https:\/\/www.visit-ulcinj.com\/blog\/wp-json\/wp\/v2\/media?parent=60980"}],"wp:term":[{"taxonomy":"category","embeddable":true,"href":"https:\/\/www.visit-ulcinj.com\/blog\/wp-json\/wp\/v2\/categories?post=60980"},{"taxonomy":"post_tag","embeddable":true,"href":"https:\/\/www.visit-ulcinj.com\/blog\/wp-json\/wp\/v2\/tags?post=60980"}],"curies":[{"name":"wp","href":"https:\/\/api.w.org\/{rel}","templated":true}]}}