{"id":60984,"date":"2012-05-26T14:14:15","date_gmt":"2012-05-26T13:14:15","guid":{"rendered":"http:\/\/www.visit-ulcinj.com\/blog\/?p=60984"},"modified":"2012-05-26T14:14:15","modified_gmt":"2012-05-26T13:14:15","slug":"ulcinj-na-malu-plazu-samo-pjesaci","status":"publish","type":"post","link":"https:\/\/www.visit-ulcinj.com\/blog\/2012\/05\/26\/ulcinj-na-malu-plazu-samo-pjesaci\/","title":{"rendered":"Ulcinj: Na Malu pla\u017eu samo pje\u0161aci"},"content":{"rendered":"<p><a href=\"http:\/\/www.visit-ulcinj.com\/blog\/wp-content\/uploads\/2012\/05\/Setaliste-Pristan_Ulcinj.jpg\"><img loading=\"lazy\" class=\"alignleft size-full wp-image-60985\" title=\"Setaliste-Pristan_Ulcinj\" src=\"http:\/\/www.visit-ulcinj.com\/blog\/wp-content\/uploads\/2012\/05\/Setaliste-Pristan_Ulcinj.jpg\" alt=\"\" width=\"508\" height=\"360\" \/><\/a>Na osnovu Zakona o bezbjednosti saobra\u0107aja kojim je propisano da jedinica lokalne uprave, kada vr\u0161i poslove iz sopstvene nadle\u017enosti, ure\u0111uje re\u017eim saobra\u0107aja na putevima i ulicama u naseljenim mjestima na svom podru\u010dju, lokalna uprava pripremila je Odluku o izmjenama i dopunama odluke o regulisanju saobra\u0107aja na teritoriji najju\u017enije op\u0161tine, kojom \u0107e se u jednom broju ulica u gradu i na periferiji uvesti nova saobra\u0107jana pravila. U predlogu odluke koji \u0107e se pred odbornicima na\u0107i na prvoj narednoj sjednici lokalnog parlamenta predvi\u0111eno je da se u vi\u0161e ulica uvede jednosmjerni tok kretanja vozila, zabrani parkiranje ili odredi precizan broj parking mjesta za taksi vozila. Tako \u0107e ubudu\u0107e, do 30. septembra, u vremenu od 20 do dva \u010dasa ujutru biti zabranjen saobra\u0107aj dijelom Ulice Borisa Kidri\u010da, od prvog ulaza na Malu pla\u017eu do platoa na kom se nalazio hotel \u201eJadran\u201d. Osim za vozila javnih slu\u017ebi, saobra\u0107aj \u0107e biti ograni\u010den i u Ulici 26. novembar i Ulici Hafiz Ai U\u0107inaku, i to od 15. juna do 31. avgusta. U istom periodu, od 20 \u010dasova do dva ujutru, obavezan je smjer kretanja vozila od restorana \u201cBazar\u201d prema kru\u017enom toku ka Trgu maslina. U lokalnoj upravi ka\u017eu da se razvojem grada i naselja i \u0161irenjem saobra\u0107ajne mre\u017ee u op\u0161tini, te odre\u0111enim problemima koji su se pojavili u toku turisti\u010dke sezone kao i dono\u0161enjem novog zakona o prekr\u0161ajima, nametnula potreba za izmjenom nekih dosada\u0161njih saobra\u0107ajnih rje\u0161enja.<\/p>\n<p><a href=\"http:\/\/www.dan.co.me\/?nivo=3&amp;rubrika=Regioni&amp;clanak=332483&amp;najdatum=2012-05-25&amp;datum=2012-05-26&amp;naslov=Na%20Malu%20pla%BEu%20samo%20pje%B9aci\" target=\"_blank\"><strong>Izvor: DAN<\/strong><\/a><\/p>\n","protected":false},"excerpt":{"rendered":"<p>Na osnovu Zakona o bezbjednosti saobra\u0107aja kojim je propisano da jedinica lokalne uprave, kada vr\u0161i poslove iz sopstvene nadle\u017enosti, ure\u0111uje re\u017eim saobra\u0107aja na putevima i ulicama u naseljenim mjestima na svom podru\u010dju, lokalna uprava pripremila je Odluku o izmjenama i dopunama odluke o regulisanju saobra\u0107aja na teritoriji najju\u017enije op\u0161tine, kojom \u0107e se u jednom broju [&hellip;]<\/p>\n","protected":false},"author":1,"featured_media":0,"comment_status":"open","ping_status":"closed","sticky":false,"template":"","format":"standard","meta":{"spay_email":"","jetpack_publicize_message":"","jetpack_is_tweetstorm":false,"jetpack_publicize_feature_enabled":true},"categories":[8337],"tags":[4229,19],"jetpack_publicize_connections":[],"yoast_head":"<!-- This site is optimized with the Yoast SEO plugin v19.1 - https:\/\/yoast.com\/wordpress\/plugins\/seo\/ -->\n<title>Ulcinj: Na Malu pla\u017eu samo pje\u0161aci - Lajme nga Ulqini<\/title>\n<meta name=\"description\" content=\"Na osnovu Zakona o bezbjednosti saobra\u0107aja kojim je propisano da jedinica lokalne uprave, kada vr\u0161i poslove iz sopstvene nadle\u017enosti, ure\u0111uje re\u017eim\" \/>\n<meta name=\"robots\" content=\"index, follow, max-snippet:-1, max-image-preview:large, max-video-preview:-1\" \/>\n<link rel=\"canonical\" href=\"https:\/\/www.visit-ulcinj.com\/blog\/2012\/05\/26\/ulcinj-na-malu-plazu-samo-pjesaci\/\" \/>\n<meta property=\"og:locale\" content=\"en_US\" \/>\n<meta property=\"og:type\" content=\"article\" \/>\n<meta property=\"og:title\" content=\"Ulcinj: Na Malu pla\u017eu samo pje\u0161aci - Lajme nga Ulqini\" \/>\n<meta property=\"og:description\" content=\"Na osnovu Zakona o bezbjednosti saobra\u0107aja kojim je propisano da jedinica lokalne uprave, kada vr\u0161i poslove iz sopstvene nadle\u017enosti, ure\u0111uje re\u017eim\" \/>\n<meta property=\"og:url\" content=\"https:\/\/www.visit-ulcinj.com\/blog\/2012\/05\/26\/ulcinj-na-malu-plazu-samo-pjesaci\/\" \/>\n<meta property=\"og:site_name\" content=\"Lajme nga Ulqini\" \/>\n<meta property=\"article:published_time\" content=\"2012-05-26T13:14:15+00:00\" \/>\n<meta property=\"og:image\" content=\"http:\/\/www.visit-ulcinj.com\/blog\/wp-content\/uploads\/2012\/05\/Setaliste-Pristan_Ulcinj.jpg\" \/>\n<meta name=\"twitter:label1\" content=\"Written by\" \/>\n\t<meta name=\"twitter:data1\" content=\"ulqini\" \/>\n\t<meta name=\"twitter:label2\" content=\"Est. reading time\" \/>\n\t<meta name=\"twitter:data2\" content=\"1 minute\" \/>\n<script type=\"application\/ld+json\" class=\"yoast-schema-graph\">{\"@context\":\"https:\/\/schema.org\",\"@graph\":[{\"@type\":\"WebSite\",\"@id\":\"https:\/\/www.visit-ulcinj.com\/blog\/#website\",\"url\":\"https:\/\/www.visit-ulcinj.com\/blog\/\",\"name\":\"Lajme nga Ulqini\",\"description\":\"Lajme,Vijesti,Ulqini,Ulqin,Crna Gora,Mali i Zi\",\"potentialAction\":[{\"@type\":\"SearchAction\",\"target\":{\"@type\":\"EntryPoint\",\"urlTemplate\":\"https:\/\/www.visit-ulcinj.com\/blog\/?s={search_term_string}\"},\"query-input\":\"required name=search_term_string\"}],\"inLanguage\":\"en-US\"},{\"@type\":\"ImageObject\",\"inLanguage\":\"en-US\",\"@id\":\"https:\/\/www.visit-ulcinj.com\/blog\/2012\/05\/26\/ulcinj-na-malu-plazu-samo-pjesaci\/#primaryimage\",\"url\":\"https:\/\/www.visit-ulcinj.com\/blog\/wp-content\/uploads\/2012\/05\/Setaliste-Pristan_Ulcinj.jpg\",\"contentUrl\":\"https:\/\/www.visit-ulcinj.com\/blog\/wp-content\/uploads\/2012\/05\/Setaliste-Pristan_Ulcinj.jpg\",\"width\":\"720\",\"height\":\"508\"},{\"@type\":\"WebPage\",\"@id\":\"https:\/\/www.visit-ulcinj.com\/blog\/2012\/05\/26\/ulcinj-na-malu-plazu-samo-pjesaci\/#webpage\",\"url\":\"https:\/\/www.visit-ulcinj.com\/blog\/2012\/05\/26\/ulcinj-na-malu-plazu-samo-pjesaci\/\",\"name\":\"Ulcinj: Na Malu pla\u017eu samo pje\u0161aci - Lajme nga Ulqini\",\"isPartOf\":{\"@id\":\"https:\/\/www.visit-ulcinj.com\/blog\/#website\"},\"primaryImageOfPage\":{\"@id\":\"https:\/\/www.visit-ulcinj.com\/blog\/2012\/05\/26\/ulcinj-na-malu-plazu-samo-pjesaci\/#primaryimage\"},\"datePublished\":\"2012-05-26T13:14:15+00:00\",\"dateModified\":\"2012-05-26T13:14:15+00:00\",\"author\":{\"@id\":\"https:\/\/www.visit-ulcinj.com\/blog\/#\/schema\/person\/dcab619c614d3038751c63bc2aadc06d\"},\"description\":\"Na osnovu Zakona o bezbjednosti saobra\u0107aja kojim je propisano da jedinica lokalne uprave, kada vr\u0161i poslove iz sopstvene nadle\u017enosti, ure\u0111uje re\u017eim\",\"breadcrumb\":{\"@id\":\"https:\/\/www.visit-ulcinj.com\/blog\/2012\/05\/26\/ulcinj-na-malu-plazu-samo-pjesaci\/#breadcrumb\"},\"inLanguage\":\"en-US\",\"potentialAction\":[{\"@type\":\"ReadAction\",\"target\":[\"https:\/\/www.visit-ulcinj.com\/blog\/2012\/05\/26\/ulcinj-na-malu-plazu-samo-pjesaci\/\"]}]},{\"@type\":\"BreadcrumbList\",\"@id\":\"https:\/\/www.visit-ulcinj.com\/blog\/2012\/05\/26\/ulcinj-na-malu-plazu-samo-pjesaci\/#breadcrumb\",\"itemListElement\":[{\"@type\":\"ListItem\",\"position\":1,\"name\":\"Ulcinj: Na Malu pla\u017eu samo pje\u0161aci\"}]},{\"@type\":\"Person\",\"@id\":\"https:\/\/www.visit-ulcinj.com\/blog\/#\/schema\/person\/dcab619c614d3038751c63bc2aadc06d\",\"name\":\"ulqini\",\"sameAs\":[\"http:\/\/www.visit-ulcinj.com\"],\"url\":\"https:\/\/www.visit-ulcinj.com\/blog\/author\/admin\/\"}]}<\/script>\n<!-- \/ Yoast SEO plugin. -->","yoast_head_json":{"title":"Ulcinj: Na Malu pla\u017eu samo pje\u0161aci - Lajme nga Ulqini","description":"Na osnovu Zakona o bezbjednosti saobra\u0107aja kojim je propisano da jedinica lokalne uprave, kada vr\u0161i poslove iz sopstvene nadle\u017enosti, ure\u0111uje re\u017eim","robots":{"index":"index","follow":"follow","max-snippet":"max-snippet:-1","max-image-preview":"max-image-preview:large","max-video-preview":"max-video-preview:-1"},"canonical":"https:\/\/www.visit-ulcinj.com\/blog\/2012\/05\/26\/ulcinj-na-malu-plazu-samo-pjesaci\/","og_locale":"en_US","og_type":"article","og_title":"Ulcinj: Na Malu pla\u017eu samo pje\u0161aci - Lajme nga Ulqini","og_description":"Na osnovu Zakona o bezbjednosti saobra\u0107aja kojim je propisano da jedinica lokalne uprave, kada vr\u0161i poslove iz sopstvene nadle\u017enosti, ure\u0111uje re\u017eim","og_url":"https:\/\/www.visit-ulcinj.com\/blog\/2012\/05\/26\/ulcinj-na-malu-plazu-samo-pjesaci\/","og_site_name":"Lajme nga Ulqini","article_published_time":"2012-05-26T13:14:15+00:00","og_image":[{"url":"http:\/\/www.visit-ulcinj.com\/blog\/wp-content\/uploads\/2012\/05\/Setaliste-Pristan_Ulcinj.jpg"}],"twitter_misc":{"Written by":"ulqini","Est. reading time":"1 minute"},"schema":{"@context":"https:\/\/schema.org","@graph":[{"@type":"WebSite","@id":"https:\/\/www.visit-ulcinj.com\/blog\/#website","url":"https:\/\/www.visit-ulcinj.com\/blog\/","name":"Lajme nga Ulqini","description":"Lajme,Vijesti,Ulqini,Ulqin,Crna Gora,Mali i Zi","potentialAction":[{"@type":"SearchAction","target":{"@type":"EntryPoint","urlTemplate":"https:\/\/www.visit-ulcinj.com\/blog\/?s={search_term_string}"},"query-input":"required name=search_term_string"}],"inLanguage":"en-US"},{"@type":"ImageObject","inLanguage":"en-US","@id":"https:\/\/www.visit-ulcinj.com\/blog\/2012\/05\/26\/ulcinj-na-malu-plazu-samo-pjesaci\/#primaryimage","url":"https:\/\/www.visit-ulcinj.com\/blog\/wp-content\/uploads\/2012\/05\/Setaliste-Pristan_Ulcinj.jpg","contentUrl":"https:\/\/www.visit-ulcinj.com\/blog\/wp-content\/uploads\/2012\/05\/Setaliste-Pristan_Ulcinj.jpg","width":"720","height":"508"},{"@type":"WebPage","@id":"https:\/\/www.visit-ulcinj.com\/blog\/2012\/05\/26\/ulcinj-na-malu-plazu-samo-pjesaci\/#webpage","url":"https:\/\/www.visit-ulcinj.com\/blog\/2012\/05\/26\/ulcinj-na-malu-plazu-samo-pjesaci\/","name":"Ulcinj: Na Malu pla\u017eu samo pje\u0161aci - Lajme nga Ulqini","isPartOf":{"@id":"https:\/\/www.visit-ulcinj.com\/blog\/#website"},"primaryImageOfPage":{"@id":"https:\/\/www.visit-ulcinj.com\/blog\/2012\/05\/26\/ulcinj-na-malu-plazu-samo-pjesaci\/#primaryimage"},"datePublished":"2012-05-26T13:14:15+00:00","dateModified":"2012-05-26T13:14:15+00:00","author":{"@id":"https:\/\/www.visit-ulcinj.com\/blog\/#\/schema\/person\/dcab619c614d3038751c63bc2aadc06d"},"description":"Na osnovu Zakona o bezbjednosti saobra\u0107aja kojim je propisano da jedinica lokalne uprave, kada vr\u0161i poslove iz sopstvene nadle\u017enosti, ure\u0111uje re\u017eim","breadcrumb":{"@id":"https:\/\/www.visit-ulcinj.com\/blog\/2012\/05\/26\/ulcinj-na-malu-plazu-samo-pjesaci\/#breadcrumb"},"inLanguage":"en-US","potentialAction":[{"@type":"ReadAction","target":["https:\/\/www.visit-ulcinj.com\/blog\/2012\/05\/26\/ulcinj-na-malu-plazu-samo-pjesaci\/"]}]},{"@type":"BreadcrumbList","@id":"https:\/\/www.visit-ulcinj.com\/blog\/2012\/05\/26\/ulcinj-na-malu-plazu-samo-pjesaci\/#breadcrumb","itemListElement":[{"@type":"ListItem","position":1,"name":"Ulcinj: Na Malu pla\u017eu samo pje\u0161aci"}]},{"@type":"Person","@id":"https:\/\/www.visit-ulcinj.com\/blog\/#\/schema\/person\/dcab619c614d3038751c63bc2aadc06d","name":"ulqini","sameAs":["http:\/\/www.visit-ulcinj.com"],"url":"https:\/\/www.visit-ulcinj.com\/blog\/author\/admin\/"}]}},"jetpack_featured_media_url":"","jetpack_sharing_enabled":true,"jetpack_shortlink":"https:\/\/wp.me\/pe6lTn-fRC","_links":{"self":[{"href":"https:\/\/www.visit-ulcinj.com\/blog\/wp-json\/wp\/v2\/posts\/60984"}],"collection":[{"href":"https:\/\/www.visit-ulcinj.com\/blog\/wp-json\/wp\/v2\/posts"}],"about":[{"href":"https:\/\/www.visit-ulcinj.com\/blog\/wp-json\/wp\/v2\/types\/post"}],"author":[{"embeddable":true,"href":"https:\/\/www.visit-ulcinj.com\/blog\/wp-json\/wp\/v2\/users\/1"}],"replies":[{"embeddable":true,"href":"https:\/\/www.visit-ulcinj.com\/blog\/wp-json\/wp\/v2\/comments?post=60984"}],"version-history":[{"count":1,"href":"https:\/\/www.visit-ulcinj.com\/blog\/wp-json\/wp\/v2\/posts\/60984\/revisions"}],"predecessor-version":[{"id":60986,"href":"https:\/\/www.visit-ulcinj.com\/blog\/wp-json\/wp\/v2\/posts\/60984\/revisions\/60986"}],"wp:attachment":[{"href":"https:\/\/www.visit-ulcinj.com\/blog\/wp-json\/wp\/v2\/media?parent=60984"}],"wp:term":[{"taxonomy":"category","embeddable":true,"href":"https:\/\/www.visit-ulcinj.com\/blog\/wp-json\/wp\/v2\/categories?post=60984"},{"taxonomy":"post_tag","embeddable":true,"href":"https:\/\/www.visit-ulcinj.com\/blog\/wp-json\/wp\/v2\/tags?post=60984"}],"curies":[{"name":"wp","href":"https:\/\/api.w.org\/{rel}","templated":true}]}}