{"id":60987,"date":"2012-05-26T14:38:53","date_gmt":"2012-05-26T13:38:53","guid":{"rendered":"http:\/\/www.visit-ulcinj.com\/blog\/?p=60987"},"modified":"2012-05-26T14:39:54","modified_gmt":"2012-05-26T13:39:54","slug":"nvo%e2%80%9ezeleni-korak-pisala-ministru-turizma-i-odrzivog-razvoja","status":"publish","type":"post","link":"https:\/\/www.visit-ulcinj.com\/blog\/2012\/05\/26\/nvo%e2%80%9ezeleni-korak-pisala-ministru-turizma-i-odrzivog-razvoja\/","title":{"rendered":"NVO\u201eZeleni korak\u201c pisala ministru turizma i odr\u017eivog razvoja"},"content":{"rendered":"<p><strong><a href=\"http:\/\/www.visit-ulcinj.com\/blog\/wp-content\/uploads\/2012\/05\/Dzelal-Hodzic_Ekolog_ulcinj.jpg\"><img loading=\"lazy\" class=\"alignleft  wp-image-60988\" title=\"Dzelal Hodzic_Ekolog_ulcinj\" src=\"http:\/\/www.visit-ulcinj.com\/blog\/wp-content\/uploads\/2012\/05\/Dzelal-Hodzic_Ekolog_ulcinj.jpg\" alt=\"\" width=\"340\" height=\"440\" \/><\/a>NVO\u201eZeleni korak\u201c pisala ministru turizma i odr\u017eivog razvoja<\/strong><br \/>\nNevladina organizacija \u201eZeleni korak\u201d uputila je otvoreno pismo ministru turizma i odr\u017eivog ravoja Predrag Sekulicu, kojim je ponudila pomo\u0107 u izradi studija o kanalu Port Milena. U pismu ministru Sekuli\u0107u izvr\u0161ni direktor te nevladine organizacije D\u017eelal Hod\u017ei\u0107 isti\u010de da se ve\u0107 dvadesetak godina ekolo\u0161ki civilni sektor Ulcinja bavi ovim problemom, po\u010dev\u0161i od monitoringa i insistiranja na njegovom rje\u0161avanju, organizovanja obilazaka Port Milene od strane univerzitetskih eksperata iz Beograda, princa Nikole Petrovi\u0107a, biv\u0161ih ministara za\u0161tite \u017eivotne sredine, pa sve do izrade projekta za povezivanje sa Bojane.<br \/>\n\u2013 Zainteresovali smo i ambasadora jedne evropske dr\u017eave \u010dlanice EU 1995. godine i on je ponudio i finansijsku podr\u0161ku pismenim obra\u0107anjem najvi\u0161im dr\u017eavnim institucijama i funkcionerima Crne Gore. Bili smo pozvani i kontaktirani od nadle\u017enog ministarstva i CEED-a da iznesemo svoje vi\u0111enje za revitalizaciju ovog lokaliteta, \u0161to smo i uradili, ali, na\u017ealost, malo je bilo konkretnih aktivnosti osim u vrijeme Va\u0161eg rukovo\u0111enja ovim ministarstvom, \u0161to nam uliva nadu da \u0107e se ovaj problem kona\u010dno rije\u0161iti \u2013 navodi se u pismu Sekuli\u0107u. \u201eZeleni\u201d podsje\u0107aju na \u010deste izjave premijera Igora Luk\u0161i\u0107a o neophodnosti saradnje sa civilnim sektorom i smatraju da je saradnja u konretnom slu\u010daju mogu\u0107a i dobrodo\u0161la.<br \/>\n\u2013Vlast na dr\u017eavnom i lokalnom nivou ne mo\u017ee sve probleme sama rije\u0161iti ve\u0107 treba da tra\u017ei pomo\u0107 u civilnom sektoru \u0161to preferira i EU. Mi nudimo pomo\u0107 koja podrazumijeva uklju\u010divanje u izradu studija o Port Mileni. Uostalom, poznato je da NVO \u201eZeleni korak\u201d godinama prezentuje javnosti ideje za formulisanje vizije, revitalizacije i valorizacije Port Milene kroz definisanje Projektnog-programskog zadatka, obezbje\u0111enja sredstava, dinamike izvo\u0111enja radova, izbjegavanja rizika i prijetnji, o\u010dekivanih rezultata, statusa revitalizovane Port Milene kao budu\u0107eg turisti\u010dkog brenda-atrakcije Ulcinja, Crne Gore i regiona. Imaju\u0107i u vidu \u010dinjenicu da je u toku izrada studije za Port Milenu smatramo realnim zahtjev da se i NVO \u201eZeleni korak\u201d uklju\u010di u rad pomenute studije, kako bi se transparentnije i stru\u010dnije radilo na dugoro\u010dan i odr\u017eiv na\u010din. Vjerujemo u mogu\u0107nost da od jeseni 2012. godine po\u010dnu intenzivnije aktivnosti na rje\u0161avanju ovog problema, a za dobre ideje i projekte uvijek se mogu na\u0107i sredstva \u2013 zaklju\u010duje se u pismu, koje je potpisao Hod\u017ei\u0107.<\/p>\n<p><a href=\"http:\/\/www.dan.co.me\/?nivo=3&amp;rubrika=Regioni&amp;clanak=332482&amp;najdatum=2012-05-25&amp;datum=2012-05-26&amp;naslov=Nude%20pomo%E6%20za%20Port%20Milenu\" target=\"_blank\"><strong>Izvor: DAN<\/strong><\/a><\/p>\n","protected":false},"excerpt":{"rendered":"<p>NVO\u201eZeleni korak\u201c pisala ministru turizma i odr\u017eivog razvoja Nevladina organizacija \u201eZeleni korak\u201d uputila je otvoreno pismo ministru turizma i odr\u017eivog ravoja Predrag Sekulicu, kojim je ponudila pomo\u0107 u izradi studija o kanalu Port Milena. U pismu ministru Sekuli\u0107u izvr\u0161ni direktor te nevladine organizacije D\u017eelal Hod\u017ei\u0107 isti\u010de da se ve\u0107 dvadesetak godina ekolo\u0161ki civilni sektor Ulcinja [&hellip;]<\/p>\n","protected":false},"author":1,"featured_media":0,"comment_status":"open","ping_status":"closed","sticky":false,"template":"","format":"standard","meta":{"spay_email":"","jetpack_publicize_message":"","jetpack_is_tweetstorm":false,"jetpack_publicize_feature_enabled":true},"categories":[8337],"tags":[295,19],"jetpack_publicize_connections":[],"yoast_head":"<!-- This site is optimized with the Yoast SEO plugin v19.1 - https:\/\/yoast.com\/wordpress\/plugins\/seo\/ -->\n<title>NVO\u201eZeleni korak\u201c pisala ministru turizma i odr\u017eivog razvoja - Lajme nga Ulqini<\/title>\n<meta name=\"description\" content=\"NVO\u201eZeleni korak\u201c pisala ministru turizma i odr\u017eivog razvoja Nevladina organizacija \u201eZeleni korak\u201d uputila je otvoreno pismo ministru turizma i odr\u017eivog\" \/>\n<meta name=\"robots\" content=\"index, follow, max-snippet:-1, max-image-preview:large, max-video-preview:-1\" \/>\n<link rel=\"canonical\" href=\"https:\/\/www.visit-ulcinj.com\/blog\/2012\/05\/26\/nvo\u201ezeleni-korak-pisala-ministru-turizma-i-odrzivog-razvoja\/\" \/>\n<meta property=\"og:locale\" content=\"en_US\" \/>\n<meta property=\"og:type\" content=\"article\" \/>\n<meta property=\"og:title\" content=\"NVO\u201eZeleni korak\u201c pisala ministru turizma i odr\u017eivog razvoja - Lajme nga Ulqini\" \/>\n<meta property=\"og:description\" content=\"NVO\u201eZeleni korak\u201c pisala ministru turizma i odr\u017eivog razvoja Nevladina organizacija \u201eZeleni korak\u201d uputila je otvoreno pismo ministru turizma i odr\u017eivog\" \/>\n<meta property=\"og:url\" content=\"https:\/\/www.visit-ulcinj.com\/blog\/2012\/05\/26\/nvo\u201ezeleni-korak-pisala-ministru-turizma-i-odrzivog-razvoja\/\" \/>\n<meta property=\"og:site_name\" content=\"Lajme nga Ulqini\" \/>\n<meta property=\"article:published_time\" content=\"2012-05-26T13:38:53+00:00\" \/>\n<meta property=\"article:modified_time\" content=\"2012-05-26T13:39:54+00:00\" \/>\n<meta property=\"og:image\" content=\"http:\/\/www.visit-ulcinj.com\/blog\/wp-content\/uploads\/2012\/05\/Dzelal-Hodzic_Ekolog_ulcinj.jpg\" \/>\n<meta name=\"twitter:label1\" content=\"Written by\" \/>\n\t<meta name=\"twitter:data1\" content=\"ulqini\" \/>\n\t<meta name=\"twitter:label2\" content=\"Est. reading time\" \/>\n\t<meta name=\"twitter:data2\" content=\"2 minutes\" \/>\n<script type=\"application\/ld+json\" class=\"yoast-schema-graph\">{\"@context\":\"https:\/\/schema.org\",\"@graph\":[{\"@type\":\"WebSite\",\"@id\":\"https:\/\/www.visit-ulcinj.com\/blog\/#website\",\"url\":\"https:\/\/www.visit-ulcinj.com\/blog\/\",\"name\":\"Lajme nga Ulqini\",\"description\":\"Lajme,Vijesti,Ulqini,Ulqin,Crna Gora,Mali i Zi\",\"potentialAction\":[{\"@type\":\"SearchAction\",\"target\":{\"@type\":\"EntryPoint\",\"urlTemplate\":\"https:\/\/www.visit-ulcinj.com\/blog\/?s={search_term_string}\"},\"query-input\":\"required name=search_term_string\"}],\"inLanguage\":\"en-US\"},{\"@type\":\"ImageObject\",\"inLanguage\":\"en-US\",\"@id\":\"https:\/\/www.visit-ulcinj.com\/blog\/2012\/05\/26\/nvo%e2%80%9ezeleni-korak-pisala-ministru-turizma-i-odrzivog-razvoja\/#primaryimage\",\"url\":\"https:\/\/www.visit-ulcinj.com\/blog\/wp-content\/uploads\/2012\/05\/Dzelal-Hodzic_Ekolog_ulcinj.jpg\",\"contentUrl\":\"https:\/\/www.visit-ulcinj.com\/blog\/wp-content\/uploads\/2012\/05\/Dzelal-Hodzic_Ekolog_ulcinj.jpg\",\"width\":\"340\",\"height\":\"600\"},{\"@type\":\"WebPage\",\"@id\":\"https:\/\/www.visit-ulcinj.com\/blog\/2012\/05\/26\/nvo%e2%80%9ezeleni-korak-pisala-ministru-turizma-i-odrzivog-razvoja\/#webpage\",\"url\":\"https:\/\/www.visit-ulcinj.com\/blog\/2012\/05\/26\/nvo%e2%80%9ezeleni-korak-pisala-ministru-turizma-i-odrzivog-razvoja\/\",\"name\":\"NVO\u201eZeleni korak\u201c pisala ministru turizma i odr\u017eivog razvoja - Lajme nga Ulqini\",\"isPartOf\":{\"@id\":\"https:\/\/www.visit-ulcinj.com\/blog\/#website\"},\"primaryImageOfPage\":{\"@id\":\"https:\/\/www.visit-ulcinj.com\/blog\/2012\/05\/26\/nvo%e2%80%9ezeleni-korak-pisala-ministru-turizma-i-odrzivog-razvoja\/#primaryimage\"},\"datePublished\":\"2012-05-26T13:38:53+00:00\",\"dateModified\":\"2012-05-26T13:39:54+00:00\",\"author\":{\"@id\":\"https:\/\/www.visit-ulcinj.com\/blog\/#\/schema\/person\/dcab619c614d3038751c63bc2aadc06d\"},\"description\":\"NVO\u201eZeleni korak\u201c pisala ministru turizma i odr\u017eivog razvoja Nevladina organizacija \u201eZeleni korak\u201d uputila je otvoreno pismo ministru turizma i odr\u017eivog\",\"breadcrumb\":{\"@id\":\"https:\/\/www.visit-ulcinj.com\/blog\/2012\/05\/26\/nvo%e2%80%9ezeleni-korak-pisala-ministru-turizma-i-odrzivog-razvoja\/#breadcrumb\"},\"inLanguage\":\"en-US\",\"potentialAction\":[{\"@type\":\"ReadAction\",\"target\":[\"https:\/\/www.visit-ulcinj.com\/blog\/2012\/05\/26\/nvo%e2%80%9ezeleni-korak-pisala-ministru-turizma-i-odrzivog-razvoja\/\"]}]},{\"@type\":\"BreadcrumbList\",\"@id\":\"https:\/\/www.visit-ulcinj.com\/blog\/2012\/05\/26\/nvo%e2%80%9ezeleni-korak-pisala-ministru-turizma-i-odrzivog-razvoja\/#breadcrumb\",\"itemListElement\":[{\"@type\":\"ListItem\",\"position\":1,\"name\":\"NVO\u201eZeleni korak\u201c pisala ministru turizma i odr\u017eivog razvoja\"}]},{\"@type\":\"Person\",\"@id\":\"https:\/\/www.visit-ulcinj.com\/blog\/#\/schema\/person\/dcab619c614d3038751c63bc2aadc06d\",\"name\":\"ulqini\",\"sameAs\":[\"http:\/\/www.visit-ulcinj.com\"],\"url\":\"https:\/\/www.visit-ulcinj.com\/blog\/author\/admin\/\"}]}<\/script>\n<!-- \/ Yoast SEO plugin. -->","yoast_head_json":{"title":"NVO\u201eZeleni korak\u201c pisala ministru turizma i odr\u017eivog razvoja - Lajme nga Ulqini","description":"NVO\u201eZeleni korak\u201c pisala ministru turizma i odr\u017eivog razvoja Nevladina organizacija \u201eZeleni korak\u201d uputila je otvoreno pismo ministru turizma i odr\u017eivog","robots":{"index":"index","follow":"follow","max-snippet":"max-snippet:-1","max-image-preview":"max-image-preview:large","max-video-preview":"max-video-preview:-1"},"canonical":"https:\/\/www.visit-ulcinj.com\/blog\/2012\/05\/26\/nvo\u201ezeleni-korak-pisala-ministru-turizma-i-odrzivog-razvoja\/","og_locale":"en_US","og_type":"article","og_title":"NVO\u201eZeleni korak\u201c pisala ministru turizma i odr\u017eivog razvoja - Lajme nga Ulqini","og_description":"NVO\u201eZeleni korak\u201c pisala ministru turizma i odr\u017eivog razvoja Nevladina organizacija \u201eZeleni korak\u201d uputila je otvoreno pismo ministru turizma i odr\u017eivog","og_url":"https:\/\/www.visit-ulcinj.com\/blog\/2012\/05\/26\/nvo\u201ezeleni-korak-pisala-ministru-turizma-i-odrzivog-razvoja\/","og_site_name":"Lajme nga Ulqini","article_published_time":"2012-05-26T13:38:53+00:00","article_modified_time":"2012-05-26T13:39:54+00:00","og_image":[{"url":"http:\/\/www.visit-ulcinj.com\/blog\/wp-content\/uploads\/2012\/05\/Dzelal-Hodzic_Ekolog_ulcinj.jpg"}],"twitter_misc":{"Written by":"ulqini","Est. reading time":"2 minutes"},"schema":{"@context":"https:\/\/schema.org","@graph":[{"@type":"WebSite","@id":"https:\/\/www.visit-ulcinj.com\/blog\/#website","url":"https:\/\/www.visit-ulcinj.com\/blog\/","name":"Lajme nga Ulqini","description":"Lajme,Vijesti,Ulqini,Ulqin,Crna Gora,Mali i Zi","potentialAction":[{"@type":"SearchAction","target":{"@type":"EntryPoint","urlTemplate":"https:\/\/www.visit-ulcinj.com\/blog\/?s={search_term_string}"},"query-input":"required name=search_term_string"}],"inLanguage":"en-US"},{"@type":"ImageObject","inLanguage":"en-US","@id":"https:\/\/www.visit-ulcinj.com\/blog\/2012\/05\/26\/nvo%e2%80%9ezeleni-korak-pisala-ministru-turizma-i-odrzivog-razvoja\/#primaryimage","url":"https:\/\/www.visit-ulcinj.com\/blog\/wp-content\/uploads\/2012\/05\/Dzelal-Hodzic_Ekolog_ulcinj.jpg","contentUrl":"https:\/\/www.visit-ulcinj.com\/blog\/wp-content\/uploads\/2012\/05\/Dzelal-Hodzic_Ekolog_ulcinj.jpg","width":"340","height":"600"},{"@type":"WebPage","@id":"https:\/\/www.visit-ulcinj.com\/blog\/2012\/05\/26\/nvo%e2%80%9ezeleni-korak-pisala-ministru-turizma-i-odrzivog-razvoja\/#webpage","url":"https:\/\/www.visit-ulcinj.com\/blog\/2012\/05\/26\/nvo%e2%80%9ezeleni-korak-pisala-ministru-turizma-i-odrzivog-razvoja\/","name":"NVO\u201eZeleni korak\u201c pisala ministru turizma i odr\u017eivog razvoja - Lajme nga Ulqini","isPartOf":{"@id":"https:\/\/www.visit-ulcinj.com\/blog\/#website"},"primaryImageOfPage":{"@id":"https:\/\/www.visit-ulcinj.com\/blog\/2012\/05\/26\/nvo%e2%80%9ezeleni-korak-pisala-ministru-turizma-i-odrzivog-razvoja\/#primaryimage"},"datePublished":"2012-05-26T13:38:53+00:00","dateModified":"2012-05-26T13:39:54+00:00","author":{"@id":"https:\/\/www.visit-ulcinj.com\/blog\/#\/schema\/person\/dcab619c614d3038751c63bc2aadc06d"},"description":"NVO\u201eZeleni korak\u201c pisala ministru turizma i odr\u017eivog razvoja Nevladina organizacija \u201eZeleni korak\u201d uputila je otvoreno pismo ministru turizma i odr\u017eivog","breadcrumb":{"@id":"https:\/\/www.visit-ulcinj.com\/blog\/2012\/05\/26\/nvo%e2%80%9ezeleni-korak-pisala-ministru-turizma-i-odrzivog-razvoja\/#breadcrumb"},"inLanguage":"en-US","potentialAction":[{"@type":"ReadAction","target":["https:\/\/www.visit-ulcinj.com\/blog\/2012\/05\/26\/nvo%e2%80%9ezeleni-korak-pisala-ministru-turizma-i-odrzivog-razvoja\/"]}]},{"@type":"BreadcrumbList","@id":"https:\/\/www.visit-ulcinj.com\/blog\/2012\/05\/26\/nvo%e2%80%9ezeleni-korak-pisala-ministru-turizma-i-odrzivog-razvoja\/#breadcrumb","itemListElement":[{"@type":"ListItem","position":1,"name":"NVO\u201eZeleni korak\u201c pisala ministru turizma i odr\u017eivog razvoja"}]},{"@type":"Person","@id":"https:\/\/www.visit-ulcinj.com\/blog\/#\/schema\/person\/dcab619c614d3038751c63bc2aadc06d","name":"ulqini","sameAs":["http:\/\/www.visit-ulcinj.com"],"url":"https:\/\/www.visit-ulcinj.com\/blog\/author\/admin\/"}]}},"jetpack_featured_media_url":"","jetpack_sharing_enabled":true,"jetpack_shortlink":"https:\/\/wp.me\/pe6lTn-fRF","_links":{"self":[{"href":"https:\/\/www.visit-ulcinj.com\/blog\/wp-json\/wp\/v2\/posts\/60987"}],"collection":[{"href":"https:\/\/www.visit-ulcinj.com\/blog\/wp-json\/wp\/v2\/posts"}],"about":[{"href":"https:\/\/www.visit-ulcinj.com\/blog\/wp-json\/wp\/v2\/types\/post"}],"author":[{"embeddable":true,"href":"https:\/\/www.visit-ulcinj.com\/blog\/wp-json\/wp\/v2\/users\/1"}],"replies":[{"embeddable":true,"href":"https:\/\/www.visit-ulcinj.com\/blog\/wp-json\/wp\/v2\/comments?post=60987"}],"version-history":[{"count":2,"href":"https:\/\/www.visit-ulcinj.com\/blog\/wp-json\/wp\/v2\/posts\/60987\/revisions"}],"predecessor-version":[{"id":60990,"href":"https:\/\/www.visit-ulcinj.com\/blog\/wp-json\/wp\/v2\/posts\/60987\/revisions\/60990"}],"wp:attachment":[{"href":"https:\/\/www.visit-ulcinj.com\/blog\/wp-json\/wp\/v2\/media?parent=60987"}],"wp:term":[{"taxonomy":"category","embeddable":true,"href":"https:\/\/www.visit-ulcinj.com\/blog\/wp-json\/wp\/v2\/categories?post=60987"},{"taxonomy":"post_tag","embeddable":true,"href":"https:\/\/www.visit-ulcinj.com\/blog\/wp-json\/wp\/v2\/tags?post=60987"}],"curies":[{"name":"wp","href":"https:\/\/api.w.org\/{rel}","templated":true}]}}