{"id":61007,"date":"2012-05-27T10:20:14","date_gmt":"2012-05-27T09:20:14","guid":{"rendered":"http:\/\/www.visit-ulcinj.com\/blog\/?p=61007"},"modified":"2012-05-28T18:46:06","modified_gmt":"2012-05-28T17:46:06","slug":"dzamija-pomoraca-ulcinj-od-kamena-temljca-2008-do-izgradnje-2012","status":"publish","type":"post","link":"https:\/\/www.visit-ulcinj.com\/blog\/2012\/05\/27\/dzamija-pomoraca-ulcinj-od-kamena-temljca-2008-do-izgradnje-2012\/","title":{"rendered":"D\u017eamija Pomoraca Ulcinj od kamena temeljca 2008 do izgradnje 2012"},"content":{"rendered":"<h4><strong>Sve\u010dano otvaranje dzamije Pomoraca u Ulcinju\u00a0 01.06.2012\u00a0<\/strong><br \/>\nKamen temeljac za izgradnju d\u017eamije Pomoraca u Ulcinju 2008<br \/>\n<a href=\"http:\/\/www.visit-ulcinj.com\/blog\/wp-content\/uploads\/2012\/05\/Dzamija-Pomoraca-u-Ulcinju-3.-aprila-2008_Kamentemeljac_postavili_reis-Islamske-zajednice-Crne-Gore-Rifat-ef.Fejzic-i-gradonacenlik-opstine-UlcinjGzim-Hajdinaga.jpg\"><img loading=\"lazy\" class=\"alignleft size-full wp-image-61008\" title=\"Dzamija Pomoraca u Ulcinju  3. aprila 2008_Kamentemeljac_postavili_reis Islamske zajednice Crne Gore, Rifat ef.Fejzic i gradonacenlik opstine Ulcinj,Gzim Hajdinaga\" src=\"http:\/\/www.visit-ulcinj.com\/blog\/wp-content\/uploads\/2012\/05\/Dzamija-Pomoraca-u-Ulcinju-3.-aprila-2008_Kamentemeljac_postavili_reis-Islamske-zajednice-Crne-Gore-Rifat-ef.Fejzic-i-gradonacenlik-opstine-UlcinjGzim-Hajdinaga.jpg\" alt=\"\" width=\"508\" height=\"360\" \/><\/a><\/h4>\n<p>Ulcinj 2008 &#8211; Pored Male pla\u017ee u\u00a0Ulcinju, 3. aprila, sve\u010dano je postavljen\u00a0kamen temeljac za obnovu\u00a0d\u017eamije \u201eMarinarve\u201c (Pomoraca).\u00a0Kamen-temeljac su postavili\u00a0reis Islamske zajednice Crne\u00a0Gore, Rifat ef. Fejzi\u0107 i gradona\u010denlik\u00a0op\u0161tine Ulcinj, gosp.\u00a0Gzim Hajdinaga.\u00a0Na samom po\u010detku sve\u010danosti,\u00a0predsjednik Odbora Islamske\u00a0zajednice Ulcinj, gosp. h. Avdo\u00a0Gorana, obratio se prisutnim\u00a0gra\u0111anima Ulcinja, rekav\u0161i da je\u00a0po\u010detak obnove d\u017eamije Pomoraca\u00a0veliki civilizacijski doga\u0111aj za\u00a0sve gra\u0111ane a posebno muslimane\u00a0Ulcinja i \u0161ire jer se obnavlja\u00a0d\u017eamija koja je, prema predanjima,\u00a0a neistra\u017eenim pisanim tragovima,\u00a0izgra\u0111ena prije dolaska\u00a0Turaka na ovim prostorima, zahvaljuju\u0107i\u00a0pomoracima zemalja\u00a0Mediterana.<br \/>\n<a href=\"http:\/\/www.visit-ulcinj.com\/blog\/wp-content\/uploads\/2012\/05\/Dzamija-Pomoraca-u-Ulcinju-na-Maloj-Plazi_The-Opening-Ceremony-of-the-Mosque-in-Ulcinj_Montenegro.1.jpg\"><img loading=\"lazy\" class=\"alignleft  wp-image-61010\" title=\"Dzamija Pomoraca u Ulcinju na Maloj Plazi_The Opening Ceremony of the Mosque in Ulcinj_Montenegro.1\" src=\"http:\/\/www.visit-ulcinj.com\/blog\/wp-content\/uploads\/2012\/05\/Dzamija-Pomoraca-u-Ulcinju-na-Maloj-Plazi_The-Opening-Ceremony-of-the-Mosque-in-Ulcinj_Montenegro.1.jpg\" alt=\"\" width=\"508\" height=\"300\" \/><\/a><\/p>\n<p>D\u017eamija je krasila ovaj dio ulcinjske obale, kao sna\u017enog\u00a0dijela trgova\u010dkog i pomorskog\u00a0centra sve do 1931. godine,\u00a0istakao je Avdo Gorana.\u00a0Nakon toga, reis Fejzi\u0107 je\u00a0istakao da je d\u017eamija Pomoraca\u00a0dokaz trajanja islamske kulture i\u00a0civilizacije i da \u0107e ubudu\u0107e biti\u00a0svjetionik i orijentir nadolaze\u0107im\u00a0generacijama muslimana,\u00a0kao \u0161to je i bila u pro\u0161losti. Ujedno\u00a0je zahvalio predsjedniku Hajdinagi\u00a0na izuzetnom doprinosu\u00a0zapo\u010dinjanja obnove d\u017eamije\u00a0Pomoraca.<\/p>\n<p>Zaslugom aktuelnog\u00a0predsjednika op\u0161tine, Odboru Islamske\u00a0zajendice Ulcinj, vra\u0107eno\u00a0je i pet lokala koji su do nedavno\u00a0bili uzurpirani od strane komunisti\u010dke\u00a0vlasti.\u00a0Predsjednik Op\u0161tine Ulcinj,\u00a0gosp. Gzim Hajdinaga je istakao\u00a0da su njegove emocije jo\u0161 ve\u0107e\u00a0kada se zna da se ovo \u010dini nakon punih 77 godina, \u0161to jasno predstavlja\u00a0pobjedu vjere i slobode\u00a0rije\u010di.<br \/>\n<a href=\"http:\/\/www.visit-ulcinj.com\/blog\/wp-content\/uploads\/2012\/05\/Dzamija-Pomoraca-u-Ulcinju-na-Maloj-Plazi_The-Opening-Ceremony-of-the-Mosque-in-Ulcinj_Montenegro.jpg\"><img loading=\"lazy\" class=\"alignleft  wp-image-61009\" title=\"Dzamija Pomoraca u Ulcinju na Maloj Plazi_The Opening Ceremony of the Mosque in Ulcinj_Montenegro\" src=\"http:\/\/www.visit-ulcinj.com\/blog\/wp-content\/uploads\/2012\/05\/Dzamija-Pomoraca-u-Ulcinju-na-Maloj-Plazi_The-Opening-Ceremony-of-the-Mosque-in-Ulcinj_Montenegro.jpg\" alt=\"\" width=\"508\" height=\"300\" \/><\/a><\/p>\n<p>Ovim se potvr\u0111uje da nada\u00a0na\u0161ih predaka, efendija i mnogih\u00a0vjernika nije bila uzaludna. Jo\u0161\u00a0jedan \u010dvrsti dokaz da je Ulcinj grad\u00a0me\u0111uvjerske tolerancije i razumijevanja\u00a0jeste da smo na ovoj\u00a0ceremoniji svi zajedno \u2013 kazao je\u00a0Hajdinaga.\u00a0D\u017eamija \u0107e biti sagra\u0111ena na\u00a0temeljima d\u017eamije koja je na tom\u00a0mjestu postojala sve dok nije poru\u0161ena\u00a01931. godine od strane vlasti\u00a0Kraljevine Jugoslavije. Jedinstvena\u00a0je po tome \u0161to se nalazi\u00a0na samoj obali Jadranskog mora.\u00a0Vlasnik restorana \u201eDvori Bal\u0161i\u0107a\u201c,\u00a0gosp. Gani Resulbegu je\u00a0na kraju sve\u010danosti priredio ru\u010dak,\u00a0a prije toga prou\u010dena je dova\u00a0za izgradnju lifta koji \u0107e voditi\u00a0do starog grada.<br \/>\n<!--YouTube Error: bad URL entered--><br \/>\n\n\t\t<style type=\"text\/css\">\n\t\t\t#gallery-1 {\n\t\t\t\tmargin: auto;\n\t\t\t}\n\t\t\t#gallery-1 .gallery-item {\n\t\t\t\tfloat: left;\n\t\t\t\tmargin-top: 10px;\n\t\t\t\ttext-align: center;\n\t\t\t\twidth: 33%;\n\t\t\t}\n\t\t\t#gallery-1 img {\n\t\t\t\tborder: 2px solid #cfcfcf;\n\t\t\t}\n\t\t\t#gallery-1 .gallery-caption {\n\t\t\t\tmargin-left: 0;\n\t\t\t}\n\t\t\t\/* see gallery_shortcode() in wp-includes\/media.php *\/\n\t\t<\/style>\n\t\t<div id='gallery-1' class='gallery galleryid-61007 gallery-columns-3 gallery-size-thumbnail'><dl class='gallery-item'>\n\t\t\t<dt class='gallery-icon landscape'>\n\t\t\t\t<a href='https:\/\/www.visit-ulcinj.com\/blog\/wp-content\/uploads\/2012\/05\/Dzamija-Pomoraca-u-Ulcinju-3.-aprila-2008_Kamentemeljac_postavili_reis-Islamske-zajednice-Crne-Gore-Rifat-ef.Fejzic-i-gradonacenlik-opstine-UlcinjGzim-Hajdinaga.jpg'><img width=\"150\" height=\"150\" src=\"https:\/\/www.visit-ulcinj.com\/blog\/wp-content\/uploads\/2012\/05\/Dzamija-Pomoraca-u-Ulcinju-3.-aprila-2008_Kamentemeljac_postavili_reis-Islamske-zajednice-Crne-Gore-Rifat-ef.Fejzic-i-gradonacenlik-opstine-UlcinjGzim-Hajdinaga-150x150.jpg\" class=\"attachment-thumbnail size-thumbnail\" alt=\"\" loading=\"lazy\" \/><\/a>\n\t\t\t<\/dt><\/dl><dl class='gallery-item'>\n\t\t\t<dt class='gallery-icon landscape'>\n\t\t\t\t<a href='https:\/\/www.visit-ulcinj.com\/blog\/wp-content\/uploads\/2012\/05\/Dzamija-Pomoraca-u-Ulcinju-na-Maloj-Plazi_The-Opening-Ceremony-of-the-Mosque-in-Ulcinj_Montenegro.jpg'><img width=\"150\" height=\"150\" src=\"https:\/\/www.visit-ulcinj.com\/blog\/wp-content\/uploads\/2012\/05\/Dzamija-Pomoraca-u-Ulcinju-na-Maloj-Plazi_The-Opening-Ceremony-of-the-Mosque-in-Ulcinj_Montenegro-150x150.jpg\" class=\"attachment-thumbnail size-thumbnail\" alt=\"\" loading=\"lazy\" \/><\/a>\n\t\t\t<\/dt><\/dl><dl class='gallery-item'>\n\t\t\t<dt class='gallery-icon landscape'>\n\t\t\t\t<a href='https:\/\/www.visit-ulcinj.com\/blog\/wp-content\/uploads\/2012\/05\/Dzamija-Pomoraca-u-Ulcinju-na-Maloj-Plazi_The-Opening-Ceremony-of-the-Mosque-in-Ulcinj_Montenegro.1.jpg'><img width=\"150\" height=\"150\" src=\"https:\/\/www.visit-ulcinj.com\/blog\/wp-content\/uploads\/2012\/05\/Dzamija-Pomoraca-u-Ulcinju-na-Maloj-Plazi_The-Opening-Ceremony-of-the-Mosque-in-Ulcinj_Montenegro.1-150x150.jpg\" class=\"attachment-thumbnail size-thumbnail\" alt=\"\" loading=\"lazy\" \/><\/a>\n\t\t\t<\/dt><\/dl><br style=\"clear: both\" \/><dl class='gallery-item'>\n\t\t\t<dt class='gallery-icon landscape'>\n\t\t\t\t<a href='https:\/\/www.visit-ulcinj.com\/blog\/wp-content\/uploads\/2012\/05\/Dzamija-Pomoraca-u-Ulcinju-na-Maloj-Plazi_The-Opening-Ceremony-of-the-Mosque-in-Ulcinj_Montenegro.2.jpg'><img width=\"150\" height=\"150\" src=\"https:\/\/www.visit-ulcinj.com\/blog\/wp-content\/uploads\/2012\/05\/Dzamija-Pomoraca-u-Ulcinju-na-Maloj-Plazi_The-Opening-Ceremony-of-the-Mosque-in-Ulcinj_Montenegro.2-150x150.jpg\" class=\"attachment-thumbnail size-thumbnail\" alt=\"\" loading=\"lazy\" \/><\/a>\n\t\t\t<\/dt><\/dl><dl class='gallery-item'>\n\t\t\t<dt class='gallery-icon landscape'>\n\t\t\t\t<a href='https:\/\/www.visit-ulcinj.com\/blog\/wp-content\/uploads\/2012\/05\/Dzamija-Pomoraca-u-Ulcinju-na-Maloj-Plazi_The-Opening-Ceremony-of-the-Mosque-in-Ulcinj_Montenegro.3.jpg'><img width=\"150\" height=\"150\" src=\"https:\/\/www.visit-ulcinj.com\/blog\/wp-content\/uploads\/2012\/05\/Dzamija-Pomoraca-u-Ulcinju-na-Maloj-Plazi_The-Opening-Ceremony-of-the-Mosque-in-Ulcinj_Montenegro.3-150x150.jpg\" class=\"attachment-thumbnail size-thumbnail\" alt=\"\" loading=\"lazy\" \/><\/a>\n\t\t\t<\/dt><\/dl><dl class='gallery-item'>\n\t\t\t<dt class='gallery-icon landscape'>\n\t\t\t\t<a href='https:\/\/www.visit-ulcinj.com\/blog\/wp-content\/uploads\/2012\/05\/Dzamija-Pomoraca-u-Ulcinju-na-Maloj-Plazi_The-Opening-Ceremony-of-the-Mosque-in-Ulcinj_Montenegro.4.jpg'><img width=\"150\" height=\"150\" src=\"https:\/\/www.visit-ulcinj.com\/blog\/wp-content\/uploads\/2012\/05\/Dzamija-Pomoraca-u-Ulcinju-na-Maloj-Plazi_The-Opening-Ceremony-of-the-Mosque-in-Ulcinj_Montenegro.4-150x150.jpg\" class=\"attachment-thumbnail size-thumbnail\" alt=\"\" loading=\"lazy\" \/><\/a>\n\t\t\t<\/dt><\/dl><br style=\"clear: both\" \/><dl class='gallery-item'>\n\t\t\t<dt class='gallery-icon landscape'>\n\t\t\t\t<a href='https:\/\/www.visit-ulcinj.com\/blog\/wp-content\/uploads\/2012\/05\/Dzamija-Pomoraca-u-Ulcinju-na-Maloj-Plazi_The-Opening-Ceremony-of-the-Mosque-in-Ulcinj_Montenegro.5.jpg'><img width=\"150\" height=\"150\" src=\"https:\/\/www.visit-ulcinj.com\/blog\/wp-content\/uploads\/2012\/05\/Dzamija-Pomoraca-u-Ulcinju-na-Maloj-Plazi_The-Opening-Ceremony-of-the-Mosque-in-Ulcinj_Montenegro.5-150x150.jpg\" class=\"attachment-thumbnail size-thumbnail\" alt=\"\" loading=\"lazy\" \/><\/a>\n\t\t\t<\/dt><\/dl><dl class='gallery-item'>\n\t\t\t<dt class='gallery-icon landscape'>\n\t\t\t\t<a href='https:\/\/www.visit-ulcinj.com\/blog\/wp-content\/uploads\/2012\/05\/Dzamija-Pomoraca-u-Ulcinju-na-Maloj-Plazi_The-Opening-Ceremony-of-the-Mosque-in-Ulcinj_Montenegro.6.jpg'><img width=\"150\" height=\"150\" src=\"https:\/\/www.visit-ulcinj.com\/blog\/wp-content\/uploads\/2012\/05\/Dzamija-Pomoraca-u-Ulcinju-na-Maloj-Plazi_The-Opening-Ceremony-of-the-Mosque-in-Ulcinj_Montenegro.6-150x150.jpg\" class=\"attachment-thumbnail size-thumbnail\" alt=\"\" loading=\"lazy\" \/><\/a>\n\t\t\t<\/dt><\/dl><dl class='gallery-item'>\n\t\t\t<dt class='gallery-icon landscape'>\n\t\t\t\t<a href='https:\/\/www.visit-ulcinj.com\/blog\/wp-content\/uploads\/2012\/05\/Dzamija-Pomoraca-u-Ulcinju-na-Maloj-Plazi_The-Opening-Ceremony-of-the-Mosque-in-Ulcinj_Montenegro.7.jpg'><img width=\"150\" height=\"150\" src=\"https:\/\/www.visit-ulcinj.com\/blog\/wp-content\/uploads\/2012\/05\/Dzamija-Pomoraca-u-Ulcinju-na-Maloj-Plazi_The-Opening-Ceremony-of-the-Mosque-in-Ulcinj_Montenegro.7-150x150.jpg\" class=\"attachment-thumbnail size-thumbnail\" alt=\"\" loading=\"lazy\" \/><\/a>\n\t\t\t<\/dt><\/dl><br style=\"clear: both\" \/><dl class='gallery-item'>\n\t\t\t<dt class='gallery-icon portrait'>\n\t\t\t\t<a href='https:\/\/www.visit-ulcinj.com\/blog\/wp-content\/uploads\/2012\/05\/Dzamija-Pomoraca-u-Ulcinju-na-Maloj-Plazi_The-Opening-Ceremony-of-the-Mosque-in-Ulcinj_Montenegro.8.jpg'><img width=\"150\" height=\"150\" src=\"https:\/\/www.visit-ulcinj.com\/blog\/wp-content\/uploads\/2012\/05\/Dzamija-Pomoraca-u-Ulcinju-na-Maloj-Plazi_The-Opening-Ceremony-of-the-Mosque-in-Ulcinj_Montenegro.8-150x150.jpg\" class=\"attachment-thumbnail size-thumbnail\" alt=\"\" loading=\"lazy\" \/><\/a>\n\t\t\t<\/dt><\/dl><dl class='gallery-item'>\n\t\t\t<dt class='gallery-icon landscape'>\n\t\t\t\t<a href='https:\/\/www.visit-ulcinj.com\/blog\/wp-content\/uploads\/2012\/05\/Dzamija-Pomoraca-u-Ulcinju-na-Maloj-Plazi_The-Opening-Ceremony-of-the-Mosque-in-Ulcinj_Montenegro.9.jpg'><img width=\"150\" height=\"150\" src=\"https:\/\/www.visit-ulcinj.com\/blog\/wp-content\/uploads\/2012\/05\/Dzamija-Pomoraca-u-Ulcinju-na-Maloj-Plazi_The-Opening-Ceremony-of-the-Mosque-in-Ulcinj_Montenegro.9-150x150.jpg\" class=\"attachment-thumbnail size-thumbnail\" alt=\"\" loading=\"lazy\" \/><\/a>\n\t\t\t<\/dt><\/dl><dl class='gallery-item'>\n\t\t\t<dt class='gallery-icon landscape'>\n\t\t\t\t<a href='https:\/\/www.visit-ulcinj.com\/blog\/wp-content\/uploads\/2012\/05\/Dzamija-Pomoraca-u-Ulcinju-na-Maloj-Plazi_The-Opening-Ceremony-of-the-Mosque-in-Ulcinj_Montenegro.10.jpg'><img width=\"150\" height=\"150\" src=\"https:\/\/www.visit-ulcinj.com\/blog\/wp-content\/uploads\/2012\/05\/Dzamija-Pomoraca-u-Ulcinju-na-Maloj-Plazi_The-Opening-Ceremony-of-the-Mosque-in-Ulcinj_Montenegro.10-150x150.jpg\" class=\"attachment-thumbnail size-thumbnail\" alt=\"\" loading=\"lazy\" \/><\/a>\n\t\t\t<\/dt><\/dl><br style=\"clear: both\" \/>\n\t\t<\/div>\n<br \/>\n<strong>P\u00ebrmir\u00ebsohet padrejt\u00ebsia e Ulqinit<\/strong><\/p>\n<p><a href=\"http:\/\/www.visit-ulcinj.com\/blog\/wp-content\/uploads\/2008\/04\/temelet-e-xhamis-se-marinareve.jpg\"><img loading=\"lazy\" class=\"alignleft attachment wp-att-1265\" style=\"float: left;\" src=\"http:\/\/www.visit-ulcinj.com\/blog\/wp-content\/uploads\/2008\/04\/temelet-e-xhamis-se-marinareve.thumbnail.jpg\" alt=\"Delegacioni islamik ne ulqin\" width=\"200\" height=\"146\" \/><\/a>N\u00eb prani t\u00eb autoriteteve m\u00eb t\u00eb larta fetare, p\u00ebrfaq\u00ebsuesve t\u00eb pushtetit lokal dhe republican, kreu i Komun\u00ebs s\u00eb Ulqinit, G\u00ebzim Hajdinaga dhe Reisi i Bashk\u00ebsis\u00eb Islame t\u00eb Malit t\u00eb Zi, Rifat Fejziq vendos\u00ebn t\u00eb enjten gurthemelin p\u00ebr rind\u00ebrtimin e Xhamis\u00eb s\u00eb Detar\u00ebve, e cila u rr\u00ebnua para 77 vjet\u00ebsh nga autoritetet e at\u00ebhershme shtet\u00ebrore malazeze. Avdo Gorana, kryetar i Bashk\u00ebsis\u00eb Islame t\u00eb Ulqinit, n\u00eb fjal\u00ebn e tij p\u00ebrsh\u00ebndet\u00ebse tha se fillimi i rind\u00ebrtimit t\u00eb Xhamis\u00eb s\u00eb Detar\u00ebve, e cila sipas goj\u00ebdh\u00ebn\u00ebs \u00ebsht\u00eb nd\u00ebrtuar para ardhjes s\u00eb turqve n\u00eb k\u00ebto treva nga tregtar\u00eb dhe detar\u00eb t\u00eb shteteve myslimane t\u00eb mesdheut, \u00ebsht\u00eb ngjarje e madhe civilizuese p\u00ebr t\u00eb gjith\u00eb qytetar\u00ebt e komun\u00ebs s\u00eb Ulqinit, ve\u00e7mas p\u00ebr besimtar\u00ebt mysliman\u00eb. Sipas Goran\u00ebs rind\u00ebrtimi Xhamis\u00eb do t\u00eb b\u00ebhet me kontributin e besimtar\u00ebve, prandaj u b\u00ebri thirrje t\u00eb gjithj\u00eb qytetar\u00ebve q\u00eb n\u00eb num\u00ebr sa m\u00eb t\u00eb madh t\u00eb japin kontributin e<a href=\"http:\/\/www.visit-ulcinj.com\/blog\/wp-content\/uploads\/2008\/04\/kamen-temeljac-ulcinj.jpg\"><img loading=\"lazy\" class=\"alignright attachment wp-att-1205\" style=\"float: right;\" src=\"http:\/\/www.visit-ulcinj.com\/blog\/wp-content\/uploads\/2008\/04\/kamen-temeljac-ulcinj.thumbnail.jpg\" alt=\"kamen temeljac ulcinj\" width=\"150\" height=\"200\" \/><\/a> tyre. Reisi i Bashk\u00ebsis\u00eb Islame t\u00eb Malit t\u00eb Zi, Rifat Fejziq fal\u00ebnderoi t\u00eb gjith\u00eb ata q\u00eb kan\u00eb kontribuar n\u00eb rind\u00ebrtimin e k\u00ebsaj xhamie, e cila sipas tij nuk ka qen\u00eb thjesht\u00eb vet\u00ebm objekt kulti, por edhe vend pushimi p\u00ebr detar\u00ebt q\u00eb kan\u00eb ardhur n\u00eb Ulqin. Ai k\u00ebt\u00eb dit\u00eb e cil\u00ebsoi si dit\u00eb t\u00eb drejt\u00ebsis\u00eb, e cila, si\u00e7 theksoi ai, &#8220;erdhi pak me vones\u00eb, por me vullnetin e Zotit u p\u00ebrmir\u00ebsua nj\u00eb padrejt\u00ebsi&#8221;. Fejziq u shpreh i bindur se me k\u00ebt\u00eb xhami bregdeti malazez dhe Mali i Zi do t\u00eb zbukuroj\u00eb hart\u00ebn e vet turistike. Kryetari i Komun\u00ebs s\u00eb Ulqinit, G\u00ebzim Hjadinaga, pohoi se me rind\u00ebrtimin e Xhamis\u00eb s\u00eb Detar\u00ebve n\u00eb Ulqin asaj do t`i kthehet p\u00ebrs\u00ebri shk\u00eblqimi i saj i dikursh\u00ebm, p\u00ebr t\u00eb cil\u00ebn kronikan\u00ebt dhe historian\u00ebt thon\u00eb se ka qen\u00eb nj\u00ebra nd\u00ebr m\u00eb t\u00eb bukurat n\u00eb rajon. Ceremonis\u00eb s\u00eb hedhjes s\u00eb gurthemelit t\u00eb Xhamis\u00eb i parapriu nj\u00eb takim i kryetarit t\u00eb Komun\u00ebs s\u00eb Ulqinit, G\u00ebzim Hajdinaga, q\u00eb pati n\u00eb kabinetin e tij me p\u00ebrfaq\u00ebsuesit e t\u00eb tri komuniteteve fetare n\u00eb Ulqin, me \u00e7`rast u konstatua bashk\u00ebjetesa dhe komunikimi i mir\u00eb nd\u00ebrfetar i qytetar\u00ebve t\u00eb k\u00ebsaj komune.<br \/>\n<strong><br \/>\nGj. Gjonaj<br \/>\nKoha javore<\/strong><\/p>\n","protected":false},"excerpt":{"rendered":"<p>Sve\u010dano otvaranje dzamije Pomoraca u Ulcinju\u00a0 01.06.2012\u00a0 Kamen temeljac za izgradnju d\u017eamije Pomoraca u Ulcinju 2008 Ulcinj 2008 &#8211; Pored Male pla\u017ee u\u00a0Ulcinju, 3. aprila, sve\u010dano je postavljen\u00a0kamen temeljac za obnovu\u00a0d\u017eamije \u201eMarinarve\u201c (Pomoraca).\u00a0Kamen-temeljac su postavili\u00a0reis Islamske zajednice Crne\u00a0Gore, Rifat ef. Fejzi\u0107 i gradona\u010denlik\u00a0op\u0161tine Ulcinj, gosp.\u00a0Gzim Hajdinaga.\u00a0Na samom po\u010detku sve\u010danosti,\u00a0predsjednik Odbora Islamske\u00a0zajednice Ulcinj, gosp. h. Avdo\u00a0Gorana, [&hellip;]<\/p>\n","protected":false},"author":1,"featured_media":0,"comment_status":"open","ping_status":"closed","sticky":false,"template":"","format":"standard","meta":{"spay_email":"","jetpack_publicize_message":"","jetpack_is_tweetstorm":false,"jetpack_publicize_feature_enabled":true},"categories":[8337],"tags":[20576,20580,20579,20578,22012,20577,11871],"jetpack_publicize_connections":[],"yoast_head":"<!-- This site is optimized with the Yoast SEO plugin v19.1 - https:\/\/yoast.com\/wordpress\/plugins\/seo\/ -->\n<title>D\u017eamija Pomoraca Ulcinj od kamena temeljca 2008 do izgradnje 2012 - Lajme nga Ulqini<\/title>\n<meta name=\"description\" content=\"Sve\u010dano otvaranje dzamije Pomoraca u Ulcinju\u00a0 01.06.2012\u00a0 Kamen temeljac za izgradnju d\u017eamije Pomoraca u Ulcinju 2008 Ulcinj 2008 - Pored Male pla\u017ee\" \/>\n<meta name=\"robots\" content=\"index, follow, max-snippet:-1, max-image-preview:large, max-video-preview:-1\" \/>\n<link rel=\"canonical\" href=\"https:\/\/www.visit-ulcinj.com\/blog\/2012\/05\/27\/dzamija-pomoraca-ulcinj-od-kamena-temljca-2008-do-izgradnje-2012\/\" \/>\n<meta property=\"og:locale\" content=\"en_US\" \/>\n<meta property=\"og:type\" content=\"article\" \/>\n<meta property=\"og:title\" content=\"D\u017eamija Pomoraca Ulcinj od kamena temeljca 2008 do izgradnje 2012 - Lajme nga Ulqini\" \/>\n<meta property=\"og:description\" content=\"Sve\u010dano otvaranje dzamije Pomoraca u Ulcinju\u00a0 01.06.2012\u00a0 Kamen temeljac za izgradnju d\u017eamije Pomoraca u Ulcinju 2008 Ulcinj 2008 - Pored Male pla\u017ee\" \/>\n<meta property=\"og:url\" content=\"https:\/\/www.visit-ulcinj.com\/blog\/2012\/05\/27\/dzamija-pomoraca-ulcinj-od-kamena-temljca-2008-do-izgradnje-2012\/\" \/>\n<meta property=\"og:site_name\" content=\"Lajme nga Ulqini\" \/>\n<meta property=\"article:published_time\" content=\"2012-05-27T09:20:14+00:00\" \/>\n<meta property=\"article:modified_time\" content=\"2012-05-28T17:46:06+00:00\" \/>\n<meta property=\"og:image\" content=\"https:\/\/www.visit-ulcinj.com\/blog\/wp-content\/uploads\/2012\/05\/Dzamija-Pomoraca-u-Ulcinju-3.-aprila-2008_Kamentemeljac_postavili_reis-Islamske-zajednice-Crne-Gore-Rifat-ef.Fejzic-i-gradonacenlik-opstine-UlcinjGzim-Hajdinaga-150x150.jpg\" \/>\n<meta name=\"twitter:label1\" content=\"Written by\" \/>\n\t<meta name=\"twitter:data1\" content=\"ulqini\" \/>\n\t<meta name=\"twitter:label2\" content=\"Est. reading time\" \/>\n\t<meta name=\"twitter:data2\" content=\"4 minutes\" \/>\n<script type=\"application\/ld+json\" class=\"yoast-schema-graph\">{\"@context\":\"https:\/\/schema.org\",\"@graph\":[{\"@type\":\"WebSite\",\"@id\":\"https:\/\/www.visit-ulcinj.com\/blog\/#website\",\"url\":\"https:\/\/www.visit-ulcinj.com\/blog\/\",\"name\":\"Lajme nga Ulqini\",\"description\":\"Lajme,Vijesti,Ulqini,Ulqin,Crna Gora,Mali i Zi\",\"potentialAction\":[{\"@type\":\"SearchAction\",\"target\":{\"@type\":\"EntryPoint\",\"urlTemplate\":\"https:\/\/www.visit-ulcinj.com\/blog\/?s={search_term_string}\"},\"query-input\":\"required name=search_term_string\"}],\"inLanguage\":\"en-US\"},{\"@type\":\"ImageObject\",\"inLanguage\":\"en-US\",\"@id\":\"https:\/\/www.visit-ulcinj.com\/blog\/2012\/05\/27\/dzamija-pomoraca-ulcinj-od-kamena-temljca-2008-do-izgradnje-2012\/#primaryimage\",\"url\":\"https:\/\/www.visit-ulcinj.com\/blog\/wp-content\/uploads\/2012\/05\/Dzamija-Pomoraca-u-Ulcinju-3.-aprila-2008_Kamentemeljac_postavili_reis-Islamske-zajednice-Crne-Gore-Rifat-ef.Fejzic-i-gradonacenlik-opstine-UlcinjGzim-Hajdinaga.jpg\",\"contentUrl\":\"https:\/\/www.visit-ulcinj.com\/blog\/wp-content\/uploads\/2012\/05\/Dzamija-Pomoraca-u-Ulcinju-3.-aprila-2008_Kamentemeljac_postavili_reis-Islamske-zajednice-Crne-Gore-Rifat-ef.Fejzic-i-gradonacenlik-opstine-UlcinjGzim-Hajdinaga.jpg\",\"width\":\"800\",\"height\":\"600\"},{\"@type\":\"WebPage\",\"@id\":\"https:\/\/www.visit-ulcinj.com\/blog\/2012\/05\/27\/dzamija-pomoraca-ulcinj-od-kamena-temljca-2008-do-izgradnje-2012\/#webpage\",\"url\":\"https:\/\/www.visit-ulcinj.com\/blog\/2012\/05\/27\/dzamija-pomoraca-ulcinj-od-kamena-temljca-2008-do-izgradnje-2012\/\",\"name\":\"D\u017eamija Pomoraca Ulcinj od kamena temeljca 2008 do izgradnje 2012 - Lajme nga Ulqini\",\"isPartOf\":{\"@id\":\"https:\/\/www.visit-ulcinj.com\/blog\/#website\"},\"primaryImageOfPage\":{\"@id\":\"https:\/\/www.visit-ulcinj.com\/blog\/2012\/05\/27\/dzamija-pomoraca-ulcinj-od-kamena-temljca-2008-do-izgradnje-2012\/#primaryimage\"},\"datePublished\":\"2012-05-27T09:20:14+00:00\",\"dateModified\":\"2012-05-28T17:46:06+00:00\",\"author\":{\"@id\":\"https:\/\/www.visit-ulcinj.com\/blog\/#\/schema\/person\/dcab619c614d3038751c63bc2aadc06d\"},\"description\":\"Sve\u010dano otvaranje dzamije Pomoraca u Ulcinju\u00a0 01.06.2012\u00a0 Kamen temeljac za izgradnju d\u017eamije Pomoraca u Ulcinju 2008 Ulcinj 2008 - Pored Male pla\u017ee\",\"breadcrumb\":{\"@id\":\"https:\/\/www.visit-ulcinj.com\/blog\/2012\/05\/27\/dzamija-pomoraca-ulcinj-od-kamena-temljca-2008-do-izgradnje-2012\/#breadcrumb\"},\"inLanguage\":\"en-US\",\"potentialAction\":[{\"@type\":\"ReadAction\",\"target\":[\"https:\/\/www.visit-ulcinj.com\/blog\/2012\/05\/27\/dzamija-pomoraca-ulcinj-od-kamena-temljca-2008-do-izgradnje-2012\/\"]}]},{\"@type\":\"BreadcrumbList\",\"@id\":\"https:\/\/www.visit-ulcinj.com\/blog\/2012\/05\/27\/dzamija-pomoraca-ulcinj-od-kamena-temljca-2008-do-izgradnje-2012\/#breadcrumb\",\"itemListElement\":[{\"@type\":\"ListItem\",\"position\":1,\"name\":\"D\u017eamija Pomoraca Ulcinj od kamena temeljca 2008 do izgradnje 2012\"}]},{\"@type\":\"Person\",\"@id\":\"https:\/\/www.visit-ulcinj.com\/blog\/#\/schema\/person\/dcab619c614d3038751c63bc2aadc06d\",\"name\":\"ulqini\",\"sameAs\":[\"http:\/\/www.visit-ulcinj.com\"],\"url\":\"https:\/\/www.visit-ulcinj.com\/blog\/author\/admin\/\"}]}<\/script>\n<!-- \/ Yoast SEO plugin. -->","yoast_head_json":{"title":"D\u017eamija Pomoraca Ulcinj od kamena temeljca 2008 do izgradnje 2012 - Lajme nga Ulqini","description":"Sve\u010dano otvaranje dzamije Pomoraca u Ulcinju\u00a0 01.06.2012\u00a0 Kamen temeljac za izgradnju d\u017eamije Pomoraca u Ulcinju 2008 Ulcinj 2008 - Pored Male pla\u017ee","robots":{"index":"index","follow":"follow","max-snippet":"max-snippet:-1","max-image-preview":"max-image-preview:large","max-video-preview":"max-video-preview:-1"},"canonical":"https:\/\/www.visit-ulcinj.com\/blog\/2012\/05\/27\/dzamija-pomoraca-ulcinj-od-kamena-temljca-2008-do-izgradnje-2012\/","og_locale":"en_US","og_type":"article","og_title":"D\u017eamija Pomoraca Ulcinj od kamena temeljca 2008 do izgradnje 2012 - Lajme nga Ulqini","og_description":"Sve\u010dano otvaranje dzamije Pomoraca u Ulcinju\u00a0 01.06.2012\u00a0 Kamen temeljac za izgradnju d\u017eamije Pomoraca u Ulcinju 2008 Ulcinj 2008 - Pored Male pla\u017ee","og_url":"https:\/\/www.visit-ulcinj.com\/blog\/2012\/05\/27\/dzamija-pomoraca-ulcinj-od-kamena-temljca-2008-do-izgradnje-2012\/","og_site_name":"Lajme nga Ulqini","article_published_time":"2012-05-27T09:20:14+00:00","article_modified_time":"2012-05-28T17:46:06+00:00","og_image":[{"url":"https:\/\/www.visit-ulcinj.com\/blog\/wp-content\/uploads\/2012\/05\/Dzamija-Pomoraca-u-Ulcinju-3.-aprila-2008_Kamentemeljac_postavili_reis-Islamske-zajednice-Crne-Gore-Rifat-ef.Fejzic-i-gradonacenlik-opstine-UlcinjGzim-Hajdinaga-150x150.jpg"}],"twitter_misc":{"Written by":"ulqini","Est. reading time":"4 minutes"},"schema":{"@context":"https:\/\/schema.org","@graph":[{"@type":"WebSite","@id":"https:\/\/www.visit-ulcinj.com\/blog\/#website","url":"https:\/\/www.visit-ulcinj.com\/blog\/","name":"Lajme nga Ulqini","description":"Lajme,Vijesti,Ulqini,Ulqin,Crna Gora,Mali i Zi","potentialAction":[{"@type":"SearchAction","target":{"@type":"EntryPoint","urlTemplate":"https:\/\/www.visit-ulcinj.com\/blog\/?s={search_term_string}"},"query-input":"required name=search_term_string"}],"inLanguage":"en-US"},{"@type":"ImageObject","inLanguage":"en-US","@id":"https:\/\/www.visit-ulcinj.com\/blog\/2012\/05\/27\/dzamija-pomoraca-ulcinj-od-kamena-temljca-2008-do-izgradnje-2012\/#primaryimage","url":"https:\/\/www.visit-ulcinj.com\/blog\/wp-content\/uploads\/2012\/05\/Dzamija-Pomoraca-u-Ulcinju-3.-aprila-2008_Kamentemeljac_postavili_reis-Islamske-zajednice-Crne-Gore-Rifat-ef.Fejzic-i-gradonacenlik-opstine-UlcinjGzim-Hajdinaga.jpg","contentUrl":"https:\/\/www.visit-ulcinj.com\/blog\/wp-content\/uploads\/2012\/05\/Dzamija-Pomoraca-u-Ulcinju-3.-aprila-2008_Kamentemeljac_postavili_reis-Islamske-zajednice-Crne-Gore-Rifat-ef.Fejzic-i-gradonacenlik-opstine-UlcinjGzim-Hajdinaga.jpg","width":"800","height":"600"},{"@type":"WebPage","@id":"https:\/\/www.visit-ulcinj.com\/blog\/2012\/05\/27\/dzamija-pomoraca-ulcinj-od-kamena-temljca-2008-do-izgradnje-2012\/#webpage","url":"https:\/\/www.visit-ulcinj.com\/blog\/2012\/05\/27\/dzamija-pomoraca-ulcinj-od-kamena-temljca-2008-do-izgradnje-2012\/","name":"D\u017eamija Pomoraca Ulcinj od kamena temeljca 2008 do izgradnje 2012 - Lajme nga Ulqini","isPartOf":{"@id":"https:\/\/www.visit-ulcinj.com\/blog\/#website"},"primaryImageOfPage":{"@id":"https:\/\/www.visit-ulcinj.com\/blog\/2012\/05\/27\/dzamija-pomoraca-ulcinj-od-kamena-temljca-2008-do-izgradnje-2012\/#primaryimage"},"datePublished":"2012-05-27T09:20:14+00:00","dateModified":"2012-05-28T17:46:06+00:00","author":{"@id":"https:\/\/www.visit-ulcinj.com\/blog\/#\/schema\/person\/dcab619c614d3038751c63bc2aadc06d"},"description":"Sve\u010dano otvaranje dzamije Pomoraca u Ulcinju\u00a0 01.06.2012\u00a0 Kamen temeljac za izgradnju d\u017eamije Pomoraca u Ulcinju 2008 Ulcinj 2008 - Pored Male pla\u017ee","breadcrumb":{"@id":"https:\/\/www.visit-ulcinj.com\/blog\/2012\/05\/27\/dzamija-pomoraca-ulcinj-od-kamena-temljca-2008-do-izgradnje-2012\/#breadcrumb"},"inLanguage":"en-US","potentialAction":[{"@type":"ReadAction","target":["https:\/\/www.visit-ulcinj.com\/blog\/2012\/05\/27\/dzamija-pomoraca-ulcinj-od-kamena-temljca-2008-do-izgradnje-2012\/"]}]},{"@type":"BreadcrumbList","@id":"https:\/\/www.visit-ulcinj.com\/blog\/2012\/05\/27\/dzamija-pomoraca-ulcinj-od-kamena-temljca-2008-do-izgradnje-2012\/#breadcrumb","itemListElement":[{"@type":"ListItem","position":1,"name":"D\u017eamija Pomoraca Ulcinj od kamena temeljca 2008 do izgradnje 2012"}]},{"@type":"Person","@id":"https:\/\/www.visit-ulcinj.com\/blog\/#\/schema\/person\/dcab619c614d3038751c63bc2aadc06d","name":"ulqini","sameAs":["http:\/\/www.visit-ulcinj.com"],"url":"https:\/\/www.visit-ulcinj.com\/blog\/author\/admin\/"}]}},"jetpack_featured_media_url":"","jetpack_sharing_enabled":true,"jetpack_shortlink":"https:\/\/wp.me\/pe6lTn-fRZ","_links":{"self":[{"href":"https:\/\/www.visit-ulcinj.com\/blog\/wp-json\/wp\/v2\/posts\/61007"}],"collection":[{"href":"https:\/\/www.visit-ulcinj.com\/blog\/wp-json\/wp\/v2\/posts"}],"about":[{"href":"https:\/\/www.visit-ulcinj.com\/blog\/wp-json\/wp\/v2\/types\/post"}],"author":[{"embeddable":true,"href":"https:\/\/www.visit-ulcinj.com\/blog\/wp-json\/wp\/v2\/users\/1"}],"replies":[{"embeddable":true,"href":"https:\/\/www.visit-ulcinj.com\/blog\/wp-json\/wp\/v2\/comments?post=61007"}],"version-history":[{"count":7,"href":"https:\/\/www.visit-ulcinj.com\/blog\/wp-json\/wp\/v2\/posts\/61007\/revisions"}],"predecessor-version":[{"id":61087,"href":"https:\/\/www.visit-ulcinj.com\/blog\/wp-json\/wp\/v2\/posts\/61007\/revisions\/61087"}],"wp:attachment":[{"href":"https:\/\/www.visit-ulcinj.com\/blog\/wp-json\/wp\/v2\/media?parent=61007"}],"wp:term":[{"taxonomy":"category","embeddable":true,"href":"https:\/\/www.visit-ulcinj.com\/blog\/wp-json\/wp\/v2\/categories?post=61007"},{"taxonomy":"post_tag","embeddable":true,"href":"https:\/\/www.visit-ulcinj.com\/blog\/wp-json\/wp\/v2\/tags?post=61007"}],"curies":[{"name":"wp","href":"https:\/\/api.w.org\/{rel}","templated":true}]}}