{"id":6105,"date":"2008-11-16T05:14:09","date_gmt":"2008-11-16T10:14:09","guid":{"rendered":"http:\/\/www.visit-ulcinj.com\/blog\/?p=6105"},"modified":"2008-11-16T05:19:13","modified_gmt":"2008-11-16T10:19:13","slug":"montenegro-airlinesdurisicodluka-je-politicka","status":"publish","type":"post","link":"https:\/\/www.visit-ulcinj.com\/blog\/2008\/11\/16\/montenegro-airlinesdurisicodluka-je-politicka\/","title":{"rendered":"Montenegro Airlines:?uri\u0161i?,odluka je politi?ka"},"content":{"rendered":"<p><a href=\"http:\/\/www.visit-ulcinj.com\/blog\/wp-content\/uploads\/2008\/11\/montenegro_airlines.jpg\"><img loading=\"lazy\" class=\"alignleft size-medium wp-image-6106\" title=\"montenegro_airlines\" src=\"http:\/\/www.visit-ulcinj.com\/blog\/wp-content\/uploads\/2008\/11\/montenegro_airlines-300x153.jpg\" alt=\"\" width=\"300\" height=\"167\" \/><\/a>BUDVA &#8211; Direktor crnogorske aviokompanije Montenegro Airlines Zoran ?uri\u0161i? izjavio je u subotu uve?e u Budvi da letovi ka Beogradu ne?e biti obustavljeni, a da je odluka o pove?anju cijena usluga na Aerodromu Nikola Tesla politi?ki motivisana.<br \/>\n&#8220;Nismo spremni za mjeru da prekinemo letove, jer to je linija u koju smo 12 godina ulagali. Letimo pet, \u0161est puta dnevno tako da nismo ba\u0161 za tu mjeru&#8221;, kazao je ?uri\u0161i?.<br \/>\n?uri\u0161i? je naveo da je crnogorska aviokompanija bila spremna da na postoje?e cijene pove?anje bude od 15 do 20 odsto, iako je i to, kako je ocijenio, izuzetno mnogo, jer Montenegro Airlines u prosjeku leti sedam puta dnevno za Beograd. Za ponedjeljak su najavljene konsultacije u crnogorskoj vladi, a bi?e sazvan i board direktora Montenegro Airlinesa na kojem ?e biti utvr?ene mjere kojima bi se prevazi\u0161la, kako je kazao ?uri\u0161i?, &#8220;izuzetno delikatna situacija za tu kompaniju&#8221;.<br \/>\n<strong>Izvor \/ SEEbiz <\/strong><\/p>\n<!--YouTube Error: bad URL entered-->\n","protected":false},"excerpt":{"rendered":"<p>BUDVA &#8211; Direktor crnogorske aviokompanije Montenegro Airlines Zoran ?uri\u0161i? izjavio je u subotu uve?e u Budvi da letovi ka Beogradu ne?e biti obustavljeni, a da je odluka o pove?anju cijena usluga na Aerodromu Nikola Tesla politi?ki motivisana. &#8220;Nismo spremni za mjeru da prekinemo letove, jer to je linija u koju smo 12 godina ulagali. Letimo [&hellip;]<\/p>\n","protected":false},"author":1,"featured_media":0,"comment_status":"open","ping_status":"closed","sticky":false,"template":"","format":"standard","meta":{"spay_email":"","jetpack_publicize_message":"","jetpack_is_tweetstorm":false,"jetpack_publicize_feature_enabled":true},"categories":[6],"tags":[1096],"jetpack_publicize_connections":[],"yoast_head":"<!-- This site is optimized with the Yoast SEO plugin v19.1 - https:\/\/yoast.com\/wordpress\/plugins\/seo\/ -->\n<title>Montenegro Airlines:?uri\u0161i?,odluka je politi?ka - Lajme nga Ulqini<\/title>\n<meta name=\"description\" content=\"BUDVA - Direktor crnogorske aviokompanije Montenegro Airlines Zoran ?uri\u0161i? izjavio je u subotu uve?e u Budvi da letovi ka Beogradu ne?e biti\" \/>\n<meta name=\"robots\" content=\"index, follow, max-snippet:-1, max-image-preview:large, max-video-preview:-1\" \/>\n<link rel=\"canonical\" href=\"https:\/\/www.visit-ulcinj.com\/blog\/2008\/11\/16\/montenegro-airlinesdurisicodluka-je-politicka\/\" \/>\n<meta property=\"og:locale\" content=\"en_US\" \/>\n<meta property=\"og:type\" content=\"article\" \/>\n<meta property=\"og:title\" content=\"Montenegro Airlines:?uri\u0161i?,odluka je politi?ka - Lajme nga Ulqini\" \/>\n<meta property=\"og:description\" content=\"BUDVA - Direktor crnogorske aviokompanije Montenegro Airlines Zoran ?uri\u0161i? izjavio je u subotu uve?e u Budvi da letovi ka Beogradu ne?e biti\" \/>\n<meta property=\"og:url\" content=\"https:\/\/www.visit-ulcinj.com\/blog\/2008\/11\/16\/montenegro-airlinesdurisicodluka-je-politicka\/\" \/>\n<meta property=\"og:site_name\" content=\"Lajme nga Ulqini\" \/>\n<meta property=\"article:published_time\" content=\"2008-11-16T10:14:09+00:00\" \/>\n<meta property=\"article:modified_time\" content=\"2008-11-16T10:19:13+00:00\" \/>\n<meta property=\"og:image\" content=\"http:\/\/www.visit-ulcinj.com\/blog\/wp-content\/uploads\/2008\/11\/montenegro_airlines-300x153.jpg\" \/>\n<meta name=\"twitter:label1\" content=\"Written by\" \/>\n\t<meta name=\"twitter:data1\" content=\"ulqini\" \/>\n\t<meta name=\"twitter:label2\" content=\"Est. reading time\" \/>\n\t<meta name=\"twitter:data2\" content=\"1 minute\" \/>\n<script type=\"application\/ld+json\" class=\"yoast-schema-graph\">{\"@context\":\"https:\/\/schema.org\",\"@graph\":[{\"@type\":\"WebSite\",\"@id\":\"https:\/\/www.visit-ulcinj.com\/blog\/#website\",\"url\":\"https:\/\/www.visit-ulcinj.com\/blog\/\",\"name\":\"Lajme nga Ulqini\",\"description\":\"Lajme,Vijesti,Ulqini,Ulqin,Crna Gora,Mali i Zi\",\"potentialAction\":[{\"@type\":\"SearchAction\",\"target\":{\"@type\":\"EntryPoint\",\"urlTemplate\":\"https:\/\/www.visit-ulcinj.com\/blog\/?s={search_term_string}\"},\"query-input\":\"required name=search_term_string\"}],\"inLanguage\":\"en-US\"},{\"@type\":\"ImageObject\",\"inLanguage\":\"en-US\",\"@id\":\"https:\/\/www.visit-ulcinj.com\/blog\/2008\/11\/16\/montenegro-airlinesdurisicodluka-je-politicka\/#primaryimage\",\"url\":\"http:\/\/www.visit-ulcinj.com\/blog\/wp-content\/uploads\/2008\/11\/montenegro_airlines-300x153.jpg\",\"contentUrl\":\"http:\/\/www.visit-ulcinj.com\/blog\/wp-content\/uploads\/2008\/11\/montenegro_airlines-300x153.jpg\"},{\"@type\":\"WebPage\",\"@id\":\"https:\/\/www.visit-ulcinj.com\/blog\/2008\/11\/16\/montenegro-airlinesdurisicodluka-je-politicka\/#webpage\",\"url\":\"https:\/\/www.visit-ulcinj.com\/blog\/2008\/11\/16\/montenegro-airlinesdurisicodluka-je-politicka\/\",\"name\":\"Montenegro Airlines:?uri\u0161i?,odluka je politi?ka - Lajme nga Ulqini\",\"isPartOf\":{\"@id\":\"https:\/\/www.visit-ulcinj.com\/blog\/#website\"},\"primaryImageOfPage\":{\"@id\":\"https:\/\/www.visit-ulcinj.com\/blog\/2008\/11\/16\/montenegro-airlinesdurisicodluka-je-politicka\/#primaryimage\"},\"datePublished\":\"2008-11-16T10:14:09+00:00\",\"dateModified\":\"2008-11-16T10:19:13+00:00\",\"author\":{\"@id\":\"https:\/\/www.visit-ulcinj.com\/blog\/#\/schema\/person\/dcab619c614d3038751c63bc2aadc06d\"},\"description\":\"BUDVA - Direktor crnogorske aviokompanije Montenegro Airlines Zoran ?uri\u0161i? izjavio je u subotu uve?e u Budvi da letovi ka Beogradu ne?e biti\",\"breadcrumb\":{\"@id\":\"https:\/\/www.visit-ulcinj.com\/blog\/2008\/11\/16\/montenegro-airlinesdurisicodluka-je-politicka\/#breadcrumb\"},\"inLanguage\":\"en-US\",\"potentialAction\":[{\"@type\":\"ReadAction\",\"target\":[\"https:\/\/www.visit-ulcinj.com\/blog\/2008\/11\/16\/montenegro-airlinesdurisicodluka-je-politicka\/\"]}]},{\"@type\":\"BreadcrumbList\",\"@id\":\"https:\/\/www.visit-ulcinj.com\/blog\/2008\/11\/16\/montenegro-airlinesdurisicodluka-je-politicka\/#breadcrumb\",\"itemListElement\":[{\"@type\":\"ListItem\",\"position\":1,\"name\":\"Montenegro Airlines:?uri\u0161i?,odluka je politi?ka\"}]},{\"@type\":\"Person\",\"@id\":\"https:\/\/www.visit-ulcinj.com\/blog\/#\/schema\/person\/dcab619c614d3038751c63bc2aadc06d\",\"name\":\"ulqini\",\"sameAs\":[\"http:\/\/www.visit-ulcinj.com\"],\"url\":\"https:\/\/www.visit-ulcinj.com\/blog\/author\/admin\/\"}]}<\/script>\n<!-- \/ Yoast SEO plugin. -->","yoast_head_json":{"title":"Montenegro Airlines:?uri\u0161i?,odluka je politi?ka - Lajme nga Ulqini","description":"BUDVA - Direktor crnogorske aviokompanije Montenegro Airlines Zoran ?uri\u0161i? izjavio je u subotu uve?e u Budvi da letovi ka Beogradu ne?e biti","robots":{"index":"index","follow":"follow","max-snippet":"max-snippet:-1","max-image-preview":"max-image-preview:large","max-video-preview":"max-video-preview:-1"},"canonical":"https:\/\/www.visit-ulcinj.com\/blog\/2008\/11\/16\/montenegro-airlinesdurisicodluka-je-politicka\/","og_locale":"en_US","og_type":"article","og_title":"Montenegro Airlines:?uri\u0161i?,odluka je politi?ka - Lajme nga Ulqini","og_description":"BUDVA - Direktor crnogorske aviokompanije Montenegro Airlines Zoran ?uri\u0161i? izjavio je u subotu uve?e u Budvi da letovi ka Beogradu ne?e biti","og_url":"https:\/\/www.visit-ulcinj.com\/blog\/2008\/11\/16\/montenegro-airlinesdurisicodluka-je-politicka\/","og_site_name":"Lajme nga Ulqini","article_published_time":"2008-11-16T10:14:09+00:00","article_modified_time":"2008-11-16T10:19:13+00:00","og_image":[{"url":"http:\/\/www.visit-ulcinj.com\/blog\/wp-content\/uploads\/2008\/11\/montenegro_airlines-300x153.jpg"}],"twitter_misc":{"Written by":"ulqini","Est. reading time":"1 minute"},"schema":{"@context":"https:\/\/schema.org","@graph":[{"@type":"WebSite","@id":"https:\/\/www.visit-ulcinj.com\/blog\/#website","url":"https:\/\/www.visit-ulcinj.com\/blog\/","name":"Lajme nga Ulqini","description":"Lajme,Vijesti,Ulqini,Ulqin,Crna Gora,Mali i Zi","potentialAction":[{"@type":"SearchAction","target":{"@type":"EntryPoint","urlTemplate":"https:\/\/www.visit-ulcinj.com\/blog\/?s={search_term_string}"},"query-input":"required name=search_term_string"}],"inLanguage":"en-US"},{"@type":"ImageObject","inLanguage":"en-US","@id":"https:\/\/www.visit-ulcinj.com\/blog\/2008\/11\/16\/montenegro-airlinesdurisicodluka-je-politicka\/#primaryimage","url":"http:\/\/www.visit-ulcinj.com\/blog\/wp-content\/uploads\/2008\/11\/montenegro_airlines-300x153.jpg","contentUrl":"http:\/\/www.visit-ulcinj.com\/blog\/wp-content\/uploads\/2008\/11\/montenegro_airlines-300x153.jpg"},{"@type":"WebPage","@id":"https:\/\/www.visit-ulcinj.com\/blog\/2008\/11\/16\/montenegro-airlinesdurisicodluka-je-politicka\/#webpage","url":"https:\/\/www.visit-ulcinj.com\/blog\/2008\/11\/16\/montenegro-airlinesdurisicodluka-je-politicka\/","name":"Montenegro Airlines:?uri\u0161i?,odluka je politi?ka - Lajme nga Ulqini","isPartOf":{"@id":"https:\/\/www.visit-ulcinj.com\/blog\/#website"},"primaryImageOfPage":{"@id":"https:\/\/www.visit-ulcinj.com\/blog\/2008\/11\/16\/montenegro-airlinesdurisicodluka-je-politicka\/#primaryimage"},"datePublished":"2008-11-16T10:14:09+00:00","dateModified":"2008-11-16T10:19:13+00:00","author":{"@id":"https:\/\/www.visit-ulcinj.com\/blog\/#\/schema\/person\/dcab619c614d3038751c63bc2aadc06d"},"description":"BUDVA - Direktor crnogorske aviokompanije Montenegro Airlines Zoran ?uri\u0161i? izjavio je u subotu uve?e u Budvi da letovi ka Beogradu ne?e biti","breadcrumb":{"@id":"https:\/\/www.visit-ulcinj.com\/blog\/2008\/11\/16\/montenegro-airlinesdurisicodluka-je-politicka\/#breadcrumb"},"inLanguage":"en-US","potentialAction":[{"@type":"ReadAction","target":["https:\/\/www.visit-ulcinj.com\/blog\/2008\/11\/16\/montenegro-airlinesdurisicodluka-je-politicka\/"]}]},{"@type":"BreadcrumbList","@id":"https:\/\/www.visit-ulcinj.com\/blog\/2008\/11\/16\/montenegro-airlinesdurisicodluka-je-politicka\/#breadcrumb","itemListElement":[{"@type":"ListItem","position":1,"name":"Montenegro Airlines:?uri\u0161i?,odluka je politi?ka"}]},{"@type":"Person","@id":"https:\/\/www.visit-ulcinj.com\/blog\/#\/schema\/person\/dcab619c614d3038751c63bc2aadc06d","name":"ulqini","sameAs":["http:\/\/www.visit-ulcinj.com"],"url":"https:\/\/www.visit-ulcinj.com\/blog\/author\/admin\/"}]}},"jetpack_featured_media_url":"","jetpack_sharing_enabled":true,"jetpack_shortlink":"https:\/\/wp.me\/pe6lTn-1At","_links":{"self":[{"href":"https:\/\/www.visit-ulcinj.com\/blog\/wp-json\/wp\/v2\/posts\/6105"}],"collection":[{"href":"https:\/\/www.visit-ulcinj.com\/blog\/wp-json\/wp\/v2\/posts"}],"about":[{"href":"https:\/\/www.visit-ulcinj.com\/blog\/wp-json\/wp\/v2\/types\/post"}],"author":[{"embeddable":true,"href":"https:\/\/www.visit-ulcinj.com\/blog\/wp-json\/wp\/v2\/users\/1"}],"replies":[{"embeddable":true,"href":"https:\/\/www.visit-ulcinj.com\/blog\/wp-json\/wp\/v2\/comments?post=6105"}],"version-history":[{"count":0,"href":"https:\/\/www.visit-ulcinj.com\/blog\/wp-json\/wp\/v2\/posts\/6105\/revisions"}],"wp:attachment":[{"href":"https:\/\/www.visit-ulcinj.com\/blog\/wp-json\/wp\/v2\/media?parent=6105"}],"wp:term":[{"taxonomy":"category","embeddable":true,"href":"https:\/\/www.visit-ulcinj.com\/blog\/wp-json\/wp\/v2\/categories?post=6105"},{"taxonomy":"post_tag","embeddable":true,"href":"https:\/\/www.visit-ulcinj.com\/blog\/wp-json\/wp\/v2\/tags?post=6105"}],"curies":[{"name":"wp","href":"https:\/\/api.w.org\/{rel}","templated":true}]}}