{"id":61066,"date":"2012-05-27T16:52:45","date_gmt":"2012-05-27T15:52:45","guid":{"rendered":"http:\/\/www.visit-ulcinj.com\/blog\/?p=61066"},"modified":"2012-05-27T16:52:45","modified_gmt":"2012-05-27T15:52:45","slug":"xhamia-e-ranes-nga-ismet-karamanaga","status":"publish","type":"post","link":"https:\/\/www.visit-ulcinj.com\/blog\/2012\/05\/27\/xhamia-e-ranes-nga-ismet-karamanaga\/","title":{"rendered":"Xhamia e RANES nga Ismet Karamanaga"},"content":{"rendered":"<p><a href=\"http:\/\/www.visit-ulcinj.com\/blog\/wp-content\/uploads\/2012\/05\/xhamia-e-Detarve-ne-Ran\u00eb_Ulqinnga-Ismet-Karamanga.jpg\"><img loading=\"lazy\" class=\"alignleft  wp-image-61067\" title=\"xhamia e Detarve ne Ran\u00eb_Ulqin,nga Ismet Karamanga\" src=\"http:\/\/www.visit-ulcinj.com\/blog\/wp-content\/uploads\/2012\/05\/xhamia-e-Detarve-ne-Ran\u00eb_Ulqinnga-Ismet-Karamanga.jpg\" alt=\"\" width=\"508\" height=\"360\" \/><\/a>M\u00eb n\u00eb fund po plot\u00ebsohet nj\u00eb \u00ebnd\u00ebrr , nj\u00eb \u00ebnd\u00ebrr t\u00eb cil\u00ebn nuk e \u00ebnd\u00ebrroj vet\u00ebm un\u00eb, por edhe shum\u00eb nga qytetar\u00ebt tan\u00eb. Shum\u00eb nga ato, nd\u00ebrmjet t\u00eb cil\u00ebt ende ka njer\u00ebz t\u00eb cil\u00ebve \u00a0edhe i kujtohet Xhamija e Ran\u00ebs, po shprehin knaq\u00ebsin sepse s\u00eb shpejti do t\u00eb vendosen themelet. P\u00ebrs\u00ebri pra n\u00eb t\u00eb njajtin vend, n\u00eb vend ku dikur ka qen\u00eb simbol jo vet\u00ebm i fes\u00eb Islame por edhe simbol\u00eb i qytetit ton\u00eb do t\u00eb rind\u00ebrtohet xhamia me ndihm\u00ebn e Perendis\u00eb, por edhe me ndihm\u00ebn e t\u00eb gjith\u00eb atyre t\u00eb cil\u00ebve Perendia i ka dhan \u00a0mend\u00eb dhe zem\u00ebr q\u00eb \u00a0jo vet\u00ebm me pasuri materijale, \u00a0por edhe me guxim t\u00eb japin kontributin e vet\u00eb p\u00ebr \u00a0nd\u00ebrtimin e xhamis\u00eb s\u00eb Ran\u00ebs. K\u00ebtu duhet t\u00eb p\u00ebrmendet edhe K\u00ebshilli i B. I. i cili tash nj\u00eb koh\u00eb t\u00eb gjat\u00eb \u00a0punoj p\u00ebr kthimin e pron\u00ebs s\u00eb xhamis\u00eb. Puna e tyre pa d\u00ebshim \u00ebsht\u00eb nismja kryesore p\u00ebr nd\u00ebrtimin e xhamis\u00eb, dhe populli i shpreh falenderime nga zemra. S\u00eb shpejti pra do t\u00eb ngritet p\u00ebrs\u00ebri minarja e lart\u00eb e xhamis\u00eb mbi Ran\u00eb si nj\u00eb simbol i fes\u00eb ton\u00eb ku qart\u00eb shihet se asnj\u00eb pushtet nuk mund t\u00eb ndal\u00eb pro\u00e7eset dhe vendimet t\u00eb cilat i cakton \u00a0Ai i cili \u00ebsht\u00eb mbi gjith\u00e7ka. \u00a0Kan\u00eb kaluar vet\u00ebm 77 vjet \u00a0kur me vendimin \u00a0e nj\u00eb pushteti, dhe disa njer\u00ebzv\u00eb tan\u00eb, t\u00eb cil\u00ebt pavar\u00ebsisht\u00eb nga rrethanat nuk \u00ebsht\u00eb dasht\u00eb ta n\u00ebnshkruajn vendimin, p\u00ebr rr\u00ebximin e xhamis\u00eb.<br \/>\n<a href=\"http:\/\/www.visit-ulcinj.com\/blog\/wp-content\/uploads\/2012\/05\/xhamia-e-Detarve-ne-Ran\u00eb_Ulqin.jpg\"><img loading=\"lazy\" class=\"alignleft  wp-image-61068\" title=\"xhamia e Detarve ne Ran\u00eb_Ulqin\" src=\"http:\/\/www.visit-ulcinj.com\/blog\/wp-content\/uploads\/2012\/05\/xhamia-e-Detarve-ne-Ran\u00eb_Ulqin.jpg\" alt=\"\" width=\"508\" height=\"600\" \/><\/a><\/p>\n<p>Nga \u00a0kjo distanc\u00eb e gjat\u00eb kohore \u00ebsht\u00eb v\u00ebshtir\u00eb t\u00eb gjykosh, por un\u00eb shpreh mendimin tim personal, se pavar\u00ebsisht\u00eb nga rrethanat politiko shoq\u00ebrore njer\u00ebzit tan\u00eb nuk esht\u00eb dashur ta n\u00ebn\u00ebshkruajn nj\u00eb akt t\u00eb till\u00eb. Pra vendimin q\u00eb t\u00eb rrexohet xhamia.\u00a0Edhe m\u00eb von\u00eb shteti komunist ka sjell\u00eb vendime t\u00eb tmerrshme p\u00ebr rr\u00ebximin e xhamis\u00eb s\u00eb Meras\u00eb si \u00a0edhe transformimin e xhamis\u00eb s\u00eb Kalas\u00eb n\u00eb muze apo depo, sepse n\u00eb at\u00eb gjendje m\u00eb duket se \u00ebsht\u00eb ende edhe sot. Dua t\u00eb theksoj me plot\u00eb pergjegj\u00ebsi se gjithmon\u00eb ,,kontributin,, m\u00eb t\u00eb madh\u00eb e kan\u00eb jap njer\u00ebzit tan\u00eb.\u00a0M\u00eb n\u00eb fund, nj\u00eb pjes\u00eb e truallit t\u00eb xhamis\u00eb s\u00eb Ran\u00ebs esht\u00eb shitur apo dhuruar pronar\u00ebve t\u00eb cil\u00ebt sot nd\u00ebrtojn\u00eb mbas xhamise, ku kurr\u00eb nuk ka pas objekt tjet\u00ebr p\u00ebrve\u00e7 objekteve p\u00ebrcjell\u00ebse t\u00eb xhamis\u00eb.\u00a0Objekti i quajtur ,, Tri Ribara,, \u00ebsht\u00eb i nd\u00ebrtuar pas rrezimit te xhamis\u00eb me 1936 mbrapa xhamis\u00eb ku n\u00eb fotograeit\u00eb e shumta shihet se aty ka qen\u00eb hapsir\u00eb e zbraste deri te rruga e cila t\u00eb \u00e7on p\u00ebr n\u00eb \u00a0Pinjesh, pra n\u00eb obor t\u00eb xhamis\u00eb. Pushteti i asaj kohe ua jep nj\u00eb families private \u00a0Malazeze, kurse k\u00ebto ua shesin Hoteleris\u00eb s\u00eb Ulqinit dhe m\u00eb gjat\u00eb k\u00ebt\u00eb objekt e blejn pronar\u00ebt t\u00eb cil\u00ebt sot po nd\u00ebrtojn aty, por prap me ,,kontributin,, e pushtetit modern. K\u00eb esht\u00eb nj\u00eb histori e shkurt\u00ebr e pron\u00ebs, por, \u00a0edhe njer\u00ebzve tan\u00eb t\u00eb cil\u00ebt pa d\u00ebshim gjithmon kan pas ,,dashni,, t\u00eb madhe ndaj pushtetit, dhe asaj se \u00e7ka ka sjell politika a po pushteti. Edhe sot, ato t\u00eb cil\u00ebt jan n\u00eb politik\u00eb a po n\u00eb pushtet e ndjejnj vehten ma mir\u00eb, si\u00e7 thot\u00eb fjala popullore,, ke shteti, ke mreti,,. \u00a0K\u00ebshtu pra pas nj\u00eb kohe t\u00eb gjat\u00eb p\u00ebrs\u00ebri po nd\u00ebrtohet xhamija e Ran\u00ebs apo Detar\u00ebve si\u00e7 e ka quajtur populli shpesh. E Ran\u00ebs sepse ka qen\u00eb n\u00eb Ran\u00eb, kurse e Detar\u00ebve, sepse aty gjithmon jan fal\u00eb detar\u00ebt Ulqinak para \u00a0se kan\u00eb shkuar n\u00eb lundrime n\u00eb det\u00eb, p\u00ebr t\u00eb sjell\u00eb buk\u00ebn e goj\u00ebs familijeve tyre, ,, buk e gjak,, ka than populli gjithmon.Nj\u00eb filozof dhe shkrimtar i madh\u00eb Gjerman, i cili para se ka vdekur ka than se ,, me siguri ne t\u00eb gjith\u00eb kemi lindur si mysliman,,shpesh her\u00eb e ka p\u00ebrsritur nj\u00eb fjali t\u00eb cil\u00ebs edhe un\u00eb si germanist i p\u00ebrmbahem shpesh, se,,kurr\u00eb nuk \u00ebsht\u00eb e tep\u00ebrt t\u00eb p\u00ebrsriten disa gj\u00ebra.,, Xhama e Ran\u00ebs esht\u00eb nj\u00eb nd\u00ebr xhamit\u00eb m\u00eb t\u00eb vjet\u00ebra n\u00eb Balkan dhe \u00ebsht\u00eb e nd\u00ebrtuar n\u00eb sh. 14 nga Maur\u00ebt shum\u00eb para se kan\u00eb ardhur Osman\u00ebt k\u00ebtu. K\u00ebt\u00eb e kam shkruar edhe m\u00eb par\u00eb n\u00eb tekste t\u00eb botuar n\u00eb librin tim ,,Kalaja, legjend\u00eb dhe art,, dhe p\u00ebr te e p\u00ebrs\u00ebris\u00eb p\u00ebrs\u00ebri . Un\u00eb si individ\u00eb n\u00eb m\u00ebnyr\u00eb modeste me shkrimet t\u00eb dedikuar xhamis\u00eb s\u00eb Ran\u00ebs e kam jap kontributin tim p\u00ebr rind\u00ebrtimin e saj, dhe jam pa d\u00ebshim, nj\u00eb nd\u00ebr inicijator\u00ebt e par\u00eb e k\u00ebsaj idee e cila tash m\u00eb po realizohet.. Gjithashtu, dua ta theksoj \u00a0se ne edhe si familije jemi t\u00eb lidhur me xhamin e Ran\u00ebs sepse nj\u00eb nd\u00ebr imamet m\u00eb t\u00eb fam\u00ebsh\u00ebm e kesaj xhamie ka qen\u00eb edhe gjyshi im, mulla Ismail Karamanaga. Dhe pastaj, xhamia me minaren e lart\u00eb \u00a0mbi 25 met\u00ebr, n\u00eb t\u00eb cil\u00ebn shpesh \u00ebsht\u00eb vendosur fanari p\u00ebr ti treguar detar\u00ebve vendin e tyre, ka qen\u00eb jo \u00a0vet\u00ebm simbol i fes\u00eb ton\u00eb Islame , por edhe simboli i qytetit t\u00eb Ulqinit,udh\u00ebrrrefim p\u00ebr t\u00eb gjitha anijet t\u00eb cilat lund\u00ebronin k\u00ebtyre brigjeveve dhe lidhnin popujt p\u00ebrmes rrug\u00ebve detare. Dhe p\u00ebr te \u00ebsht\u00eb edhe k\u00ebnaq\u00ebsija e jon\u00eb e madhe se m\u00eb n\u00eb fund po realizohet ideja e rind\u00ebtrtimit e xhamis\u00eb ton\u00eb. Nj\u00eb padrejt\u00ebsi, nj\u00eb krim i asaj kohe e nj\u00eb pushteti jo popullor, e jo human, me vendime t\u00eb tilla, na kan\u00eb larguar shpesh her\u00eb nga bota civilizuese. Gj\u00ebra t\u00eb tilla kan\u00eb muajtur te ndodhin \u00a0vet\u00ebm n\u00eb Balkan, tek ne. Esht\u00eb mir\u00eb q\u00eb me n\u00eb fund\u00eb edhe nj\u00eb pushtet i k\u00ebtij qyteti t\u00eb p\u00ebrmendet n\u00eb m\u00ebnyr\u00eb pozitive, sepse kan\u00eb dhan lejen dhe kontribut p\u00ebr nd\u00ebrtimin e xhamis\u00eb s\u00eb Ran\u00ebs apo Detar\u00ebve.<\/p>\n<p><a href=\"http:\/\/www.visit-ulcinj.com\/blog\/wp-content\/uploads\/2012\/05\/Rind\u00ebrtimi-i-xhamis\u00eb-s\u00eb-Detar\u00ebve-n\u00eb-Ulqin-.2.jpg\"><img loading=\"lazy\" class=\"alignleft  wp-image-61070\" title=\"Rind\u00ebrtimi i xhamis\u00eb s\u00eb Detar\u00ebve n\u00eb Ulqin .2\" src=\"http:\/\/www.visit-ulcinj.com\/blog\/wp-content\/uploads\/2012\/05\/Rind\u00ebrtimi-i-xhamis\u00eb-s\u00eb-Detar\u00ebve-n\u00eb-Ulqin-.2.jpg\" alt=\"\" width=\"508\" height=\"300\" srcset=\"https:\/\/www.visit-ulcinj.com\/blog\/wp-content\/uploads\/2012\/05\/Rind\u00ebrtimi-i-xhamis\u00eb-s\u00eb-Detar\u00ebve-n\u00eb-Ulqin-.2.jpg 638w, https:\/\/www.visit-ulcinj.com\/blog\/wp-content\/uploads\/2012\/05\/Rind\u00ebrtimi-i-xhamis\u00eb-s\u00eb-Detar\u00ebve-n\u00eb-Ulqin-.2-300x177.jpg 300w\" sizes=\"(max-width: 508px) 100vw, 508px\" \/><\/a><\/p>\n<p>Dua ti p\u00ebrmend dhe ti falemnderoj.P\u00ebr ato skeptik\u00ebt t\u00eb cil\u00ebt fen\u00eb e kuptojn\u00eb ndryshe dhe t\u00eb cil\u00ebve i pengon nd\u00ebrtimi i xhamis\u00eb nuk kam koment, sepse \u00ebsht\u00eb e tep\u00ebrt t\u00eb komentohen gj\u00ebra dhe mendime iracionale. \u00a0Por i sugjeroj q\u00eb mos t\u00eb shqet\u00ebsohen sepse bota civilizuese p\u00ebrkrah dhe mb\u00ebshtet ideja t\u00eb sh\u00ebndoshta, si\u00e7 \u00ebsht\u00eb rind\u00ebrtimi i xhamis\u00eb s\u00eb Ran\u00ebs. \u00a0Feja \u00ebsht\u00eb mbi gjith\u00e7ka, dhe ajo kurr\u00eb nuk mund\u00eb t\u00eb pengoj\u00eb askend n\u00eb qofse interpretohet ashtu si\u00e7 ka urdhnuar Perendija. Secili nga ne \u00a0si individ\u00eb, pavar\u00ebsisht\u00eb se cilit komb, apo konfesionit i takon , ka vendin e vet n\u00eb k\u00ebt\u00eb hapsir\u00eb kaq\u00eb t\u00eb bukur. Plazhi dhe mysafir\u00ebt e tij ka ,,pun\u00ebt e veta , \u00a0por edhe xhamia ka pun\u00ebt e veta,, thot\u00eb populli, k\u00ebshtu q\u00eb njeriu si individ\u00eb \u00a0, ka gjithmon zgjedhjen t\u00eb lir\u00eb. K\u00ebto dy ambiente kan\u00eb sfera t\u00eb ndryeshme, dhe p\u00ebr te skeptik\u00ebt mund\u00eb t\u00eb jen\u00eb t\u00eb qet\u00eb, p\u00ebrkundrazi xhamia ka me qen\u00eb nj\u00eb bukuri p\u00ebr syrin edhe ty atyreve t\u00eb cil\u00ebt fen\u00eb e kuptojn ndryshe.Abbienti i xhamis\u00eb duhet ti adaptohet bukuris\u00eb magjike t\u00eb Ran\u00ebs ton\u00eb, dhe p\u00ebr te \u00ebsht\u00eb e nevojshme t\u00eb nd\u00ebrtohet nj\u00eb fontan\u00eb n\u00eb vend t\u00eb atyre \u00a0koskave t\u00eb,, famsh\u00ebm,,t\u00eb cil\u00ebt nj\u00eb koh\u00eb t\u00eb gjat\u00eb e kan\u00eb sh\u00ebndruar Ran\u00ebn \u00a0ton\u00eb, p\u00ebr interesa private, n\u00eb nj\u00eb teqe. Nj\u00eb pamje e pa par\u00eb n\u00eb bregun e Malit t\u00eb Zi e mos t\u00eb them n\u00eb Mesdhe. Kam d\u00ebgjuar p\u00ebr inicijativ\u00ebn e \u00a0pushtetit vendor p\u00ebr dislokimin e k\u00ebtyre kioskave nga Rana. Un\u00eb e p\u00ebrkrah k\u00ebt\u00eb ide sepse \u00a0k\u00ebto kioska \u00a0me lejen e Komun\u00ebs apo T\u00eb mir\u00ebs detare, Ran\u00ebs ja kan\u00eb marr\u00eb shpirtin, gjel\u00ebbrimin , parqet, dhe t\u00eb gjith\u00eb at\u00eb bukurin t\u00eb cil\u00ebn e ka pasur m\u00eb par\u00eb. Dhe p\u00ebr k\u00ebt\u00eb un\u00eb \u00a0nuk jam p\u00ebr dislokimin e tyre, mendoj se ato duhen t\u00eb p\u00ebrcillen n\u00eb histori, q\u00eb mos ti shohim m\u00eb kurr\u00eb. Duhet t\u00eb zgjidhet m\u00ebnyra tjet\u00ebr p\u00ebr nj\u00eb \u00a0ofert\u00eb m\u00eb t\u00eb mir\u00eb dhe m\u00eb kualitative. Nj\u00eb fontan\u00eb apo nj\u00eb ,,shed\u00ebrvan\u00eb,, n\u00eb vend\u00eb t\u00eb kioskave para xhamis\u00eb, pa d\u00ebshim do t\u00eb ja kthejn\u00eb Ran\u00ebs bukurin\u00eb e saj , edhe kjo do t\u00eb ishte nj\u00eb ofert\u00eb m\u00eb e mir\u00eb p\u00ebr turizmin ton\u00eb, t\u00eb lanun kaq\u00eb shum\u00eb pas dore. N\u00eb p\u00ebrgjith\u00ebsi ne t\u00eb gjith\u00eb duhet t\u00eb mundohemi q\u00eb t\u00eb punojm\u00eb n\u00eb ngritjen e ofert\u00ebs ton turistike n\u00eb nj\u00eb nivel m\u00eb t\u00eb lart\u00eb se deri tani. Duhet t\u00eb luftojm\u00eb me kualitet dhe me \u00e7mime m\u00eb t\u00eb lart\u00eb p\u00ebr nj\u00eb turiz\u00ebm kualitativ, e jo kuantitativ si\u00e7 e kemi tash. Shum\u00eb kate t\u00eb cil\u00ebt po nd\u00ebrtohet p\u00ebr \u00e7do dit\u00eb, nuk japin shpres\u00eb p\u00ebr nj\u00eb turiz\u00ebm me t\u00eb lart\u00eb, p\u00ebrkundrazi. Pushteti vendor duhet t\u00eb frenojn k\u00ebt\u00eb nd\u00ebrtim t\u00eb eg\u00ebr t\u00eb pa par\u00eb n\u00eb bot\u00ebn civilizuese. Nj\u00eb qytet me resurse natyror\u00eb t\u00eb cil\u00ebt i ka dhunti prej Perendis\u00eb, nj\u00eb qytet i cili deri te vitet e 90 e sh. t\u00eb kaluar ka dhan kontribut\u00eb n\u00eb buxhetin e Malit t\u00eb Zi mbi 40 p\u00ebqind\u00eb nga t\u00ebr turizmi n\u00eb p\u00ebrgjith\u00ebsi, sot ka ra n\u00eb nj\u00eb nivel t\u00eb mjerush\u00ebm, prej 10 p\u00ebrqind. Natyrisht, k\u00ebt\u00eb e \u00a0b\u00ebn edhe pushteti i Malit t\u00eb Zi , duke na l\u00ebn\u00eb anash dhe duke na trejtu ndryshe, e jo si \u00a0Budven p.sh., mos t\u00eb p\u00ebrdor\u00eb ndonji fjal\u00eb m\u00eb t\u00eb r\u00ebnd\u00eb, por, duhet haptas t\u00eb thohet se nj\u00eb kontribut t\u00eb madh\u00eb e japin edhe qytetar\u00ebt tan\u00eb, duke vepruar e duke mos i respektuar regullat e disciplin\u00ebn n\u00eb turiz\u00ebm. Dhe p\u00ebr te jam i mendimi se shteti, dhe pushteti \u00a0vendor duhet t\u00eb nd\u00ebrhyjn me mjete ligjore dhe t\u00eb vendos\u00eb regull dhe disciplin\u00eb. Duhet t\u00eb frenohen shum\u00eb gj\u00ebra t\u00eb cilat e kan\u00eb pruar turizmin ton\u00eb n\u00eb k\u00ebt\u00eb nivel. Organet kompetente kan\u00eb mjete dhe mund\u00ebsi q\u00eb t\u00eb merren seriozisht me probleme t\u00eb tilla, sepse kjo tash m\u00eb ka kaluar n\u00eb n\u00eb anarhi. Tregu i lir\u00eb po , por me disciplin\u00eb, me ligj\u00eb i cili duhet t\u00eb respektohet. Nj\u00eb disciplin\u00eb edhe n\u00eb ofert\u00ebn turistike t\u00eb cil\u00ebn duhet si bart\u00ebs ta pregadis\u00eb pushteti vendor, por edhe me ndihm\u00ebn e organizatave turistike t\u00eb ndryeshme t\u00eb cilat veprojn\u00eb n\u00eb qytetin ton\u00eb. Duhet t\u00eb ket\u00eb kontroll\u00eb dhe sankcinime p\u00ebr shkeljen e regullave t\u00eb cilat sundojn\u00eb n\u00eb turiz\u00ebm sepse,, thupra ka dal prej Xhehnetit,, thot\u00eb populli yn\u00eb. Duhet t\u00eb vendosen \u00e7mimet ashtu si\u00e7 \u00ebsht\u00eb n\u00eb t\u00ebr bregun e Malit t\u00eb Zi.<\/p>\n<p><a href=\"http:\/\/www.visit-ulcinj.com\/blog\/wp-content\/uploads\/2012\/05\/xhamia-e-Detarve-ne-Ran\u00eb_Ulqin.1.jpg\"><img loading=\"lazy\" class=\"alignleft  wp-image-61069\" title=\"xhamia e Detarve ne Ran\u00eb_Ulqin.1\" src=\"http:\/\/www.visit-ulcinj.com\/blog\/wp-content\/uploads\/2012\/05\/xhamia-e-Detarve-ne-Ran\u00eb_Ulqin.1.jpg\" alt=\"\" width=\"508\" height=\"300\" \/><\/a><\/p>\n<p>Pse ta n\u00ebn\u00eb\u00e7mojm\u00eb ne qytetin ton, ti japim shtretet p\u00ebr 5 euro&#8230;Ne nuk duhet t\u00eb punojm\u00eb p\u00ebr turiz\u00ebm socijal, ne duhet t\u00eb luftojm\u00eb p\u00ebr nj\u00eb turiz\u00ebm t\u00eb latr\u00eb t\u00eb cilin e kemi pas deri te vitet e 90. Un\u00eb jam d\u00ebshmitar sepse kam punuar n\u00eb turizmin e lart\u00eb, dhe pa d\u00ebshim k\u00eb qytet e meriton kthimin \u00a0e ati turizmi dhe shk\u00eblqimin t\u00eb cilin e ka pas dikur, si qyteti kryesor i turizmit e Malit t\u00eb Zi. T\u00eb gjith\u00eb ne si individ\u00eb dhe si shoq\u00ebri duhet ta japim \u00a0kontributin ton. Me n\u00eb fund edhe organizata turistike e themeluar n\u00eb fund tl\u00eb vitit t\u00eb kaluar, duhet t\u00eb vehet n\u00eb funkcion. \u00c7\u00ebsh nga fillimi kam qen\u00eb skeptik\u00eb p\u00ebr funkcionimin e saj duke pas para sysh se cila parti politike do t\u00eb ket\u00eb drejt\u00ebn p\u00ebr ta jap kryetarin \u00a0apo drejtorin e saj. Duhet t\u00eb vendosen kuadra t\u00eb cilat e njohin turizmin, m\u00eb n\u00eb fund i sugjeroj nj\u00eb her\u00eb q\u00eb ta l\u00ebjn\u00eb politik\u00ebn anash e t\u00eb shikojn politik\u00ebn e turizmit. Ne e kemi shpres\u00ebn se \u00a0p\u00ebr k\u00ebt\u00eb \u00e7eshtje pushteti vendor do t\u00eb veprojn ashtu si\u00e7 duhet.\u00a0Dhe m\u00eb n\u00eb fund ti kthehem prap edhe nj\u00eb her\u00eb xhamis\u00eb s\u00eb Ran\u00ebs apo xhamis\u00eb e Detar\u00ebve. E kam shpres\u00ebn se xhamia s\u00eb shpejti do t\u00eb shk\u00eblqejn me plot\u00eb bukurin e saj mbi Ran\u00eb, n\u00ebn Kalan\u00eb ton \u00a0shekullore. Minarja e saj, \u00a0k\u00ebsaj radhe pa fanar , por me ndri\u00e7im modern ka me u pa larg nga deti si dikur ai fanari me voj gurit. N\u00eb p\u00ebrgjith\u00ebsi s\u00eb basku me ambijentin \u00a0e Kalas\u00eb ton\u00eb, me Ran\u00eb, at\u00eb ambient t\u00eb famsh\u00ebm, ajo do t\u00eb jet\u00eb nj\u00eb pasuri me e madhe p\u00ebr t\u00ebr qytetin ton dhe pa d\u00ebshim do ta ngris\u00eb ofert\u00ebt ton turistike n\u00eb nj\u00eb nivel shum\u00eb m\u00eb t\u00eb lart\u00eb se deri tani.<\/p>\n<p>&nbsp;<\/p>\n<p>Ulqin, 2.04.2008 \u00a0 \u00a0 \u00a0 \u00a0 \u00a0 \u00a0 \u00a0 \u00a0 \u00a0 \u00a0 \u00a0 \u00a0 \u00a0 \u00a0 \u00a0 \u00a0 \u00a0 \u00a0 \u00a0 \u00a0\u00a0Ismet Karamanaga<\/p>\n","protected":false},"excerpt":{"rendered":"<p>M\u00eb n\u00eb fund po plot\u00ebsohet nj\u00eb \u00ebnd\u00ebrr , nj\u00eb \u00ebnd\u00ebrr t\u00eb cil\u00ebn nuk e \u00ebnd\u00ebrroj vet\u00ebm un\u00eb, por edhe shum\u00eb nga qytetar\u00ebt tan\u00eb. Shum\u00eb nga ato, nd\u00ebrmjet t\u00eb cil\u00ebt ende ka njer\u00ebz t\u00eb cil\u00ebve \u00a0edhe i kujtohet Xhamija e Ran\u00ebs, po shprehin knaq\u00ebsin sepse s\u00eb shpejti do t\u00eb vendosen themelet. P\u00ebrs\u00ebri pra n\u00eb t\u00eb njajtin [&hellip;]<\/p>\n","protected":false},"author":1,"featured_media":0,"comment_status":"open","ping_status":"closed","sticky":false,"template":"","format":"standard","meta":{"spay_email":"","jetpack_publicize_message":"","jetpack_is_tweetstorm":false,"jetpack_publicize_feature_enabled":true},"categories":[14249],"tags":[200,18,20081,20585,20586],"jetpack_publicize_connections":[],"yoast_head":"<!-- This site is optimized with the Yoast SEO plugin v19.1 - https:\/\/yoast.com\/wordpress\/plugins\/seo\/ -->\n<title>Xhamia e RANES nga Ismet Karamanaga - Lajme nga Ulqini<\/title>\n<meta name=\"description\" content=\"M\u00eb n\u00eb fund po plot\u00ebsohet nj\u00eb \u00ebnd\u00ebrr , nj\u00eb \u00ebnd\u00ebrr t\u00eb cil\u00ebn nuk e \u00ebnd\u00ebrroj vet\u00ebm un\u00eb, por edhe shum\u00eb nga qytetar\u00ebt tan\u00eb. Shum\u00eb nga ato, nd\u00ebrmjet t\u00eb cil\u00ebt\" \/>\n<meta name=\"robots\" content=\"index, follow, max-snippet:-1, max-image-preview:large, max-video-preview:-1\" \/>\n<link rel=\"canonical\" href=\"https:\/\/www.visit-ulcinj.com\/blog\/2012\/05\/27\/xhamia-e-ranes-nga-ismet-karamanaga\/\" \/>\n<meta property=\"og:locale\" content=\"en_US\" \/>\n<meta property=\"og:type\" content=\"article\" \/>\n<meta property=\"og:title\" content=\"Xhamia e RANES nga Ismet Karamanaga - Lajme nga Ulqini\" \/>\n<meta property=\"og:description\" content=\"M\u00eb n\u00eb fund po plot\u00ebsohet nj\u00eb \u00ebnd\u00ebrr , nj\u00eb \u00ebnd\u00ebrr t\u00eb cil\u00ebn nuk e \u00ebnd\u00ebrroj vet\u00ebm un\u00eb, por edhe shum\u00eb nga qytetar\u00ebt tan\u00eb. Shum\u00eb nga ato, nd\u00ebrmjet t\u00eb cil\u00ebt\" \/>\n<meta property=\"og:url\" content=\"https:\/\/www.visit-ulcinj.com\/blog\/2012\/05\/27\/xhamia-e-ranes-nga-ismet-karamanaga\/\" \/>\n<meta property=\"og:site_name\" content=\"Lajme nga Ulqini\" \/>\n<meta property=\"article:published_time\" content=\"2012-05-27T15:52:45+00:00\" \/>\n<meta name=\"twitter:label1\" content=\"Written by\" \/>\n\t<meta name=\"twitter:data1\" content=\"ulqini\" \/>\n\t<meta name=\"twitter:label2\" content=\"Est. reading time\" \/>\n\t<meta name=\"twitter:data2\" content=\"11 minutes\" \/>\n<script type=\"application\/ld+json\" class=\"yoast-schema-graph\">{\"@context\":\"https:\/\/schema.org\",\"@graph\":[{\"@type\":\"WebSite\",\"@id\":\"https:\/\/www.visit-ulcinj.com\/blog\/#website\",\"url\":\"https:\/\/www.visit-ulcinj.com\/blog\/\",\"name\":\"Lajme nga Ulqini\",\"description\":\"Lajme,Vijesti,Ulqini,Ulqin,Crna Gora,Mali i Zi\",\"potentialAction\":[{\"@type\":\"SearchAction\",\"target\":{\"@type\":\"EntryPoint\",\"urlTemplate\":\"https:\/\/www.visit-ulcinj.com\/blog\/?s={search_term_string}\"},\"query-input\":\"required name=search_term_string\"}],\"inLanguage\":\"en-US\"},{\"@type\":\"WebPage\",\"@id\":\"https:\/\/www.visit-ulcinj.com\/blog\/2012\/05\/27\/xhamia-e-ranes-nga-ismet-karamanaga\/#webpage\",\"url\":\"https:\/\/www.visit-ulcinj.com\/blog\/2012\/05\/27\/xhamia-e-ranes-nga-ismet-karamanaga\/\",\"name\":\"Xhamia e RANES nga Ismet Karamanaga - Lajme nga Ulqini\",\"isPartOf\":{\"@id\":\"https:\/\/www.visit-ulcinj.com\/blog\/#website\"},\"datePublished\":\"2012-05-27T15:52:45+00:00\",\"dateModified\":\"2012-05-27T15:52:45+00:00\",\"author\":{\"@id\":\"https:\/\/www.visit-ulcinj.com\/blog\/#\/schema\/person\/dcab619c614d3038751c63bc2aadc06d\"},\"description\":\"M\u00eb n\u00eb fund po plot\u00ebsohet nj\u00eb \u00ebnd\u00ebrr , nj\u00eb \u00ebnd\u00ebrr t\u00eb cil\u00ebn nuk e \u00ebnd\u00ebrroj vet\u00ebm un\u00eb, por edhe shum\u00eb nga qytetar\u00ebt tan\u00eb. Shum\u00eb nga ato, nd\u00ebrmjet t\u00eb cil\u00ebt\",\"breadcrumb\":{\"@id\":\"https:\/\/www.visit-ulcinj.com\/blog\/2012\/05\/27\/xhamia-e-ranes-nga-ismet-karamanaga\/#breadcrumb\"},\"inLanguage\":\"en-US\",\"potentialAction\":[{\"@type\":\"ReadAction\",\"target\":[\"https:\/\/www.visit-ulcinj.com\/blog\/2012\/05\/27\/xhamia-e-ranes-nga-ismet-karamanaga\/\"]}]},{\"@type\":\"BreadcrumbList\",\"@id\":\"https:\/\/www.visit-ulcinj.com\/blog\/2012\/05\/27\/xhamia-e-ranes-nga-ismet-karamanaga\/#breadcrumb\",\"itemListElement\":[{\"@type\":\"ListItem\",\"position\":1,\"name\":\"Xhamia e RANES nga Ismet Karamanaga\"}]},{\"@type\":\"Person\",\"@id\":\"https:\/\/www.visit-ulcinj.com\/blog\/#\/schema\/person\/dcab619c614d3038751c63bc2aadc06d\",\"name\":\"ulqini\",\"sameAs\":[\"http:\/\/www.visit-ulcinj.com\"],\"url\":\"https:\/\/www.visit-ulcinj.com\/blog\/author\/admin\/\"}]}<\/script>\n<!-- \/ Yoast SEO plugin. -->","yoast_head_json":{"title":"Xhamia e RANES nga Ismet Karamanaga - Lajme nga Ulqini","description":"M\u00eb n\u00eb fund po plot\u00ebsohet nj\u00eb \u00ebnd\u00ebrr , nj\u00eb \u00ebnd\u00ebrr t\u00eb cil\u00ebn nuk e \u00ebnd\u00ebrroj vet\u00ebm un\u00eb, por edhe shum\u00eb nga qytetar\u00ebt tan\u00eb. Shum\u00eb nga ato, nd\u00ebrmjet t\u00eb cil\u00ebt","robots":{"index":"index","follow":"follow","max-snippet":"max-snippet:-1","max-image-preview":"max-image-preview:large","max-video-preview":"max-video-preview:-1"},"canonical":"https:\/\/www.visit-ulcinj.com\/blog\/2012\/05\/27\/xhamia-e-ranes-nga-ismet-karamanaga\/","og_locale":"en_US","og_type":"article","og_title":"Xhamia e RANES nga Ismet Karamanaga - Lajme nga Ulqini","og_description":"M\u00eb n\u00eb fund po plot\u00ebsohet nj\u00eb \u00ebnd\u00ebrr , nj\u00eb \u00ebnd\u00ebrr t\u00eb cil\u00ebn nuk e \u00ebnd\u00ebrroj vet\u00ebm un\u00eb, por edhe shum\u00eb nga qytetar\u00ebt tan\u00eb. Shum\u00eb nga ato, nd\u00ebrmjet t\u00eb cil\u00ebt","og_url":"https:\/\/www.visit-ulcinj.com\/blog\/2012\/05\/27\/xhamia-e-ranes-nga-ismet-karamanaga\/","og_site_name":"Lajme nga Ulqini","article_published_time":"2012-05-27T15:52:45+00:00","twitter_misc":{"Written by":"ulqini","Est. reading time":"11 minutes"},"schema":{"@context":"https:\/\/schema.org","@graph":[{"@type":"WebSite","@id":"https:\/\/www.visit-ulcinj.com\/blog\/#website","url":"https:\/\/www.visit-ulcinj.com\/blog\/","name":"Lajme nga Ulqini","description":"Lajme,Vijesti,Ulqini,Ulqin,Crna Gora,Mali i Zi","potentialAction":[{"@type":"SearchAction","target":{"@type":"EntryPoint","urlTemplate":"https:\/\/www.visit-ulcinj.com\/blog\/?s={search_term_string}"},"query-input":"required name=search_term_string"}],"inLanguage":"en-US"},{"@type":"WebPage","@id":"https:\/\/www.visit-ulcinj.com\/blog\/2012\/05\/27\/xhamia-e-ranes-nga-ismet-karamanaga\/#webpage","url":"https:\/\/www.visit-ulcinj.com\/blog\/2012\/05\/27\/xhamia-e-ranes-nga-ismet-karamanaga\/","name":"Xhamia e RANES nga Ismet Karamanaga - Lajme nga Ulqini","isPartOf":{"@id":"https:\/\/www.visit-ulcinj.com\/blog\/#website"},"datePublished":"2012-05-27T15:52:45+00:00","dateModified":"2012-05-27T15:52:45+00:00","author":{"@id":"https:\/\/www.visit-ulcinj.com\/blog\/#\/schema\/person\/dcab619c614d3038751c63bc2aadc06d"},"description":"M\u00eb n\u00eb fund po plot\u00ebsohet nj\u00eb \u00ebnd\u00ebrr , nj\u00eb \u00ebnd\u00ebrr t\u00eb cil\u00ebn nuk e \u00ebnd\u00ebrroj vet\u00ebm un\u00eb, por edhe shum\u00eb nga qytetar\u00ebt tan\u00eb. Shum\u00eb nga ato, nd\u00ebrmjet t\u00eb cil\u00ebt","breadcrumb":{"@id":"https:\/\/www.visit-ulcinj.com\/blog\/2012\/05\/27\/xhamia-e-ranes-nga-ismet-karamanaga\/#breadcrumb"},"inLanguage":"en-US","potentialAction":[{"@type":"ReadAction","target":["https:\/\/www.visit-ulcinj.com\/blog\/2012\/05\/27\/xhamia-e-ranes-nga-ismet-karamanaga\/"]}]},{"@type":"BreadcrumbList","@id":"https:\/\/www.visit-ulcinj.com\/blog\/2012\/05\/27\/xhamia-e-ranes-nga-ismet-karamanaga\/#breadcrumb","itemListElement":[{"@type":"ListItem","position":1,"name":"Xhamia e RANES nga Ismet Karamanaga"}]},{"@type":"Person","@id":"https:\/\/www.visit-ulcinj.com\/blog\/#\/schema\/person\/dcab619c614d3038751c63bc2aadc06d","name":"ulqini","sameAs":["http:\/\/www.visit-ulcinj.com"],"url":"https:\/\/www.visit-ulcinj.com\/blog\/author\/admin\/"}]}},"jetpack_featured_media_url":"","jetpack_sharing_enabled":true,"jetpack_shortlink":"https:\/\/wp.me\/pe6lTn-fSW","_links":{"self":[{"href":"https:\/\/www.visit-ulcinj.com\/blog\/wp-json\/wp\/v2\/posts\/61066"}],"collection":[{"href":"https:\/\/www.visit-ulcinj.com\/blog\/wp-json\/wp\/v2\/posts"}],"about":[{"href":"https:\/\/www.visit-ulcinj.com\/blog\/wp-json\/wp\/v2\/types\/post"}],"author":[{"embeddable":true,"href":"https:\/\/www.visit-ulcinj.com\/blog\/wp-json\/wp\/v2\/users\/1"}],"replies":[{"embeddable":true,"href":"https:\/\/www.visit-ulcinj.com\/blog\/wp-json\/wp\/v2\/comments?post=61066"}],"version-history":[{"count":1,"href":"https:\/\/www.visit-ulcinj.com\/blog\/wp-json\/wp\/v2\/posts\/61066\/revisions"}],"predecessor-version":[{"id":61071,"href":"https:\/\/www.visit-ulcinj.com\/blog\/wp-json\/wp\/v2\/posts\/61066\/revisions\/61071"}],"wp:attachment":[{"href":"https:\/\/www.visit-ulcinj.com\/blog\/wp-json\/wp\/v2\/media?parent=61066"}],"wp:term":[{"taxonomy":"category","embeddable":true,"href":"https:\/\/www.visit-ulcinj.com\/blog\/wp-json\/wp\/v2\/categories?post=61066"},{"taxonomy":"post_tag","embeddable":true,"href":"https:\/\/www.visit-ulcinj.com\/blog\/wp-json\/wp\/v2\/tags?post=61066"}],"curies":[{"name":"wp","href":"https:\/\/api.w.org\/{rel}","templated":true}]}}