{"id":61078,"date":"2012-05-28T18:11:15","date_gmt":"2012-05-28T17:11:15","guid":{"rendered":"http:\/\/www.visit-ulcinj.com\/blog\/?p=61078"},"modified":"2012-05-28T18:12:01","modified_gmt":"2012-05-28T17:12:01","slug":"petition-online-malesia-mali-i-zi","status":"publish","type":"post","link":"https:\/\/www.visit-ulcinj.com\/blog\/2012\/05\/28\/petition-online-malesia-mali-i-zi\/","title":{"rendered":"Petition Online Mal\u00ebsia &#8211; Mali i Zi"},"content":{"rendered":"<p><a href=\"http:\/\/www.visit-ulcinj.com\/blog\/wp-content\/uploads\/2012\/05\/Petition-Online-Mal\u00ebsia-Mali-i-Zi_tuzi_montenegro.png\"><img loading=\"lazy\" class=\"alignleft  wp-image-61080\" title=\"Petition Online Mal\u00ebsia - Mali i Zi_tuzi_montenegro\" src=\"http:\/\/www.visit-ulcinj.com\/blog\/wp-content\/uploads\/2012\/05\/Petition-Online-Mal\u00ebsia-Mali-i-Zi_tuzi_montenegro.png\" alt=\"\" width=\"300\" height=\"225\" \/><\/a>Ky \u00ebsht\u00eb nj\u00eb peticion drejtuar Presidentit t\u00eb Malit t\u00eb Zi, Filip Vujanovic, dhe q\u00ebllimi i peticionit \u00ebsht\u00eb q\u00eb t\u00eb bashkohen 10.000 n\u00ebnshkrime (pse jo dhe m\u00eb shum\u00eb), me an\u00eb t\u00eb s\u00eb cilit k\u00ebrkohet Komuna e Plot\u00eb e Mal\u00ebsis\u00eb, ashtu si t\u00eb gjitha komunat tjera n\u00eb Mal t\u00eb Zi.<\/p>\n<p>Peticioni gjithashtu drejtohet edhe 27 organizatave nd\u00ebrkomb\u00ebtare, ambasadave dhe zyrtar\u00ebve.<\/p>\n<p>Kushdo ka t\u00eb drejt\u00eb t\u00eb plot\u00ebsoj peticionin, pa marr\u00eb parasysh gjinin\u00eb, mosh\u00ebn apo vendbanimin\/shtet\u00ebsin\u00eb.<\/p>\n<p>&nbsp;<\/p>\n<p>Kliko n\u00eb k\u00ebt\u00eb link dhe plot\u00ebso Peticionin:<\/p>\n<p><a title=\"kliko p\u00ebr t\u00eb n\u00ebnshkruar peticionin\" href=\"http:\/\/www.change.org\/petitions\/mr-filip-vujanovic-president-of-montenegro-establish-municipality-of-malesia-tuz\" target=\"_blank\"><strong>http:\/\/www.change.org\/petitions\/mr-filip-vujanovic-president-of-montenegro-establish-municipality-of-malesia-tuz<\/strong><\/a><\/p>\n","protected":false},"excerpt":{"rendered":"<p>Ky \u00ebsht\u00eb nj\u00eb peticion drejtuar Presidentit t\u00eb Malit t\u00eb Zi, Filip Vujanovic, dhe q\u00ebllimi i peticionit \u00ebsht\u00eb q\u00eb t\u00eb bashkohen 10.000 n\u00ebnshkrime (pse jo dhe m\u00eb shum\u00eb), me an\u00eb t\u00eb s\u00eb cilit k\u00ebrkohet Komuna e Plot\u00eb e Mal\u00ebsis\u00eb, ashtu si t\u00eb gjitha komunat tjera n\u00eb Mal t\u00eb Zi. Peticioni gjithashtu drejtohet edhe 27 organizatave nd\u00ebrkomb\u00ebtare, [&hellip;]<\/p>\n","protected":false},"author":1,"featured_media":0,"comment_status":"open","ping_status":"closed","sticky":false,"template":"","format":"standard","meta":{"spay_email":"","jetpack_publicize_message":"","jetpack_is_tweetstorm":false,"jetpack_publicize_feature_enabled":true},"categories":[14],"tags":[20589,20588],"jetpack_publicize_connections":[],"yoast_head":"<!-- This site is optimized with the Yoast SEO plugin v19.1 - https:\/\/yoast.com\/wordpress\/plugins\/seo\/ -->\n<title>Petition Online Mal\u00ebsia - Mali i Zi - Lajme nga Ulqini<\/title>\n<meta name=\"description\" content=\"Ky \u00ebsht\u00eb nj\u00eb peticion drejtuar Presidentit t\u00eb Malit t\u00eb Zi, Filip Vujanovic, dhe q\u00ebllimi i peticionit \u00ebsht\u00eb q\u00eb t\u00eb bashkohen 10.000 n\u00ebnshkrime (pse jo dhe\" \/>\n<meta name=\"robots\" content=\"index, follow, max-snippet:-1, max-image-preview:large, max-video-preview:-1\" \/>\n<link rel=\"canonical\" href=\"https:\/\/www.visit-ulcinj.com\/blog\/2012\/05\/28\/petition-online-malesia-mali-i-zi\/\" \/>\n<meta property=\"og:locale\" content=\"en_US\" \/>\n<meta property=\"og:type\" content=\"article\" \/>\n<meta property=\"og:title\" content=\"Petition Online Mal\u00ebsia - Mali i Zi - Lajme nga Ulqini\" \/>\n<meta property=\"og:description\" content=\"Ky \u00ebsht\u00eb nj\u00eb peticion drejtuar Presidentit t\u00eb Malit t\u00eb Zi, Filip Vujanovic, dhe q\u00ebllimi i peticionit \u00ebsht\u00eb q\u00eb t\u00eb bashkohen 10.000 n\u00ebnshkrime (pse jo dhe\" \/>\n<meta property=\"og:url\" content=\"https:\/\/www.visit-ulcinj.com\/blog\/2012\/05\/28\/petition-online-malesia-mali-i-zi\/\" \/>\n<meta property=\"og:site_name\" content=\"Lajme nga Ulqini\" \/>\n<meta property=\"article:published_time\" content=\"2012-05-28T17:11:15+00:00\" \/>\n<meta property=\"article:modified_time\" content=\"2012-05-28T17:12:01+00:00\" \/>\n<meta name=\"twitter:label1\" content=\"Written by\" \/>\n\t<meta name=\"twitter:data1\" content=\"ulqini\" \/>\n<script type=\"application\/ld+json\" class=\"yoast-schema-graph\">{\"@context\":\"https:\/\/schema.org\",\"@graph\":[{\"@type\":\"WebSite\",\"@id\":\"https:\/\/www.visit-ulcinj.com\/blog\/#website\",\"url\":\"https:\/\/www.visit-ulcinj.com\/blog\/\",\"name\":\"Lajme nga Ulqini\",\"description\":\"Lajme,Vijesti,Ulqini,Ulqin,Crna Gora,Mali i Zi\",\"potentialAction\":[{\"@type\":\"SearchAction\",\"target\":{\"@type\":\"EntryPoint\",\"urlTemplate\":\"https:\/\/www.visit-ulcinj.com\/blog\/?s={search_term_string}\"},\"query-input\":\"required name=search_term_string\"}],\"inLanguage\":\"en-US\"},{\"@type\":\"WebPage\",\"@id\":\"https:\/\/www.visit-ulcinj.com\/blog\/2012\/05\/28\/petition-online-malesia-mali-i-zi\/#webpage\",\"url\":\"https:\/\/www.visit-ulcinj.com\/blog\/2012\/05\/28\/petition-online-malesia-mali-i-zi\/\",\"name\":\"Petition Online Mal\u00ebsia - Mali i Zi - Lajme nga Ulqini\",\"isPartOf\":{\"@id\":\"https:\/\/www.visit-ulcinj.com\/blog\/#website\"},\"datePublished\":\"2012-05-28T17:11:15+00:00\",\"dateModified\":\"2012-05-28T17:12:01+00:00\",\"author\":{\"@id\":\"https:\/\/www.visit-ulcinj.com\/blog\/#\/schema\/person\/dcab619c614d3038751c63bc2aadc06d\"},\"description\":\"Ky \u00ebsht\u00eb nj\u00eb peticion drejtuar Presidentit t\u00eb Malit t\u00eb Zi, Filip Vujanovic, dhe q\u00ebllimi i peticionit \u00ebsht\u00eb q\u00eb t\u00eb bashkohen 10.000 n\u00ebnshkrime (pse jo dhe\",\"breadcrumb\":{\"@id\":\"https:\/\/www.visit-ulcinj.com\/blog\/2012\/05\/28\/petition-online-malesia-mali-i-zi\/#breadcrumb\"},\"inLanguage\":\"en-US\",\"potentialAction\":[{\"@type\":\"ReadAction\",\"target\":[\"https:\/\/www.visit-ulcinj.com\/blog\/2012\/05\/28\/petition-online-malesia-mali-i-zi\/\"]}]},{\"@type\":\"BreadcrumbList\",\"@id\":\"https:\/\/www.visit-ulcinj.com\/blog\/2012\/05\/28\/petition-online-malesia-mali-i-zi\/#breadcrumb\",\"itemListElement\":[{\"@type\":\"ListItem\",\"position\":1,\"name\":\"Petition Online Mal\u00ebsia &#8211; Mali i Zi\"}]},{\"@type\":\"Person\",\"@id\":\"https:\/\/www.visit-ulcinj.com\/blog\/#\/schema\/person\/dcab619c614d3038751c63bc2aadc06d\",\"name\":\"ulqini\",\"sameAs\":[\"http:\/\/www.visit-ulcinj.com\"],\"url\":\"https:\/\/www.visit-ulcinj.com\/blog\/author\/admin\/\"}]}<\/script>\n<!-- \/ Yoast SEO plugin. -->","yoast_head_json":{"title":"Petition Online Mal\u00ebsia - Mali i Zi - Lajme nga Ulqini","description":"Ky \u00ebsht\u00eb nj\u00eb peticion drejtuar Presidentit t\u00eb Malit t\u00eb Zi, Filip Vujanovic, dhe q\u00ebllimi i peticionit \u00ebsht\u00eb q\u00eb t\u00eb bashkohen 10.000 n\u00ebnshkrime (pse jo dhe","robots":{"index":"index","follow":"follow","max-snippet":"max-snippet:-1","max-image-preview":"max-image-preview:large","max-video-preview":"max-video-preview:-1"},"canonical":"https:\/\/www.visit-ulcinj.com\/blog\/2012\/05\/28\/petition-online-malesia-mali-i-zi\/","og_locale":"en_US","og_type":"article","og_title":"Petition Online Mal\u00ebsia - Mali i Zi - Lajme nga Ulqini","og_description":"Ky \u00ebsht\u00eb nj\u00eb peticion drejtuar Presidentit t\u00eb Malit t\u00eb Zi, Filip Vujanovic, dhe q\u00ebllimi i peticionit \u00ebsht\u00eb q\u00eb t\u00eb bashkohen 10.000 n\u00ebnshkrime (pse jo dhe","og_url":"https:\/\/www.visit-ulcinj.com\/blog\/2012\/05\/28\/petition-online-malesia-mali-i-zi\/","og_site_name":"Lajme nga Ulqini","article_published_time":"2012-05-28T17:11:15+00:00","article_modified_time":"2012-05-28T17:12:01+00:00","twitter_misc":{"Written by":"ulqini"},"schema":{"@context":"https:\/\/schema.org","@graph":[{"@type":"WebSite","@id":"https:\/\/www.visit-ulcinj.com\/blog\/#website","url":"https:\/\/www.visit-ulcinj.com\/blog\/","name":"Lajme nga Ulqini","description":"Lajme,Vijesti,Ulqini,Ulqin,Crna Gora,Mali i Zi","potentialAction":[{"@type":"SearchAction","target":{"@type":"EntryPoint","urlTemplate":"https:\/\/www.visit-ulcinj.com\/blog\/?s={search_term_string}"},"query-input":"required name=search_term_string"}],"inLanguage":"en-US"},{"@type":"WebPage","@id":"https:\/\/www.visit-ulcinj.com\/blog\/2012\/05\/28\/petition-online-malesia-mali-i-zi\/#webpage","url":"https:\/\/www.visit-ulcinj.com\/blog\/2012\/05\/28\/petition-online-malesia-mali-i-zi\/","name":"Petition Online Mal\u00ebsia - Mali i Zi - Lajme nga Ulqini","isPartOf":{"@id":"https:\/\/www.visit-ulcinj.com\/blog\/#website"},"datePublished":"2012-05-28T17:11:15+00:00","dateModified":"2012-05-28T17:12:01+00:00","author":{"@id":"https:\/\/www.visit-ulcinj.com\/blog\/#\/schema\/person\/dcab619c614d3038751c63bc2aadc06d"},"description":"Ky \u00ebsht\u00eb nj\u00eb peticion drejtuar Presidentit t\u00eb Malit t\u00eb Zi, Filip Vujanovic, dhe q\u00ebllimi i peticionit \u00ebsht\u00eb q\u00eb t\u00eb bashkohen 10.000 n\u00ebnshkrime (pse jo dhe","breadcrumb":{"@id":"https:\/\/www.visit-ulcinj.com\/blog\/2012\/05\/28\/petition-online-malesia-mali-i-zi\/#breadcrumb"},"inLanguage":"en-US","potentialAction":[{"@type":"ReadAction","target":["https:\/\/www.visit-ulcinj.com\/blog\/2012\/05\/28\/petition-online-malesia-mali-i-zi\/"]}]},{"@type":"BreadcrumbList","@id":"https:\/\/www.visit-ulcinj.com\/blog\/2012\/05\/28\/petition-online-malesia-mali-i-zi\/#breadcrumb","itemListElement":[{"@type":"ListItem","position":1,"name":"Petition Online Mal\u00ebsia &#8211; Mali i Zi"}]},{"@type":"Person","@id":"https:\/\/www.visit-ulcinj.com\/blog\/#\/schema\/person\/dcab619c614d3038751c63bc2aadc06d","name":"ulqini","sameAs":["http:\/\/www.visit-ulcinj.com"],"url":"https:\/\/www.visit-ulcinj.com\/blog\/author\/admin\/"}]}},"jetpack_featured_media_url":"","jetpack_sharing_enabled":true,"jetpack_shortlink":"https:\/\/wp.me\/pe6lTn-fT8","_links":{"self":[{"href":"https:\/\/www.visit-ulcinj.com\/blog\/wp-json\/wp\/v2\/posts\/61078"}],"collection":[{"href":"https:\/\/www.visit-ulcinj.com\/blog\/wp-json\/wp\/v2\/posts"}],"about":[{"href":"https:\/\/www.visit-ulcinj.com\/blog\/wp-json\/wp\/v2\/types\/post"}],"author":[{"embeddable":true,"href":"https:\/\/www.visit-ulcinj.com\/blog\/wp-json\/wp\/v2\/users\/1"}],"replies":[{"embeddable":true,"href":"https:\/\/www.visit-ulcinj.com\/blog\/wp-json\/wp\/v2\/comments?post=61078"}],"version-history":[{"count":4,"href":"https:\/\/www.visit-ulcinj.com\/blog\/wp-json\/wp\/v2\/posts\/61078\/revisions"}],"predecessor-version":[{"id":61083,"href":"https:\/\/www.visit-ulcinj.com\/blog\/wp-json\/wp\/v2\/posts\/61078\/revisions\/61083"}],"wp:attachment":[{"href":"https:\/\/www.visit-ulcinj.com\/blog\/wp-json\/wp\/v2\/media?parent=61078"}],"wp:term":[{"taxonomy":"category","embeddable":true,"href":"https:\/\/www.visit-ulcinj.com\/blog\/wp-json\/wp\/v2\/categories?post=61078"},{"taxonomy":"post_tag","embeddable":true,"href":"https:\/\/www.visit-ulcinj.com\/blog\/wp-json\/wp\/v2\/tags?post=61078"}],"curies":[{"name":"wp","href":"https:\/\/api.w.org\/{rel}","templated":true}]}}