{"id":61093,"date":"2012-05-29T16:00:09","date_gmt":"2012-05-29T15:00:09","guid":{"rendered":"http:\/\/www.visit-ulcinj.com\/blog\/?p=61093"},"modified":"2012-05-29T17:02:09","modified_gmt":"2012-05-29T16:02:09","slug":"delegacioni-i-udsh-se-mori-pjese-ne-takimin-e-europes-juglindore-ne-budve-video","status":"publish","type":"post","link":"https:\/\/www.visit-ulcinj.com\/blog\/2012\/05\/29\/delegacioni-i-udsh-se-mori-pjese-ne-takimin-e-europes-juglindore-ne-budve-video\/","title":{"rendered":"Delegacioni i UDSH-s\u00eb mori pjes\u00eb n\u00eb takimin e Europ\u00ebs Juglindore n\u00eb Budve &#8211; Video"},"content":{"rendered":"<p>Nga data 25 deri m\u00eb 27 maj, n\u00eb Budva u mbajt\u00eb takimi i n\u00ebnt\u00eb i zyrtar\u00ebve t\u00eb Europ\u00ebs juglindore, i organizuar n\u00eb model t\u00eb lutjes nacionale t\u00eb m\u00ebngjesit q\u00eb mbahet n\u00eb SHBA.  Kjo konferenc\u00eb dyditore mblodhi lider\u00eb dhe politikan\u00eb nga tridhjet\u00eb shtete t\u00eb regjionit, Europ\u00ebs dhe SHBA.<\/p>\n<p><a href=\"http:\/\/www.visit-ulcinj.com\/blog\/wp-content\/uploads\/2012\/05\/Delegacioni-i-UDSH-s\u00eb-mori-pjes\u00eb-n\u00eb-takimin-e-Europ\u00ebs-Juglindore-n\u00eb-Budve-26-27-may.2012.jpg\"><img loading=\"lazy\" class=\"alignleft size-full wp-image-61094\" title=\"Delegacioni i UDSH-s\u00eb mori pjes\u00eb n\u00eb takimin e Europ\u00ebs Juglindore n\u00eb Budve-26-27 may.2012\" src=\"http:\/\/www.visit-ulcinj.com\/blog\/wp-content\/uploads\/2012\/05\/Delegacioni-i-UDSH-s\u00eb-mori-pjes\u00eb-n\u00eb-takimin-e-Europ\u00ebs-Juglindore-n\u00eb-Budve-26-27-may.2012.jpg\" alt=\"\" width=\"508\" height=\"360\" \/><\/a><\/p>\n<p>N\u00eb k\u00ebt\u00eb takim mori pjes\u00eb dhe delegacioni i UDSH-s\u00eb i udh\u00ebhequr nga Kryetari dhe Deputeti Met Zenka, i cili kishte rolin e nj\u00ebrit nga nikoqireve te k\u00ebtij takimi. P\u00ebrvec tij, t\u00eb pranish\u00ebm ishin dhe N\u00ebnkryetarja Hadixha Gjoni, z\u00ebdh\u00ebn\u00ebsi Hamdi Hasani si dhe an\u00ebtar\u00ebt e kryesis\u00eb s\u00eb UDSH-s\u00eb, G\u00ebzim Hajdinaga dhe Fadil Kajoshaj. Poashtu, mysafir t\u00eb UDSH-s\u00eb ishin dhe miqt\u00eb e partis\u00eb nga Kosova dhe Shqip\u00ebria, z. Lutfi Haziri, ish zavend\u00ebs kryeminist\u00ebr, tani deputet i LDK-s\u00eb n\u00eb Parlamentin e Kosov\u00ebs, z. Astrit Haraqija, ish minist\u00ebr i kultur\u00ebs, tani zv\/ minist\u00ebr i financave, si dhe deputetet nga rradh\u00ebt e Partis\u00eb Demokratike ne Kuvendin e Republik\u00ebs se Shqip\u00ebris\u00eb, Rajmond Hoxha, Dash \u00c7ami dhe Gerti Bogdani.<br \/>\nGjat\u00eb konferenc\u00ebs dyditore, delegacioni i UDSH-s\u00eb kishte rastin t\u00eb takohet me nj\u00eb num\u00ebr t\u00eb madh\u00eb t\u00eb zyrtar\u00ebve t\u00eb shteteve t\u00eb regjionit, duke ja filluar nga Kryeministri i Shqip\u00ebris\u00eb z. Sali Berisha, nga i cili fituan mb\u00ebshtetje p\u00ebr projektin e UDSH-s\u00eb n\u00eb lidhje me krijimin e komun\u00ebs s\u00eb plot\u00eb t\u00eb Tuzit. Takimet vazhduan me z. Fatmir Mediu, ministrin e mjedisit n\u00eb qeverin e Republik\u00ebs s\u00eb Shqip\u00ebris\u00eb, pastaj me z. James M. Inhofe, senatorin nga Oklahoma, si dhe z. Bob Mcewen, kongresmenin nga SHBA, me t\u00eb cil\u00ebt u diskutua mbi pozit\u00ebn e shqiptar\u00ebve n\u00eb Mal t\u00eb Zi n\u00eb p\u00ebrgjithsi, duke u ndaluar n\u00eb mund\u00ebsit p\u00ebr p\u00ebrmirsimin e m\u00ebtejsh\u00ebm t\u00eb pozit\u00ebs s\u00eb tyre.<br \/>\nPjes\u00eb e k\u00ebsaj konference ishte dhe fjalimi i Kryetarit t\u00eb UDSH-s\u00eb Met Zenka, i cili p\u00ebrsh\u00ebndeti t\u00eb pranishmit, duke vler\u00ebsuar takimin si nj\u00eb takim miq\u00ebsor. <\/p>\n<p><a href=\"http:\/\/www.visit-ulcinj.com\/blog\/wp-content\/uploads\/2012\/05\/Delegacioni-i-UDSH-s\u00eb-mori-pjes\u00eb-n\u00eb-takimin-e-Europ\u00ebs-Juglindore-n\u00eb-Budve-26-27-may.2012.1.jpg\"><img loading=\"lazy\" src=\"http:\/\/www.visit-ulcinj.com\/blog\/wp-content\/uploads\/2012\/05\/Delegacioni-i-UDSH-s\u00eb-mori-pjes\u00eb-n\u00eb-takimin-e-Europ\u00ebs-Juglindore-n\u00eb-Budve-26-27-may.2012.1.jpg\" alt=\"\" title=\"Delegacioni i UDSH-s\u00eb mori pjes\u00eb n\u00eb takimin e Europ\u00ebs Juglindore n\u00eb Budve-26-27 may.2012.1\" width=\"508\" height=\"300\" class=\"alignleft size-full wp-image-61096\" \/><\/a><\/p>\n<p>Pasi qe i p\u00ebrsh\u00ebndeti te pranishmit ne gjuhen shqipe, i shtroj pyetjen vetes dhe pjes\u00ebmarr\u00ebsve, si do te kishte qene dhe \u00e7\u2019far do te ishte bere sikur k\u00ebsi lloj takimesh te ishin organizuar ne fillim te viteve n\u00ebnt\u00ebdhjeta?! Ne at\u00eb kohe, nuk u  diskutua p\u00ebr paqe dhe mir\u00ebvajtje te popujve te rajonit, por u hartuan plane p\u00ebr redefinimin e kufijve ne Ballkan dhe transferet e popujve nga nj\u00eb regjion ne regjionin tjet\u00ebr, pra u diskutua p\u00ebr projekte me perspektiva te err\u00ebta. Fal Zotit ne kohe te duhur politika zyrtare e Malit te Zi nd\u00ebrroj kursin e politikes destruktive dhe u drejtu politikave  progresive, p\u00ebr \u00e7ka ishte e nevojshme men\u00e7uri, kuraj\u00eb dhe mbi te gjitha ndihma e Zotit. Vazhdoj duke cekur qe se e ndien veten te plote kur nga zyrtaret e larte amerikan dhe te rajonit u d\u00ebgjuan fjale te cilat madh\u00ebrojn\u00eb Zotin. Gjithashtu tha para te pranishmeve, qe ne besimin te cilit i takon, urdhn\u00ebra e pare e dh\u00ebne nga Zoti \u00ebsht\u00eb fjala ikre, qe dmth m\u00ebso, lexo. M\u00ebso si te duash veten, familjen tende, njer\u00ebzit qe na rrethojn\u00eb dhe ato ne p\u00ebrgjith\u00ebsi. Pasi qe ne ket\u00eb takim te karakterit regjional, fjala e cila dominon dhe e karakterizon \u00ebsht\u00eb lutja e m\u00ebngjesit, at\u00ebher\u00eb i beri thirje te gjith\u00eb te pranishmeve qe secili ne fen\u00eb dhe besimin e vete ti lutet Zotit qe te na fal dhe forcoje besimin, sh\u00ebndetin, urt\u00ebsin, njer\u00ebzin dhe kuraj\u00ebn qe te dallojm\u00eb te mir\u00ebn nga e keqja dhe te na drejtoje kah progresi i popujve te rajonit. <\/p>\n<p><strong>Sherbimi informativ UDSH<\/strong><br \/>\n<!--YouTube Error: bad URL entered--><\/p>\n","protected":false},"excerpt":{"rendered":"<p>Nga data 25 deri m\u00eb 27 maj, n\u00eb Budva u mbajt\u00eb takimi i n\u00ebnt\u00eb i zyrtar\u00ebve t\u00eb Europ\u00ebs juglindore, i organizuar n\u00eb model t\u00eb lutjes nacionale t\u00eb m\u00ebngjesit q\u00eb mbahet n\u00eb SHBA. Kjo konferenc\u00eb dyditore mblodhi lider\u00eb dhe politikan\u00eb nga tridhjet\u00eb shtete t\u00eb regjionit, Europ\u00ebs dhe SHBA. N\u00eb k\u00ebt\u00eb takim mori pjes\u00eb dhe delegacioni i [&hellip;]<\/p>\n","protected":false},"author":1,"featured_media":0,"comment_status":"open","ping_status":"closed","sticky":false,"template":"","format":"standard","meta":{"spay_email":"","jetpack_publicize_message":"","jetpack_is_tweetstorm":false,"jetpack_publicize_feature_enabled":true},"categories":[6],"tags":[21,20591,2394,200],"jetpack_publicize_connections":[],"yoast_head":"<!-- This site is optimized with the Yoast SEO plugin v19.1 - https:\/\/yoast.com\/wordpress\/plugins\/seo\/ -->\n<title>Delegacioni i UDSH-s\u00eb mori pjes\u00eb n\u00eb takimin e Europ\u00ebs Juglindore n\u00eb Budve - Video - Lajme nga Ulqini<\/title>\n<meta name=\"description\" content=\"Nga data 25 deri m\u00eb 27 maj, n\u00eb Budva u mbajt\u00eb takimi i n\u00ebnt\u00eb i zyrtar\u00ebve t\u00eb Europ\u00ebs juglindore, i organizuar n\u00eb model t\u00eb lutjes nacionale t\u00eb m\u00ebngjesit q\u00eb\" \/>\n<meta name=\"robots\" content=\"index, follow, max-snippet:-1, max-image-preview:large, max-video-preview:-1\" \/>\n<link rel=\"canonical\" href=\"https:\/\/www.visit-ulcinj.com\/blog\/2012\/05\/29\/delegacioni-i-udsh-se-mori-pjese-ne-takimin-e-europes-juglindore-ne-budve-video\/\" \/>\n<meta property=\"og:locale\" content=\"en_US\" \/>\n<meta property=\"og:type\" content=\"article\" \/>\n<meta property=\"og:title\" content=\"Delegacioni i UDSH-s\u00eb mori pjes\u00eb n\u00eb takimin e Europ\u00ebs Juglindore n\u00eb Budve - Video - Lajme nga Ulqini\" \/>\n<meta property=\"og:description\" content=\"Nga data 25 deri m\u00eb 27 maj, n\u00eb Budva u mbajt\u00eb takimi i n\u00ebnt\u00eb i zyrtar\u00ebve t\u00eb Europ\u00ebs juglindore, i organizuar n\u00eb model t\u00eb lutjes nacionale t\u00eb m\u00ebngjesit q\u00eb\" \/>\n<meta property=\"og:url\" content=\"https:\/\/www.visit-ulcinj.com\/blog\/2012\/05\/29\/delegacioni-i-udsh-se-mori-pjese-ne-takimin-e-europes-juglindore-ne-budve-video\/\" \/>\n<meta property=\"og:site_name\" content=\"Lajme nga Ulqini\" \/>\n<meta property=\"article:published_time\" content=\"2012-05-29T15:00:09+00:00\" \/>\n<meta property=\"article:modified_time\" content=\"2012-05-29T16:02:09+00:00\" \/>\n<meta name=\"twitter:label1\" content=\"Written by\" \/>\n\t<meta name=\"twitter:data1\" content=\"ulqini\" \/>\n\t<meta name=\"twitter:label2\" content=\"Est. reading time\" \/>\n\t<meta name=\"twitter:data2\" content=\"3 minutes\" \/>\n<script type=\"application\/ld+json\" class=\"yoast-schema-graph\">{\"@context\":\"https:\/\/schema.org\",\"@graph\":[{\"@type\":\"WebSite\",\"@id\":\"https:\/\/www.visit-ulcinj.com\/blog\/#website\",\"url\":\"https:\/\/www.visit-ulcinj.com\/blog\/\",\"name\":\"Lajme nga Ulqini\",\"description\":\"Lajme,Vijesti,Ulqini,Ulqin,Crna Gora,Mali i Zi\",\"potentialAction\":[{\"@type\":\"SearchAction\",\"target\":{\"@type\":\"EntryPoint\",\"urlTemplate\":\"https:\/\/www.visit-ulcinj.com\/blog\/?s={search_term_string}\"},\"query-input\":\"required name=search_term_string\"}],\"inLanguage\":\"en-US\"},{\"@type\":\"WebPage\",\"@id\":\"https:\/\/www.visit-ulcinj.com\/blog\/2012\/05\/29\/delegacioni-i-udsh-se-mori-pjese-ne-takimin-e-europes-juglindore-ne-budve-video\/#webpage\",\"url\":\"https:\/\/www.visit-ulcinj.com\/blog\/2012\/05\/29\/delegacioni-i-udsh-se-mori-pjese-ne-takimin-e-europes-juglindore-ne-budve-video\/\",\"name\":\"Delegacioni i UDSH-s\u00eb mori pjes\u00eb n\u00eb takimin e Europ\u00ebs Juglindore n\u00eb Budve - Video - Lajme nga Ulqini\",\"isPartOf\":{\"@id\":\"https:\/\/www.visit-ulcinj.com\/blog\/#website\"},\"datePublished\":\"2012-05-29T15:00:09+00:00\",\"dateModified\":\"2012-05-29T16:02:09+00:00\",\"author\":{\"@id\":\"https:\/\/www.visit-ulcinj.com\/blog\/#\/schema\/person\/dcab619c614d3038751c63bc2aadc06d\"},\"description\":\"Nga data 25 deri m\u00eb 27 maj, n\u00eb Budva u mbajt\u00eb takimi i n\u00ebnt\u00eb i zyrtar\u00ebve t\u00eb Europ\u00ebs juglindore, i organizuar n\u00eb model t\u00eb lutjes nacionale t\u00eb m\u00ebngjesit q\u00eb\",\"breadcrumb\":{\"@id\":\"https:\/\/www.visit-ulcinj.com\/blog\/2012\/05\/29\/delegacioni-i-udsh-se-mori-pjese-ne-takimin-e-europes-juglindore-ne-budve-video\/#breadcrumb\"},\"inLanguage\":\"en-US\",\"potentialAction\":[{\"@type\":\"ReadAction\",\"target\":[\"https:\/\/www.visit-ulcinj.com\/blog\/2012\/05\/29\/delegacioni-i-udsh-se-mori-pjese-ne-takimin-e-europes-juglindore-ne-budve-video\/\"]}]},{\"@type\":\"BreadcrumbList\",\"@id\":\"https:\/\/www.visit-ulcinj.com\/blog\/2012\/05\/29\/delegacioni-i-udsh-se-mori-pjese-ne-takimin-e-europes-juglindore-ne-budve-video\/#breadcrumb\",\"itemListElement\":[{\"@type\":\"ListItem\",\"position\":1,\"name\":\"Delegacioni i UDSH-s\u00eb mori pjes\u00eb n\u00eb takimin e Europ\u00ebs Juglindore n\u00eb Budve &#8211; Video\"}]},{\"@type\":\"Person\",\"@id\":\"https:\/\/www.visit-ulcinj.com\/blog\/#\/schema\/person\/dcab619c614d3038751c63bc2aadc06d\",\"name\":\"ulqini\",\"sameAs\":[\"http:\/\/www.visit-ulcinj.com\"],\"url\":\"https:\/\/www.visit-ulcinj.com\/blog\/author\/admin\/\"}]}<\/script>\n<!-- \/ Yoast SEO plugin. -->","yoast_head_json":{"title":"Delegacioni i UDSH-s\u00eb mori pjes\u00eb n\u00eb takimin e Europ\u00ebs Juglindore n\u00eb Budve - Video - Lajme nga Ulqini","description":"Nga data 25 deri m\u00eb 27 maj, n\u00eb Budva u mbajt\u00eb takimi i n\u00ebnt\u00eb i zyrtar\u00ebve t\u00eb Europ\u00ebs juglindore, i organizuar n\u00eb model t\u00eb lutjes nacionale t\u00eb m\u00ebngjesit q\u00eb","robots":{"index":"index","follow":"follow","max-snippet":"max-snippet:-1","max-image-preview":"max-image-preview:large","max-video-preview":"max-video-preview:-1"},"canonical":"https:\/\/www.visit-ulcinj.com\/blog\/2012\/05\/29\/delegacioni-i-udsh-se-mori-pjese-ne-takimin-e-europes-juglindore-ne-budve-video\/","og_locale":"en_US","og_type":"article","og_title":"Delegacioni i UDSH-s\u00eb mori pjes\u00eb n\u00eb takimin e Europ\u00ebs Juglindore n\u00eb Budve - Video - Lajme nga Ulqini","og_description":"Nga data 25 deri m\u00eb 27 maj, n\u00eb Budva u mbajt\u00eb takimi i n\u00ebnt\u00eb i zyrtar\u00ebve t\u00eb Europ\u00ebs juglindore, i organizuar n\u00eb model t\u00eb lutjes nacionale t\u00eb m\u00ebngjesit q\u00eb","og_url":"https:\/\/www.visit-ulcinj.com\/blog\/2012\/05\/29\/delegacioni-i-udsh-se-mori-pjese-ne-takimin-e-europes-juglindore-ne-budve-video\/","og_site_name":"Lajme nga Ulqini","article_published_time":"2012-05-29T15:00:09+00:00","article_modified_time":"2012-05-29T16:02:09+00:00","twitter_misc":{"Written by":"ulqini","Est. reading time":"3 minutes"},"schema":{"@context":"https:\/\/schema.org","@graph":[{"@type":"WebSite","@id":"https:\/\/www.visit-ulcinj.com\/blog\/#website","url":"https:\/\/www.visit-ulcinj.com\/blog\/","name":"Lajme nga Ulqini","description":"Lajme,Vijesti,Ulqini,Ulqin,Crna Gora,Mali i Zi","potentialAction":[{"@type":"SearchAction","target":{"@type":"EntryPoint","urlTemplate":"https:\/\/www.visit-ulcinj.com\/blog\/?s={search_term_string}"},"query-input":"required name=search_term_string"}],"inLanguage":"en-US"},{"@type":"WebPage","@id":"https:\/\/www.visit-ulcinj.com\/blog\/2012\/05\/29\/delegacioni-i-udsh-se-mori-pjese-ne-takimin-e-europes-juglindore-ne-budve-video\/#webpage","url":"https:\/\/www.visit-ulcinj.com\/blog\/2012\/05\/29\/delegacioni-i-udsh-se-mori-pjese-ne-takimin-e-europes-juglindore-ne-budve-video\/","name":"Delegacioni i UDSH-s\u00eb mori pjes\u00eb n\u00eb takimin e Europ\u00ebs Juglindore n\u00eb Budve - Video - Lajme nga Ulqini","isPartOf":{"@id":"https:\/\/www.visit-ulcinj.com\/blog\/#website"},"datePublished":"2012-05-29T15:00:09+00:00","dateModified":"2012-05-29T16:02:09+00:00","author":{"@id":"https:\/\/www.visit-ulcinj.com\/blog\/#\/schema\/person\/dcab619c614d3038751c63bc2aadc06d"},"description":"Nga data 25 deri m\u00eb 27 maj, n\u00eb Budva u mbajt\u00eb takimi i n\u00ebnt\u00eb i zyrtar\u00ebve t\u00eb Europ\u00ebs juglindore, i organizuar n\u00eb model t\u00eb lutjes nacionale t\u00eb m\u00ebngjesit q\u00eb","breadcrumb":{"@id":"https:\/\/www.visit-ulcinj.com\/blog\/2012\/05\/29\/delegacioni-i-udsh-se-mori-pjese-ne-takimin-e-europes-juglindore-ne-budve-video\/#breadcrumb"},"inLanguage":"en-US","potentialAction":[{"@type":"ReadAction","target":["https:\/\/www.visit-ulcinj.com\/blog\/2012\/05\/29\/delegacioni-i-udsh-se-mori-pjese-ne-takimin-e-europes-juglindore-ne-budve-video\/"]}]},{"@type":"BreadcrumbList","@id":"https:\/\/www.visit-ulcinj.com\/blog\/2012\/05\/29\/delegacioni-i-udsh-se-mori-pjese-ne-takimin-e-europes-juglindore-ne-budve-video\/#breadcrumb","itemListElement":[{"@type":"ListItem","position":1,"name":"Delegacioni i UDSH-s\u00eb mori pjes\u00eb n\u00eb takimin e Europ\u00ebs Juglindore n\u00eb Budve &#8211; Video"}]},{"@type":"Person","@id":"https:\/\/www.visit-ulcinj.com\/blog\/#\/schema\/person\/dcab619c614d3038751c63bc2aadc06d","name":"ulqini","sameAs":["http:\/\/www.visit-ulcinj.com"],"url":"https:\/\/www.visit-ulcinj.com\/blog\/author\/admin\/"}]}},"jetpack_featured_media_url":"","jetpack_sharing_enabled":true,"jetpack_shortlink":"https:\/\/wp.me\/pe6lTn-fTn","_links":{"self":[{"href":"https:\/\/www.visit-ulcinj.com\/blog\/wp-json\/wp\/v2\/posts\/61093"}],"collection":[{"href":"https:\/\/www.visit-ulcinj.com\/blog\/wp-json\/wp\/v2\/posts"}],"about":[{"href":"https:\/\/www.visit-ulcinj.com\/blog\/wp-json\/wp\/v2\/types\/post"}],"author":[{"embeddable":true,"href":"https:\/\/www.visit-ulcinj.com\/blog\/wp-json\/wp\/v2\/users\/1"}],"replies":[{"embeddable":true,"href":"https:\/\/www.visit-ulcinj.com\/blog\/wp-json\/wp\/v2\/comments?post=61093"}],"version-history":[{"count":7,"href":"https:\/\/www.visit-ulcinj.com\/blog\/wp-json\/wp\/v2\/posts\/61093\/revisions"}],"predecessor-version":[{"id":61118,"href":"https:\/\/www.visit-ulcinj.com\/blog\/wp-json\/wp\/v2\/posts\/61093\/revisions\/61118"}],"wp:attachment":[{"href":"https:\/\/www.visit-ulcinj.com\/blog\/wp-json\/wp\/v2\/media?parent=61093"}],"wp:term":[{"taxonomy":"category","embeddable":true,"href":"https:\/\/www.visit-ulcinj.com\/blog\/wp-json\/wp\/v2\/categories?post=61093"},{"taxonomy":"post_tag","embeddable":true,"href":"https:\/\/www.visit-ulcinj.com\/blog\/wp-json\/wp\/v2\/tags?post=61093"}],"curies":[{"name":"wp","href":"https:\/\/api.w.org\/{rel}","templated":true}]}}