{"id":6111,"date":"2008-11-16T06:05:28","date_gmt":"2008-11-16T11:05:28","guid":{"rendered":"http:\/\/www.visit-ulcinj.com\/blog\/?p=6111"},"modified":"2008-11-16T06:09:19","modified_gmt":"2008-11-16T11:09:19","slug":"obama-zna-gdje-je-crna-gora-video","status":"publish","type":"post","link":"https:\/\/www.visit-ulcinj.com\/blog\/2008\/11\/16\/obama-zna-gdje-je-crna-gora-video\/","title":{"rendered":"Ambasador Mur: Obama zna gdje je Crna Gora &#8211; Video"},"content":{"rendered":"<p><a href=\"http:\/\/www.visit-ulcinj.com\/blog\/wp-content\/uploads\/2008\/11\/ambassador-moore-hosts-election-breakfast4.jpg\"><img loading=\"lazy\" class=\"alignleft size-medium wp-image-6112\" title=\"ambassador-moore-hosts-election-breakfast4\" src=\"http:\/\/www.visit-ulcinj.com\/blog\/wp-content\/uploads\/2008\/11\/ambassador-moore-hosts-election-breakfast4-300x210.jpg\" alt=\"\" width=\"300\" height=\"210\" srcset=\"https:\/\/www.visit-ulcinj.com\/blog\/wp-content\/uploads\/2008\/11\/ambassador-moore-hosts-election-breakfast4-300x210.jpg 300w, https:\/\/www.visit-ulcinj.com\/blog\/wp-content\/uploads\/2008\/11\/ambassador-moore-hosts-election-breakfast4.jpg 500w\" sizes=\"(max-width: 300px) 100vw, 300px\" \/><\/a>Ambasadora Roderika Mura prije preuzimanja funkcije saslu\u0161ao novoizabrani ameri?ki predsjednik<br \/>\nAmeri?ki ambasador Roderik Mur pred dolazak na funkciju u Crnu Goru bio je saslu\u0161an pred Odborom za Evropu Senata Sjedinjenih Ameri?kih Dr\u017eava, na ?ijem ?elu je novoizabrani ameri?ki predsjednik Barak Obama.<br \/>\n&#8211; Senator Obama predvodi Odbor za Evropu u na\u0161em Senatu. Imao sam ?ast da se pro\u0161log ljeta pojavim pred njegovim Odborom i da odgovorim na pitanja koja su postavili senator Obama i njegove kolege. Tako da je Obama upoznat sa Crnom Gorom &#8211; rekao je ju?e Mur prilikom proslave petogodi\u0161njice rada ameri?kog ugla u Podgorici.<br \/>\nOn je ponovio da ?e glavni temelji politike SAD-a prema Zapadnom Balkanu vjerovatno ostati nepromijenjeni i nakon Obamine inauguracije 20. januara, uz ogradu da je ipak prerano govoriti o tome.<br \/>\n&#8211; Po na\u0161em Ustavu predsjednik SAD-a formira i sprovodi spoljnu politiku. Mislim da mo\u017eemo da pretpostavimo, uz napomenu da je na predsjedniku da to odlu?i, da ?e vjerovatno glavne smjernice na\u0161e politike ostati nepromijenjene. Imam na umu \u017eelju Sjedinjenih Ameri?kih Dr\u017eava da sve zemlje regiona imaju uspjeha. To je u na\u0161em interesu &#8211; da postanu na\u0161i jaki politi?ki, ekonomski i diplomatski partneri. Pretpostavljam da ?emo da se zala\u017eemo za po\u0161tovanje ljudskih, gra?anskih i manjinskih prava. Nadam se da ?emo i dalje da podr\u017eavamo ulazak svih zemalja regiona u evroatlanske integracije ukoliko, naravno, zadovolje uslove za ?lanstvo u tim organizacijama &#8211; rekao je Mur.<br \/>\n<strong>S.P.<br \/>\nIzvor \/ DAN<\/strong><\/p>\n\n\t\t<style type=\"text\/css\">\n\t\t\t#gallery-1 {\n\t\t\t\tmargin: auto;\n\t\t\t}\n\t\t\t#gallery-1 .gallery-item {\n\t\t\t\tfloat: left;\n\t\t\t\tmargin-top: 10px;\n\t\t\t\ttext-align: center;\n\t\t\t\twidth: 33%;\n\t\t\t}\n\t\t\t#gallery-1 img {\n\t\t\t\tborder: 2px solid #cfcfcf;\n\t\t\t}\n\t\t\t#gallery-1 .gallery-caption {\n\t\t\t\tmargin-left: 0;\n\t\t\t}\n\t\t\t\/* see gallery_shortcode() in wp-includes\/media.php *\/\n\t\t<\/style>\n\t\t<div id='gallery-1' class='gallery galleryid-6111 gallery-columns-3 gallery-size-thumbnail'><dl class='gallery-item'>\n\t\t\t<dt class='gallery-icon landscape'>\n\t\t\t\t<a href='https:\/\/www.visit-ulcinj.com\/blog\/2008\/11\/16\/obama-zna-gdje-je-crna-gora-video\/ambassador-moore-hosts-election-breakfast4\/'><img width=\"150\" height=\"150\" src=\"https:\/\/www.visit-ulcinj.com\/blog\/wp-content\/uploads\/2008\/11\/ambassador-moore-hosts-election-breakfast4-150x150.jpg\" class=\"attachment-thumbnail size-thumbnail\" alt=\"\" loading=\"lazy\" \/><\/a>\n\t\t\t<\/dt><\/dl><dl class='gallery-item'>\n\t\t\t<dt class='gallery-icon landscape'>\n\t\t\t\t<a href='https:\/\/www.visit-ulcinj.com\/blog\/2008\/11\/16\/obama-zna-gdje-je-crna-gora-video\/ambassador-moore-hosts-election-breakfast1\/'><img width=\"150\" height=\"150\" src=\"https:\/\/www.visit-ulcinj.com\/blog\/wp-content\/uploads\/2008\/11\/ambassador-moore-hosts-election-breakfast1-150x150.jpg\" class=\"attachment-thumbnail size-thumbnail\" alt=\"\" loading=\"lazy\" \/><\/a>\n\t\t\t<\/dt><\/dl><dl class='gallery-item'>\n\t\t\t<dt class='gallery-icon landscape'>\n\t\t\t\t<a href='https:\/\/www.visit-ulcinj.com\/blog\/2008\/11\/16\/obama-zna-gdje-je-crna-gora-video\/ambassador-moore-hosts-election-breakfast2\/'><img width=\"150\" height=\"150\" src=\"https:\/\/www.visit-ulcinj.com\/blog\/wp-content\/uploads\/2008\/11\/ambassador-moore-hosts-election-breakfast2-150x150.jpg\" class=\"attachment-thumbnail size-thumbnail\" alt=\"\" loading=\"lazy\" \/><\/a>\n\t\t\t<\/dt><\/dl><br style=\"clear: both\" \/><dl class='gallery-item'>\n\t\t\t<dt class='gallery-icon landscape'>\n\t\t\t\t<a href='https:\/\/www.visit-ulcinj.com\/blog\/2008\/11\/16\/obama-zna-gdje-je-crna-gora-video\/ambassador-moore-hosts-election-breakfast6\/'><img width=\"150\" height=\"150\" src=\"https:\/\/www.visit-ulcinj.com\/blog\/wp-content\/uploads\/2008\/11\/ambassador-moore-hosts-election-breakfast6-150x150.jpg\" class=\"attachment-thumbnail size-thumbnail\" alt=\"\" loading=\"lazy\" \/><\/a>\n\t\t\t<\/dt><\/dl><dl class='gallery-item'>\n\t\t\t<dt class='gallery-icon landscape'>\n\t\t\t\t<a href='https:\/\/www.visit-ulcinj.com\/blog\/2008\/11\/16\/obama-zna-gdje-je-crna-gora-video\/ambassador-moore-hosts-election-breakfast7\/'><img width=\"150\" height=\"150\" src=\"https:\/\/www.visit-ulcinj.com\/blog\/wp-content\/uploads\/2008\/11\/ambassador-moore-hosts-election-breakfast7-150x150.jpg\" class=\"attachment-thumbnail size-thumbnail\" alt=\"\" loading=\"lazy\" \/><\/a>\n\t\t\t<\/dt><\/dl><dl class='gallery-item'>\n\t\t\t<dt class='gallery-icon landscape'>\n\t\t\t\t<a href='https:\/\/www.visit-ulcinj.com\/blog\/2008\/11\/16\/obama-zna-gdje-je-crna-gora-video\/ambassador-moore-hosts-election-breakfast\/'><img width=\"150\" height=\"150\" src=\"https:\/\/www.visit-ulcinj.com\/blog\/wp-content\/uploads\/2008\/11\/ambassador-moore-hosts-election-breakfast-150x150.jpg\" class=\"attachment-thumbnail size-thumbnail\" alt=\"\" loading=\"lazy\" \/><\/a>\n\t\t\t<\/dt><\/dl><br style=\"clear: both\" \/>\n\t\t<\/div>\n\n<!--YouTube Error: bad URL entered-->\n","protected":false},"excerpt":{"rendered":"<p>Ambasadora Roderika Mura prije preuzimanja funkcije saslu\u0161ao novoizabrani ameri?ki predsjednik Ameri?ki ambasador Roderik Mur pred dolazak na funkciju u Crnu Goru bio je saslu\u0161an pred Odborom za Evropu Senata Sjedinjenih Ameri?kih Dr\u017eava, na ?ijem ?elu je novoizabrani ameri?ki predsjednik Barak Obama. &#8211; Senator Obama predvodi Odbor za Evropu u na\u0161em Senatu. Imao sam ?ast da [&hellip;]<\/p>\n","protected":false},"author":1,"featured_media":0,"comment_status":"open","ping_status":"closed","sticky":false,"template":"","format":"standard","meta":{"spay_email":"","jetpack_publicize_message":"","jetpack_is_tweetstorm":false,"jetpack_publicize_feature_enabled":true},"categories":[12],"tags":[5054,2458,79],"jetpack_publicize_connections":[],"yoast_head":"<!-- This site is optimized with the Yoast SEO plugin v19.1 - https:\/\/yoast.com\/wordpress\/plugins\/seo\/ -->\n<title>Ambasador Mur: Obama zna gdje je Crna Gora - Video - Lajme nga Ulqini<\/title>\n<meta name=\"description\" content=\"Ambasadora Roderika Mura prije preuzimanja funkcije saslu\u0161ao novoizabrani ameri?ki predsjednik Ameri?ki ambasador Roderik Mur pred dolazak na funkciju u\" \/>\n<meta name=\"robots\" content=\"index, follow, max-snippet:-1, max-image-preview:large, max-video-preview:-1\" \/>\n<link rel=\"canonical\" href=\"https:\/\/www.visit-ulcinj.com\/blog\/2008\/11\/16\/obama-zna-gdje-je-crna-gora-video\/\" \/>\n<meta property=\"og:locale\" content=\"en_US\" \/>\n<meta property=\"og:type\" content=\"article\" \/>\n<meta property=\"og:title\" content=\"Ambasador Mur: Obama zna gdje je Crna Gora - Video - Lajme nga Ulqini\" \/>\n<meta property=\"og:description\" content=\"Ambasadora Roderika Mura prije preuzimanja funkcije saslu\u0161ao novoizabrani ameri?ki predsjednik Ameri?ki ambasador Roderik Mur pred dolazak na funkciju u\" \/>\n<meta property=\"og:url\" content=\"https:\/\/www.visit-ulcinj.com\/blog\/2008\/11\/16\/obama-zna-gdje-je-crna-gora-video\/\" \/>\n<meta property=\"og:site_name\" content=\"Lajme nga Ulqini\" \/>\n<meta property=\"article:published_time\" content=\"2008-11-16T11:05:28+00:00\" \/>\n<meta property=\"article:modified_time\" content=\"2008-11-16T11:09:19+00:00\" \/>\n<meta property=\"og:image\" content=\"https:\/\/www.visit-ulcinj.com\/blog\/wp-content\/uploads\/2008\/11\/ambassador-moore-hosts-election-breakfast4-150x150.jpg\" \/>\n<meta name=\"twitter:label1\" content=\"Written by\" \/>\n\t<meta name=\"twitter:data1\" content=\"ulqini\" \/>\n\t<meta name=\"twitter:label2\" content=\"Est. reading time\" \/>\n\t<meta name=\"twitter:data2\" content=\"1 minute\" \/>\n<script type=\"application\/ld+json\" class=\"yoast-schema-graph\">{\"@context\":\"https:\/\/schema.org\",\"@graph\":[{\"@type\":\"WebSite\",\"@id\":\"https:\/\/www.visit-ulcinj.com\/blog\/#website\",\"url\":\"https:\/\/www.visit-ulcinj.com\/blog\/\",\"name\":\"Lajme nga Ulqini\",\"description\":\"Lajme,Vijesti,Ulqini,Ulqin,Crna Gora,Mali i Zi\",\"potentialAction\":[{\"@type\":\"SearchAction\",\"target\":{\"@type\":\"EntryPoint\",\"urlTemplate\":\"https:\/\/www.visit-ulcinj.com\/blog\/?s={search_term_string}\"},\"query-input\":\"required name=search_term_string\"}],\"inLanguage\":\"en-US\"},{\"@type\":\"ImageObject\",\"inLanguage\":\"en-US\",\"@id\":\"https:\/\/www.visit-ulcinj.com\/blog\/2008\/11\/16\/obama-zna-gdje-je-crna-gora-video\/#primaryimage\",\"url\":\"http:\/\/www.visit-ulcinj.com\/blog\/wp-content\/uploads\/2008\/11\/ambassador-moore-hosts-election-breakfast4-300x210.jpg\",\"contentUrl\":\"http:\/\/www.visit-ulcinj.com\/blog\/wp-content\/uploads\/2008\/11\/ambassador-moore-hosts-election-breakfast4-300x210.jpg\"},{\"@type\":\"WebPage\",\"@id\":\"https:\/\/www.visit-ulcinj.com\/blog\/2008\/11\/16\/obama-zna-gdje-je-crna-gora-video\/#webpage\",\"url\":\"https:\/\/www.visit-ulcinj.com\/blog\/2008\/11\/16\/obama-zna-gdje-je-crna-gora-video\/\",\"name\":\"Ambasador Mur: Obama zna gdje je Crna Gora - Video - Lajme nga Ulqini\",\"isPartOf\":{\"@id\":\"https:\/\/www.visit-ulcinj.com\/blog\/#website\"},\"primaryImageOfPage\":{\"@id\":\"https:\/\/www.visit-ulcinj.com\/blog\/2008\/11\/16\/obama-zna-gdje-je-crna-gora-video\/#primaryimage\"},\"datePublished\":\"2008-11-16T11:05:28+00:00\",\"dateModified\":\"2008-11-16T11:09:19+00:00\",\"author\":{\"@id\":\"https:\/\/www.visit-ulcinj.com\/blog\/#\/schema\/person\/dcab619c614d3038751c63bc2aadc06d\"},\"description\":\"Ambasadora Roderika Mura prije preuzimanja funkcije saslu\u0161ao novoizabrani ameri?ki predsjednik Ameri?ki ambasador Roderik Mur pred dolazak na funkciju u\",\"breadcrumb\":{\"@id\":\"https:\/\/www.visit-ulcinj.com\/blog\/2008\/11\/16\/obama-zna-gdje-je-crna-gora-video\/#breadcrumb\"},\"inLanguage\":\"en-US\",\"potentialAction\":[{\"@type\":\"ReadAction\",\"target\":[\"https:\/\/www.visit-ulcinj.com\/blog\/2008\/11\/16\/obama-zna-gdje-je-crna-gora-video\/\"]}]},{\"@type\":\"BreadcrumbList\",\"@id\":\"https:\/\/www.visit-ulcinj.com\/blog\/2008\/11\/16\/obama-zna-gdje-je-crna-gora-video\/#breadcrumb\",\"itemListElement\":[{\"@type\":\"ListItem\",\"position\":1,\"name\":\"Ambasador Mur: Obama zna gdje je Crna Gora &#8211; Video\"}]},{\"@type\":\"Person\",\"@id\":\"https:\/\/www.visit-ulcinj.com\/blog\/#\/schema\/person\/dcab619c614d3038751c63bc2aadc06d\",\"name\":\"ulqini\",\"sameAs\":[\"http:\/\/www.visit-ulcinj.com\"],\"url\":\"https:\/\/www.visit-ulcinj.com\/blog\/author\/admin\/\"}]}<\/script>\n<!-- \/ Yoast SEO plugin. -->","yoast_head_json":{"title":"Ambasador Mur: Obama zna gdje je Crna Gora - Video - Lajme nga Ulqini","description":"Ambasadora Roderika Mura prije preuzimanja funkcije saslu\u0161ao novoizabrani ameri?ki predsjednik Ameri?ki ambasador Roderik Mur pred dolazak na funkciju u","robots":{"index":"index","follow":"follow","max-snippet":"max-snippet:-1","max-image-preview":"max-image-preview:large","max-video-preview":"max-video-preview:-1"},"canonical":"https:\/\/www.visit-ulcinj.com\/blog\/2008\/11\/16\/obama-zna-gdje-je-crna-gora-video\/","og_locale":"en_US","og_type":"article","og_title":"Ambasador Mur: Obama zna gdje je Crna Gora - Video - Lajme nga Ulqini","og_description":"Ambasadora Roderika Mura prije preuzimanja funkcije saslu\u0161ao novoizabrani ameri?ki predsjednik Ameri?ki ambasador Roderik Mur pred dolazak na funkciju u","og_url":"https:\/\/www.visit-ulcinj.com\/blog\/2008\/11\/16\/obama-zna-gdje-je-crna-gora-video\/","og_site_name":"Lajme nga Ulqini","article_published_time":"2008-11-16T11:05:28+00:00","article_modified_time":"2008-11-16T11:09:19+00:00","og_image":[{"url":"https:\/\/www.visit-ulcinj.com\/blog\/wp-content\/uploads\/2008\/11\/ambassador-moore-hosts-election-breakfast4-150x150.jpg"}],"twitter_misc":{"Written by":"ulqini","Est. reading time":"1 minute"},"schema":{"@context":"https:\/\/schema.org","@graph":[{"@type":"WebSite","@id":"https:\/\/www.visit-ulcinj.com\/blog\/#website","url":"https:\/\/www.visit-ulcinj.com\/blog\/","name":"Lajme nga Ulqini","description":"Lajme,Vijesti,Ulqini,Ulqin,Crna Gora,Mali i Zi","potentialAction":[{"@type":"SearchAction","target":{"@type":"EntryPoint","urlTemplate":"https:\/\/www.visit-ulcinj.com\/blog\/?s={search_term_string}"},"query-input":"required name=search_term_string"}],"inLanguage":"en-US"},{"@type":"ImageObject","inLanguage":"en-US","@id":"https:\/\/www.visit-ulcinj.com\/blog\/2008\/11\/16\/obama-zna-gdje-je-crna-gora-video\/#primaryimage","url":"http:\/\/www.visit-ulcinj.com\/blog\/wp-content\/uploads\/2008\/11\/ambassador-moore-hosts-election-breakfast4-300x210.jpg","contentUrl":"http:\/\/www.visit-ulcinj.com\/blog\/wp-content\/uploads\/2008\/11\/ambassador-moore-hosts-election-breakfast4-300x210.jpg"},{"@type":"WebPage","@id":"https:\/\/www.visit-ulcinj.com\/blog\/2008\/11\/16\/obama-zna-gdje-je-crna-gora-video\/#webpage","url":"https:\/\/www.visit-ulcinj.com\/blog\/2008\/11\/16\/obama-zna-gdje-je-crna-gora-video\/","name":"Ambasador Mur: Obama zna gdje je Crna Gora - Video - Lajme nga Ulqini","isPartOf":{"@id":"https:\/\/www.visit-ulcinj.com\/blog\/#website"},"primaryImageOfPage":{"@id":"https:\/\/www.visit-ulcinj.com\/blog\/2008\/11\/16\/obama-zna-gdje-je-crna-gora-video\/#primaryimage"},"datePublished":"2008-11-16T11:05:28+00:00","dateModified":"2008-11-16T11:09:19+00:00","author":{"@id":"https:\/\/www.visit-ulcinj.com\/blog\/#\/schema\/person\/dcab619c614d3038751c63bc2aadc06d"},"description":"Ambasadora Roderika Mura prije preuzimanja funkcije saslu\u0161ao novoizabrani ameri?ki predsjednik Ameri?ki ambasador Roderik Mur pred dolazak na funkciju u","breadcrumb":{"@id":"https:\/\/www.visit-ulcinj.com\/blog\/2008\/11\/16\/obama-zna-gdje-je-crna-gora-video\/#breadcrumb"},"inLanguage":"en-US","potentialAction":[{"@type":"ReadAction","target":["https:\/\/www.visit-ulcinj.com\/blog\/2008\/11\/16\/obama-zna-gdje-je-crna-gora-video\/"]}]},{"@type":"BreadcrumbList","@id":"https:\/\/www.visit-ulcinj.com\/blog\/2008\/11\/16\/obama-zna-gdje-je-crna-gora-video\/#breadcrumb","itemListElement":[{"@type":"ListItem","position":1,"name":"Ambasador Mur: Obama zna gdje je Crna Gora &#8211; Video"}]},{"@type":"Person","@id":"https:\/\/www.visit-ulcinj.com\/blog\/#\/schema\/person\/dcab619c614d3038751c63bc2aadc06d","name":"ulqini","sameAs":["http:\/\/www.visit-ulcinj.com"],"url":"https:\/\/www.visit-ulcinj.com\/blog\/author\/admin\/"}]}},"jetpack_featured_media_url":"","jetpack_sharing_enabled":true,"jetpack_shortlink":"https:\/\/wp.me\/pe6lTn-1Az","_links":{"self":[{"href":"https:\/\/www.visit-ulcinj.com\/blog\/wp-json\/wp\/v2\/posts\/6111"}],"collection":[{"href":"https:\/\/www.visit-ulcinj.com\/blog\/wp-json\/wp\/v2\/posts"}],"about":[{"href":"https:\/\/www.visit-ulcinj.com\/blog\/wp-json\/wp\/v2\/types\/post"}],"author":[{"embeddable":true,"href":"https:\/\/www.visit-ulcinj.com\/blog\/wp-json\/wp\/v2\/users\/1"}],"replies":[{"embeddable":true,"href":"https:\/\/www.visit-ulcinj.com\/blog\/wp-json\/wp\/v2\/comments?post=6111"}],"version-history":[{"count":0,"href":"https:\/\/www.visit-ulcinj.com\/blog\/wp-json\/wp\/v2\/posts\/6111\/revisions"}],"wp:attachment":[{"href":"https:\/\/www.visit-ulcinj.com\/blog\/wp-json\/wp\/v2\/media?parent=6111"}],"wp:term":[{"taxonomy":"category","embeddable":true,"href":"https:\/\/www.visit-ulcinj.com\/blog\/wp-json\/wp\/v2\/categories?post=6111"},{"taxonomy":"post_tag","embeddable":true,"href":"https:\/\/www.visit-ulcinj.com\/blog\/wp-json\/wp\/v2\/tags?post=6111"}],"curies":[{"name":"wp","href":"https:\/\/api.w.org\/{rel}","templated":true}]}}