{"id":61122,"date":"2012-05-29T18:36:29","date_gmt":"2012-05-29T17:36:29","guid":{"rendered":"http:\/\/www.visit-ulcinj.com\/blog\/?p=61122"},"modified":"2012-05-29T18:36:29","modified_gmt":"2012-05-29T17:36:29","slug":"sali-berisha-trimeron-deputetet-shqiptare","status":"publish","type":"post","link":"https:\/\/www.visit-ulcinj.com\/blog\/2012\/05\/29\/sali-berisha-trimeron-deputetet-shqiptare\/","title":{"rendered":"Sali Berisha \u201ctrim\u00ebron\u201d deputet\u00ebt shqiptar\u00eb"},"content":{"rendered":"<p><a href=\"http:\/\/www.visit-ulcinj.com\/blog\/wp-content\/uploads\/2012\/05\/PM-Berisha-meets-leaders-of-Albanian-political-forces-in-MontenegroMehmet-BardhiVasel-SinishtajGenci-Nimanbegu.jpg\"><img loading=\"lazy\" class=\"alignleft  wp-image-61123\" title=\"PM-Berisha-meets-leaders-of-Albanian-political-forces-in-MontenegroMehmet-BardhiVasel-SinishtajGenci-Nimanbegu\" src=\"http:\/\/www.visit-ulcinj.com\/blog\/wp-content\/uploads\/2012\/05\/PM-Berisha-meets-leaders-of-Albanian-political-forces-in-MontenegroMehmet-BardhiVasel-SinishtajGenci-Nimanbegu.jpg\" alt=\"\" width=\"508\" height=\"360\" \/><\/a>Deklarata e nj\u00eb dit\u00eb m\u00eb par\u00eb e Kryeministrit shqiptar\u00eb lidhur me statusin e komun\u00ebs s\u00eb Mal\u00ebsis\u00eb, n\u00eb t\u00eb cil\u00ebn dha mesazh qeveris\u00eb malazeze se \u00ebsht\u00eb koha q\u00eb Mal\u00ebsia t\u00eb fitoj statusin e komun\u00ebs s\u00eb plot\u00eb, si duket ka trim\u00ebruar edhe deputet\u00ebt shqiptar\u00eb n\u00eb parlamentin malazez.<\/p>\n<p>N\u00eb mes tjerash Berisha kishte deklaruar se jan\u00eb plot\u00ebsuar kushtet q\u00eb Mal\u00ebsia t\u00eb fitoj komun\u00ebn e plot\u00eb, shkruan gazeta \u201cDnevne Novine\u201d.<\/p>\n<p>Deputeti Vasel Sinishtaj e mir\u00ebpriti deklarat\u00ebn e Berish\u00ebs dhe shtoi se Mal\u00ebsia komun\u00ebn e plot\u00eb duhet t\u2019a kishte fituar shum\u00eb m\u00eb par\u00eb.<\/p>\n<p>Edhe deputeti Genci Nimanbegu deklaroi se kryeministri Berisha, k\u00ebrkesat p\u00ebr statusin e komun\u00ebs s\u00eb plot\u00eb p\u00ebr Mal\u00ebsin\u00eb i pa\u2019 si t\u00eb drejta dhe shpreh\u00eb se kjo do t\u00eb ndikoj\u00eb n\u00eb qeverin\u00eb e Malit t\u00eb Zi t\u00eb zgjedh\u00eb problemet e shqiptar\u00ebve. \/Malesia.Org\/<\/p>\n","protected":false},"excerpt":{"rendered":"<p>Deklarata e nj\u00eb dit\u00eb m\u00eb par\u00eb e Kryeministrit shqiptar\u00eb lidhur me statusin e komun\u00ebs s\u00eb Mal\u00ebsis\u00eb, n\u00eb t\u00eb cil\u00ebn dha mesazh qeveris\u00eb malazeze se \u00ebsht\u00eb koha q\u00eb Mal\u00ebsia t\u00eb fitoj statusin e komun\u00ebs s\u00eb plot\u00eb, si duket ka trim\u00ebruar edhe deputet\u00ebt shqiptar\u00eb n\u00eb parlamentin malazez. N\u00eb mes tjerash Berisha kishte deklaruar se jan\u00eb plot\u00ebsuar kushtet [&hellip;]<\/p>\n","protected":false},"author":1,"featured_media":0,"comment_status":"open","ping_status":"closed","sticky":false,"template":"","format":"standard","meta":{"spay_email":"","jetpack_publicize_message":"","jetpack_is_tweetstorm":false,"jetpack_publicize_feature_enabled":true},"categories":[14],"tags":[1073,2224,348],"jetpack_publicize_connections":[],"yoast_head":"<!-- This site is optimized with the Yoast SEO plugin v19.1 - https:\/\/yoast.com\/wordpress\/plugins\/seo\/ -->\n<title>Sali Berisha \u201ctrim\u00ebron\u201d deputet\u00ebt shqiptar\u00eb - Lajme nga Ulqini<\/title>\n<meta name=\"description\" content=\"Deklarata e nj\u00eb dit\u00eb m\u00eb par\u00eb e Kryeministrit shqiptar\u00eb lidhur me statusin e komun\u00ebs s\u00eb Mal\u00ebsis\u00eb, n\u00eb t\u00eb cil\u00ebn dha mesazh qeveris\u00eb malazeze se \u00ebsht\u00eb koha q\u00eb\" \/>\n<meta name=\"robots\" content=\"index, follow, max-snippet:-1, max-image-preview:large, max-video-preview:-1\" \/>\n<link rel=\"canonical\" href=\"https:\/\/www.visit-ulcinj.com\/blog\/2012\/05\/29\/sali-berisha-trimeron-deputetet-shqiptare\/\" \/>\n<meta property=\"og:locale\" content=\"en_US\" \/>\n<meta property=\"og:type\" content=\"article\" \/>\n<meta property=\"og:title\" content=\"Sali Berisha \u201ctrim\u00ebron\u201d deputet\u00ebt shqiptar\u00eb - Lajme nga Ulqini\" \/>\n<meta property=\"og:description\" content=\"Deklarata e nj\u00eb dit\u00eb m\u00eb par\u00eb e Kryeministrit shqiptar\u00eb lidhur me statusin e komun\u00ebs s\u00eb Mal\u00ebsis\u00eb, n\u00eb t\u00eb cil\u00ebn dha mesazh qeveris\u00eb malazeze se \u00ebsht\u00eb koha q\u00eb\" \/>\n<meta property=\"og:url\" content=\"https:\/\/www.visit-ulcinj.com\/blog\/2012\/05\/29\/sali-berisha-trimeron-deputetet-shqiptare\/\" \/>\n<meta property=\"og:site_name\" content=\"Lajme nga Ulqini\" \/>\n<meta property=\"article:published_time\" content=\"2012-05-29T17:36:29+00:00\" \/>\n<meta property=\"og:image\" content=\"http:\/\/www.visit-ulcinj.com\/blog\/wp-content\/uploads\/2012\/05\/PM-Berisha-meets-leaders-of-Albanian-political-forces-in-MontenegroMehmet-BardhiVasel-SinishtajGenci-Nimanbegu.jpg\" \/>\n<meta name=\"twitter:label1\" content=\"Written by\" \/>\n\t<meta name=\"twitter:data1\" content=\"ulqini\" \/>\n\t<meta name=\"twitter:label2\" content=\"Est. reading time\" \/>\n\t<meta name=\"twitter:data2\" content=\"1 minute\" \/>\n<script type=\"application\/ld+json\" class=\"yoast-schema-graph\">{\"@context\":\"https:\/\/schema.org\",\"@graph\":[{\"@type\":\"WebSite\",\"@id\":\"https:\/\/www.visit-ulcinj.com\/blog\/#website\",\"url\":\"https:\/\/www.visit-ulcinj.com\/blog\/\",\"name\":\"Lajme nga Ulqini\",\"description\":\"Lajme,Vijesti,Ulqini,Ulqin,Crna Gora,Mali i Zi\",\"potentialAction\":[{\"@type\":\"SearchAction\",\"target\":{\"@type\":\"EntryPoint\",\"urlTemplate\":\"https:\/\/www.visit-ulcinj.com\/blog\/?s={search_term_string}\"},\"query-input\":\"required name=search_term_string\"}],\"inLanguage\":\"en-US\"},{\"@type\":\"ImageObject\",\"inLanguage\":\"en-US\",\"@id\":\"https:\/\/www.visit-ulcinj.com\/blog\/2012\/05\/29\/sali-berisha-trimeron-deputetet-shqiptare\/#primaryimage\",\"url\":\"https:\/\/www.visit-ulcinj.com\/blog\/wp-content\/uploads\/2012\/05\/PM-Berisha-meets-leaders-of-Albanian-political-forces-in-MontenegroMehmet-BardhiVasel-SinishtajGenci-Nimanbegu.jpg\",\"contentUrl\":\"https:\/\/www.visit-ulcinj.com\/blog\/wp-content\/uploads\/2012\/05\/PM-Berisha-meets-leaders-of-Albanian-political-forces-in-MontenegroMehmet-BardhiVasel-SinishtajGenci-Nimanbegu.jpg\",\"width\":\"1000\",\"height\":\"541\"},{\"@type\":\"WebPage\",\"@id\":\"https:\/\/www.visit-ulcinj.com\/blog\/2012\/05\/29\/sali-berisha-trimeron-deputetet-shqiptare\/#webpage\",\"url\":\"https:\/\/www.visit-ulcinj.com\/blog\/2012\/05\/29\/sali-berisha-trimeron-deputetet-shqiptare\/\",\"name\":\"Sali Berisha \u201ctrim\u00ebron\u201d deputet\u00ebt shqiptar\u00eb - Lajme nga Ulqini\",\"isPartOf\":{\"@id\":\"https:\/\/www.visit-ulcinj.com\/blog\/#website\"},\"primaryImageOfPage\":{\"@id\":\"https:\/\/www.visit-ulcinj.com\/blog\/2012\/05\/29\/sali-berisha-trimeron-deputetet-shqiptare\/#primaryimage\"},\"datePublished\":\"2012-05-29T17:36:29+00:00\",\"dateModified\":\"2012-05-29T17:36:29+00:00\",\"author\":{\"@id\":\"https:\/\/www.visit-ulcinj.com\/blog\/#\/schema\/person\/dcab619c614d3038751c63bc2aadc06d\"},\"description\":\"Deklarata e nj\u00eb dit\u00eb m\u00eb par\u00eb e Kryeministrit shqiptar\u00eb lidhur me statusin e komun\u00ebs s\u00eb Mal\u00ebsis\u00eb, n\u00eb t\u00eb cil\u00ebn dha mesazh qeveris\u00eb malazeze se \u00ebsht\u00eb koha q\u00eb\",\"breadcrumb\":{\"@id\":\"https:\/\/www.visit-ulcinj.com\/blog\/2012\/05\/29\/sali-berisha-trimeron-deputetet-shqiptare\/#breadcrumb\"},\"inLanguage\":\"en-US\",\"potentialAction\":[{\"@type\":\"ReadAction\",\"target\":[\"https:\/\/www.visit-ulcinj.com\/blog\/2012\/05\/29\/sali-berisha-trimeron-deputetet-shqiptare\/\"]}]},{\"@type\":\"BreadcrumbList\",\"@id\":\"https:\/\/www.visit-ulcinj.com\/blog\/2012\/05\/29\/sali-berisha-trimeron-deputetet-shqiptare\/#breadcrumb\",\"itemListElement\":[{\"@type\":\"ListItem\",\"position\":1,\"name\":\"Sali Berisha \u201ctrim\u00ebron\u201d deputet\u00ebt shqiptar\u00eb\"}]},{\"@type\":\"Person\",\"@id\":\"https:\/\/www.visit-ulcinj.com\/blog\/#\/schema\/person\/dcab619c614d3038751c63bc2aadc06d\",\"name\":\"ulqini\",\"sameAs\":[\"http:\/\/www.visit-ulcinj.com\"],\"url\":\"https:\/\/www.visit-ulcinj.com\/blog\/author\/admin\/\"}]}<\/script>\n<!-- \/ Yoast SEO plugin. -->","yoast_head_json":{"title":"Sali Berisha \u201ctrim\u00ebron\u201d deputet\u00ebt shqiptar\u00eb - Lajme nga Ulqini","description":"Deklarata e nj\u00eb dit\u00eb m\u00eb par\u00eb e Kryeministrit shqiptar\u00eb lidhur me statusin e komun\u00ebs s\u00eb Mal\u00ebsis\u00eb, n\u00eb t\u00eb cil\u00ebn dha mesazh qeveris\u00eb malazeze se \u00ebsht\u00eb koha q\u00eb","robots":{"index":"index","follow":"follow","max-snippet":"max-snippet:-1","max-image-preview":"max-image-preview:large","max-video-preview":"max-video-preview:-1"},"canonical":"https:\/\/www.visit-ulcinj.com\/blog\/2012\/05\/29\/sali-berisha-trimeron-deputetet-shqiptare\/","og_locale":"en_US","og_type":"article","og_title":"Sali Berisha \u201ctrim\u00ebron\u201d deputet\u00ebt shqiptar\u00eb - Lajme nga Ulqini","og_description":"Deklarata e nj\u00eb dit\u00eb m\u00eb par\u00eb e Kryeministrit shqiptar\u00eb lidhur me statusin e komun\u00ebs s\u00eb Mal\u00ebsis\u00eb, n\u00eb t\u00eb cil\u00ebn dha mesazh qeveris\u00eb malazeze se \u00ebsht\u00eb koha q\u00eb","og_url":"https:\/\/www.visit-ulcinj.com\/blog\/2012\/05\/29\/sali-berisha-trimeron-deputetet-shqiptare\/","og_site_name":"Lajme nga Ulqini","article_published_time":"2012-05-29T17:36:29+00:00","og_image":[{"url":"http:\/\/www.visit-ulcinj.com\/blog\/wp-content\/uploads\/2012\/05\/PM-Berisha-meets-leaders-of-Albanian-political-forces-in-MontenegroMehmet-BardhiVasel-SinishtajGenci-Nimanbegu.jpg"}],"twitter_misc":{"Written by":"ulqini","Est. reading time":"1 minute"},"schema":{"@context":"https:\/\/schema.org","@graph":[{"@type":"WebSite","@id":"https:\/\/www.visit-ulcinj.com\/blog\/#website","url":"https:\/\/www.visit-ulcinj.com\/blog\/","name":"Lajme nga Ulqini","description":"Lajme,Vijesti,Ulqini,Ulqin,Crna Gora,Mali i Zi","potentialAction":[{"@type":"SearchAction","target":{"@type":"EntryPoint","urlTemplate":"https:\/\/www.visit-ulcinj.com\/blog\/?s={search_term_string}"},"query-input":"required name=search_term_string"}],"inLanguage":"en-US"},{"@type":"ImageObject","inLanguage":"en-US","@id":"https:\/\/www.visit-ulcinj.com\/blog\/2012\/05\/29\/sali-berisha-trimeron-deputetet-shqiptare\/#primaryimage","url":"https:\/\/www.visit-ulcinj.com\/blog\/wp-content\/uploads\/2012\/05\/PM-Berisha-meets-leaders-of-Albanian-political-forces-in-MontenegroMehmet-BardhiVasel-SinishtajGenci-Nimanbegu.jpg","contentUrl":"https:\/\/www.visit-ulcinj.com\/blog\/wp-content\/uploads\/2012\/05\/PM-Berisha-meets-leaders-of-Albanian-political-forces-in-MontenegroMehmet-BardhiVasel-SinishtajGenci-Nimanbegu.jpg","width":"1000","height":"541"},{"@type":"WebPage","@id":"https:\/\/www.visit-ulcinj.com\/blog\/2012\/05\/29\/sali-berisha-trimeron-deputetet-shqiptare\/#webpage","url":"https:\/\/www.visit-ulcinj.com\/blog\/2012\/05\/29\/sali-berisha-trimeron-deputetet-shqiptare\/","name":"Sali Berisha \u201ctrim\u00ebron\u201d deputet\u00ebt shqiptar\u00eb - Lajme nga Ulqini","isPartOf":{"@id":"https:\/\/www.visit-ulcinj.com\/blog\/#website"},"primaryImageOfPage":{"@id":"https:\/\/www.visit-ulcinj.com\/blog\/2012\/05\/29\/sali-berisha-trimeron-deputetet-shqiptare\/#primaryimage"},"datePublished":"2012-05-29T17:36:29+00:00","dateModified":"2012-05-29T17:36:29+00:00","author":{"@id":"https:\/\/www.visit-ulcinj.com\/blog\/#\/schema\/person\/dcab619c614d3038751c63bc2aadc06d"},"description":"Deklarata e nj\u00eb dit\u00eb m\u00eb par\u00eb e Kryeministrit shqiptar\u00eb lidhur me statusin e komun\u00ebs s\u00eb Mal\u00ebsis\u00eb, n\u00eb t\u00eb cil\u00ebn dha mesazh qeveris\u00eb malazeze se \u00ebsht\u00eb koha q\u00eb","breadcrumb":{"@id":"https:\/\/www.visit-ulcinj.com\/blog\/2012\/05\/29\/sali-berisha-trimeron-deputetet-shqiptare\/#breadcrumb"},"inLanguage":"en-US","potentialAction":[{"@type":"ReadAction","target":["https:\/\/www.visit-ulcinj.com\/blog\/2012\/05\/29\/sali-berisha-trimeron-deputetet-shqiptare\/"]}]},{"@type":"BreadcrumbList","@id":"https:\/\/www.visit-ulcinj.com\/blog\/2012\/05\/29\/sali-berisha-trimeron-deputetet-shqiptare\/#breadcrumb","itemListElement":[{"@type":"ListItem","position":1,"name":"Sali Berisha \u201ctrim\u00ebron\u201d deputet\u00ebt shqiptar\u00eb"}]},{"@type":"Person","@id":"https:\/\/www.visit-ulcinj.com\/blog\/#\/schema\/person\/dcab619c614d3038751c63bc2aadc06d","name":"ulqini","sameAs":["http:\/\/www.visit-ulcinj.com"],"url":"https:\/\/www.visit-ulcinj.com\/blog\/author\/admin\/"}]}},"jetpack_featured_media_url":"","jetpack_sharing_enabled":true,"jetpack_shortlink":"https:\/\/wp.me\/pe6lTn-fTQ","_links":{"self":[{"href":"https:\/\/www.visit-ulcinj.com\/blog\/wp-json\/wp\/v2\/posts\/61122"}],"collection":[{"href":"https:\/\/www.visit-ulcinj.com\/blog\/wp-json\/wp\/v2\/posts"}],"about":[{"href":"https:\/\/www.visit-ulcinj.com\/blog\/wp-json\/wp\/v2\/types\/post"}],"author":[{"embeddable":true,"href":"https:\/\/www.visit-ulcinj.com\/blog\/wp-json\/wp\/v2\/users\/1"}],"replies":[{"embeddable":true,"href":"https:\/\/www.visit-ulcinj.com\/blog\/wp-json\/wp\/v2\/comments?post=61122"}],"version-history":[{"count":1,"href":"https:\/\/www.visit-ulcinj.com\/blog\/wp-json\/wp\/v2\/posts\/61122\/revisions"}],"predecessor-version":[{"id":61124,"href":"https:\/\/www.visit-ulcinj.com\/blog\/wp-json\/wp\/v2\/posts\/61122\/revisions\/61124"}],"wp:attachment":[{"href":"https:\/\/www.visit-ulcinj.com\/blog\/wp-json\/wp\/v2\/media?parent=61122"}],"wp:term":[{"taxonomy":"category","embeddable":true,"href":"https:\/\/www.visit-ulcinj.com\/blog\/wp-json\/wp\/v2\/categories?post=61122"},{"taxonomy":"post_tag","embeddable":true,"href":"https:\/\/www.visit-ulcinj.com\/blog\/wp-json\/wp\/v2\/tags?post=61122"}],"curies":[{"name":"wp","href":"https:\/\/api.w.org\/{rel}","templated":true}]}}