{"id":61125,"date":"2012-05-30T16:22:45","date_gmt":"2012-05-30T15:22:45","guid":{"rendered":"http:\/\/www.visit-ulcinj.com\/blog\/?p=61125"},"modified":"2012-06-01T14:39:37","modified_gmt":"2012-06-01T13:39:37","slug":"ulqini-eldorado-i-shkodranevepagat-si-ne-zvicer","status":"publish","type":"post","link":"https:\/\/www.visit-ulcinj.com\/blog\/2012\/05\/30\/ulqini-eldorado-i-shkodranevepagat-si-ne-zvicer\/","title":{"rendered":"Ulqini Eldorado i Shkodran\u00ebve,pagat si ne Zvic\u00ebr"},"content":{"rendered":"<p><strong><a href=\"http:\/\/www.visit-ulcinj.com\/blog\/wp-content\/uploads\/2012\/05\/Pritje-ne-Kufi_Veturat_Nisena-te-gjithe-per-Ulqin.jpg\"><img loading=\"lazy\" class=\"alignleft  wp-image-61126\" title=\"Pritje ne Kufi_Veturat_Nisena te gjithe per Ulqin\" src=\"http:\/\/www.visit-ulcinj.com\/blog\/wp-content\/uploads\/2012\/05\/Pritje-ne-Kufi_Veturat_Nisena-te-gjithe-per-Ulqin.jpg\" alt=\"\" width=\"508\" height=\"360\" \/><\/a>Shkodran\u00ebt gjejn\u00eb pun\u00eb n\u00eb Ulqin: Paguhemi dyfish<\/strong><\/p>\n<p>Pagat m\u00eb t\u00eb larta dhe kushtet m\u00eb t\u00eb mira t\u00eb pun\u00ebs kan\u00eb detyruar krahun e pun\u00ebs shkodran t\u00eb orientohet drejt Ulqinit. Pun\u00ebsimi i tyre b\u00ebhet kryesisht n\u00eb sektorin e sh\u00ebrbimit dhe prodhimit, si prodhim mobilie, rrobaqep\u00ebsi apo dhe prodhim k\u00ebpuc\u00ebsh. Prej koh\u00ebsh n\u00eb qytetin e Shkodr\u00ebs apo n\u00eb mediat lokale shikon njoftime pun\u00ebsimi p\u00ebr n\u00eb Ulqin. Si p\u00ebr ironi t\u00eb fatit, p\u00ebr t\u00eb nj\u00ebjtin vend pune shkodran\u00ebt preferojn\u00eb t\u00eb punojn\u00eb n\u00eb Ulqin, duke l\u00ebn\u00eb vendet e pun\u00ebs n\u00eb qytetin e tyre. \u201cUn\u00eb kam punuar n\u00eb nj\u00eb nd\u00ebrmarrje prodhim mobiliesh n\u00eb Shkod\u00ebr prej 10 vitesh. Jam paguar af\u00ebrsisht 20 mij\u00eb lek\u00eb n\u00eb muaj. Tani un\u00eb kam dy muaj q\u00eb punoj n\u00eb Ulqin. Paguhem 350 euro n\u00eb muaj. Respektohet orari i pun\u00ebs dhe n\u00ebse punojm\u00eb m\u00eb shum\u00eb kemi shtes\u00eb n\u00eb pag\u00eb. Madje aty ku punoj un\u00eb ka pun\u00ebtor\u00eb m\u00eb t\u00eb vjet\u00ebr q\u00eb paguhen me 450 euro n\u00eb muaj. Pronari na ka premtuar edhe ne m\u00eb t\u00eb rinjve q\u00eb do t\u00eb kemi rritje page\u201d, shprehet Kujtimi, 38 vje\u00e7, nga Shkodra. Ai tregon se vjen pran\u00eb familjes s\u00eb tij dy her\u00eb n\u00eb jav\u00eb, t\u00eb organizuar me autobus, por ka edhe t\u00eb tjer\u00eb q\u00eb shkojn\u00eb e vijn\u00eb \u00e7do dit\u00eb. \u201cT\u00eb punosh n\u00eb Ulqin nuk \u00ebsht\u00eb aspak problem. Ndihemi si t\u00eb ishim n\u00eb Shkod\u00ebr, respektohemi prej t\u00eb gjith\u00ebve. Nuk \u00ebsht\u00eb problem as rruga, pasi p\u00ebr m\u00eb pak se 40 minuta ne jemi n\u00eb vendin e pun\u00ebs\u201d, shton m\u00eb tej Marashi, nj\u00eb tjet\u00ebr i pun\u00ebsuar n\u00eb Ulqin. E nd\u00ebrsa n\u00eb Ulqin numri i shkodran\u00ebve t\u00eb pun\u00ebsuar shtohet vazhdimisht, bizneset n\u00eb Shkod\u00ebr vuajn\u00eb p\u00ebr krah pune. Nd\u00ebrmarrjet private, kryesisht rrobaqep\u00ebsi, por edhe prodhim k\u00ebpuc\u00ebsh, kan\u00eb mungesa t\u00eb theksuara t\u00eb krahut t\u00eb pun\u00ebs. Mjaft banor\u00eb shkodran\u00eb, edhe pse t\u00eb papun\u00eb, nuk duan t\u00eb pun\u00ebsohen prej tyre, duke pohuar se shfryt\u00ebzohet krahu i pun\u00ebs, paguhen shum\u00eb pak dhe punojn\u00eb me or\u00eb t\u00eb zgjatura. Pronar\u00ebt e k\u00ebtyre bizneseve kan\u00eb deklaruar publikisht se do t\u00eb marrin pun\u00ebtor\u00eb nga Kina, pasi ata jan\u00eb t\u00eb gatsh\u00ebm t\u00eb punojn\u00eb me kushtet q\u00eb afrohen prej tyre. \u201cNd\u00ebrsa shkodran\u00ebt shkojn\u00eb n\u00eb Ulqin p\u00ebr t\u00eb punuar, n\u00eb Shkod\u00ebr pritet t\u00eb vijn\u00eb kinez\u00eb\u201d, shprehet nj\u00eb banor, i cili prej disa koh\u00ebsh \u00ebsht\u00eb i papun\u00eb. Ai k\u00ebrkon q\u00eb strukturat shtet\u00ebrore t\u00eb nd\u00ebrhyjn\u00eb q\u00eb t\u00eb mos luhet me pagat e pun\u00ebtor\u00ebve dhe me oraret e pun\u00ebs. \u201cSikur t\u00eb kishim pag\u00eb m\u00eb t\u00eb mir\u00eb, ne punojm\u00eb k\u00ebtu. Por n\u00eb k\u00ebto kushte, Ulqini \u00ebsht\u00eb nj\u00eb zgjidhje shum\u00eb e mir\u00eb\u201d, shprehet m\u00eb tej Marashi, duke p\u00ebrforcuar k\u00ebshtu apelin e bashk\u00ebqytetarit t\u00eb tij p\u00ebr nd\u00ebrhyrje nga shteti.<br \/>\nP\u00ebrfaq\u00ebsues t\u00eb Zyr\u00ebs s\u00eb Pun\u00ebsimit n\u00eb Shkod\u00ebr shprehen se shum\u00eb nga personat e regjistruar si pun\u00ebk\u00ebrkues refuzojn\u00eb t\u00eb punojn\u00eb n\u00eb nd\u00ebrmarrjet apo bizneset private n\u00eb Shkod\u00ebr. Sipas tyre, shkaku kryesor i refuzimit \u00ebsht\u00eb paga shum\u00eb e ul\u00ebt q\u00eb pun\u00ebdh\u00ebn\u00ebsit u ofrojn\u00eb atyre dhe koh\u00ebzgjatja e madhe e orarit t\u00eb pun\u00ebs.<\/p>\n<p><strong>Panorama<\/strong><\/p>\n<div><object width=\"508\" height=\"360\" classid=\"clsid:d27cdb6e-ae6d-11cf-96b8-444553540000\" codebase=\"http:\/\/download.macromedia.com\/pub\/shockwave\/cabs\/flash\/swflash.cab#version=6,0,40,0\"><param name=\"allowFullScreen\" value=\"true\" \/><param name=\"allowScriptAccess\" value=\"always\" \/><param name=\"src\" value=\"http:\/\/www.dailymotion.com\/swf\/x1yc78_copacabana-ulqiniulcinj_ads&amp;autoPlay=1&amp;related=1\" \/><param name=\"allowfullscreen\" value=\"true\" \/><param name=\"allowscriptaccess\" value=\"always\" \/><\/object><\/div>\n","protected":false},"excerpt":{"rendered":"<p>Shkodran\u00ebt gjejn\u00eb pun\u00eb n\u00eb Ulqin: Paguhemi dyfish Pagat m\u00eb t\u00eb larta dhe kushtet m\u00eb t\u00eb mira t\u00eb pun\u00ebs kan\u00eb detyruar krahun e pun\u00ebs shkodran t\u00eb orientohet drejt Ulqinit. Pun\u00ebsimi i tyre b\u00ebhet kryesisht n\u00eb sektorin e sh\u00ebrbimit dhe prodhimit, si prodhim mobilie, rrobaqep\u00ebsi apo dhe prodhim k\u00ebpuc\u00ebsh. Prej koh\u00ebsh n\u00eb qytetin e Shkodr\u00ebs apo n\u00eb [&hellip;]<\/p>\n","protected":false},"author":1,"featured_media":0,"comment_status":"open","ping_status":"closed","sticky":false,"template":"","format":"standard","meta":{"spay_email":"","jetpack_publicize_message":"","jetpack_is_tweetstorm":false,"jetpack_publicize_feature_enabled":true},"categories":[1,14249],"tags":[11734,20594,20593,3617,20595,200,18],"jetpack_publicize_connections":[],"yoast_head":"<!-- This site is optimized with the Yoast SEO plugin v19.1 - https:\/\/yoast.com\/wordpress\/plugins\/seo\/ -->\n<title>Ulqini Eldorado i Shkodran\u00ebve,pagat si ne Zvic\u00ebr - Lajme nga Ulqini<\/title>\n<meta name=\"description\" content=\"Shkodran\u00ebt gjejn\u00eb pun\u00eb n\u00eb Ulqin: Paguhemi dyfish Pagat m\u00eb t\u00eb larta dhe kushtet m\u00eb t\u00eb mira t\u00eb pun\u00ebs kan\u00eb detyruar krahun e pun\u00ebs shkodran t\u00eb orientohet\" \/>\n<meta name=\"robots\" content=\"index, follow, max-snippet:-1, max-image-preview:large, max-video-preview:-1\" \/>\n<link rel=\"canonical\" href=\"https:\/\/www.visit-ulcinj.com\/blog\/2012\/05\/30\/ulqini-eldorado-i-shkodranevepagat-si-ne-zvicer\/\" \/>\n<meta property=\"og:locale\" content=\"en_US\" \/>\n<meta property=\"og:type\" content=\"article\" \/>\n<meta property=\"og:title\" content=\"Ulqini Eldorado i Shkodran\u00ebve,pagat si ne Zvic\u00ebr - Lajme nga Ulqini\" \/>\n<meta property=\"og:description\" content=\"Shkodran\u00ebt gjejn\u00eb pun\u00eb n\u00eb Ulqin: Paguhemi dyfish Pagat m\u00eb t\u00eb larta dhe kushtet m\u00eb t\u00eb mira t\u00eb pun\u00ebs kan\u00eb detyruar krahun e pun\u00ebs shkodran t\u00eb orientohet\" \/>\n<meta property=\"og:url\" content=\"https:\/\/www.visit-ulcinj.com\/blog\/2012\/05\/30\/ulqini-eldorado-i-shkodranevepagat-si-ne-zvicer\/\" \/>\n<meta property=\"og:site_name\" content=\"Lajme nga Ulqini\" \/>\n<meta property=\"article:published_time\" content=\"2012-05-30T15:22:45+00:00\" \/>\n<meta property=\"article:modified_time\" content=\"2012-06-01T13:39:37+00:00\" \/>\n<meta property=\"og:image\" content=\"http:\/\/www.visit-ulcinj.com\/blog\/wp-content\/uploads\/2012\/05\/Pritje-ne-Kufi_Veturat_Nisena-te-gjithe-per-Ulqin.jpg\" \/>\n<meta name=\"twitter:label1\" content=\"Written by\" \/>\n\t<meta name=\"twitter:data1\" content=\"ulqini\" \/>\n\t<meta name=\"twitter:label2\" content=\"Est. reading time\" \/>\n\t<meta name=\"twitter:data2\" content=\"3 minutes\" \/>\n<script type=\"application\/ld+json\" class=\"yoast-schema-graph\">{\"@context\":\"https:\/\/schema.org\",\"@graph\":[{\"@type\":\"WebSite\",\"@id\":\"https:\/\/www.visit-ulcinj.com\/blog\/#website\",\"url\":\"https:\/\/www.visit-ulcinj.com\/blog\/\",\"name\":\"Lajme nga Ulqini\",\"description\":\"Lajme,Vijesti,Ulqini,Ulqin,Crna Gora,Mali i Zi\",\"potentialAction\":[{\"@type\":\"SearchAction\",\"target\":{\"@type\":\"EntryPoint\",\"urlTemplate\":\"https:\/\/www.visit-ulcinj.com\/blog\/?s={search_term_string}\"},\"query-input\":\"required name=search_term_string\"}],\"inLanguage\":\"en-US\"},{\"@type\":\"ImageObject\",\"inLanguage\":\"en-US\",\"@id\":\"https:\/\/www.visit-ulcinj.com\/blog\/2012\/05\/30\/ulqini-eldorado-i-shkodranevepagat-si-ne-zvicer\/#primaryimage\",\"url\":\"https:\/\/www.visit-ulcinj.com\/blog\/wp-content\/uploads\/2012\/05\/Pritje-ne-Kufi_Veturat_Nisena-te-gjithe-per-Ulqin.jpg\",\"contentUrl\":\"https:\/\/www.visit-ulcinj.com\/blog\/wp-content\/uploads\/2012\/05\/Pritje-ne-Kufi_Veturat_Nisena-te-gjithe-per-Ulqin.jpg\",\"width\":\"800\",\"height\":\"712\"},{\"@type\":\"WebPage\",\"@id\":\"https:\/\/www.visit-ulcinj.com\/blog\/2012\/05\/30\/ulqini-eldorado-i-shkodranevepagat-si-ne-zvicer\/#webpage\",\"url\":\"https:\/\/www.visit-ulcinj.com\/blog\/2012\/05\/30\/ulqini-eldorado-i-shkodranevepagat-si-ne-zvicer\/\",\"name\":\"Ulqini Eldorado i Shkodran\u00ebve,pagat si ne Zvic\u00ebr - Lajme nga Ulqini\",\"isPartOf\":{\"@id\":\"https:\/\/www.visit-ulcinj.com\/blog\/#website\"},\"primaryImageOfPage\":{\"@id\":\"https:\/\/www.visit-ulcinj.com\/blog\/2012\/05\/30\/ulqini-eldorado-i-shkodranevepagat-si-ne-zvicer\/#primaryimage\"},\"datePublished\":\"2012-05-30T15:22:45+00:00\",\"dateModified\":\"2012-06-01T13:39:37+00:00\",\"author\":{\"@id\":\"https:\/\/www.visit-ulcinj.com\/blog\/#\/schema\/person\/dcab619c614d3038751c63bc2aadc06d\"},\"description\":\"Shkodran\u00ebt gjejn\u00eb pun\u00eb n\u00eb Ulqin: Paguhemi dyfish Pagat m\u00eb t\u00eb larta dhe kushtet m\u00eb t\u00eb mira t\u00eb pun\u00ebs kan\u00eb detyruar krahun e pun\u00ebs shkodran t\u00eb orientohet\",\"breadcrumb\":{\"@id\":\"https:\/\/www.visit-ulcinj.com\/blog\/2012\/05\/30\/ulqini-eldorado-i-shkodranevepagat-si-ne-zvicer\/#breadcrumb\"},\"inLanguage\":\"en-US\",\"potentialAction\":[{\"@type\":\"ReadAction\",\"target\":[\"https:\/\/www.visit-ulcinj.com\/blog\/2012\/05\/30\/ulqini-eldorado-i-shkodranevepagat-si-ne-zvicer\/\"]}]},{\"@type\":\"BreadcrumbList\",\"@id\":\"https:\/\/www.visit-ulcinj.com\/blog\/2012\/05\/30\/ulqini-eldorado-i-shkodranevepagat-si-ne-zvicer\/#breadcrumb\",\"itemListElement\":[{\"@type\":\"ListItem\",\"position\":1,\"name\":\"Ulqini Eldorado i Shkodran\u00ebve,pagat si ne Zvic\u00ebr\"}]},{\"@type\":\"Person\",\"@id\":\"https:\/\/www.visit-ulcinj.com\/blog\/#\/schema\/person\/dcab619c614d3038751c63bc2aadc06d\",\"name\":\"ulqini\",\"sameAs\":[\"http:\/\/www.visit-ulcinj.com\"],\"url\":\"https:\/\/www.visit-ulcinj.com\/blog\/author\/admin\/\"}]}<\/script>\n<!-- \/ Yoast SEO plugin. -->","yoast_head_json":{"title":"Ulqini Eldorado i Shkodran\u00ebve,pagat si ne Zvic\u00ebr - Lajme nga Ulqini","description":"Shkodran\u00ebt gjejn\u00eb pun\u00eb n\u00eb Ulqin: Paguhemi dyfish Pagat m\u00eb t\u00eb larta dhe kushtet m\u00eb t\u00eb mira t\u00eb pun\u00ebs kan\u00eb detyruar krahun e pun\u00ebs shkodran t\u00eb orientohet","robots":{"index":"index","follow":"follow","max-snippet":"max-snippet:-1","max-image-preview":"max-image-preview:large","max-video-preview":"max-video-preview:-1"},"canonical":"https:\/\/www.visit-ulcinj.com\/blog\/2012\/05\/30\/ulqini-eldorado-i-shkodranevepagat-si-ne-zvicer\/","og_locale":"en_US","og_type":"article","og_title":"Ulqini Eldorado i Shkodran\u00ebve,pagat si ne Zvic\u00ebr - Lajme nga Ulqini","og_description":"Shkodran\u00ebt gjejn\u00eb pun\u00eb n\u00eb Ulqin: Paguhemi dyfish Pagat m\u00eb t\u00eb larta dhe kushtet m\u00eb t\u00eb mira t\u00eb pun\u00ebs kan\u00eb detyruar krahun e pun\u00ebs shkodran t\u00eb orientohet","og_url":"https:\/\/www.visit-ulcinj.com\/blog\/2012\/05\/30\/ulqini-eldorado-i-shkodranevepagat-si-ne-zvicer\/","og_site_name":"Lajme nga Ulqini","article_published_time":"2012-05-30T15:22:45+00:00","article_modified_time":"2012-06-01T13:39:37+00:00","og_image":[{"url":"http:\/\/www.visit-ulcinj.com\/blog\/wp-content\/uploads\/2012\/05\/Pritje-ne-Kufi_Veturat_Nisena-te-gjithe-per-Ulqin.jpg"}],"twitter_misc":{"Written by":"ulqini","Est. reading time":"3 minutes"},"schema":{"@context":"https:\/\/schema.org","@graph":[{"@type":"WebSite","@id":"https:\/\/www.visit-ulcinj.com\/blog\/#website","url":"https:\/\/www.visit-ulcinj.com\/blog\/","name":"Lajme nga Ulqini","description":"Lajme,Vijesti,Ulqini,Ulqin,Crna Gora,Mali i Zi","potentialAction":[{"@type":"SearchAction","target":{"@type":"EntryPoint","urlTemplate":"https:\/\/www.visit-ulcinj.com\/blog\/?s={search_term_string}"},"query-input":"required name=search_term_string"}],"inLanguage":"en-US"},{"@type":"ImageObject","inLanguage":"en-US","@id":"https:\/\/www.visit-ulcinj.com\/blog\/2012\/05\/30\/ulqini-eldorado-i-shkodranevepagat-si-ne-zvicer\/#primaryimage","url":"https:\/\/www.visit-ulcinj.com\/blog\/wp-content\/uploads\/2012\/05\/Pritje-ne-Kufi_Veturat_Nisena-te-gjithe-per-Ulqin.jpg","contentUrl":"https:\/\/www.visit-ulcinj.com\/blog\/wp-content\/uploads\/2012\/05\/Pritje-ne-Kufi_Veturat_Nisena-te-gjithe-per-Ulqin.jpg","width":"800","height":"712"},{"@type":"WebPage","@id":"https:\/\/www.visit-ulcinj.com\/blog\/2012\/05\/30\/ulqini-eldorado-i-shkodranevepagat-si-ne-zvicer\/#webpage","url":"https:\/\/www.visit-ulcinj.com\/blog\/2012\/05\/30\/ulqini-eldorado-i-shkodranevepagat-si-ne-zvicer\/","name":"Ulqini Eldorado i Shkodran\u00ebve,pagat si ne Zvic\u00ebr - Lajme nga Ulqini","isPartOf":{"@id":"https:\/\/www.visit-ulcinj.com\/blog\/#website"},"primaryImageOfPage":{"@id":"https:\/\/www.visit-ulcinj.com\/blog\/2012\/05\/30\/ulqini-eldorado-i-shkodranevepagat-si-ne-zvicer\/#primaryimage"},"datePublished":"2012-05-30T15:22:45+00:00","dateModified":"2012-06-01T13:39:37+00:00","author":{"@id":"https:\/\/www.visit-ulcinj.com\/blog\/#\/schema\/person\/dcab619c614d3038751c63bc2aadc06d"},"description":"Shkodran\u00ebt gjejn\u00eb pun\u00eb n\u00eb Ulqin: Paguhemi dyfish Pagat m\u00eb t\u00eb larta dhe kushtet m\u00eb t\u00eb mira t\u00eb pun\u00ebs kan\u00eb detyruar krahun e pun\u00ebs shkodran t\u00eb orientohet","breadcrumb":{"@id":"https:\/\/www.visit-ulcinj.com\/blog\/2012\/05\/30\/ulqini-eldorado-i-shkodranevepagat-si-ne-zvicer\/#breadcrumb"},"inLanguage":"en-US","potentialAction":[{"@type":"ReadAction","target":["https:\/\/www.visit-ulcinj.com\/blog\/2012\/05\/30\/ulqini-eldorado-i-shkodranevepagat-si-ne-zvicer\/"]}]},{"@type":"BreadcrumbList","@id":"https:\/\/www.visit-ulcinj.com\/blog\/2012\/05\/30\/ulqini-eldorado-i-shkodranevepagat-si-ne-zvicer\/#breadcrumb","itemListElement":[{"@type":"ListItem","position":1,"name":"Ulqini Eldorado i Shkodran\u00ebve,pagat si ne Zvic\u00ebr"}]},{"@type":"Person","@id":"https:\/\/www.visit-ulcinj.com\/blog\/#\/schema\/person\/dcab619c614d3038751c63bc2aadc06d","name":"ulqini","sameAs":["http:\/\/www.visit-ulcinj.com"],"url":"https:\/\/www.visit-ulcinj.com\/blog\/author\/admin\/"}]}},"jetpack_featured_media_url":"","jetpack_sharing_enabled":true,"jetpack_shortlink":"https:\/\/wp.me\/pe6lTn-fTT","_links":{"self":[{"href":"https:\/\/www.visit-ulcinj.com\/blog\/wp-json\/wp\/v2\/posts\/61125"}],"collection":[{"href":"https:\/\/www.visit-ulcinj.com\/blog\/wp-json\/wp\/v2\/posts"}],"about":[{"href":"https:\/\/www.visit-ulcinj.com\/blog\/wp-json\/wp\/v2\/types\/post"}],"author":[{"embeddable":true,"href":"https:\/\/www.visit-ulcinj.com\/blog\/wp-json\/wp\/v2\/users\/1"}],"replies":[{"embeddable":true,"href":"https:\/\/www.visit-ulcinj.com\/blog\/wp-json\/wp\/v2\/comments?post=61125"}],"version-history":[{"count":2,"href":"https:\/\/www.visit-ulcinj.com\/blog\/wp-json\/wp\/v2\/posts\/61125\/revisions"}],"predecessor-version":[{"id":61162,"href":"https:\/\/www.visit-ulcinj.com\/blog\/wp-json\/wp\/v2\/posts\/61125\/revisions\/61162"}],"wp:attachment":[{"href":"https:\/\/www.visit-ulcinj.com\/blog\/wp-json\/wp\/v2\/media?parent=61125"}],"wp:term":[{"taxonomy":"category","embeddable":true,"href":"https:\/\/www.visit-ulcinj.com\/blog\/wp-json\/wp\/v2\/categories?post=61125"},{"taxonomy":"post_tag","embeddable":true,"href":"https:\/\/www.visit-ulcinj.com\/blog\/wp-json\/wp\/v2\/tags?post=61125"}],"curies":[{"name":"wp","href":"https:\/\/api.w.org\/{rel}","templated":true}]}}