{"id":61132,"date":"2012-05-30T22:36:11","date_gmt":"2012-05-30T21:36:11","guid":{"rendered":"http:\/\/www.visit-ulcinj.com\/blog\/?p=61132"},"modified":"2012-05-31T08:26:49","modified_gmt":"2012-05-31T07:26:49","slug":"in-memoriam-refik-mollabeqiri","status":"publish","type":"post","link":"https:\/\/www.visit-ulcinj.com\/blog\/2012\/05\/30\/in-memoriam-refik-mollabeqiri\/","title":{"rendered":"In memoriam Refik Mollabeqiri"},"content":{"rendered":"<p><a href=\"http:\/\/www.visit-ulcinj.com\/blog\/wp-content\/uploads\/2012\/05\/REFIK-MOLLABEQIRI_ULQIN_ULQINI_HOTEL-ALBATROS.1.jpg\"><img loading=\"lazy\" class=\"alignleft  wp-image-61142\" title=\"REFIK MOLLABEQIRI_ULQIN_ULQINI_HOTEL ALBATROS.1\" src=\"http:\/\/www.visit-ulcinj.com\/blog\/wp-content\/uploads\/2012\/05\/REFIK-MOLLABEQIRI_ULQIN_ULQINI_HOTEL-ALBATROS.1.jpg\" alt=\"\" width=\"220\" height=\"337\" srcset=\"https:\/\/www.visit-ulcinj.com\/blog\/wp-content\/uploads\/2012\/05\/REFIK-MOLLABEQIRI_ULQIN_ULQINI_HOTEL-ALBATROS.1.jpg 220w, https:\/\/www.visit-ulcinj.com\/blog\/wp-content\/uploads\/2012\/05\/REFIK-MOLLABEQIRI_ULQIN_ULQINI_HOTEL-ALBATROS.1-195x300.jpg 195w\" sizes=\"(max-width: 220px) 100vw, 220px\" \/><\/a>Danas se g. Refik Molabeqiri preselio u ahiret. Vijest o njegovoj smrti ubrzo se prenijela \u00a0gradom gdje je \u00a0on \u00a0provodio svoje posljednje dane&#8230;Ovaj tihi i nenametlivi \u010dovjek ispra\u0107en je od velikog\u00a0broja sugra\u0111ana na svoj vje\u010dni po\u010dinak \u00a0u mezarju na \u00a0Meterizima. Sa posebnim pijetetom i po\u0161tovanjem ispra\u0107en je ovaj doajen na\u0161eg turizma na svoj vje\u010dni po\u010dinak. Bio je to tu\u017ean ispra\u0107aj, ali i rukavice i kravata su \u00a0van svake sumnje i doprinijeli da s pravom ostane upam\u0107en kao \u00bbdoktor iz Albatrosa\u00ab Refik \u0107e van svake sumnje biti uzor generacijama turisti\u010dkih radnika ne samo Ulcinja ve\u0107 i \u0161ire.<\/p>\n<p style=\"text-align: center;\"><strong>Refik Mollabeqiri &#8220;Doktor iz Albatrosa&#8221;<\/strong><\/p>\n<p>\u00a0\u00a0Hotel &#8220;Albatros&#8221;u srcu borove \u0161ume je godinama mamio i privla\u010dio hiljade turista iz zemlje i iz inostraqnstva. U ona stara zlatna vremena na\u0161eg turizma, sedamdesetih i osamdesetih godina pro\u0161loga vijeka, svaki kutak ovog prelijepog zdanja, uklopljenog u nesvakida\u0161nji ambijent, pivla\u010dio je svojom magi\u010dnom ljepotom. Ne samo oni sre\u0107nici koji su imali tu privilegiju da u\u017eivaju u jednom opu\u0161tanju i du\u0161e i tijela, ve\u0107 i svi oni ostali, kojima je bio cilj, samo da pro\u0161etaju borovom \u0161umom, do hotela &#8220;Albatros&#8221;.<br \/>\n<a href=\"http:\/\/www.visit-ulcinj.com\/blog\/wp-content\/uploads\/2012\/05\/Albatros.jpg\"><img loading=\"lazy\" class=\"alignleft  wp-image-61143\" title=\"Albatros\" src=\"http:\/\/www.visit-ulcinj.com\/blog\/wp-content\/uploads\/2012\/05\/Albatros.jpg\" alt=\"\" width=\"508\" height=\"300\" \/><\/a><\/p>\n<p>Nikada ne znate koje je doba dana ljep\u0161e, dok sa terasa hotela &#8220;Albatros&#8221; posmatrate more i horizont. Dali su to jutra, kada se miris borova pomije\u0161a sa mirisom soli i mora, ili su to mo\u017eda zalasni Sunca, koje polako zaranja u dubine mora u prelijepim purpurnim bojama, kao rijetko gdje drugo na Jadranu. Mo\u017eda je za neke najljep\u0161e doba no\u0107, kada se tamne sjenke borova odslikavaju u fluoroscentnom sjaju u more preliveno mjese\u010dinom, ili tamom. Uvijek je lijepo i ugodno u ovom \u010darobnom ambijentu.<\/p>\n<p>U takvom ambijentu je radio gospodin Refik Molabe\u0107iri, koga su zbog bijelog mantila i uvijek elegantnog izgleda, iz milo\u0161te zvali Doktor.<br \/>\nOvaj markantni \u010dovjek je bio doktor, ali rekao bih, doktor nauka u kulinarstvu. \u010covjek koji je dostigao sve u kulinarstvu. Vrsni poznavalac, Italijanske, \u0160panske i posebno Francuske kuhinje. Dugo godina je bio \u0161ef kuhinje u ovome, nekada elitnom hotelu i van svake sumnje, njegovo \u0107e ime ostati upisano zlatnim slovima u turisti\u010dkoj enciklopediji na\u0161eg grada. Ona \u0107e svakako biti pisana, jer onaj turizam i ljudi koji su ga stvarali, i bili akteri u svemu tome, \u00a0i moraju biti upam\u0107eni za generacije koje \u0107e do\u0107i poslije nas. Gospodin Refik Molabe\u0107iri je jedan iz plejade turisti\u010dkih radnika koji su obilje\u017eili ovaj prostor i svojim radom dali veliki doprinos razvoju turizma kod nas.<\/p>\n<p>Gospodin Molabe\u0107iri Refik je kao mlad ugostiteljski radnik, nakon zavr\u0161ene \u0161kole, radio u mnogim elitnim hotelima u onoj velikoj i lijepoj, Jugoslaviji. Sarajevo je posebno ostalo u sje\u0107anju ovom skromnom \u010dovjeku, umjetniku gastronomije i kulinarstva. Stigao je i do Beograda gdje je uspje\u0161no radio u jednom elitnom hotelu.<br \/>\nNa poziv Ru\u017eda Karamanage, tada\u0161njeg \u0161efa prodaje hotela&#8221;Albatros&#8221; odlu\u010duje da se vrati u Ulcinj, i tu pod dirigentskom palicom gospodina Filipa Martinovi\u0107a, nastavlja da radi.<br \/>\nSa posebnim pijetetom i po\u0161tovanjem govorim o ovom izvrsnom turisti\u010dkom radniku koji nakon povratka iz Australije preuzima hotel&#8221;Albatros&#8221; Imao je gvozdenu disciplinu, ali i znanje. Zamislite trio, Filip Martinovi\u0107, Ru\u017edo Karamanaga i Refik Molabe\u0107eri na \u010delu jednog takvog hotela, kao \u0161to je bio nekad, hotel&#8221;Albatros&#8221;. Gvozdena disciplina , ali i vrhunska usluga i personal, sa kojim bi se danas ponosio svaki hotel. Siguran sam da bi ovaj trio i danas mogao da vodi bilo koji hotel u Evropi. Nakon raspada Jugoslavije i suludih ratova na ovim prostorima, dolazi do pada na\u0161eg turizma, koji se posebno odra\u017eava u vremenu tranzicije, kod nas u Ulcinju.<br \/>\nUvodi se ste\u010daj u&#8221; Ulcinjskoj rivijeri&#8221;..neki se hoteli rasprodaju, a neki nestaju, ru\u0161e ih neki bezdu\u0161ni ljudi..i tako nestaje turizam i ugostiteljstvo grada koji je nekad participirao, sa 40 odsto turisti\u010dkog prometa Crne Gore. Danas participira sa samo osam odsto, izme\u0111u ostalog i zahvaljuju\u0107i &#8220;ma\u0107ehinskom&#8221; odnosu Republike Crne Gore prema ovom narodu i ovom gradu. Naravno, svemu tome veliki doprinos daju i na\u0161i, nesposobni ljudi i politi\u010dari, koje nam vlast postavlja da se brinu o nama i na\u0161im \u017eivotima.<br \/>\n<a href=\"http:\/\/www.visit-ulcinj.com\/blog\/wp-content\/uploads\/2012\/05\/REFIK-MOLLABEQIRI_ULQIN_ULQINI_HOTEL-ALBATROS.jpg\"><img loading=\"lazy\" class=\"alignleft  wp-image-61144\" title=\"REFIK MOLLABEQIRI_ULQIN_ULQINI_HOTEL ALBATROS\" src=\"http:\/\/www.visit-ulcinj.com\/blog\/wp-content\/uploads\/2012\/05\/REFIK-MOLLABEQIRI_ULQIN_ULQINI_HOTEL-ALBATROS.jpg\" alt=\"\" width=\"508\" height=\"300\" \/><\/a><\/p>\n<p>Danas se hotel &#8220;Albatros&#8221;jo\u0161 uvijek ponosno uzdi\u017ee me\u0111u stoljetnom borovom \u0161umom, ali &#8220;tu\u017ean&#8221; i prazan. Onaj personal, i ne samo iz &#8220;Albatrosa&#8221;, je nestao po inostranstvu, ili prodaje cigarete po kioscima.&#8221; Albatros&#8221;, ka\u017eu da su ga kupili neki &#8220;Rusi&#8221;koji se ina\u010de i ne bave turizmom. Ali ko zna, mo\u017eda i on \u010deka bagere, da bi nestao kao hotel&#8221; Galeb&#8221;, ka\u017eem gospodinu Refiku Molabe\u0107iriju dok evociramo uspomene, na ona stara lijepa vremena. Radili smo zajedno i u srednjoj \u0161koli, gdje je ostao upam\u0107en kao vrstan predava\u010d i pedagog ugostiteljstva, i mora se priznati ostao upam\u0107en po vj<strong>e\u010ditoj eleganciji. Uvijek u odijelu i kravati.<br \/>\nDanas je na Floridi u SAD, gdje u\u017eiva u zaslu\u017eenoj penzi<\/strong>ji. Do\u0111e ponekad da vidi svoj rodni grad i svoje korijene. Sreo sam ga u dru\u0161tvu svog mla\u0111eg brata Avda , koji je i sam vrstan ugostiteljski radnik i koji je bio konsultovan za Meny, povodom dolaska, i posjete biv\u0161eg predsjednika Klintona Kosovu.<\/p>\n<p><strong>Ismet Karamanaga \u00a0<\/strong><\/p>\n\n\t\t<style type=\"text\/css\">\n\t\t\t#gallery-1 {\n\t\t\t\tmargin: auto;\n\t\t\t}\n\t\t\t#gallery-1 .gallery-item {\n\t\t\t\tfloat: left;\n\t\t\t\tmargin-top: 10px;\n\t\t\t\ttext-align: center;\n\t\t\t\twidth: 33%;\n\t\t\t}\n\t\t\t#gallery-1 img {\n\t\t\t\tborder: 2px solid #cfcfcf;\n\t\t\t}\n\t\t\t#gallery-1 .gallery-caption {\n\t\t\t\tmargin-left: 0;\n\t\t\t}\n\t\t\t\/* see gallery_shortcode() in wp-includes\/media.php *\/\n\t\t<\/style>\n\t\t<div id='gallery-1' class='gallery galleryid-61132 gallery-columns-3 gallery-size-thumbnail'><dl class='gallery-item'>\n\t\t\t<dt class='gallery-icon portrait'>\n\t\t\t\t<a href='https:\/\/www.visit-ulcinj.com\/blog\/wp-content\/uploads\/2012\/05\/REFIK-MOLLABEQIRI_ULQIN_ULQINI_HOTEL-ALBATROS.1.jpg'><img width=\"150\" height=\"150\" src=\"https:\/\/www.visit-ulcinj.com\/blog\/wp-content\/uploads\/2012\/05\/REFIK-MOLLABEQIRI_ULQIN_ULQINI_HOTEL-ALBATROS.1-150x150.jpg\" class=\"attachment-thumbnail size-thumbnail\" alt=\"\" loading=\"lazy\" \/><\/a>\n\t\t\t<\/dt><\/dl><dl class='gallery-item'>\n\t\t\t<dt class='gallery-icon landscape'>\n\t\t\t\t<a href='https:\/\/www.visit-ulcinj.com\/blog\/wp-content\/uploads\/2012\/05\/Albatros.jpg'><img width=\"150\" height=\"150\" src=\"https:\/\/www.visit-ulcinj.com\/blog\/wp-content\/uploads\/2012\/05\/Albatros-150x150.jpg\" class=\"attachment-thumbnail size-thumbnail\" alt=\"\" loading=\"lazy\" \/><\/a>\n\t\t\t<\/dt><\/dl><dl class='gallery-item'>\n\t\t\t<dt class='gallery-icon landscape'>\n\t\t\t\t<a href='https:\/\/www.visit-ulcinj.com\/blog\/wp-content\/uploads\/2012\/05\/REFIK-MOLLABEQIRI_ULQIN_ULQINI_HOTEL-ALBATROS.jpg'><img width=\"150\" height=\"150\" src=\"https:\/\/www.visit-ulcinj.com\/blog\/wp-content\/uploads\/2012\/05\/REFIK-MOLLABEQIRI_ULQIN_ULQINI_HOTEL-ALBATROS-150x150.jpg\" class=\"attachment-thumbnail size-thumbnail\" alt=\"\" loading=\"lazy\" \/><\/a>\n\t\t\t<\/dt><\/dl><br style=\"clear: both\" \/><dl class='gallery-item'>\n\t\t\t<dt class='gallery-icon landscape'>\n\t\t\t\t<a href='https:\/\/www.visit-ulcinj.com\/blog\/wp-content\/uploads\/2012\/05\/REFIK-MOLLABEQIRI_ULQIN_ULQINI_HOTEL-ALBATROS.2.jpg'><img width=\"150\" height=\"150\" src=\"https:\/\/www.visit-ulcinj.com\/blog\/wp-content\/uploads\/2012\/05\/REFIK-MOLLABEQIRI_ULQIN_ULQINI_HOTEL-ALBATROS.2-150x150.jpg\" class=\"attachment-thumbnail size-thumbnail\" alt=\"\" loading=\"lazy\" \/><\/a>\n\t\t\t<\/dt><\/dl><dl class='gallery-item'>\n\t\t\t<dt class='gallery-icon landscape'>\n\t\t\t\t<a href='https:\/\/www.visit-ulcinj.com\/blog\/wp-content\/uploads\/2012\/05\/REFIK-MOLLABEQIRI_ULQIN_ULQINI_HOTEL-ALBATROS.3.jpg'><img width=\"150\" height=\"150\" src=\"https:\/\/www.visit-ulcinj.com\/blog\/wp-content\/uploads\/2012\/05\/REFIK-MOLLABEQIRI_ULQIN_ULQINI_HOTEL-ALBATROS.3-150x150.jpg\" class=\"attachment-thumbnail size-thumbnail\" alt=\"\" loading=\"lazy\" \/><\/a>\n\t\t\t<\/dt><\/dl><dl class='gallery-item'>\n\t\t\t<dt class='gallery-icon landscape'>\n\t\t\t\t<a href='https:\/\/www.visit-ulcinj.com\/blog\/wp-content\/uploads\/2012\/05\/FAMILJA-_REFIK-MOLLABEQIRI_ULQIN_ULQINI_HOTEL-ALBATROS.3.jpg'><img width=\"150\" height=\"150\" src=\"https:\/\/www.visit-ulcinj.com\/blog\/wp-content\/uploads\/2012\/05\/FAMILJA-_REFIK-MOLLABEQIRI_ULQIN_ULQINI_HOTEL-ALBATROS.3-150x150.jpg\" class=\"attachment-thumbnail size-thumbnail\" alt=\"\" loading=\"lazy\" \/><\/a>\n\t\t\t<\/dt><\/dl><br style=\"clear: both\" \/>\n\t\t<\/div>\n\n","protected":false},"excerpt":{"rendered":"<p>Danas se g. Refik Molabeqiri preselio u ahiret. Vijest o njegovoj smrti ubrzo se prenijela \u00a0gradom gdje je \u00a0on \u00a0provodio svoje posljednje dane&#8230;Ovaj tihi i nenametlivi \u010dovjek ispra\u0107en je od velikog\u00a0broja sugra\u0111ana na svoj vje\u010dni po\u010dinak \u00a0u mezarju na \u00a0Meterizima. Sa posebnim pijetetom i po\u0161tovanjem ispra\u0107en je ovaj doajen na\u0161eg turizma na svoj vje\u010dni po\u010dinak. [&hellip;]<\/p>\n","protected":false},"author":1,"featured_media":0,"comment_status":"open","ping_status":"closed","sticky":false,"template":"","format":"standard","meta":{"spay_email":"","jetpack_publicize_message":"","jetpack_is_tweetstorm":false,"jetpack_publicize_feature_enabled":true},"categories":[6950],"tags":[20598,19,200],"jetpack_publicize_connections":[],"yoast_head":"<!-- This site is optimized with the Yoast SEO plugin v19.1 - https:\/\/yoast.com\/wordpress\/plugins\/seo\/ -->\n<title>In memoriam Refik Mollabeqiri - Lajme nga Ulqini<\/title>\n<meta name=\"description\" content=\"Danas se g. Refik Molabeqiri preselio u ahiret. Vijest o njegovoj smrti ubrzo se prenijela \u00a0gradom gdje je \u00a0on \u00a0provodio svoje posljednje dane...Ovaj tihi\" \/>\n<meta name=\"robots\" content=\"index, follow, max-snippet:-1, max-image-preview:large, max-video-preview:-1\" \/>\n<link rel=\"canonical\" href=\"https:\/\/www.visit-ulcinj.com\/blog\/2012\/05\/30\/in-memoriam-refik-mollabeqiri\/\" \/>\n<meta property=\"og:locale\" content=\"en_US\" \/>\n<meta property=\"og:type\" content=\"article\" \/>\n<meta property=\"og:title\" content=\"In memoriam Refik Mollabeqiri - Lajme nga Ulqini\" \/>\n<meta property=\"og:description\" content=\"Danas se g. Refik Molabeqiri preselio u ahiret. Vijest o njegovoj smrti ubrzo se prenijela \u00a0gradom gdje je \u00a0on \u00a0provodio svoje posljednje dane...Ovaj tihi\" \/>\n<meta property=\"og:url\" content=\"https:\/\/www.visit-ulcinj.com\/blog\/2012\/05\/30\/in-memoriam-refik-mollabeqiri\/\" \/>\n<meta property=\"og:site_name\" content=\"Lajme nga Ulqini\" \/>\n<meta property=\"article:published_time\" content=\"2012-05-30T21:36:11+00:00\" \/>\n<meta property=\"article:modified_time\" content=\"2012-05-31T07:26:49+00:00\" \/>\n<meta property=\"og:image\" content=\"https:\/\/www.visit-ulcinj.com\/blog\/wp-content\/uploads\/2012\/05\/REFIK-MOLLABEQIRI_ULQIN_ULQINI_HOTEL-ALBATROS.1-150x150.jpg\" \/>\n<meta name=\"twitter:label1\" content=\"Written by\" \/>\n\t<meta name=\"twitter:data1\" content=\"ulqini\" \/>\n\t<meta name=\"twitter:label2\" content=\"Est. reading time\" \/>\n\t<meta name=\"twitter:data2\" content=\"4 minutes\" \/>\n<script type=\"application\/ld+json\" class=\"yoast-schema-graph\">{\"@context\":\"https:\/\/schema.org\",\"@graph\":[{\"@type\":\"WebSite\",\"@id\":\"https:\/\/www.visit-ulcinj.com\/blog\/#website\",\"url\":\"https:\/\/www.visit-ulcinj.com\/blog\/\",\"name\":\"Lajme nga Ulqini\",\"description\":\"Lajme,Vijesti,Ulqini,Ulqin,Crna Gora,Mali i Zi\",\"potentialAction\":[{\"@type\":\"SearchAction\",\"target\":{\"@type\":\"EntryPoint\",\"urlTemplate\":\"https:\/\/www.visit-ulcinj.com\/blog\/?s={search_term_string}\"},\"query-input\":\"required name=search_term_string\"}],\"inLanguage\":\"en-US\"},{\"@type\":\"ImageObject\",\"inLanguage\":\"en-US\",\"@id\":\"https:\/\/www.visit-ulcinj.com\/blog\/2012\/05\/30\/in-memoriam-refik-mollabeqiri\/#primaryimage\",\"url\":\"https:\/\/www.visit-ulcinj.com\/blog\/wp-content\/uploads\/2012\/05\/REFIK-MOLLABEQIRI_ULQIN_ULQINI_HOTEL-ALBATROS.1.jpg\",\"contentUrl\":\"https:\/\/www.visit-ulcinj.com\/blog\/wp-content\/uploads\/2012\/05\/REFIK-MOLLABEQIRI_ULQIN_ULQINI_HOTEL-ALBATROS.1.jpg\",\"width\":\"220\",\"height\":\"337\"},{\"@type\":\"WebPage\",\"@id\":\"https:\/\/www.visit-ulcinj.com\/blog\/2012\/05\/30\/in-memoriam-refik-mollabeqiri\/#webpage\",\"url\":\"https:\/\/www.visit-ulcinj.com\/blog\/2012\/05\/30\/in-memoriam-refik-mollabeqiri\/\",\"name\":\"In memoriam Refik Mollabeqiri - Lajme nga Ulqini\",\"isPartOf\":{\"@id\":\"https:\/\/www.visit-ulcinj.com\/blog\/#website\"},\"primaryImageOfPage\":{\"@id\":\"https:\/\/www.visit-ulcinj.com\/blog\/2012\/05\/30\/in-memoriam-refik-mollabeqiri\/#primaryimage\"},\"datePublished\":\"2012-05-30T21:36:11+00:00\",\"dateModified\":\"2012-05-31T07:26:49+00:00\",\"author\":{\"@id\":\"https:\/\/www.visit-ulcinj.com\/blog\/#\/schema\/person\/dcab619c614d3038751c63bc2aadc06d\"},\"description\":\"Danas se g. Refik Molabeqiri preselio u ahiret. Vijest o njegovoj smrti ubrzo se prenijela \u00a0gradom gdje je \u00a0on \u00a0provodio svoje posljednje dane...Ovaj tihi\",\"breadcrumb\":{\"@id\":\"https:\/\/www.visit-ulcinj.com\/blog\/2012\/05\/30\/in-memoriam-refik-mollabeqiri\/#breadcrumb\"},\"inLanguage\":\"en-US\",\"potentialAction\":[{\"@type\":\"ReadAction\",\"target\":[\"https:\/\/www.visit-ulcinj.com\/blog\/2012\/05\/30\/in-memoriam-refik-mollabeqiri\/\"]}]},{\"@type\":\"BreadcrumbList\",\"@id\":\"https:\/\/www.visit-ulcinj.com\/blog\/2012\/05\/30\/in-memoriam-refik-mollabeqiri\/#breadcrumb\",\"itemListElement\":[{\"@type\":\"ListItem\",\"position\":1,\"name\":\"In memoriam Refik Mollabeqiri\"}]},{\"@type\":\"Person\",\"@id\":\"https:\/\/www.visit-ulcinj.com\/blog\/#\/schema\/person\/dcab619c614d3038751c63bc2aadc06d\",\"name\":\"ulqini\",\"sameAs\":[\"http:\/\/www.visit-ulcinj.com\"],\"url\":\"https:\/\/www.visit-ulcinj.com\/blog\/author\/admin\/\"}]}<\/script>\n<!-- \/ Yoast SEO plugin. -->","yoast_head_json":{"title":"In memoriam Refik Mollabeqiri - Lajme nga Ulqini","description":"Danas se g. Refik Molabeqiri preselio u ahiret. Vijest o njegovoj smrti ubrzo se prenijela \u00a0gradom gdje je \u00a0on \u00a0provodio svoje posljednje dane...Ovaj tihi","robots":{"index":"index","follow":"follow","max-snippet":"max-snippet:-1","max-image-preview":"max-image-preview:large","max-video-preview":"max-video-preview:-1"},"canonical":"https:\/\/www.visit-ulcinj.com\/blog\/2012\/05\/30\/in-memoriam-refik-mollabeqiri\/","og_locale":"en_US","og_type":"article","og_title":"In memoriam Refik Mollabeqiri - Lajme nga Ulqini","og_description":"Danas se g. Refik Molabeqiri preselio u ahiret. Vijest o njegovoj smrti ubrzo se prenijela \u00a0gradom gdje je \u00a0on \u00a0provodio svoje posljednje dane...Ovaj tihi","og_url":"https:\/\/www.visit-ulcinj.com\/blog\/2012\/05\/30\/in-memoriam-refik-mollabeqiri\/","og_site_name":"Lajme nga Ulqini","article_published_time":"2012-05-30T21:36:11+00:00","article_modified_time":"2012-05-31T07:26:49+00:00","og_image":[{"url":"https:\/\/www.visit-ulcinj.com\/blog\/wp-content\/uploads\/2012\/05\/REFIK-MOLLABEQIRI_ULQIN_ULQINI_HOTEL-ALBATROS.1-150x150.jpg"}],"twitter_misc":{"Written by":"ulqini","Est. reading time":"4 minutes"},"schema":{"@context":"https:\/\/schema.org","@graph":[{"@type":"WebSite","@id":"https:\/\/www.visit-ulcinj.com\/blog\/#website","url":"https:\/\/www.visit-ulcinj.com\/blog\/","name":"Lajme nga Ulqini","description":"Lajme,Vijesti,Ulqini,Ulqin,Crna Gora,Mali i Zi","potentialAction":[{"@type":"SearchAction","target":{"@type":"EntryPoint","urlTemplate":"https:\/\/www.visit-ulcinj.com\/blog\/?s={search_term_string}"},"query-input":"required name=search_term_string"}],"inLanguage":"en-US"},{"@type":"ImageObject","inLanguage":"en-US","@id":"https:\/\/www.visit-ulcinj.com\/blog\/2012\/05\/30\/in-memoriam-refik-mollabeqiri\/#primaryimage","url":"https:\/\/www.visit-ulcinj.com\/blog\/wp-content\/uploads\/2012\/05\/REFIK-MOLLABEQIRI_ULQIN_ULQINI_HOTEL-ALBATROS.1.jpg","contentUrl":"https:\/\/www.visit-ulcinj.com\/blog\/wp-content\/uploads\/2012\/05\/REFIK-MOLLABEQIRI_ULQIN_ULQINI_HOTEL-ALBATROS.1.jpg","width":"220","height":"337"},{"@type":"WebPage","@id":"https:\/\/www.visit-ulcinj.com\/blog\/2012\/05\/30\/in-memoriam-refik-mollabeqiri\/#webpage","url":"https:\/\/www.visit-ulcinj.com\/blog\/2012\/05\/30\/in-memoriam-refik-mollabeqiri\/","name":"In memoriam Refik Mollabeqiri - Lajme nga Ulqini","isPartOf":{"@id":"https:\/\/www.visit-ulcinj.com\/blog\/#website"},"primaryImageOfPage":{"@id":"https:\/\/www.visit-ulcinj.com\/blog\/2012\/05\/30\/in-memoriam-refik-mollabeqiri\/#primaryimage"},"datePublished":"2012-05-30T21:36:11+00:00","dateModified":"2012-05-31T07:26:49+00:00","author":{"@id":"https:\/\/www.visit-ulcinj.com\/blog\/#\/schema\/person\/dcab619c614d3038751c63bc2aadc06d"},"description":"Danas se g. Refik Molabeqiri preselio u ahiret. Vijest o njegovoj smrti ubrzo se prenijela \u00a0gradom gdje je \u00a0on \u00a0provodio svoje posljednje dane...Ovaj tihi","breadcrumb":{"@id":"https:\/\/www.visit-ulcinj.com\/blog\/2012\/05\/30\/in-memoriam-refik-mollabeqiri\/#breadcrumb"},"inLanguage":"en-US","potentialAction":[{"@type":"ReadAction","target":["https:\/\/www.visit-ulcinj.com\/blog\/2012\/05\/30\/in-memoriam-refik-mollabeqiri\/"]}]},{"@type":"BreadcrumbList","@id":"https:\/\/www.visit-ulcinj.com\/blog\/2012\/05\/30\/in-memoriam-refik-mollabeqiri\/#breadcrumb","itemListElement":[{"@type":"ListItem","position":1,"name":"In memoriam Refik Mollabeqiri"}]},{"@type":"Person","@id":"https:\/\/www.visit-ulcinj.com\/blog\/#\/schema\/person\/dcab619c614d3038751c63bc2aadc06d","name":"ulqini","sameAs":["http:\/\/www.visit-ulcinj.com"],"url":"https:\/\/www.visit-ulcinj.com\/blog\/author\/admin\/"}]}},"jetpack_featured_media_url":"","jetpack_sharing_enabled":true,"jetpack_shortlink":"https:\/\/wp.me\/pe6lTn-fU0","_links":{"self":[{"href":"https:\/\/www.visit-ulcinj.com\/blog\/wp-json\/wp\/v2\/posts\/61132"}],"collection":[{"href":"https:\/\/www.visit-ulcinj.com\/blog\/wp-json\/wp\/v2\/posts"}],"about":[{"href":"https:\/\/www.visit-ulcinj.com\/blog\/wp-json\/wp\/v2\/types\/post"}],"author":[{"embeddable":true,"href":"https:\/\/www.visit-ulcinj.com\/blog\/wp-json\/wp\/v2\/users\/1"}],"replies":[{"embeddable":true,"href":"https:\/\/www.visit-ulcinj.com\/blog\/wp-json\/wp\/v2\/comments?post=61132"}],"version-history":[{"count":5,"href":"https:\/\/www.visit-ulcinj.com\/blog\/wp-json\/wp\/v2\/posts\/61132\/revisions"}],"predecessor-version":[{"id":61150,"href":"https:\/\/www.visit-ulcinj.com\/blog\/wp-json\/wp\/v2\/posts\/61132\/revisions\/61150"}],"wp:attachment":[{"href":"https:\/\/www.visit-ulcinj.com\/blog\/wp-json\/wp\/v2\/media?parent=61132"}],"wp:term":[{"taxonomy":"category","embeddable":true,"href":"https:\/\/www.visit-ulcinj.com\/blog\/wp-json\/wp\/v2\/categories?post=61132"},{"taxonomy":"post_tag","embeddable":true,"href":"https:\/\/www.visit-ulcinj.com\/blog\/wp-json\/wp\/v2\/tags?post=61132"}],"curies":[{"name":"wp","href":"https:\/\/api.w.org\/{rel}","templated":true}]}}