{"id":61154,"date":"2012-06-01T14:37:28","date_gmt":"2012-06-01T13:37:28","guid":{"rendered":"http:\/\/www.visit-ulcinj.com\/blog\/?p=61154"},"modified":"2012-06-06T15:25:01","modified_gmt":"2012-06-06T14:25:01","slug":"ne-rane-te-ulqinit-u-perurua-objekti-i-xhamise-se-detarve","status":"publish","type":"post","link":"https:\/\/www.visit-ulcinj.com\/blog\/2012\/06\/01\/ne-rane-te-ulqinit-u-perurua-objekti-i-xhamise-se-detarve\/","title":{"rendered":"N\u00eb Ran\u00eb t\u00eb Ulqinit u perurua objekti i xhamis\u00eb s\u00eb detarve + TV Teuta Video"},"content":{"rendered":"<p><a href=\"http:\/\/www.visit-ulcinj.com\/blog\/wp-content\/uploads\/2012\/06\/Xhamia-e-Detarve-ne-Ran\u00eb-Ulqin.7.jpg\"><img loading=\"lazy\" class=\"alignleft size-full wp-image-61155\" title=\"Xhamia e Detarve ne Ran\u00eb Ulqin.7\" src=\"http:\/\/www.visit-ulcinj.com\/blog\/wp-content\/uploads\/2012\/06\/Xhamia-e-Detarve-ne-Ran\u00eb-Ulqin.7.jpg\" alt=\"\" width=\"508\" height=\"360\" \/><\/a>Sot n\u00eb qytetin e Ulqinit n\u00eb Ran\u00eb, u b\u00eb hapja e objektit t\u00eb xhamis\u00eb s\u00eb Detarve. N\u00eb aktin solemn, merrnin pjes\u00eb krer\u00ebt e bashk\u00ebsive fetare nga Mali I Zi,Maqedonia, Kosova,Shqiperia,Bosna &amp; Hercegovina etj, si dhe autoritetet e komun\u00ebs s\u00eb Ulqinit.<br \/>\nP\u00ebr m\u00eb tep\u00ebr informata do ju njoftojm m\u00eb von\u00eb.<br \/>\nN\u00eb pranin\u00eb e nj\u00eb numri t\u00eb madh t\u00eb qytetar\u00ebve t\u00eb Ulqinit dhe rajonit, sot para faljes s\u00eb namazit t\u00eb xhumas\u00eb u b\u00eb inagurimi i &#8220;Xhamis\u00eb s\u00eb Detar\u00ebve&#8221; n\u00eb Ulqin.<\/p>\n<p><a href=\"http:\/\/www.visit-ulcinj.com\/blog\/wp-content\/uploads\/2012\/06\/imami-i-Ulqinit-Rifat-Jusufi_inagurimi-i-xhamise.jpg\"><img loading=\"lazy\" class=\"alignleft size-full wp-image-61189\" title=\"imami i Ulqinit Rifat Jusufi_inagurimi i xhamise\" src=\"http:\/\/www.visit-ulcinj.com\/blog\/wp-content\/uploads\/2012\/06\/imami-i-Ulqinit-Rifat-Jusufi_inagurimi-i-xhamise.jpg\" alt=\"\" width=\"508\" height=\"286\" srcset=\"https:\/\/www.visit-ulcinj.com\/blog\/wp-content\/uploads\/2012\/06\/imami-i-Ulqinit-Rifat-Jusufi_inagurimi-i-xhamise.jpg 508w, https:\/\/www.visit-ulcinj.com\/blog\/wp-content\/uploads\/2012\/06\/imami-i-Ulqinit-Rifat-Jusufi_inagurimi-i-xhamise-300x168.jpg 300w\" sizes=\"(max-width: 508px) 100vw, 508px\" \/><\/a><\/p>\n<p>Pas 81 viteve t\u00eb rr\u00ebnimit t\u00eb xhamis\u00eb s\u00eb Detar\u00ebve, nj\u00ebr\u00ebs nd\u00ebr m\u00eb t\u00eb vjetrat n\u00eb Ballkan, sot Ulqinit i kthehet n\u00eb pamjen e vet dhe hijer\u00ebnd &#8220;Xhamia e Detar\u00ebve&#8221; n\u00eb lagjen Ran\u00eb (buz\u00eb Plazhit t\u00eb Vog\u00ebl), me ndihm\u00ebn e donator\u00ebve nga qyteti i Allanias &#8211; Turqi dhe kontributet e qytetar\u00ebve vendas.<br \/>\nNje dite e cila do te mbahet ne mend per te gjithe muslimanet. Rikthimi i ezanit ne minaren e kesaj Xhamie. Posacerisht theksin e kishe vu ne Ezani e thirur nga Imami Efendi Besim Cura, i cili na dhuroi nje emocion te paperskrueshem. Nje pune e shkelqyer e Bashkesise Islame Ulqin. Posacerishte personave pergjegjes per ecurin e keti manifestimi: U.D. Kryeimami Ali ef. Bardhi, Imamit Suad Ef. Ukoshates, Adriatik Karamanages ( udheheqesit te programit) dhe koordinatorit Munib Abazit. Si dhe mysafirve te cilet na kane nderu me prezencen tyre nga te gjithe vendet e regjionit.<br \/>\n<!--YouTube Error: bad URL entered--><\/p>\n<p>N\u00eb k\u00ebt\u00eb ceremoni mor\u00ebn pjes\u00eb qytetar uliqinak, p\u00ebrfaq\u00ebsuse institucionesh vendore shtet\u00ebrore dhe fetare, p\u00ebrafq\u00ebsuse t\u00eb ambasadave n\u00eb Mal t\u00eb Zi, institucionet fetare nga rajoni, mysafir nga Turqia mike, si dhe m\u00ebrgimtar\u00eb nga Europa dhe Amerika.<\/p>\n<p>Manifestimi u hap me leximin e ajeteve nga Kur&#8217;ani, pastaj pasoi edhe me fjalimet e p\u00ebrsh\u00ebndet\u00ebse t\u00eb p\u00ebrfaq\u00ebsuesve t\u00eb bashk\u00ebsive fetare nga Mali i Zi dhe Turqia si dhe kryetari i komun\u00ebs s\u00eb Ulqinit z.Nazif Cungu. Pastaj programi u freskua edhe me disa pika artistike nga kori i Medreses &#8220;Mehmet Fatih&#8221; t\u00eb\u00a0 Tuzit.<\/p>\n<p><a href=\"http:\/\/www.visit-ulcinj.com\/blog\/wp-content\/uploads\/2012\/06\/inagurimi-i-rind\u00ebrtimit-t\u00eb-Xhamis\u00eb-s\u00eb-Detar\u00ebve-n\u00eb-Ulqin.jpg\"><img loading=\"lazy\" class=\"alignleft size-full wp-image-61191\" title=\"inagurimi i rind\u00ebrtimit t\u00eb Xhamis\u00eb s\u00eb Detar\u00ebve n\u00eb Ulqin\" src=\"http:\/\/www.visit-ulcinj.com\/blog\/wp-content\/uploads\/2012\/06\/inagurimi-i-rind\u00ebrtimit-t\u00eb-Xhamis\u00eb-s\u00eb-Detar\u00ebve-n\u00eb-Ulqin.jpg\" alt=\"\" width=\"508\" height=\"340\" srcset=\"https:\/\/www.visit-ulcinj.com\/blog\/wp-content\/uploads\/2012\/06\/inagurimi-i-rind\u00ebrtimit-t\u00eb-Xhamis\u00eb-s\u00eb-Detar\u00ebve-n\u00eb-Ulqin.jpg 508w, https:\/\/www.visit-ulcinj.com\/blog\/wp-content\/uploads\/2012\/06\/inagurimi-i-rind\u00ebrtimit-t\u00eb-Xhamis\u00eb-s\u00eb-Detar\u00ebve-n\u00eb-Ulqin-300x200.jpg 300w\" sizes=\"(max-width: 508px) 100vw, 508px\" \/><\/a><\/p>\n<p>&#8220;Islami \u00ebsht\u00eb p\u00ebrhapur n\u00eb m\u00ebnyr\u00eb paq\u00ebsore, kurse \u00ebsht\u00eb mbrojtur me jet\u00eb dhe gjer sa t\u00eb ket\u00eb minare t\u00eb ngritura do t\u00ebshmohet edhe prezenca e paq\u00ebs n\u00eb nj\u00eb vend&#8221;, &#8211; ishin fjal\u00ebt e myftiut t\u00eb Malit t\u00eb Zi z.Rifat Fejziq.<\/p>\n<p>N\u00eb fund t\u00eb k\u00ebtij programi edhe u b\u00eb ndarja e mir\u00ebnjohjeve p\u00ebr kontribuesit e rind\u00ebrtimit t\u00eb k\u00ebtij monumenti fetar dhe kulturor.<\/p>\n<p>M\u00eb pas u fal edhe namazi i xhumas dhe pastaj edhe nj\u00eb koktej rasti n\u00eb restoran Holegro.<br \/>\n<strong>Foto Ismet Karamanaga Facebook<\/strong><br \/>\n\n\t\t<style type=\"text\/css\">\n\t\t\t#gallery-1 {\n\t\t\t\tmargin: auto;\n\t\t\t}\n\t\t\t#gallery-1 .gallery-item {\n\t\t\t\tfloat: left;\n\t\t\t\tmargin-top: 10px;\n\t\t\t\ttext-align: center;\n\t\t\t\twidth: 33%;\n\t\t\t}\n\t\t\t#gallery-1 img {\n\t\t\t\tborder: 2px solid #cfcfcf;\n\t\t\t}\n\t\t\t#gallery-1 .gallery-caption {\n\t\t\t\tmargin-left: 0;\n\t\t\t}\n\t\t\t\/* see gallery_shortcode() in wp-includes\/media.php *\/\n\t\t<\/style>\n\t\t<div id='gallery-1' class='gallery galleryid-61154 gallery-columns-3 gallery-size-thumbnail'><dl class='gallery-item'>\n\t\t\t<dt class='gallery-icon landscape'>\n\t\t\t\t<a href='https:\/\/www.visit-ulcinj.com\/blog\/wp-content\/uploads\/2012\/06\/Xhamia-e-Detarve-ne-Ran\u00eb-Ulqin.7.jpg'><img width=\"150\" height=\"150\" src=\"https:\/\/www.visit-ulcinj.com\/blog\/wp-content\/uploads\/2012\/06\/Xhamia-e-Detarve-ne-Ran\u00eb-Ulqin.7-150x150.jpg\" class=\"attachment-thumbnail size-thumbnail\" alt=\"\" loading=\"lazy\" \/><\/a>\n\t\t\t<\/dt><\/dl><dl class='gallery-item'>\n\t\t\t<dt class='gallery-icon landscape'>\n\t\t\t\t<a href='https:\/\/www.visit-ulcinj.com\/blog\/wp-content\/uploads\/2012\/06\/imami-i-Ulqinit-Rifat-Jusufi_inagurimi-i-xhamise.jpg'><img width=\"150\" height=\"150\" src=\"https:\/\/www.visit-ulcinj.com\/blog\/wp-content\/uploads\/2012\/06\/imami-i-Ulqinit-Rifat-Jusufi_inagurimi-i-xhamise-150x150.jpg\" class=\"attachment-thumbnail size-thumbnail\" alt=\"\" loading=\"lazy\" \/><\/a>\n\t\t\t<\/dt><\/dl><dl class='gallery-item'>\n\t\t\t<dt class='gallery-icon landscape'>\n\t\t\t\t<a href='https:\/\/www.visit-ulcinj.com\/blog\/wp-content\/uploads\/2012\/06\/inagurimi-i-rind\u00ebrtimit-t\u00eb-Xhamis\u00eb-s\u00eb-Detar\u00ebve-n\u00eb-Ulqin.jpg'><img width=\"150\" height=\"150\" src=\"https:\/\/www.visit-ulcinj.com\/blog\/wp-content\/uploads\/2012\/06\/inagurimi-i-rind\u00ebrtimit-t\u00eb-Xhamis\u00eb-s\u00eb-Detar\u00ebve-n\u00eb-Ulqin-150x150.jpg\" class=\"attachment-thumbnail size-thumbnail\" alt=\"\" loading=\"lazy\" \/><\/a>\n\t\t\t<\/dt><\/dl><br style=\"clear: both\" \/><dl class='gallery-item'>\n\t\t\t<dt class='gallery-icon landscape'>\n\t\t\t\t<a href='https:\/\/www.visit-ulcinj.com\/blog\/wp-content\/uploads\/2012\/06\/inagurimi-i-rind\u00ebrtimit-t\u00eb-Xhamis\u00eb-s\u00eb-Detar\u00ebve-n\u00eb-Ulqin.3.jpg'><img width=\"150\" height=\"150\" src=\"https:\/\/www.visit-ulcinj.com\/blog\/wp-content\/uploads\/2012\/06\/inagurimi-i-rind\u00ebrtimit-t\u00eb-Xhamis\u00eb-s\u00eb-Detar\u00ebve-n\u00eb-Ulqin.3-150x150.jpg\" class=\"attachment-thumbnail size-thumbnail\" alt=\"\" loading=\"lazy\" \/><\/a>\n\t\t\t<\/dt><\/dl><dl class='gallery-item'>\n\t\t\t<dt class='gallery-icon landscape'>\n\t\t\t\t<a href='https:\/\/www.visit-ulcinj.com\/blog\/wp-content\/uploads\/2012\/06\/inagurimi-i-rind\u00ebrtimit-t\u00eb-Xhamis\u00eb-s\u00eb-Detar\u00ebve-n\u00eb-Ulqin.4.jpg'><img width=\"150\" height=\"150\" src=\"https:\/\/www.visit-ulcinj.com\/blog\/wp-content\/uploads\/2012\/06\/inagurimi-i-rind\u00ebrtimit-t\u00eb-Xhamis\u00eb-s\u00eb-Detar\u00ebve-n\u00eb-Ulqin.4-150x150.jpg\" class=\"attachment-thumbnail size-thumbnail\" alt=\"\" loading=\"lazy\" \/><\/a>\n\t\t\t<\/dt><\/dl><dl class='gallery-item'>\n\t\t\t<dt class='gallery-icon landscape'>\n\t\t\t\t<a href='https:\/\/www.visit-ulcinj.com\/blog\/wp-content\/uploads\/2012\/06\/inagurimi-i-rind\u00ebrtimit-t\u00eb-Xhamis\u00eb-s\u00eb-Detar\u00ebve-n\u00eb-Ulqin.5.jpg'><img width=\"150\" height=\"150\" src=\"https:\/\/www.visit-ulcinj.com\/blog\/wp-content\/uploads\/2012\/06\/inagurimi-i-rind\u00ebrtimit-t\u00eb-Xhamis\u00eb-s\u00eb-Detar\u00ebve-n\u00eb-Ulqin.5-150x150.jpg\" class=\"attachment-thumbnail size-thumbnail\" alt=\"\" loading=\"lazy\" \/><\/a>\n\t\t\t<\/dt><\/dl><br style=\"clear: both\" \/><dl class='gallery-item'>\n\t\t\t<dt class='gallery-icon landscape'>\n\t\t\t\t<a href='https:\/\/www.visit-ulcinj.com\/blog\/wp-content\/uploads\/2012\/06\/inagurimi-i-rind\u00ebrtimit-t\u00eb-Xhamis\u00eb-s\u00eb-Detar\u00ebve-n\u00eb-Ulqin.6.jpg'><img width=\"150\" height=\"150\" src=\"https:\/\/www.visit-ulcinj.com\/blog\/wp-content\/uploads\/2012\/06\/inagurimi-i-rind\u00ebrtimit-t\u00eb-Xhamis\u00eb-s\u00eb-Detar\u00ebve-n\u00eb-Ulqin.6-150x150.jpg\" class=\"attachment-thumbnail size-thumbnail\" alt=\"\" loading=\"lazy\" \/><\/a>\n\t\t\t<\/dt><\/dl><dl class='gallery-item'>\n\t\t\t<dt class='gallery-icon landscape'>\n\t\t\t\t<a href='https:\/\/www.visit-ulcinj.com\/blog\/wp-content\/uploads\/2012\/06\/inagurimi-i-rind\u00ebrtimit-t\u00eb-Xhamis\u00eb-s\u00eb-Detar\u00ebve-n\u00eb-Ulqin.7.jpg'><img width=\"150\" height=\"150\" src=\"https:\/\/www.visit-ulcinj.com\/blog\/wp-content\/uploads\/2012\/06\/inagurimi-i-rind\u00ebrtimit-t\u00eb-Xhamis\u00eb-s\u00eb-Detar\u00ebve-n\u00eb-Ulqin.7-150x150.jpg\" class=\"attachment-thumbnail size-thumbnail\" alt=\"\" loading=\"lazy\" \/><\/a>\n\t\t\t<\/dt><\/dl><dl class='gallery-item'>\n\t\t\t<dt class='gallery-icon landscape'>\n\t\t\t\t<a href='https:\/\/www.visit-ulcinj.com\/blog\/wp-content\/uploads\/2012\/06\/inagurimi-i-rind\u00ebrtimit-t\u00eb-Xhamis\u00eb-s\u00eb-Detar\u00ebve-n\u00eb-Ulqin.8.jpg'><img width=\"150\" height=\"150\" src=\"https:\/\/www.visit-ulcinj.com\/blog\/wp-content\/uploads\/2012\/06\/inagurimi-i-rind\u00ebrtimit-t\u00eb-Xhamis\u00eb-s\u00eb-Detar\u00ebve-n\u00eb-Ulqin.8-150x150.jpg\" class=\"attachment-thumbnail size-thumbnail\" alt=\"\" loading=\"lazy\" \/><\/a>\n\t\t\t<\/dt><\/dl><br style=\"clear: both\" \/><dl class='gallery-item'>\n\t\t\t<dt class='gallery-icon landscape'>\n\t\t\t\t<a href='https:\/\/www.visit-ulcinj.com\/blog\/wp-content\/uploads\/2012\/06\/inagurimi-i-rind\u00ebrtimit-t\u00eb-Xhamis\u00eb-s\u00eb-Detar\u00ebve-n\u00eb-Ulqin.9.jpg'><img width=\"150\" height=\"150\" src=\"https:\/\/www.visit-ulcinj.com\/blog\/wp-content\/uploads\/2012\/06\/inagurimi-i-rind\u00ebrtimit-t\u00eb-Xhamis\u00eb-s\u00eb-Detar\u00ebve-n\u00eb-Ulqin.9-150x150.jpg\" class=\"attachment-thumbnail size-thumbnail\" alt=\"\" loading=\"lazy\" \/><\/a>\n\t\t\t<\/dt><\/dl><dl class='gallery-item'>\n\t\t\t<dt class='gallery-icon landscape'>\n\t\t\t\t<a href='https:\/\/www.visit-ulcinj.com\/blog\/wp-content\/uploads\/2012\/06\/inagurimi-i-rind\u00ebrtimit-t\u00eb-Xhamis\u00eb-s\u00eb-Detar\u00ebve-n\u00eb-Ulqin.10.jpg'><img width=\"150\" height=\"150\" src=\"https:\/\/www.visit-ulcinj.com\/blog\/wp-content\/uploads\/2012\/06\/inagurimi-i-rind\u00ebrtimit-t\u00eb-Xhamis\u00eb-s\u00eb-Detar\u00ebve-n\u00eb-Ulqin.10-150x150.jpg\" class=\"attachment-thumbnail size-thumbnail\" alt=\"\" loading=\"lazy\" \/><\/a>\n\t\t\t<\/dt><\/dl><dl class='gallery-item'>\n\t\t\t<dt class='gallery-icon landscape'>\n\t\t\t\t<a href='https:\/\/www.visit-ulcinj.com\/blog\/wp-content\/uploads\/2012\/06\/inagurimi-i-rind\u00ebrtimit-t\u00eb-Xhamis\u00eb-s\u00eb-Detar\u00ebve-n\u00eb-Ulqin.11.jpg'><img width=\"150\" height=\"150\" src=\"https:\/\/www.visit-ulcinj.com\/blog\/wp-content\/uploads\/2012\/06\/inagurimi-i-rind\u00ebrtimit-t\u00eb-Xhamis\u00eb-s\u00eb-Detar\u00ebve-n\u00eb-Ulqin.11-150x150.jpg\" class=\"attachment-thumbnail size-thumbnail\" alt=\"\" loading=\"lazy\" \/><\/a>\n\t\t\t<\/dt><\/dl><br style=\"clear: both\" \/><dl class='gallery-item'>\n\t\t\t<dt class='gallery-icon landscape'>\n\t\t\t\t<a href='https:\/\/www.visit-ulcinj.com\/blog\/wp-content\/uploads\/2012\/06\/inagurimi-i-rind\u00ebrtimit-t\u00eb-Xhamis\u00eb-s\u00eb-Detar\u00ebve-n\u00eb-Ulqin.12.jpg'><img width=\"150\" height=\"150\" src=\"https:\/\/www.visit-ulcinj.com\/blog\/wp-content\/uploads\/2012\/06\/inagurimi-i-rind\u00ebrtimit-t\u00eb-Xhamis\u00eb-s\u00eb-Detar\u00ebve-n\u00eb-Ulqin.12-150x150.jpg\" class=\"attachment-thumbnail size-thumbnail\" alt=\"\" loading=\"lazy\" \/><\/a>\n\t\t\t<\/dt><\/dl><dl class='gallery-item'>\n\t\t\t<dt class='gallery-icon landscape'>\n\t\t\t\t<a href='https:\/\/www.visit-ulcinj.com\/blog\/wp-content\/uploads\/2012\/06\/inagurimi-i-rind\u00ebrtimit-t\u00eb-Xhamis\u00eb-s\u00eb-Detar\u00ebve-n\u00eb-Ulqin.13.jpg'><img width=\"150\" height=\"150\" src=\"https:\/\/www.visit-ulcinj.com\/blog\/wp-content\/uploads\/2012\/06\/inagurimi-i-rind\u00ebrtimit-t\u00eb-Xhamis\u00eb-s\u00eb-Detar\u00ebve-n\u00eb-Ulqin.13-150x150.jpg\" class=\"attachment-thumbnail size-thumbnail\" alt=\"\" loading=\"lazy\" \/><\/a>\n\t\t\t<\/dt><\/dl><dl class='gallery-item'>\n\t\t\t<dt class='gallery-icon landscape'>\n\t\t\t\t<a href='https:\/\/www.visit-ulcinj.com\/blog\/wp-content\/uploads\/2012\/06\/inagurimi-i-rind\u00ebrtimit-t\u00eb-Xhamis\u00eb-s\u00eb-Detar\u00ebve-n\u00eb-Ulqin.14.jpg'><img width=\"150\" height=\"150\" src=\"https:\/\/www.visit-ulcinj.com\/blog\/wp-content\/uploads\/2012\/06\/inagurimi-i-rind\u00ebrtimit-t\u00eb-Xhamis\u00eb-s\u00eb-Detar\u00ebve-n\u00eb-Ulqin.14-150x150.jpg\" class=\"attachment-thumbnail size-thumbnail\" alt=\"\" loading=\"lazy\" \/><\/a>\n\t\t\t<\/dt><\/dl><br style=\"clear: both\" \/><dl class='gallery-item'>\n\t\t\t<dt class='gallery-icon portrait'>\n\t\t\t\t<a href='https:\/\/www.visit-ulcinj.com\/blog\/wp-content\/uploads\/2012\/06\/inagurimi-i-rind\u00ebrtimit-t\u00eb-Xhamis\u00eb-s\u00eb-Detar\u00ebve-n\u00eb-Ulqin.15.jpg'><img width=\"150\" height=\"150\" src=\"https:\/\/www.visit-ulcinj.com\/blog\/wp-content\/uploads\/2012\/06\/inagurimi-i-rind\u00ebrtimit-t\u00eb-Xhamis\u00eb-s\u00eb-Detar\u00ebve-n\u00eb-Ulqin.15-150x150.jpg\" class=\"attachment-thumbnail size-thumbnail\" alt=\"\" loading=\"lazy\" \/><\/a>\n\t\t\t<\/dt><\/dl><dl class='gallery-item'>\n\t\t\t<dt class='gallery-icon landscape'>\n\t\t\t\t<a href='https:\/\/www.visit-ulcinj.com\/blog\/wp-content\/uploads\/2012\/06\/inagurimi-i-rind\u00ebrtimit-t\u00eb-Xhamis\u00eb-s\u00eb-Detar\u00ebve-n\u00eb-Ulqin.16.jpg'><img width=\"150\" height=\"150\" src=\"https:\/\/www.visit-ulcinj.com\/blog\/wp-content\/uploads\/2012\/06\/inagurimi-i-rind\u00ebrtimit-t\u00eb-Xhamis\u00eb-s\u00eb-Detar\u00ebve-n\u00eb-Ulqin.16-150x150.jpg\" class=\"attachment-thumbnail size-thumbnail\" alt=\"\" loading=\"lazy\" \/><\/a>\n\t\t\t<\/dt><\/dl><dl class='gallery-item'>\n\t\t\t<dt class='gallery-icon landscape'>\n\t\t\t\t<a href='https:\/\/www.visit-ulcinj.com\/blog\/wp-content\/uploads\/2012\/06\/inagurimi-i-rind\u00ebrtimit-t\u00eb-Xhamis\u00eb-s\u00eb-Detar\u00ebve-n\u00eb-Ulqin.17.jpg'><img width=\"150\" height=\"150\" src=\"https:\/\/www.visit-ulcinj.com\/blog\/wp-content\/uploads\/2012\/06\/inagurimi-i-rind\u00ebrtimit-t\u00eb-Xhamis\u00eb-s\u00eb-Detar\u00ebve-n\u00eb-Ulqin.17-150x150.jpg\" class=\"attachment-thumbnail size-thumbnail\" alt=\"\" loading=\"lazy\" \/><\/a>\n\t\t\t<\/dt><\/dl><br style=\"clear: both\" \/><dl class='gallery-item'>\n\t\t\t<dt class='gallery-icon landscape'>\n\t\t\t\t<a href='https:\/\/www.visit-ulcinj.com\/blog\/wp-content\/uploads\/2012\/06\/inagurimi-i-rind\u00ebrtimit-t\u00eb-Xhamis\u00eb-s\u00eb-Detar\u00ebve-n\u00eb-Ulqin.18.jpg'><img width=\"150\" height=\"150\" src=\"https:\/\/www.visit-ulcinj.com\/blog\/wp-content\/uploads\/2012\/06\/inagurimi-i-rind\u00ebrtimit-t\u00eb-Xhamis\u00eb-s\u00eb-Detar\u00ebve-n\u00eb-Ulqin.18-150x150.jpg\" class=\"attachment-thumbnail size-thumbnail\" alt=\"\" loading=\"lazy\" \/><\/a>\n\t\t\t<\/dt><\/dl><dl class='gallery-item'>\n\t\t\t<dt class='gallery-icon landscape'>\n\t\t\t\t<a href='https:\/\/www.visit-ulcinj.com\/blog\/wp-content\/uploads\/2012\/06\/inagurimi-i-rind\u00ebrtimit-t\u00eb-Xhamis\u00eb-s\u00eb-Detar\u00ebve-n\u00eb-Ulqin.19.jpg'><img width=\"150\" height=\"150\" src=\"https:\/\/www.visit-ulcinj.com\/blog\/wp-content\/uploads\/2012\/06\/inagurimi-i-rind\u00ebrtimit-t\u00eb-Xhamis\u00eb-s\u00eb-Detar\u00ebve-n\u00eb-Ulqin.19-150x150.jpg\" class=\"attachment-thumbnail size-thumbnail\" alt=\"\" loading=\"lazy\" \/><\/a>\n\t\t\t<\/dt><\/dl><dl class='gallery-item'>\n\t\t\t<dt class='gallery-icon landscape'>\n\t\t\t\t<a href='https:\/\/www.visit-ulcinj.com\/blog\/wp-content\/uploads\/2012\/06\/inagurimi-i-rind\u00ebrtimit-t\u00eb-Xhamis\u00eb-s\u00eb-Detar\u00ebve-n\u00eb-Ulqin.20.jpg'><img width=\"150\" height=\"150\" src=\"https:\/\/www.visit-ulcinj.com\/blog\/wp-content\/uploads\/2012\/06\/inagurimi-i-rind\u00ebrtimit-t\u00eb-Xhamis\u00eb-s\u00eb-Detar\u00ebve-n\u00eb-Ulqin.20-150x150.jpg\" class=\"attachment-thumbnail size-thumbnail\" alt=\"\" loading=\"lazy\" \/><\/a>\n\t\t\t<\/dt><\/dl><br style=\"clear: both\" \/><dl class='gallery-item'>\n\t\t\t<dt class='gallery-icon landscape'>\n\t\t\t\t<a href='https:\/\/www.visit-ulcinj.com\/blog\/wp-content\/uploads\/2012\/06\/inagurimi-i-rind\u00ebrtimit-t\u00eb-Xhamis\u00eb-s\u00eb-Detar\u00ebve-n\u00eb-Ulqin.1.jpg'><img width=\"150\" height=\"150\" src=\"https:\/\/www.visit-ulcinj.com\/blog\/wp-content\/uploads\/2012\/06\/inagurimi-i-rind\u00ebrtimit-t\u00eb-Xhamis\u00eb-s\u00eb-Detar\u00ebve-n\u00eb-Ulqin.1-150x150.jpg\" class=\"attachment-thumbnail size-thumbnail\" alt=\"\" loading=\"lazy\" \/><\/a>\n\t\t\t<\/dt><\/dl><dl class='gallery-item'>\n\t\t\t<dt class='gallery-icon landscape'>\n\t\t\t\t<a href='https:\/\/www.visit-ulcinj.com\/blog\/wp-content\/uploads\/2012\/06\/inagurimi-i-rind\u00ebrtimit-t\u00eb-Xhamis\u00eb-s\u00eb-Detar\u00ebve-n\u00eb-Ulqin.2.jpg'><img width=\"150\" height=\"150\" src=\"https:\/\/www.visit-ulcinj.com\/blog\/wp-content\/uploads\/2012\/06\/inagurimi-i-rind\u00ebrtimit-t\u00eb-Xhamis\u00eb-s\u00eb-Detar\u00ebve-n\u00eb-Ulqin.2-150x150.jpg\" class=\"attachment-thumbnail size-thumbnail\" alt=\"\" loading=\"lazy\" \/><\/a>\n\t\t\t<\/dt><\/dl><dl class='gallery-item'>\n\t\t\t<dt class='gallery-icon landscape'>\n\t\t\t\t<a href='https:\/\/www.visit-ulcinj.com\/blog\/wp-content\/uploads\/2012\/06\/inagurimi-i-rind\u00ebrtimit-t\u00eb-Xhamis\u00eb-s\u00eb-Detar\u00ebve-n\u00eb-Ulqin.21.jpg'><img width=\"150\" height=\"150\" src=\"https:\/\/www.visit-ulcinj.com\/blog\/wp-content\/uploads\/2012\/06\/inagurimi-i-rind\u00ebrtimit-t\u00eb-Xhamis\u00eb-s\u00eb-Detar\u00ebve-n\u00eb-Ulqin.21-150x150.jpg\" class=\"attachment-thumbnail size-thumbnail\" alt=\"\" loading=\"lazy\" \/><\/a>\n\t\t\t<\/dt><\/dl><br style=\"clear: both\" \/><dl class='gallery-item'>\n\t\t\t<dt class='gallery-icon portrait'>\n\t\t\t\t<a href='https:\/\/www.visit-ulcinj.com\/blog\/wp-content\/uploads\/2012\/06\/Hapja-solemne-e-xhamise-se-detarve-ne-Ran\u00eb-Ulqin.jpg'><img width=\"150\" height=\"150\" src=\"https:\/\/www.visit-ulcinj.com\/blog\/wp-content\/uploads\/2012\/06\/Hapja-solemne-e-xhamise-se-detarve-ne-Ran\u00eb-Ulqin-150x150.jpg\" class=\"attachment-thumbnail size-thumbnail\" alt=\"\" loading=\"lazy\" \/><\/a>\n\t\t\t<\/dt><\/dl><dl class='gallery-item'>\n\t\t\t<dt class='gallery-icon landscape'>\n\t\t\t\t<a href='https:\/\/www.visit-ulcinj.com\/blog\/wp-content\/uploads\/2012\/06\/Hapja-solemne-e-xhamise-se-detarve-ne-Ran\u00eb-Ulqin.2.jpg'><img width=\"150\" height=\"150\" src=\"https:\/\/www.visit-ulcinj.com\/blog\/wp-content\/uploads\/2012\/06\/Hapja-solemne-e-xhamise-se-detarve-ne-Ran\u00eb-Ulqin.2-150x150.jpg\" class=\"attachment-thumbnail size-thumbnail\" alt=\"\" loading=\"lazy\" \/><\/a>\n\t\t\t<\/dt><\/dl><dl class='gallery-item'>\n\t\t\t<dt class='gallery-icon landscape'>\n\t\t\t\t<a href='https:\/\/www.visit-ulcinj.com\/blog\/wp-content\/uploads\/2012\/06\/Hapja-solemne-e-xhamise-se-detarve-ne-Ran\u00eb-Ulqin.1.jpg'><img width=\"150\" height=\"150\" src=\"https:\/\/www.visit-ulcinj.com\/blog\/wp-content\/uploads\/2012\/06\/Hapja-solemne-e-xhamise-se-detarve-ne-Ran\u00eb-Ulqin.1-150x150.jpg\" class=\"attachment-thumbnail size-thumbnail\" alt=\"\" loading=\"lazy\" \/><\/a>\n\t\t\t<\/dt><\/dl><br style=\"clear: both\" \/>\n\t\t<\/div>\n<\/p>\n","protected":false},"excerpt":{"rendered":"<p>Sot n\u00eb qytetin e Ulqinit n\u00eb Ran\u00eb, u b\u00eb hapja e objektit t\u00eb xhamis\u00eb s\u00eb Detarve. N\u00eb aktin solemn, merrnin pjes\u00eb krer\u00ebt e bashk\u00ebsive fetare nga Mali I Zi,Maqedonia, Kosova,Shqiperia,Bosna &amp; Hercegovina etj, si dhe autoritetet e komun\u00ebs s\u00eb Ulqinit. P\u00ebr m\u00eb tep\u00ebr informata do ju njoftojm m\u00eb von\u00eb. N\u00eb pranin\u00eb e nj\u00eb numri t\u00eb [&hellip;]<\/p>\n","protected":false},"author":1,"featured_media":0,"comment_status":"open","ping_status":"closed","sticky":false,"template":"","format":"standard","meta":{"spay_email":"","jetpack_publicize_message":"","jetpack_is_tweetstorm":false,"jetpack_publicize_feature_enabled":true},"categories":[1,13],"tags":[200,18,20600,20599],"jetpack_publicize_connections":[],"yoast_head":"<!-- This site is optimized with the Yoast SEO plugin v19.1 - https:\/\/yoast.com\/wordpress\/plugins\/seo\/ -->\n<title>N\u00eb Ran\u00eb t\u00eb Ulqinit u perurua objekti i xhamis\u00eb s\u00eb detarve + TV Teuta Video - Lajme nga Ulqini<\/title>\n<meta name=\"description\" content=\"Sot n\u00eb qytetin e Ulqinit n\u00eb Ran\u00eb, u b\u00eb hapja e objektit t\u00eb xhamis\u00eb s\u00eb Detarve. N\u00eb aktin solemn, merrnin pjes\u00eb krer\u00ebt e bashk\u00ebsive fetare nga Mali I\" \/>\n<meta name=\"robots\" content=\"index, follow, max-snippet:-1, max-image-preview:large, max-video-preview:-1\" \/>\n<link rel=\"canonical\" href=\"https:\/\/www.visit-ulcinj.com\/blog\/2012\/06\/01\/ne-rane-te-ulqinit-u-perurua-objekti-i-xhamise-se-detarve\/\" \/>\n<meta property=\"og:locale\" content=\"en_US\" \/>\n<meta property=\"og:type\" content=\"article\" \/>\n<meta property=\"og:title\" content=\"N\u00eb Ran\u00eb t\u00eb Ulqinit u perurua objekti i xhamis\u00eb s\u00eb detarve + TV Teuta Video - Lajme nga Ulqini\" \/>\n<meta property=\"og:description\" content=\"Sot n\u00eb qytetin e Ulqinit n\u00eb Ran\u00eb, u b\u00eb hapja e objektit t\u00eb xhamis\u00eb s\u00eb Detarve. N\u00eb aktin solemn, merrnin pjes\u00eb krer\u00ebt e bashk\u00ebsive fetare nga Mali I\" \/>\n<meta property=\"og:url\" content=\"https:\/\/www.visit-ulcinj.com\/blog\/2012\/06\/01\/ne-rane-te-ulqinit-u-perurua-objekti-i-xhamise-se-detarve\/\" \/>\n<meta property=\"og:site_name\" content=\"Lajme nga Ulqini\" \/>\n<meta property=\"article:published_time\" content=\"2012-06-01T13:37:28+00:00\" \/>\n<meta property=\"article:modified_time\" content=\"2012-06-06T14:25:01+00:00\" \/>\n<meta property=\"og:image\" content=\"https:\/\/www.visit-ulcinj.com\/blog\/wp-content\/uploads\/2012\/06\/Xhamia-e-Detarve-ne-Ran\u00eb-Ulqin.7-150x150.jpg\" \/>\n<meta name=\"twitter:label1\" content=\"Written by\" \/>\n\t<meta name=\"twitter:data1\" content=\"ulqini\" \/>\n\t<meta name=\"twitter:label2\" content=\"Est. reading time\" \/>\n\t<meta name=\"twitter:data2\" content=\"2 minutes\" \/>\n<script type=\"application\/ld+json\" class=\"yoast-schema-graph\">{\"@context\":\"https:\/\/schema.org\",\"@graph\":[{\"@type\":\"WebSite\",\"@id\":\"https:\/\/www.visit-ulcinj.com\/blog\/#website\",\"url\":\"https:\/\/www.visit-ulcinj.com\/blog\/\",\"name\":\"Lajme nga Ulqini\",\"description\":\"Lajme,Vijesti,Ulqini,Ulqin,Crna Gora,Mali i Zi\",\"potentialAction\":[{\"@type\":\"SearchAction\",\"target\":{\"@type\":\"EntryPoint\",\"urlTemplate\":\"https:\/\/www.visit-ulcinj.com\/blog\/?s={search_term_string}\"},\"query-input\":\"required name=search_term_string\"}],\"inLanguage\":\"en-US\"},{\"@type\":\"ImageObject\",\"inLanguage\":\"en-US\",\"@id\":\"https:\/\/www.visit-ulcinj.com\/blog\/2012\/06\/01\/ne-rane-te-ulqinit-u-perurua-objekti-i-xhamise-se-detarve\/#primaryimage\",\"url\":\"https:\/\/www.visit-ulcinj.com\/blog\/wp-content\/uploads\/2012\/06\/imami-i-Ulqinit-Rifat-Jusufi_inagurimi-i-xhamise.jpg\",\"contentUrl\":\"https:\/\/www.visit-ulcinj.com\/blog\/wp-content\/uploads\/2012\/06\/imami-i-Ulqinit-Rifat-Jusufi_inagurimi-i-xhamise.jpg\",\"width\":\"508\",\"height\":\"286\"},{\"@type\":\"WebPage\",\"@id\":\"https:\/\/www.visit-ulcinj.com\/blog\/2012\/06\/01\/ne-rane-te-ulqinit-u-perurua-objekti-i-xhamise-se-detarve\/#webpage\",\"url\":\"https:\/\/www.visit-ulcinj.com\/blog\/2012\/06\/01\/ne-rane-te-ulqinit-u-perurua-objekti-i-xhamise-se-detarve\/\",\"name\":\"N\u00eb Ran\u00eb t\u00eb Ulqinit u perurua objekti i xhamis\u00eb s\u00eb detarve + TV Teuta Video - Lajme nga Ulqini\",\"isPartOf\":{\"@id\":\"https:\/\/www.visit-ulcinj.com\/blog\/#website\"},\"primaryImageOfPage\":{\"@id\":\"https:\/\/www.visit-ulcinj.com\/blog\/2012\/06\/01\/ne-rane-te-ulqinit-u-perurua-objekti-i-xhamise-se-detarve\/#primaryimage\"},\"datePublished\":\"2012-06-01T13:37:28+00:00\",\"dateModified\":\"2012-06-06T14:25:01+00:00\",\"author\":{\"@id\":\"https:\/\/www.visit-ulcinj.com\/blog\/#\/schema\/person\/dcab619c614d3038751c63bc2aadc06d\"},\"description\":\"Sot n\u00eb qytetin e Ulqinit n\u00eb Ran\u00eb, u b\u00eb hapja e objektit t\u00eb xhamis\u00eb s\u00eb Detarve. N\u00eb aktin solemn, merrnin pjes\u00eb krer\u00ebt e bashk\u00ebsive fetare nga Mali I\",\"breadcrumb\":{\"@id\":\"https:\/\/www.visit-ulcinj.com\/blog\/2012\/06\/01\/ne-rane-te-ulqinit-u-perurua-objekti-i-xhamise-se-detarve\/#breadcrumb\"},\"inLanguage\":\"en-US\",\"potentialAction\":[{\"@type\":\"ReadAction\",\"target\":[\"https:\/\/www.visit-ulcinj.com\/blog\/2012\/06\/01\/ne-rane-te-ulqinit-u-perurua-objekti-i-xhamise-se-detarve\/\"]}]},{\"@type\":\"BreadcrumbList\",\"@id\":\"https:\/\/www.visit-ulcinj.com\/blog\/2012\/06\/01\/ne-rane-te-ulqinit-u-perurua-objekti-i-xhamise-se-detarve\/#breadcrumb\",\"itemListElement\":[{\"@type\":\"ListItem\",\"position\":1,\"name\":\"N\u00eb Ran\u00eb t\u00eb Ulqinit u perurua objekti i xhamis\u00eb s\u00eb detarve + TV Teuta Video\"}]},{\"@type\":\"Person\",\"@id\":\"https:\/\/www.visit-ulcinj.com\/blog\/#\/schema\/person\/dcab619c614d3038751c63bc2aadc06d\",\"name\":\"ulqini\",\"sameAs\":[\"http:\/\/www.visit-ulcinj.com\"],\"url\":\"https:\/\/www.visit-ulcinj.com\/blog\/author\/admin\/\"}]}<\/script>\n<!-- \/ Yoast SEO plugin. -->","yoast_head_json":{"title":"N\u00eb Ran\u00eb t\u00eb Ulqinit u perurua objekti i xhamis\u00eb s\u00eb detarve + TV Teuta Video - Lajme nga Ulqini","description":"Sot n\u00eb qytetin e Ulqinit n\u00eb Ran\u00eb, u b\u00eb hapja e objektit t\u00eb xhamis\u00eb s\u00eb Detarve. N\u00eb aktin solemn, merrnin pjes\u00eb krer\u00ebt e bashk\u00ebsive fetare nga Mali I","robots":{"index":"index","follow":"follow","max-snippet":"max-snippet:-1","max-image-preview":"max-image-preview:large","max-video-preview":"max-video-preview:-1"},"canonical":"https:\/\/www.visit-ulcinj.com\/blog\/2012\/06\/01\/ne-rane-te-ulqinit-u-perurua-objekti-i-xhamise-se-detarve\/","og_locale":"en_US","og_type":"article","og_title":"N\u00eb Ran\u00eb t\u00eb Ulqinit u perurua objekti i xhamis\u00eb s\u00eb detarve + TV Teuta Video - Lajme nga Ulqini","og_description":"Sot n\u00eb qytetin e Ulqinit n\u00eb Ran\u00eb, u b\u00eb hapja e objektit t\u00eb xhamis\u00eb s\u00eb Detarve. N\u00eb aktin solemn, merrnin pjes\u00eb krer\u00ebt e bashk\u00ebsive fetare nga Mali I","og_url":"https:\/\/www.visit-ulcinj.com\/blog\/2012\/06\/01\/ne-rane-te-ulqinit-u-perurua-objekti-i-xhamise-se-detarve\/","og_site_name":"Lajme nga Ulqini","article_published_time":"2012-06-01T13:37:28+00:00","article_modified_time":"2012-06-06T14:25:01+00:00","og_image":[{"url":"https:\/\/www.visit-ulcinj.com\/blog\/wp-content\/uploads\/2012\/06\/Xhamia-e-Detarve-ne-Ran\u00eb-Ulqin.7-150x150.jpg"}],"twitter_misc":{"Written by":"ulqini","Est. reading time":"2 minutes"},"schema":{"@context":"https:\/\/schema.org","@graph":[{"@type":"WebSite","@id":"https:\/\/www.visit-ulcinj.com\/blog\/#website","url":"https:\/\/www.visit-ulcinj.com\/blog\/","name":"Lajme nga Ulqini","description":"Lajme,Vijesti,Ulqini,Ulqin,Crna Gora,Mali i Zi","potentialAction":[{"@type":"SearchAction","target":{"@type":"EntryPoint","urlTemplate":"https:\/\/www.visit-ulcinj.com\/blog\/?s={search_term_string}"},"query-input":"required name=search_term_string"}],"inLanguage":"en-US"},{"@type":"ImageObject","inLanguage":"en-US","@id":"https:\/\/www.visit-ulcinj.com\/blog\/2012\/06\/01\/ne-rane-te-ulqinit-u-perurua-objekti-i-xhamise-se-detarve\/#primaryimage","url":"https:\/\/www.visit-ulcinj.com\/blog\/wp-content\/uploads\/2012\/06\/imami-i-Ulqinit-Rifat-Jusufi_inagurimi-i-xhamise.jpg","contentUrl":"https:\/\/www.visit-ulcinj.com\/blog\/wp-content\/uploads\/2012\/06\/imami-i-Ulqinit-Rifat-Jusufi_inagurimi-i-xhamise.jpg","width":"508","height":"286"},{"@type":"WebPage","@id":"https:\/\/www.visit-ulcinj.com\/blog\/2012\/06\/01\/ne-rane-te-ulqinit-u-perurua-objekti-i-xhamise-se-detarve\/#webpage","url":"https:\/\/www.visit-ulcinj.com\/blog\/2012\/06\/01\/ne-rane-te-ulqinit-u-perurua-objekti-i-xhamise-se-detarve\/","name":"N\u00eb Ran\u00eb t\u00eb Ulqinit u perurua objekti i xhamis\u00eb s\u00eb detarve + TV Teuta Video - Lajme nga Ulqini","isPartOf":{"@id":"https:\/\/www.visit-ulcinj.com\/blog\/#website"},"primaryImageOfPage":{"@id":"https:\/\/www.visit-ulcinj.com\/blog\/2012\/06\/01\/ne-rane-te-ulqinit-u-perurua-objekti-i-xhamise-se-detarve\/#primaryimage"},"datePublished":"2012-06-01T13:37:28+00:00","dateModified":"2012-06-06T14:25:01+00:00","author":{"@id":"https:\/\/www.visit-ulcinj.com\/blog\/#\/schema\/person\/dcab619c614d3038751c63bc2aadc06d"},"description":"Sot n\u00eb qytetin e Ulqinit n\u00eb Ran\u00eb, u b\u00eb hapja e objektit t\u00eb xhamis\u00eb s\u00eb Detarve. N\u00eb aktin solemn, merrnin pjes\u00eb krer\u00ebt e bashk\u00ebsive fetare nga Mali I","breadcrumb":{"@id":"https:\/\/www.visit-ulcinj.com\/blog\/2012\/06\/01\/ne-rane-te-ulqinit-u-perurua-objekti-i-xhamise-se-detarve\/#breadcrumb"},"inLanguage":"en-US","potentialAction":[{"@type":"ReadAction","target":["https:\/\/www.visit-ulcinj.com\/blog\/2012\/06\/01\/ne-rane-te-ulqinit-u-perurua-objekti-i-xhamise-se-detarve\/"]}]},{"@type":"BreadcrumbList","@id":"https:\/\/www.visit-ulcinj.com\/blog\/2012\/06\/01\/ne-rane-te-ulqinit-u-perurua-objekti-i-xhamise-se-detarve\/#breadcrumb","itemListElement":[{"@type":"ListItem","position":1,"name":"N\u00eb Ran\u00eb t\u00eb Ulqinit u perurua objekti i xhamis\u00eb s\u00eb detarve + TV Teuta Video"}]},{"@type":"Person","@id":"https:\/\/www.visit-ulcinj.com\/blog\/#\/schema\/person\/dcab619c614d3038751c63bc2aadc06d","name":"ulqini","sameAs":["http:\/\/www.visit-ulcinj.com"],"url":"https:\/\/www.visit-ulcinj.com\/blog\/author\/admin\/"}]}},"jetpack_featured_media_url":"","jetpack_sharing_enabled":true,"jetpack_shortlink":"https:\/\/wp.me\/pe6lTn-fUm","_links":{"self":[{"href":"https:\/\/www.visit-ulcinj.com\/blog\/wp-json\/wp\/v2\/posts\/61154"}],"collection":[{"href":"https:\/\/www.visit-ulcinj.com\/blog\/wp-json\/wp\/v2\/posts"}],"about":[{"href":"https:\/\/www.visit-ulcinj.com\/blog\/wp-json\/wp\/v2\/types\/post"}],"author":[{"embeddable":true,"href":"https:\/\/www.visit-ulcinj.com\/blog\/wp-json\/wp\/v2\/users\/1"}],"replies":[{"embeddable":true,"href":"https:\/\/www.visit-ulcinj.com\/blog\/wp-json\/wp\/v2\/comments?post=61154"}],"version-history":[{"count":18,"href":"https:\/\/www.visit-ulcinj.com\/blog\/wp-json\/wp\/v2\/posts\/61154\/revisions"}],"predecessor-version":[{"id":61188,"href":"https:\/\/www.visit-ulcinj.com\/blog\/wp-json\/wp\/v2\/posts\/61154\/revisions\/61188"}],"wp:attachment":[{"href":"https:\/\/www.visit-ulcinj.com\/blog\/wp-json\/wp\/v2\/media?parent=61154"}],"wp:term":[{"taxonomy":"category","embeddable":true,"href":"https:\/\/www.visit-ulcinj.com\/blog\/wp-json\/wp\/v2\/categories?post=61154"},{"taxonomy":"post_tag","embeddable":true,"href":"https:\/\/www.visit-ulcinj.com\/blog\/wp-json\/wp\/v2\/tags?post=61154"}],"curies":[{"name":"wp","href":"https:\/\/api.w.org\/{rel}","templated":true}]}}