{"id":61171,"date":"2012-06-01T15:31:40","date_gmt":"2012-06-01T14:31:40","guid":{"rendered":"http:\/\/www.visit-ulcinj.com\/blog\/?p=61171"},"modified":"2012-06-01T15:31:40","modified_gmt":"2012-06-01T14:31:40","slug":"zrtvovali-skrelju-za-luksicevu-fotelju","status":"publish","type":"post","link":"https:\/\/www.visit-ulcinj.com\/blog\/2012\/06\/01\/zrtvovali-skrelju-za-luksicevu-fotelju\/","title":{"rendered":"\u017drtvovali \u0160krelju za Luk\u0161i\u0107evu fotelju"},"content":{"rendered":"<p><a href=\"http:\/\/www.visit-ulcinj.com\/blog\/wp-content\/uploads\/2012\/06\/Luidj-Skrelja_clan-Sudskog-savjeta-Crne-Gore.jpg\"><img loading=\"lazy\" class=\"alignleft  wp-image-61172\" title=\"Luidj Skrelja_clan Sudskog savjeta Crne Gore\" src=\"http:\/\/www.visit-ulcinj.com\/blog\/wp-content\/uploads\/2012\/06\/Luidj-Skrelja_clan-Sudskog-savjeta-Crne-Gore.jpg\" alt=\"\" width=\"508\" height=\"360\" \/><\/a>Predlaganje Ra\u0161ka Konjevi\u0107a za \u010dlana Sudskog savjeta umjesto Ljui\u0111a \u0160krelje rezultat je ucjene Socijaldemokratske partije koja je, po ocjeni opozicije i analiti\u010dara, izme\u0111u ostalog i time uslovila podr\u0161ku rebalansu bud\u017eeta \u010dije je neusvajanje moglo rezultirati padom Vlade Igora Luk\u0161i\u0107a. Da se radilo o ucjeni tvrde i u DPS-u, \u0161to je jasno na Administrativnom odboru saop\u0161tio poslanik te partije Milorad Vuleti\u0107.<br \/>\nPoslanik Pokreta za promjene Ko\u010da Pavlovi\u0107 kazao je za \u201eDan\u201d da je kompromituju\u0107i izbor ekonomiste Konjevi\u0107a za \u010dlana Sudskog savjeta dio procesa ponovnog ujedinjavanja predizborne koalicije DPS\u2013SDP.<br \/>\n\u2013 Dio istog tog procesa je i aktuelno konstituisanje DPS\u2013SDP lokalne vlasti u Tivtu. Dio istog procesa su i bjesomu\u010dni ali utemeljeni napadi SDP-a na Miomira Mugo\u0161u, koji predstavljaju poku\u0161aj SDP-a da se prije jesenjih izbora vrati u podgori\u010dku lokalnu vlast \u2013 istakao je on.<br \/>\nKako je dodao, da im Mugo\u0161a ponudi povratak, sav njegov kriminal bi istog trena postao prihvatljiv za \u201eprincipijelni\u201d SDP, koji je poznat kao stranka \u010distih ruku.<br \/>\n\u2013 Sve ove politi\u010dke i kadrovske trgovine na relaciji DPS\u2013SDP dio su \u0161ireg paketa u koji spada i nedavna SDP-ova podr\u0161ka rebalansu bud\u017eeta. Tu je i \u201eslu\u010dajno\u201d SDP-ovo miniranje Zakona o bezbjednosti saobra\u0107aja na putevima koji je predlo\u017eio njihov ministar Ivan Brajovi\u0107 \u2013 tvrdi Pavlovi\u0107.<br \/>\nPo njegovoj ocjeni, \u201edio tog \u0161ireg paket-aran\u017emana bi\u0107e i impotentni zaklju\u010dci o KAP-u sa kojima \u0107e SDP verifikovati plja\u010dku koja se tamo de\u0161ava, a koja je najve\u0107a pohara u tu\u017enoj crnogorskoj istoriji\u201d.<br \/>\n\u2013 Ove prljave politi\u010dke trgovine DPS-a i SDP-a potvr\u0111uju da je pravosu\u0111e pod totalnom kontrolom. Pravosu\u0111e je akcionarsko dru\u0161tvo DPS-a i SDP-a \u2013 rekao je Pavlovi\u0107, uz ocjenu da je zahtjev PzP-a za reizbor svih sudija i tu\u017eilaca apsolutno opravdan.<br \/>\nPoslani\u010dki klub SDP-a predlo\u017eio je Konjevi\u0107a za \u010dlana Sudskog savjeta iako je Administrativni odbor prije otprilike dva mjeseca jednoglasno odlu\u010dio da se novi mandat povjeri Ljui\u0111u \u0160krelji i Nevenu Go\u0161ovi\u0107u. Na o\u0161tre kritike i ocjene da se radi o ucjeni i podmetanju kukavi\u010djeg jajeta, potpredsjednik SDP-a Rifat Rastoder odgovorio je da on nije ni\u0161ta kriv ve\u0107 da se radi o odluci Predsjedni\u0161tva DPS-a.<br \/>\nPoslanik SNP-a Velizar Kalu\u0111erovi\u0107 rekao je da, kad neko ne radi po zakonu, \u0161to se mo\u017ee u najve\u0107em broju slu\u010dajeve re\u0107i za aktuelnu vlast, i kad funkcioni\u0161e na principima koji \u0161tite interese pojedinaca iz vrha vlasti i njima bliskih ljudi, onda ima napretek mogu\u0107nosti ucjena.<br \/>\n<a href=\"http:\/\/www.visit-ulcinj.com\/blog\/wp-content\/uploads\/2012\/06\/Luidj-Skrelja_clan-Sudskog-savjeta-Crne-Gore.2.jpg\"><img loading=\"lazy\" class=\"alignleft  wp-image-61173\" title=\"Luidj Skrelja_clan Sudskog savjeta Crne Gore.2\" src=\"http:\/\/www.visit-ulcinj.com\/blog\/wp-content\/uploads\/2012\/06\/Luidj-Skrelja_clan-Sudskog-savjeta-Crne-Gore.2.jpg\" alt=\"\" width=\"508\" height=\"300\" \/><\/a><br \/>\n\u2013 Simptomati\u010dno je da su se rukovodstva DPS-a i SDP-a politi\u010dki i partijski dogovarala o pitanjima zna\u010dajnim za pravosu\u0111e. U trenutku kad su aktuelni amandmani na Ustav za koje se bar deklarativno govori da im je cilj da se obezbijedi vi\u0161i nivo nezavisnosti, samostalnosti i profesionalnosti u pravosu\u0111u, a posebno nezavisnosti od politi\u010dkog uticaja, de\u0161ava se klasi\u010dna politi\u010dka nagodba izme\u0111u dvije partije vladaju\u0107e koalicije oko partijske zastupljenosti u najzna\u010dajnijem organu u sudstvu \u2013 Sudskom savjetu \u2013 smatra on.<br \/>\nDa je u pitanju nagodba, dogovarana u naju\u017eem krugu rukovodstava DPS-a i SDP-a, ka\u017ee Kalu\u0111erovi\u0107, potvr\u0111uje i \u010dinjenica da \u0160krelja do pred po\u010detak sjednice nije znao da je njegova partija odlu\u010dila da ga skloni sa tog mjesta.<br \/>\nI zamjenik predsjednika Nove srpske demokratije Goran Danilovi\u0107 smatra da je izbor Konjevi\u0107a za \u010dlana Sudskog savjeta politi\u010dki dogovor.<br \/>\nZasad, kako je kazao, nije siguran da li \u0107e Nova podr\u017eati taj predlog.<br \/>\n\u2013 Prilikom glasanja i odlu\u010divanja poslanici Nove ima\u0107e u vidu i stru\u010dne kvalifikacije kandidata \u2013 najavljuje Danilovi\u0107.<\/p>\n<p><strong> V.RADENOVI\u0106<\/strong><br \/>\n<a href=\"http:\/\/www.visit-ulcinj.com\/blog\/wp-content\/uploads\/2012\/06\/Luidj-Skrelja_clan-Sudskog-savjeta-Crne-Gore.1.jpg\"><img loading=\"lazy\" class=\"alignleft  wp-image-61174\" title=\"Luidj Skrelja_clan Sudskog savjeta Crne Gore.1\" src=\"http:\/\/www.visit-ulcinj.com\/blog\/wp-content\/uploads\/2012\/06\/Luidj-Skrelja_clan-Sudskog-savjeta-Crne-Gore.1.jpg\" alt=\"\" width=\"508\" height=\"300\" \/><\/a><\/p>\n<p><strong> Politi\u010dka odluka<\/strong><\/p>\n<p>\u010clan Sudskog savjeta treba da ima elementarni osje\u0107aj pravi\u010dnosti i pobune, a profesija za tu funkciju nije presudna, ocijenio je advokat Neboj\u0161a Batri\u0107evi\u0107. On je agenciji Mina kazao da je predlo\u017eeni izbor Konjevi\u0107a za \u010dlana Sudskog savjeta politi\u010dka odluka.<br \/>\n\u2013 U ovoj dr\u017eavi sve je politika, pa i to. Smatram da je neko iz SDP-a, iz pravne struke trebao pokrivati to mjesto ali dosada\u0161njim radom i anga\u017emanom Konjevi\u0107 je zavrijedio da bude \u010dlan Sudskog savjeta. Treba nam neko ko \u0107e ne\u0161to uozbiljiti, mijenjati a ne klimati glavom. Mislim da nije slu\u010dajno izabran Konjevi\u0107 na to mjesto \u2013 zaklju\u010dio je Batri\u0107evi\u0107.<\/p>\n<p><strong> Odla\u017eu ustavne promjene<\/strong><br \/>\nOvakvo kadrovsko rje\u0161enje, kako je dodao Ko\u010da Pavlovi\u0107, nije privremeno, jer u DPS-u i SDP-u o\u010digledno ra\u010dunaju da \u0107e usvojiti izmjene Ustava po kojima \u0107e poslanici ostati u Sudskom savjetu.<br \/>\n\u2013 Mogu\u0107e je da \u0107e izmjene Ustava odlo\u017eiti za godinu ili dvije po\u0161to nijesu uslov za po\u010detak pregovora ili \u0107e tra\u017eiti da postoje\u0107i saziv Sudskog savjeta ostane do kraja mandata \u2013 zaklju\u010duje Pavlovi\u0107.<\/p>\n<p>Manipulacije<\/p>\n<p>Profesor Filip Kova\u010devi\u0107 smatra da se ovdje ne radi o ucjenjivanju nego o uhodanom dugogodi\u0161njem saradni\u010dkom odnosu predsjednika DPS-a Mila \u0110ukanovi\u0107a i predsjednika SDP-a Ranka Krivokapi\u0107a u manipulaciji crnogorskom javno\u0161\u0107u.<br \/>\n\u2013 \u0110ukanovi\u0107a i Krivokapi\u0107a odavno ne spaja sli\u010dna ideologija, iako su nazivi njihovih partija vezani za odrednicu socijaldemokratija \u2013 jer oni ni u \u0161ta ne vjeruju osim li\u010dnog profitiranja i presti\u017ea \u2013 nego bliskost sa krugovima za koje postoje osnovane sumnje da su vezani za organizovani kriminal. U javnosti se stvara privid da izme\u0111u rukovodstava ovih partija postoje neke politi\u010dke razlike kako bi se projekcijom la\u017enog pluralizma obmanula me\u0111unarodna zajednica i povjerovala da Crna Gora nije jednopartijska autoritarna dr\u017eava \u2013kazao je on.<br \/>\n\u010celnike DPS-a i SDP-a, isti\u010de on, \u201etreba posmatrati kao dio istog nedemokratskog paketa koji treba, zajedno i bez izuzetaka, poslati u opozicione, a neke, po zasluzi, i u zatvorske klupe da bi se ostvario politi\u010dki i ekonomski napredak Crne Gore.<\/p>\n<p><strong>Izvor: DAN<\/strong><\/p>\n","protected":false},"excerpt":{"rendered":"<p>Predlaganje Ra\u0161ka Konjevi\u0107a za \u010dlana Sudskog savjeta umjesto Ljui\u0111a \u0160krelje rezultat je ucjene Socijaldemokratske partije koja je, po ocjeni opozicije i analiti\u010dara, izme\u0111u ostalog i time uslovila podr\u0161ku rebalansu bud\u017eeta \u010dije je neusvajanje moglo rezultirati padom Vlade Igora Luk\u0161i\u0107a. Da se radilo o ucjeni tvrde i u DPS-u, \u0161to je jasno na Administrativnom odboru saop\u0161tio [&hellip;]<\/p>\n","protected":false},"author":1,"featured_media":0,"comment_status":"open","ping_status":"closed","sticky":false,"template":"","format":"standard","meta":{"spay_email":"","jetpack_publicize_message":"","jetpack_is_tweetstorm":false,"jetpack_publicize_feature_enabled":true},"categories":[8337],"tags":[530,626,13573,19],"jetpack_publicize_connections":[],"yoast_head":"<!-- This site is optimized with the Yoast SEO plugin v19.1 - https:\/\/yoast.com\/wordpress\/plugins\/seo\/ -->\n<title>\u017drtvovali \u0160krelju za Luk\u0161i\u0107evu fotelju - Lajme nga Ulqini<\/title>\n<meta name=\"description\" content=\"Predlaganje Ra\u0161ka Konjevi\u0107a za \u010dlana Sudskog savjeta umjesto Ljui\u0111a \u0160krelje rezultat je ucjene Socijaldemokratske partije koja je, po ocjeni opozicije i\" \/>\n<meta name=\"robots\" content=\"index, follow, max-snippet:-1, max-image-preview:large, max-video-preview:-1\" \/>\n<link rel=\"canonical\" href=\"https:\/\/www.visit-ulcinj.com\/blog\/2012\/06\/01\/zrtvovali-skrelju-za-luksicevu-fotelju\/\" \/>\n<meta property=\"og:locale\" content=\"en_US\" \/>\n<meta property=\"og:type\" content=\"article\" \/>\n<meta property=\"og:title\" content=\"\u017drtvovali \u0160krelju za Luk\u0161i\u0107evu fotelju - Lajme nga Ulqini\" \/>\n<meta property=\"og:description\" content=\"Predlaganje Ra\u0161ka Konjevi\u0107a za \u010dlana Sudskog savjeta umjesto Ljui\u0111a \u0160krelje rezultat je ucjene Socijaldemokratske partije koja je, po ocjeni opozicije i\" \/>\n<meta property=\"og:url\" content=\"https:\/\/www.visit-ulcinj.com\/blog\/2012\/06\/01\/zrtvovali-skrelju-za-luksicevu-fotelju\/\" \/>\n<meta property=\"og:site_name\" content=\"Lajme nga Ulqini\" \/>\n<meta property=\"article:published_time\" content=\"2012-06-01T14:31:40+00:00\" \/>\n<meta property=\"og:image\" content=\"http:\/\/www.visit-ulcinj.com\/blog\/wp-content\/uploads\/2012\/06\/Luidj-Skrelja_clan-Sudskog-savjeta-Crne-Gore.jpg\" \/>\n<meta name=\"twitter:label1\" content=\"Written by\" \/>\n\t<meta name=\"twitter:data1\" content=\"ulqini\" \/>\n\t<meta name=\"twitter:label2\" content=\"Est. reading time\" \/>\n\t<meta name=\"twitter:data2\" content=\"5 minutes\" \/>\n<script type=\"application\/ld+json\" class=\"yoast-schema-graph\">{\"@context\":\"https:\/\/schema.org\",\"@graph\":[{\"@type\":\"WebSite\",\"@id\":\"https:\/\/www.visit-ulcinj.com\/blog\/#website\",\"url\":\"https:\/\/www.visit-ulcinj.com\/blog\/\",\"name\":\"Lajme nga Ulqini\",\"description\":\"Lajme,Vijesti,Ulqini,Ulqin,Crna Gora,Mali i Zi\",\"potentialAction\":[{\"@type\":\"SearchAction\",\"target\":{\"@type\":\"EntryPoint\",\"urlTemplate\":\"https:\/\/www.visit-ulcinj.com\/blog\/?s={search_term_string}\"},\"query-input\":\"required name=search_term_string\"}],\"inLanguage\":\"en-US\"},{\"@type\":\"ImageObject\",\"inLanguage\":\"en-US\",\"@id\":\"https:\/\/www.visit-ulcinj.com\/blog\/2012\/06\/01\/zrtvovali-skrelju-za-luksicevu-fotelju\/#primaryimage\",\"url\":\"https:\/\/www.visit-ulcinj.com\/blog\/wp-content\/uploads\/2012\/06\/Luidj-Skrelja_clan-Sudskog-savjeta-Crne-Gore.jpg\",\"contentUrl\":\"https:\/\/www.visit-ulcinj.com\/blog\/wp-content\/uploads\/2012\/06\/Luidj-Skrelja_clan-Sudskog-savjeta-Crne-Gore.jpg\",\"width\":\"720\",\"height\":\"482\"},{\"@type\":\"WebPage\",\"@id\":\"https:\/\/www.visit-ulcinj.com\/blog\/2012\/06\/01\/zrtvovali-skrelju-za-luksicevu-fotelju\/#webpage\",\"url\":\"https:\/\/www.visit-ulcinj.com\/blog\/2012\/06\/01\/zrtvovali-skrelju-za-luksicevu-fotelju\/\",\"name\":\"\u017drtvovali \u0160krelju za Luk\u0161i\u0107evu fotelju - Lajme nga Ulqini\",\"isPartOf\":{\"@id\":\"https:\/\/www.visit-ulcinj.com\/blog\/#website\"},\"primaryImageOfPage\":{\"@id\":\"https:\/\/www.visit-ulcinj.com\/blog\/2012\/06\/01\/zrtvovali-skrelju-za-luksicevu-fotelju\/#primaryimage\"},\"datePublished\":\"2012-06-01T14:31:40+00:00\",\"dateModified\":\"2012-06-01T14:31:40+00:00\",\"author\":{\"@id\":\"https:\/\/www.visit-ulcinj.com\/blog\/#\/schema\/person\/dcab619c614d3038751c63bc2aadc06d\"},\"description\":\"Predlaganje Ra\u0161ka Konjevi\u0107a za \u010dlana Sudskog savjeta umjesto Ljui\u0111a \u0160krelje rezultat je ucjene Socijaldemokratske partije koja je, po ocjeni opozicije i\",\"breadcrumb\":{\"@id\":\"https:\/\/www.visit-ulcinj.com\/blog\/2012\/06\/01\/zrtvovali-skrelju-za-luksicevu-fotelju\/#breadcrumb\"},\"inLanguage\":\"en-US\",\"potentialAction\":[{\"@type\":\"ReadAction\",\"target\":[\"https:\/\/www.visit-ulcinj.com\/blog\/2012\/06\/01\/zrtvovali-skrelju-za-luksicevu-fotelju\/\"]}]},{\"@type\":\"BreadcrumbList\",\"@id\":\"https:\/\/www.visit-ulcinj.com\/blog\/2012\/06\/01\/zrtvovali-skrelju-za-luksicevu-fotelju\/#breadcrumb\",\"itemListElement\":[{\"@type\":\"ListItem\",\"position\":1,\"name\":\"\u017drtvovali \u0160krelju za Luk\u0161i\u0107evu fotelju\"}]},{\"@type\":\"Person\",\"@id\":\"https:\/\/www.visit-ulcinj.com\/blog\/#\/schema\/person\/dcab619c614d3038751c63bc2aadc06d\",\"name\":\"ulqini\",\"sameAs\":[\"http:\/\/www.visit-ulcinj.com\"],\"url\":\"https:\/\/www.visit-ulcinj.com\/blog\/author\/admin\/\"}]}<\/script>\n<!-- \/ Yoast SEO plugin. -->","yoast_head_json":{"title":"\u017drtvovali \u0160krelju za Luk\u0161i\u0107evu fotelju - Lajme nga Ulqini","description":"Predlaganje Ra\u0161ka Konjevi\u0107a za \u010dlana Sudskog savjeta umjesto Ljui\u0111a \u0160krelje rezultat je ucjene Socijaldemokratske partije koja je, po ocjeni opozicije i","robots":{"index":"index","follow":"follow","max-snippet":"max-snippet:-1","max-image-preview":"max-image-preview:large","max-video-preview":"max-video-preview:-1"},"canonical":"https:\/\/www.visit-ulcinj.com\/blog\/2012\/06\/01\/zrtvovali-skrelju-za-luksicevu-fotelju\/","og_locale":"en_US","og_type":"article","og_title":"\u017drtvovali \u0160krelju za Luk\u0161i\u0107evu fotelju - Lajme nga Ulqini","og_description":"Predlaganje Ra\u0161ka Konjevi\u0107a za \u010dlana Sudskog savjeta umjesto Ljui\u0111a \u0160krelje rezultat je ucjene Socijaldemokratske partije koja je, po ocjeni opozicije i","og_url":"https:\/\/www.visit-ulcinj.com\/blog\/2012\/06\/01\/zrtvovali-skrelju-za-luksicevu-fotelju\/","og_site_name":"Lajme nga Ulqini","article_published_time":"2012-06-01T14:31:40+00:00","og_image":[{"url":"http:\/\/www.visit-ulcinj.com\/blog\/wp-content\/uploads\/2012\/06\/Luidj-Skrelja_clan-Sudskog-savjeta-Crne-Gore.jpg"}],"twitter_misc":{"Written by":"ulqini","Est. reading time":"5 minutes"},"schema":{"@context":"https:\/\/schema.org","@graph":[{"@type":"WebSite","@id":"https:\/\/www.visit-ulcinj.com\/blog\/#website","url":"https:\/\/www.visit-ulcinj.com\/blog\/","name":"Lajme nga Ulqini","description":"Lajme,Vijesti,Ulqini,Ulqin,Crna Gora,Mali i Zi","potentialAction":[{"@type":"SearchAction","target":{"@type":"EntryPoint","urlTemplate":"https:\/\/www.visit-ulcinj.com\/blog\/?s={search_term_string}"},"query-input":"required name=search_term_string"}],"inLanguage":"en-US"},{"@type":"ImageObject","inLanguage":"en-US","@id":"https:\/\/www.visit-ulcinj.com\/blog\/2012\/06\/01\/zrtvovali-skrelju-za-luksicevu-fotelju\/#primaryimage","url":"https:\/\/www.visit-ulcinj.com\/blog\/wp-content\/uploads\/2012\/06\/Luidj-Skrelja_clan-Sudskog-savjeta-Crne-Gore.jpg","contentUrl":"https:\/\/www.visit-ulcinj.com\/blog\/wp-content\/uploads\/2012\/06\/Luidj-Skrelja_clan-Sudskog-savjeta-Crne-Gore.jpg","width":"720","height":"482"},{"@type":"WebPage","@id":"https:\/\/www.visit-ulcinj.com\/blog\/2012\/06\/01\/zrtvovali-skrelju-za-luksicevu-fotelju\/#webpage","url":"https:\/\/www.visit-ulcinj.com\/blog\/2012\/06\/01\/zrtvovali-skrelju-za-luksicevu-fotelju\/","name":"\u017drtvovali \u0160krelju za Luk\u0161i\u0107evu fotelju - Lajme nga Ulqini","isPartOf":{"@id":"https:\/\/www.visit-ulcinj.com\/blog\/#website"},"primaryImageOfPage":{"@id":"https:\/\/www.visit-ulcinj.com\/blog\/2012\/06\/01\/zrtvovali-skrelju-za-luksicevu-fotelju\/#primaryimage"},"datePublished":"2012-06-01T14:31:40+00:00","dateModified":"2012-06-01T14:31:40+00:00","author":{"@id":"https:\/\/www.visit-ulcinj.com\/blog\/#\/schema\/person\/dcab619c614d3038751c63bc2aadc06d"},"description":"Predlaganje Ra\u0161ka Konjevi\u0107a za \u010dlana Sudskog savjeta umjesto Ljui\u0111a \u0160krelje rezultat je ucjene Socijaldemokratske partije koja je, po ocjeni opozicije i","breadcrumb":{"@id":"https:\/\/www.visit-ulcinj.com\/blog\/2012\/06\/01\/zrtvovali-skrelju-za-luksicevu-fotelju\/#breadcrumb"},"inLanguage":"en-US","potentialAction":[{"@type":"ReadAction","target":["https:\/\/www.visit-ulcinj.com\/blog\/2012\/06\/01\/zrtvovali-skrelju-za-luksicevu-fotelju\/"]}]},{"@type":"BreadcrumbList","@id":"https:\/\/www.visit-ulcinj.com\/blog\/2012\/06\/01\/zrtvovali-skrelju-za-luksicevu-fotelju\/#breadcrumb","itemListElement":[{"@type":"ListItem","position":1,"name":"\u017drtvovali \u0160krelju za Luk\u0161i\u0107evu fotelju"}]},{"@type":"Person","@id":"https:\/\/www.visit-ulcinj.com\/blog\/#\/schema\/person\/dcab619c614d3038751c63bc2aadc06d","name":"ulqini","sameAs":["http:\/\/www.visit-ulcinj.com"],"url":"https:\/\/www.visit-ulcinj.com\/blog\/author\/admin\/"}]}},"jetpack_featured_media_url":"","jetpack_sharing_enabled":true,"jetpack_shortlink":"https:\/\/wp.me\/pe6lTn-fUD","_links":{"self":[{"href":"https:\/\/www.visit-ulcinj.com\/blog\/wp-json\/wp\/v2\/posts\/61171"}],"collection":[{"href":"https:\/\/www.visit-ulcinj.com\/blog\/wp-json\/wp\/v2\/posts"}],"about":[{"href":"https:\/\/www.visit-ulcinj.com\/blog\/wp-json\/wp\/v2\/types\/post"}],"author":[{"embeddable":true,"href":"https:\/\/www.visit-ulcinj.com\/blog\/wp-json\/wp\/v2\/users\/1"}],"replies":[{"embeddable":true,"href":"https:\/\/www.visit-ulcinj.com\/blog\/wp-json\/wp\/v2\/comments?post=61171"}],"version-history":[{"count":1,"href":"https:\/\/www.visit-ulcinj.com\/blog\/wp-json\/wp\/v2\/posts\/61171\/revisions"}],"predecessor-version":[{"id":61175,"href":"https:\/\/www.visit-ulcinj.com\/blog\/wp-json\/wp\/v2\/posts\/61171\/revisions\/61175"}],"wp:attachment":[{"href":"https:\/\/www.visit-ulcinj.com\/blog\/wp-json\/wp\/v2\/media?parent=61171"}],"wp:term":[{"taxonomy":"category","embeddable":true,"href":"https:\/\/www.visit-ulcinj.com\/blog\/wp-json\/wp\/v2\/categories?post=61171"},{"taxonomy":"post_tag","embeddable":true,"href":"https:\/\/www.visit-ulcinj.com\/blog\/wp-json\/wp\/v2\/tags?post=61171"}],"curies":[{"name":"wp","href":"https:\/\/api.w.org\/{rel}","templated":true}]}}