{"id":61176,"date":"2012-06-01T20:14:36","date_gmt":"2012-06-01T19:14:36","guid":{"rendered":"http:\/\/www.visit-ulcinj.com\/blog\/?p=61176"},"modified":"2012-06-01T20:14:36","modified_gmt":"2012-06-01T19:14:36","slug":"ulcinjska-rivijera-tude-necemo-svoje-ne-damo","status":"publish","type":"post","link":"https:\/\/www.visit-ulcinj.com\/blog\/2012\/06\/01\/ulcinjska-rivijera-tude-necemo-svoje-ne-damo\/","title":{"rendered":"Ulcinjska rivijera: Tu\u0111e ne\u0107emo, svoje ne damo"},"content":{"rendered":"<div id=\"attachment_61177\" style=\"width: 518px\" class=\"wp-caption alignleft\"><a href=\"http:\/\/www.visit-ulcinj.com\/blog\/wp-content\/uploads\/2012\/06\/Blokirani-put-u-zemlji-Ulcinjske-riviere1.jpg\"><img aria-describedby=\"caption-attachment-61177\" loading=\"lazy\" class=\" wp-image-61177\" title=\"Blokirani put u zemlji Ulcinjske riviere\" src=\"http:\/\/www.visit-ulcinj.com\/blog\/wp-content\/uploads\/2012\/06\/Blokirani-put-u-zemlji-Ulcinjske-riviere1.jpg\" alt=\"\" width=\"508\" height=\"360\" \/><\/a><p id=\"caption-attachment-61177\" class=\"wp-caption-text\">Foto: Samir Adrovi\u0107 - Vijesti<\/p><\/div>\n<p>Povodom teksta<strong> <a href=\"http:\/\/www.vijesti.me\/vijesti\/ulcinjska-rivijera-blokirala-put-novog-mosta-zakupci-ogorceni-clanak-76120\" target=\"_blank\">&#8220;Ulcinjska rivijera&#8221; blokirala put do novog mosta, zakupci ogor\u010deni<\/a><\/strong> reagovao je izvr\u0161ni direktor Radomir Mikan Zec.<\/p>\n<p>Reagovanje prenosimo u cjelost:<\/p>\n<p><a href=\"http:\/\/www.visit-ulcinj.com\/blog\/wp-content\/uploads\/2012\/06\/Mikan-Zec-Direktor-HTP-Ulcinjska-rivijera.jpg\"><img loading=\"lazy\" class=\"alignleft size-full wp-image-61178\" title=\"Mikan-Zec-Direktor-HTP-Ulcinjska-rivijera\" src=\"http:\/\/www.visit-ulcinj.com\/blog\/wp-content\/uploads\/2012\/06\/Mikan-Zec-Direktor-HTP-Ulcinjska-rivijera.jpg\" alt=\"\" width=\"320\" height=\"408\" srcset=\"https:\/\/www.visit-ulcinj.com\/blog\/wp-content\/uploads\/2012\/06\/Mikan-Zec-Direktor-HTP-Ulcinjska-rivijera.jpg 320w, https:\/\/www.visit-ulcinj.com\/blog\/wp-content\/uploads\/2012\/06\/Mikan-Zec-Direktor-HTP-Ulcinjska-rivijera-235x300.jpg 235w\" sizes=\"(max-width: 320px) 100vw, 320px\" \/><\/a>&#8220;U tekstu se navodi da je &#8220;Ulcinjska rivijera&#8221; blokirala alternativni put koji vodi ka mostu \u0161to je neistinito jer se ne radi o alternativnom putu ve\u0107 o parkingu Ulcinjske rivijere koji se nalazi na zemlji\u0161tu Ulcinjske rivijere. Ovaj prostor pripada parkingu, a privremeno je slu\u017eio kao put dok glavni put nije pu\u0161ten u opticaj i on ne vodi prema mostu kako je navedeno u tekstu portala Vijesti&#8221;.<\/p>\n<p>&#8220;Onog dana kada je glavni put pu\u0161ten u saobra\u0107aj, Ulcinjska rivijera je donijela odluku da parking koji se nalazi na njenom zemlji\u0161tu vi\u0161e ne slu\u017ei kao tranzitni put jer se stvara nepotrebna buka i pra\u0161ina koja smeta gostima&#8221;.<\/p>\n<p>Dalje, u tekstu se navode i slede\u0107e u potpunosti neta\u010dne informacije sa veoma komi\u010dnim predlogom koji citiramo &#8220;Tu je bio trotoar koji je izgradilo Morsko dobro i ograda, a put nikad. Pa ako ve\u0107 ne daju nama da ga koristimo, neka ga ne koriste ni oni. Neka im inspekcija ka\u017ee da je put nelegalan, pa neka koriste putni pravac koji i mi sada koristimo\u201c&#8221;.<\/p>\n<p>&#8220;Neistina je da je na tom mjestu bio trotoar i ograda koje je izgradilo JP &#8220;Morsko dobro&#8221; ve\u0107 je istina da je na tom mjestu bio praking u vlasni\u0161tvu Ulcinjske rivijere. Iz prilo\u017eenog se jasno vidi da lica iz Peticije priznaju da imaju put do svojih objekata, ali da im se jednostavno vi\u0161e dopada prelaz preko zemlji\u0161ta i parkinga Ulcinjske rivijere. Ovim putem ih pitamo da li bi \u017eeleli da im obezbijedimo tranzitni put preko na\u0161ih recepcija ili bi im se mo\u017eda vi\u0161e dopalo da koriste prelaz preko kuhinje ili mo\u017eda fudbalskog stadiona?&#8221;<\/p>\n<p><a href=\"http:\/\/www.vijesti.me\/vijesti\/ulcinjska-rivijera-tude-necemo-svoje-ne-damo-clanak-76219\" target=\"_blank\"><strong>Vijesti online<\/strong><\/a><\/p>\n","protected":false},"excerpt":{"rendered":"<p>Povodom teksta &#8220;Ulcinjska rivijera&#8221; blokirala put do novog mosta, zakupci ogor\u010deni reagovao je izvr\u0161ni direktor Radomir Mikan Zec. Reagovanje prenosimo u cjelost: &#8220;U tekstu se navodi da je &#8220;Ulcinjska rivijera&#8221; blokirala alternativni put koji vodi ka mostu \u0161to je neistinito jer se ne radi o alternativnom putu ve\u0107 o parkingu Ulcinjske rivijere koji se nalazi [&hellip;]<\/p>\n","protected":false},"author":1,"featured_media":0,"comment_status":"open","ping_status":"closed","sticky":false,"template":"","format":"standard","meta":{"spay_email":"","jetpack_publicize_message":"","jetpack_is_tweetstorm":false,"jetpack_publicize_feature_enabled":true},"categories":[8337],"tags":[250,19],"jetpack_publicize_connections":[],"yoast_head":"<!-- This site is optimized with the Yoast SEO plugin v19.1 - https:\/\/yoast.com\/wordpress\/plugins\/seo\/ -->\n<title>Ulcinjska rivijera: Tu\u0111e ne\u0107emo, svoje ne damo - Lajme nga Ulqini<\/title>\n<meta name=\"description\" content=\"Povodom teksta &quot;Ulcinjska rivijera&quot; blokirala put do novog mosta, zakupci ogor\u010deni reagovao je izvr\u0161ni direktor Radomir Mikan Zec. Reagovanje prenosimo u\" \/>\n<meta name=\"robots\" content=\"index, follow, max-snippet:-1, max-image-preview:large, max-video-preview:-1\" \/>\n<link rel=\"canonical\" href=\"https:\/\/www.visit-ulcinj.com\/blog\/2012\/06\/01\/ulcinjska-rivijera-tude-necemo-svoje-ne-damo\/\" \/>\n<meta property=\"og:locale\" content=\"en_US\" \/>\n<meta property=\"og:type\" content=\"article\" \/>\n<meta property=\"og:title\" content=\"Ulcinjska rivijera: Tu\u0111e ne\u0107emo, svoje ne damo - Lajme nga Ulqini\" \/>\n<meta property=\"og:description\" content=\"Povodom teksta &quot;Ulcinjska rivijera&quot; blokirala put do novog mosta, zakupci ogor\u010deni reagovao je izvr\u0161ni direktor Radomir Mikan Zec. Reagovanje prenosimo u\" \/>\n<meta property=\"og:url\" content=\"https:\/\/www.visit-ulcinj.com\/blog\/2012\/06\/01\/ulcinjska-rivijera-tude-necemo-svoje-ne-damo\/\" \/>\n<meta property=\"og:site_name\" content=\"Lajme nga Ulqini\" \/>\n<meta property=\"article:published_time\" content=\"2012-06-01T19:14:36+00:00\" \/>\n<meta property=\"og:image\" content=\"http:\/\/www.visit-ulcinj.com\/blog\/wp-content\/uploads\/2012\/06\/Blokirani-put-u-zemlji-Ulcinjske-riviere1.jpg\" \/>\n<meta name=\"twitter:label1\" content=\"Written by\" \/>\n\t<meta name=\"twitter:data1\" content=\"ulqini\" \/>\n\t<meta name=\"twitter:label2\" content=\"Est. reading time\" \/>\n\t<meta name=\"twitter:data2\" content=\"2 minutes\" \/>\n<script type=\"application\/ld+json\" class=\"yoast-schema-graph\">{\"@context\":\"https:\/\/schema.org\",\"@graph\":[{\"@type\":\"WebSite\",\"@id\":\"https:\/\/www.visit-ulcinj.com\/blog\/#website\",\"url\":\"https:\/\/www.visit-ulcinj.com\/blog\/\",\"name\":\"Lajme nga Ulqini\",\"description\":\"Lajme,Vijesti,Ulqini,Ulqin,Crna Gora,Mali i Zi\",\"potentialAction\":[{\"@type\":\"SearchAction\",\"target\":{\"@type\":\"EntryPoint\",\"urlTemplate\":\"https:\/\/www.visit-ulcinj.com\/blog\/?s={search_term_string}\"},\"query-input\":\"required name=search_term_string\"}],\"inLanguage\":\"en-US\"},{\"@type\":\"ImageObject\",\"inLanguage\":\"en-US\",\"@id\":\"https:\/\/www.visit-ulcinj.com\/blog\/2012\/06\/01\/ulcinjska-rivijera-tude-necemo-svoje-ne-damo\/#primaryimage\",\"url\":\"https:\/\/www.visit-ulcinj.com\/blog\/wp-content\/uploads\/2012\/06\/Blokirani-put-u-zemlji-Ulcinjske-riviere1.jpg\",\"contentUrl\":\"https:\/\/www.visit-ulcinj.com\/blog\/wp-content\/uploads\/2012\/06\/Blokirani-put-u-zemlji-Ulcinjske-riviere1.jpg\",\"width\":\"1000\",\"height\":\"750\"},{\"@type\":\"WebPage\",\"@id\":\"https:\/\/www.visit-ulcinj.com\/blog\/2012\/06\/01\/ulcinjska-rivijera-tude-necemo-svoje-ne-damo\/#webpage\",\"url\":\"https:\/\/www.visit-ulcinj.com\/blog\/2012\/06\/01\/ulcinjska-rivijera-tude-necemo-svoje-ne-damo\/\",\"name\":\"Ulcinjska rivijera: Tu\u0111e ne\u0107emo, svoje ne damo - Lajme nga Ulqini\",\"isPartOf\":{\"@id\":\"https:\/\/www.visit-ulcinj.com\/blog\/#website\"},\"primaryImageOfPage\":{\"@id\":\"https:\/\/www.visit-ulcinj.com\/blog\/2012\/06\/01\/ulcinjska-rivijera-tude-necemo-svoje-ne-damo\/#primaryimage\"},\"datePublished\":\"2012-06-01T19:14:36+00:00\",\"dateModified\":\"2012-06-01T19:14:36+00:00\",\"author\":{\"@id\":\"https:\/\/www.visit-ulcinj.com\/blog\/#\/schema\/person\/dcab619c614d3038751c63bc2aadc06d\"},\"description\":\"Povodom teksta \\\"Ulcinjska rivijera\\\" blokirala put do novog mosta, zakupci ogor\u010deni reagovao je izvr\u0161ni direktor Radomir Mikan Zec. Reagovanje prenosimo u\",\"breadcrumb\":{\"@id\":\"https:\/\/www.visit-ulcinj.com\/blog\/2012\/06\/01\/ulcinjska-rivijera-tude-necemo-svoje-ne-damo\/#breadcrumb\"},\"inLanguage\":\"en-US\",\"potentialAction\":[{\"@type\":\"ReadAction\",\"target\":[\"https:\/\/www.visit-ulcinj.com\/blog\/2012\/06\/01\/ulcinjska-rivijera-tude-necemo-svoje-ne-damo\/\"]}]},{\"@type\":\"BreadcrumbList\",\"@id\":\"https:\/\/www.visit-ulcinj.com\/blog\/2012\/06\/01\/ulcinjska-rivijera-tude-necemo-svoje-ne-damo\/#breadcrumb\",\"itemListElement\":[{\"@type\":\"ListItem\",\"position\":1,\"name\":\"Ulcinjska rivijera: Tu\u0111e ne\u0107emo, svoje ne damo\"}]},{\"@type\":\"Person\",\"@id\":\"https:\/\/www.visit-ulcinj.com\/blog\/#\/schema\/person\/dcab619c614d3038751c63bc2aadc06d\",\"name\":\"ulqini\",\"sameAs\":[\"http:\/\/www.visit-ulcinj.com\"],\"url\":\"https:\/\/www.visit-ulcinj.com\/blog\/author\/admin\/\"}]}<\/script>\n<!-- \/ Yoast SEO plugin. -->","yoast_head_json":{"title":"Ulcinjska rivijera: Tu\u0111e ne\u0107emo, svoje ne damo - Lajme nga Ulqini","description":"Povodom teksta \"Ulcinjska rivijera\" blokirala put do novog mosta, zakupci ogor\u010deni reagovao je izvr\u0161ni direktor Radomir Mikan Zec. Reagovanje prenosimo u","robots":{"index":"index","follow":"follow","max-snippet":"max-snippet:-1","max-image-preview":"max-image-preview:large","max-video-preview":"max-video-preview:-1"},"canonical":"https:\/\/www.visit-ulcinj.com\/blog\/2012\/06\/01\/ulcinjska-rivijera-tude-necemo-svoje-ne-damo\/","og_locale":"en_US","og_type":"article","og_title":"Ulcinjska rivijera: Tu\u0111e ne\u0107emo, svoje ne damo - Lajme nga Ulqini","og_description":"Povodom teksta \"Ulcinjska rivijera\" blokirala put do novog mosta, zakupci ogor\u010deni reagovao je izvr\u0161ni direktor Radomir Mikan Zec. Reagovanje prenosimo u","og_url":"https:\/\/www.visit-ulcinj.com\/blog\/2012\/06\/01\/ulcinjska-rivijera-tude-necemo-svoje-ne-damo\/","og_site_name":"Lajme nga Ulqini","article_published_time":"2012-06-01T19:14:36+00:00","og_image":[{"url":"http:\/\/www.visit-ulcinj.com\/blog\/wp-content\/uploads\/2012\/06\/Blokirani-put-u-zemlji-Ulcinjske-riviere1.jpg"}],"twitter_misc":{"Written by":"ulqini","Est. reading time":"2 minutes"},"schema":{"@context":"https:\/\/schema.org","@graph":[{"@type":"WebSite","@id":"https:\/\/www.visit-ulcinj.com\/blog\/#website","url":"https:\/\/www.visit-ulcinj.com\/blog\/","name":"Lajme nga Ulqini","description":"Lajme,Vijesti,Ulqini,Ulqin,Crna Gora,Mali i Zi","potentialAction":[{"@type":"SearchAction","target":{"@type":"EntryPoint","urlTemplate":"https:\/\/www.visit-ulcinj.com\/blog\/?s={search_term_string}"},"query-input":"required name=search_term_string"}],"inLanguage":"en-US"},{"@type":"ImageObject","inLanguage":"en-US","@id":"https:\/\/www.visit-ulcinj.com\/blog\/2012\/06\/01\/ulcinjska-rivijera-tude-necemo-svoje-ne-damo\/#primaryimage","url":"https:\/\/www.visit-ulcinj.com\/blog\/wp-content\/uploads\/2012\/06\/Blokirani-put-u-zemlji-Ulcinjske-riviere1.jpg","contentUrl":"https:\/\/www.visit-ulcinj.com\/blog\/wp-content\/uploads\/2012\/06\/Blokirani-put-u-zemlji-Ulcinjske-riviere1.jpg","width":"1000","height":"750"},{"@type":"WebPage","@id":"https:\/\/www.visit-ulcinj.com\/blog\/2012\/06\/01\/ulcinjska-rivijera-tude-necemo-svoje-ne-damo\/#webpage","url":"https:\/\/www.visit-ulcinj.com\/blog\/2012\/06\/01\/ulcinjska-rivijera-tude-necemo-svoje-ne-damo\/","name":"Ulcinjska rivijera: Tu\u0111e ne\u0107emo, svoje ne damo - Lajme nga Ulqini","isPartOf":{"@id":"https:\/\/www.visit-ulcinj.com\/blog\/#website"},"primaryImageOfPage":{"@id":"https:\/\/www.visit-ulcinj.com\/blog\/2012\/06\/01\/ulcinjska-rivijera-tude-necemo-svoje-ne-damo\/#primaryimage"},"datePublished":"2012-06-01T19:14:36+00:00","dateModified":"2012-06-01T19:14:36+00:00","author":{"@id":"https:\/\/www.visit-ulcinj.com\/blog\/#\/schema\/person\/dcab619c614d3038751c63bc2aadc06d"},"description":"Povodom teksta \"Ulcinjska rivijera\" blokirala put do novog mosta, zakupci ogor\u010deni reagovao je izvr\u0161ni direktor Radomir Mikan Zec. Reagovanje prenosimo u","breadcrumb":{"@id":"https:\/\/www.visit-ulcinj.com\/blog\/2012\/06\/01\/ulcinjska-rivijera-tude-necemo-svoje-ne-damo\/#breadcrumb"},"inLanguage":"en-US","potentialAction":[{"@type":"ReadAction","target":["https:\/\/www.visit-ulcinj.com\/blog\/2012\/06\/01\/ulcinjska-rivijera-tude-necemo-svoje-ne-damo\/"]}]},{"@type":"BreadcrumbList","@id":"https:\/\/www.visit-ulcinj.com\/blog\/2012\/06\/01\/ulcinjska-rivijera-tude-necemo-svoje-ne-damo\/#breadcrumb","itemListElement":[{"@type":"ListItem","position":1,"name":"Ulcinjska rivijera: Tu\u0111e ne\u0107emo, svoje ne damo"}]},{"@type":"Person","@id":"https:\/\/www.visit-ulcinj.com\/blog\/#\/schema\/person\/dcab619c614d3038751c63bc2aadc06d","name":"ulqini","sameAs":["http:\/\/www.visit-ulcinj.com"],"url":"https:\/\/www.visit-ulcinj.com\/blog\/author\/admin\/"}]}},"jetpack_featured_media_url":"","jetpack_sharing_enabled":true,"jetpack_shortlink":"https:\/\/wp.me\/pe6lTn-fUI","_links":{"self":[{"href":"https:\/\/www.visit-ulcinj.com\/blog\/wp-json\/wp\/v2\/posts\/61176"}],"collection":[{"href":"https:\/\/www.visit-ulcinj.com\/blog\/wp-json\/wp\/v2\/posts"}],"about":[{"href":"https:\/\/www.visit-ulcinj.com\/blog\/wp-json\/wp\/v2\/types\/post"}],"author":[{"embeddable":true,"href":"https:\/\/www.visit-ulcinj.com\/blog\/wp-json\/wp\/v2\/users\/1"}],"replies":[{"embeddable":true,"href":"https:\/\/www.visit-ulcinj.com\/blog\/wp-json\/wp\/v2\/comments?post=61176"}],"version-history":[{"count":1,"href":"https:\/\/www.visit-ulcinj.com\/blog\/wp-json\/wp\/v2\/posts\/61176\/revisions"}],"predecessor-version":[{"id":61179,"href":"https:\/\/www.visit-ulcinj.com\/blog\/wp-json\/wp\/v2\/posts\/61176\/revisions\/61179"}],"wp:attachment":[{"href":"https:\/\/www.visit-ulcinj.com\/blog\/wp-json\/wp\/v2\/media?parent=61176"}],"wp:term":[{"taxonomy":"category","embeddable":true,"href":"https:\/\/www.visit-ulcinj.com\/blog\/wp-json\/wp\/v2\/categories?post=61176"},{"taxonomy":"post_tag","embeddable":true,"href":"https:\/\/www.visit-ulcinj.com\/blog\/wp-json\/wp\/v2\/tags?post=61176"}],"curies":[{"name":"wp","href":"https:\/\/api.w.org\/{rel}","templated":true}]}}