{"id":61183,"date":"2012-06-01T20:58:43","date_gmt":"2012-06-01T19:58:43","guid":{"rendered":"http:\/\/www.visit-ulcinj.com\/blog\/?p=61183"},"modified":"2012-06-01T22:49:47","modified_gmt":"2012-06-01T21:49:47","slug":"filloi-edicioni-10-te-kupa-e-pavaresise-ne-ulqin","status":"publish","type":"post","link":"https:\/\/www.visit-ulcinj.com\/blog\/2012\/06\/01\/filloi-edicioni-10-te-kupa-e-pavaresise-ne-ulqin\/","title":{"rendered":"Filloi edicioni 10-t\u00eb \u201cKupa e pavar\u00ebsis\u00eb\u201d n\u00eb Ulqin"},"content":{"rendered":"<p><strong><a href=\"http:\/\/www.visit-ulcinj.com\/blog\/wp-content\/uploads\/2012\/06\/Filloi-edicioni-10-t\u00eb-Kupa-e-pavar\u00ebsis\u00eb-n\u00eb-Ulqinmuzafer_livoreka_koordinator_.jpg\"><img loading=\"lazy\" class=\"alignleft size-full wp-image-61184\" title=\"Filloi edicioni 10-t\u00eb Kupa e pavar\u00ebsis\u00eb n\u00eb Ulqinmuzafer_livoreka_koordinator_\" src=\"http:\/\/www.visit-ulcinj.com\/blog\/wp-content\/uploads\/2012\/06\/Filloi-edicioni-10-t\u00eb-Kupa-e-pavar\u00ebsis\u00eb-n\u00eb-Ulqinmuzafer_livoreka_koordinator_.jpg\" alt=\"\" width=\"342\" height=\"514\" srcset=\"https:\/\/www.visit-ulcinj.com\/blog\/wp-content\/uploads\/2012\/06\/Filloi-edicioni-10-t\u00eb-Kupa-e-pavar\u00ebsis\u00eb-n\u00eb-Ulqinmuzafer_livoreka_koordinator_.jpg 342w, https:\/\/www.visit-ulcinj.com\/blog\/wp-content\/uploads\/2012\/06\/Filloi-edicioni-10-t\u00eb-Kupa-e-pavar\u00ebsis\u00eb-n\u00eb-Ulqinmuzafer_livoreka_koordinator_-199x300.jpg 199w\" sizes=\"(max-width: 342px) 100vw, 342px\" \/><\/a>Tetova dhe Durr\u00ebsi p\u00ebrballen n\u00eb finale<\/strong><strong><\/strong><\/p>\n<p><strong>N\u00eb dit\u00ebn e par\u00eb Tetova mundi Pej\u00ebn 3-2 dhe Ulqinin 2-1, nd\u00ebrsa Durr\u00ebsi mundi T\u00ebrnocin 2-0. Finalja zhvillohet t\u00eb enjten n\u00eb or\u00ebn 17.00<\/strong> <strong><\/strong><\/p>\n<p>Shaban Sinani<\/p>\n<p>Me intonimin e himnit komb\u00ebtar dhe me parakalimin e ekipeve nga pes\u00eb qytetet pjes\u00ebmarr\u00ebse si Durr\u00ebsi, Tetova, Peja, Bujanoci dhe nikoqir\u00ebt Ulqini sot n\u00eb m\u00ebnyr\u00eb solemne u shpall\u00eb e hapur edicioni i 10-t\u00eb jubilar i Turneut mbar\u00ebkomb\u00ebtar t\u00eb futbollit p\u00ebr f\u00ebmij\u00eb \u201cKupa e Pavar\u00ebsis\u00eb\u201d Ulqini 2012.<br \/>\nHapjen solemne t\u00eb k\u00ebtij edicioni t\u00eb 10-t\u00eb jubilar e shpalli kryetari i komun\u00ebs s\u00eb Ulqinit z. Nazif Cungu i cili pos tjerash tha: \u201cUroj q\u00eb ky vit jubilar t\u00eb madh\u00ebrohet edhe me k\u00ebt\u00eb eveniment. Ju d\u00ebshiroj sukses t\u00eb gjith\u00ebve dhe le t\u00eb fiton m\u00eb miri\u201d<br \/>\nN\u00eb em\u00ebr tw qyteteve pjes\u00ebmarr\u00ebse turneun e p\u00ebrsh\u00ebndet\u00ebn Hajro Hajdari n\u00eb em\u00ebr t\u00eb qytetit nikoqir, Naim K\u00ebr\u00e7uku ideator i k\u00ebtij evenimenti, Muzafer Livoreka koordinator p\u00ebr Tetov\u00ebn, Kujtim Vllamasi koordinator p\u00ebr qytetin e Durr\u00ebsit, Kreshnik Husaj p\u00ebrfaq\u00ebsues nga Peja dhe p\u00ebrfaq\u00ebsuesi i,T\u00ebrnocit Enis Saliju,<br \/>\nDuhet t\u00eb theksojm\u00eb se t\u00eb gjitha ekipet pjes\u00ebmarr\u00ebse jan\u00eb t\u00eb akomoduar n\u00eb hotelin \u201cBELLEVUE\u201d n\u00eb Plazhin e Madh n\u00eb Ulqin .<br \/>\nTurneu filloi me nj\u00eb ndeshje ekzibicionale t\u00eb fatosave nga Mal\u00ebsia e Madhe edhe ekipit t\u00eb Ulqinit<br \/>\nN\u00eb dit\u00ebn e par\u00eb Tetova mundi Pej\u00ebn 3:2 dhe Durr\u00ebsi mundi T\u00ebrnocin 2:0, n\u00eb ndeshjen e pas dit\u00ebs u p\u00ebrball\u00ebn Tetova dhe skuadra nikoqire e Ulqinit.<br \/>\nN\u00eb gjysm\u00eb finale Tetova mundi Ulqinin 2-1 dhe t\u00eb enjten n\u00eb finale do p\u00ebrballet me Durr\u00ebsin<\/p>\n<p><a href=\"http:\/\/www.visit-ulcinj.com\/blog\/wp-content\/uploads\/2012\/06\/Filloi-edicioni-10-t\u00eb-Kupa-e-pavar\u00ebsis\u00eb-n\u00eb-Ulqin.jpg\"><img loading=\"lazy\" class=\"alignleft  wp-image-61185\" title=\"Filloi edicioni 10-t\u00eb Kupa e pavar\u00ebsis\u00eb n\u00eb Ulqin\" src=\"http:\/\/www.visit-ulcinj.com\/blog\/wp-content\/uploads\/2012\/06\/Filloi-edicioni-10-t\u00eb-Kupa-e-pavar\u00ebsis\u00eb-n\u00eb-Ulqin.jpg\" alt=\"\" width=\"508\" height=\"325\" \/><\/a><br \/>\n<strong>Fjala e koordinatorit p\u00ebr qytetin e Tetov\u00ebs, Muzafer Livoreka me rastin e hapjes solemne.<\/strong><\/p>\n<p>\u201cZot\u00ebri kryetar i komun\u00ebs s\u00eb Ulqinit, d\u00ebshiroj\u00eb q\u00eb t\u2019ju fal\u00ebnderoj Juve dhe stafin p\u00ebr vullnetin dhe guximin q\u00eb mor\u00ebt n\u00eb organizimin e k\u00ebtij evenimenti komb\u00ebtar, gjithashtu shfryt\u00ebzoj\u00eb rastin q\u00eb t\u00eb p\u00ebrg\u00ebzoj edhe koordinatorin e k\u00ebtij qyteti bregdetar zot\u00ebri Hajro Hajdarin p\u00ebr organizimin shk\u00eblqyer, por nuk do t\u00eb harroja q\u00eb t\u00eb p\u00ebrmend edhe t\u00eb gjith\u00eb koordinator\u00ebt e qyteteve pjes\u00ebmarr\u00ebse si Durr\u00ebsi, Peja dhe Bujanoci.<br \/>\nT\u00eb nderuar t\u00eb gjith\u00eb e dim\u00eb se kultura dhe sporti si segment i saj, kan\u00eb r\u00ebnd\u00ebsi t\u00eb ve\u00e7ant\u00eb n\u00eb vendosjen e miq\u00ebsis\u00eb, shoq\u00ebrimit dhe njohjes s\u00eb vlerave mbar\u00ebkomb\u00ebtar p\u00ebr f\u00ebmij\u00eb n\u00eb futboll. Edicioni i 10-t\u00eb duhet t\u00eb ket\u00eb p\u00ebr baz\u00eb vlerat e cekura, por edhe gara sportive t\u00eb jet\u00eb si q\u00ebllim.<br \/>\nNuk mund t\u00eb largohem nga ky vend pa mos e p\u00ebrmendur ideatorin e k\u00ebtij evenimenti gjith\u00ebkomb\u00ebtar z. Naim K\u00ebr\u00e7ukun i cili si drejtor i Qendr\u00ebs Kulturore t\u00eb F\u00ebmij\u00ebve t\u00eb Durr\u00ebsit b\u00ebri q\u00eb f\u00ebmij\u00ebt nga t\u00eb gjitha trojet shqiptare t\u00eb njihen mes veti.<\/p>\n<p>P\u00ebr n\u00eb fund shfryt\u00ebzoj rastin t\u00eb gjith\u00eb shqiptar\u00ebve t\u00eb Uroj 100 vjetorin e Pavar\u00ebsis\u00eb s\u00eb shtetit shqiptar si dhe unifikimin abetares shqipe.<br \/>\nUroj\u00eb q\u00eb turneu t\u00eb kalon sipas parashikimeve t\u00eb organizatorit ku do t\u00eb mbizot\u00ebron kultura dhe vlera sportive\u201d<\/p>\n<p><strong>YLLI PRESS<\/strong><\/p>\n","protected":false},"excerpt":{"rendered":"<p>Tetova dhe Durr\u00ebsi p\u00ebrballen n\u00eb finale N\u00eb dit\u00ebn e par\u00eb Tetova mundi Pej\u00ebn 3-2 dhe Ulqinin 2-1, nd\u00ebrsa Durr\u00ebsi mundi T\u00ebrnocin 2-0. Finalja zhvillohet t\u00eb enjten n\u00eb or\u00ebn 17.00 Shaban Sinani Me intonimin e himnit komb\u00ebtar dhe me parakalimin e ekipeve nga pes\u00eb qytetet pjes\u00ebmarr\u00ebse si Durr\u00ebsi, Tetova, Peja, Bujanoci dhe nikoqir\u00ebt Ulqini sot n\u00eb [&hellip;]<\/p>\n","protected":false},"author":1,"featured_media":0,"comment_status":"open","ping_status":"closed","sticky":false,"template":"","format":"standard","meta":{"spay_email":"","jetpack_publicize_message":"","jetpack_is_tweetstorm":false,"jetpack_publicize_feature_enabled":true},"categories":[6950,3],"tags":[20601,200,18],"jetpack_publicize_connections":[],"yoast_head":"<!-- This site is optimized with the Yoast SEO plugin v19.1 - https:\/\/yoast.com\/wordpress\/plugins\/seo\/ -->\n<title>Filloi edicioni 10-t\u00eb \u201cKupa e pavar\u00ebsis\u00eb\u201d n\u00eb Ulqin - Lajme nga Ulqini<\/title>\n<meta name=\"description\" content=\"Tetova dhe Durr\u00ebsi p\u00ebrballen n\u00eb finale N\u00eb dit\u00ebn e par\u00eb Tetova mundi Pej\u00ebn 3-2 dhe Ulqinin 2-1, nd\u00ebrsa Durr\u00ebsi mundi T\u00ebrnocin 2-0. Finalja zhvillohet t\u00eb\" \/>\n<meta name=\"robots\" content=\"index, follow, max-snippet:-1, max-image-preview:large, max-video-preview:-1\" \/>\n<link rel=\"canonical\" href=\"https:\/\/www.visit-ulcinj.com\/blog\/2012\/06\/01\/filloi-edicioni-10-te-kupa-e-pavaresise-ne-ulqin\/\" \/>\n<meta property=\"og:locale\" content=\"en_US\" \/>\n<meta property=\"og:type\" content=\"article\" \/>\n<meta property=\"og:title\" content=\"Filloi edicioni 10-t\u00eb \u201cKupa e pavar\u00ebsis\u00eb\u201d n\u00eb Ulqin - Lajme nga Ulqini\" \/>\n<meta property=\"og:description\" content=\"Tetova dhe Durr\u00ebsi p\u00ebrballen n\u00eb finale N\u00eb dit\u00ebn e par\u00eb Tetova mundi Pej\u00ebn 3-2 dhe Ulqinin 2-1, nd\u00ebrsa Durr\u00ebsi mundi T\u00ebrnocin 2-0. Finalja zhvillohet t\u00eb\" \/>\n<meta property=\"og:url\" content=\"https:\/\/www.visit-ulcinj.com\/blog\/2012\/06\/01\/filloi-edicioni-10-te-kupa-e-pavaresise-ne-ulqin\/\" \/>\n<meta property=\"og:site_name\" content=\"Lajme nga Ulqini\" \/>\n<meta property=\"article:published_time\" content=\"2012-06-01T19:58:43+00:00\" \/>\n<meta property=\"article:modified_time\" content=\"2012-06-01T21:49:47+00:00\" \/>\n<meta name=\"twitter:label1\" content=\"Written by\" \/>\n\t<meta name=\"twitter:data1\" content=\"ulqini\" \/>\n\t<meta name=\"twitter:label2\" content=\"Est. reading time\" \/>\n\t<meta name=\"twitter:data2\" content=\"3 minutes\" \/>\n<script type=\"application\/ld+json\" class=\"yoast-schema-graph\">{\"@context\":\"https:\/\/schema.org\",\"@graph\":[{\"@type\":\"WebSite\",\"@id\":\"https:\/\/www.visit-ulcinj.com\/blog\/#website\",\"url\":\"https:\/\/www.visit-ulcinj.com\/blog\/\",\"name\":\"Lajme nga Ulqini\",\"description\":\"Lajme,Vijesti,Ulqini,Ulqin,Crna Gora,Mali i Zi\",\"potentialAction\":[{\"@type\":\"SearchAction\",\"target\":{\"@type\":\"EntryPoint\",\"urlTemplate\":\"https:\/\/www.visit-ulcinj.com\/blog\/?s={search_term_string}\"},\"query-input\":\"required name=search_term_string\"}],\"inLanguage\":\"en-US\"},{\"@type\":\"WebPage\",\"@id\":\"https:\/\/www.visit-ulcinj.com\/blog\/2012\/06\/01\/filloi-edicioni-10-te-kupa-e-pavaresise-ne-ulqin\/#webpage\",\"url\":\"https:\/\/www.visit-ulcinj.com\/blog\/2012\/06\/01\/filloi-edicioni-10-te-kupa-e-pavaresise-ne-ulqin\/\",\"name\":\"Filloi edicioni 10-t\u00eb \u201cKupa e pavar\u00ebsis\u00eb\u201d n\u00eb Ulqin - Lajme nga Ulqini\",\"isPartOf\":{\"@id\":\"https:\/\/www.visit-ulcinj.com\/blog\/#website\"},\"datePublished\":\"2012-06-01T19:58:43+00:00\",\"dateModified\":\"2012-06-01T21:49:47+00:00\",\"author\":{\"@id\":\"https:\/\/www.visit-ulcinj.com\/blog\/#\/schema\/person\/dcab619c614d3038751c63bc2aadc06d\"},\"description\":\"Tetova dhe Durr\u00ebsi p\u00ebrballen n\u00eb finale N\u00eb dit\u00ebn e par\u00eb Tetova mundi Pej\u00ebn 3-2 dhe Ulqinin 2-1, nd\u00ebrsa Durr\u00ebsi mundi T\u00ebrnocin 2-0. Finalja zhvillohet t\u00eb\",\"breadcrumb\":{\"@id\":\"https:\/\/www.visit-ulcinj.com\/blog\/2012\/06\/01\/filloi-edicioni-10-te-kupa-e-pavaresise-ne-ulqin\/#breadcrumb\"},\"inLanguage\":\"en-US\",\"potentialAction\":[{\"@type\":\"ReadAction\",\"target\":[\"https:\/\/www.visit-ulcinj.com\/blog\/2012\/06\/01\/filloi-edicioni-10-te-kupa-e-pavaresise-ne-ulqin\/\"]}]},{\"@type\":\"BreadcrumbList\",\"@id\":\"https:\/\/www.visit-ulcinj.com\/blog\/2012\/06\/01\/filloi-edicioni-10-te-kupa-e-pavaresise-ne-ulqin\/#breadcrumb\",\"itemListElement\":[{\"@type\":\"ListItem\",\"position\":1,\"name\":\"Filloi edicioni 10-t\u00eb \u201cKupa e pavar\u00ebsis\u00eb\u201d n\u00eb Ulqin\"}]},{\"@type\":\"Person\",\"@id\":\"https:\/\/www.visit-ulcinj.com\/blog\/#\/schema\/person\/dcab619c614d3038751c63bc2aadc06d\",\"name\":\"ulqini\",\"sameAs\":[\"http:\/\/www.visit-ulcinj.com\"],\"url\":\"https:\/\/www.visit-ulcinj.com\/blog\/author\/admin\/\"}]}<\/script>\n<!-- \/ Yoast SEO plugin. -->","yoast_head_json":{"title":"Filloi edicioni 10-t\u00eb \u201cKupa e pavar\u00ebsis\u00eb\u201d n\u00eb Ulqin - Lajme nga Ulqini","description":"Tetova dhe Durr\u00ebsi p\u00ebrballen n\u00eb finale N\u00eb dit\u00ebn e par\u00eb Tetova mundi Pej\u00ebn 3-2 dhe Ulqinin 2-1, nd\u00ebrsa Durr\u00ebsi mundi T\u00ebrnocin 2-0. Finalja zhvillohet t\u00eb","robots":{"index":"index","follow":"follow","max-snippet":"max-snippet:-1","max-image-preview":"max-image-preview:large","max-video-preview":"max-video-preview:-1"},"canonical":"https:\/\/www.visit-ulcinj.com\/blog\/2012\/06\/01\/filloi-edicioni-10-te-kupa-e-pavaresise-ne-ulqin\/","og_locale":"en_US","og_type":"article","og_title":"Filloi edicioni 10-t\u00eb \u201cKupa e pavar\u00ebsis\u00eb\u201d n\u00eb Ulqin - Lajme nga Ulqini","og_description":"Tetova dhe Durr\u00ebsi p\u00ebrballen n\u00eb finale N\u00eb dit\u00ebn e par\u00eb Tetova mundi Pej\u00ebn 3-2 dhe Ulqinin 2-1, nd\u00ebrsa Durr\u00ebsi mundi T\u00ebrnocin 2-0. Finalja zhvillohet t\u00eb","og_url":"https:\/\/www.visit-ulcinj.com\/blog\/2012\/06\/01\/filloi-edicioni-10-te-kupa-e-pavaresise-ne-ulqin\/","og_site_name":"Lajme nga Ulqini","article_published_time":"2012-06-01T19:58:43+00:00","article_modified_time":"2012-06-01T21:49:47+00:00","twitter_misc":{"Written by":"ulqini","Est. reading time":"3 minutes"},"schema":{"@context":"https:\/\/schema.org","@graph":[{"@type":"WebSite","@id":"https:\/\/www.visit-ulcinj.com\/blog\/#website","url":"https:\/\/www.visit-ulcinj.com\/blog\/","name":"Lajme nga Ulqini","description":"Lajme,Vijesti,Ulqini,Ulqin,Crna Gora,Mali i Zi","potentialAction":[{"@type":"SearchAction","target":{"@type":"EntryPoint","urlTemplate":"https:\/\/www.visit-ulcinj.com\/blog\/?s={search_term_string}"},"query-input":"required name=search_term_string"}],"inLanguage":"en-US"},{"@type":"WebPage","@id":"https:\/\/www.visit-ulcinj.com\/blog\/2012\/06\/01\/filloi-edicioni-10-te-kupa-e-pavaresise-ne-ulqin\/#webpage","url":"https:\/\/www.visit-ulcinj.com\/blog\/2012\/06\/01\/filloi-edicioni-10-te-kupa-e-pavaresise-ne-ulqin\/","name":"Filloi edicioni 10-t\u00eb \u201cKupa e pavar\u00ebsis\u00eb\u201d n\u00eb Ulqin - Lajme nga Ulqini","isPartOf":{"@id":"https:\/\/www.visit-ulcinj.com\/blog\/#website"},"datePublished":"2012-06-01T19:58:43+00:00","dateModified":"2012-06-01T21:49:47+00:00","author":{"@id":"https:\/\/www.visit-ulcinj.com\/blog\/#\/schema\/person\/dcab619c614d3038751c63bc2aadc06d"},"description":"Tetova dhe Durr\u00ebsi p\u00ebrballen n\u00eb finale N\u00eb dit\u00ebn e par\u00eb Tetova mundi Pej\u00ebn 3-2 dhe Ulqinin 2-1, nd\u00ebrsa Durr\u00ebsi mundi T\u00ebrnocin 2-0. Finalja zhvillohet t\u00eb","breadcrumb":{"@id":"https:\/\/www.visit-ulcinj.com\/blog\/2012\/06\/01\/filloi-edicioni-10-te-kupa-e-pavaresise-ne-ulqin\/#breadcrumb"},"inLanguage":"en-US","potentialAction":[{"@type":"ReadAction","target":["https:\/\/www.visit-ulcinj.com\/blog\/2012\/06\/01\/filloi-edicioni-10-te-kupa-e-pavaresise-ne-ulqin\/"]}]},{"@type":"BreadcrumbList","@id":"https:\/\/www.visit-ulcinj.com\/blog\/2012\/06\/01\/filloi-edicioni-10-te-kupa-e-pavaresise-ne-ulqin\/#breadcrumb","itemListElement":[{"@type":"ListItem","position":1,"name":"Filloi edicioni 10-t\u00eb \u201cKupa e pavar\u00ebsis\u00eb\u201d n\u00eb Ulqin"}]},{"@type":"Person","@id":"https:\/\/www.visit-ulcinj.com\/blog\/#\/schema\/person\/dcab619c614d3038751c63bc2aadc06d","name":"ulqini","sameAs":["http:\/\/www.visit-ulcinj.com"],"url":"https:\/\/www.visit-ulcinj.com\/blog\/author\/admin\/"}]}},"jetpack_featured_media_url":"","jetpack_sharing_enabled":true,"jetpack_shortlink":"https:\/\/wp.me\/pe6lTn-fUP","_links":{"self":[{"href":"https:\/\/www.visit-ulcinj.com\/blog\/wp-json\/wp\/v2\/posts\/61183"}],"collection":[{"href":"https:\/\/www.visit-ulcinj.com\/blog\/wp-json\/wp\/v2\/posts"}],"about":[{"href":"https:\/\/www.visit-ulcinj.com\/blog\/wp-json\/wp\/v2\/types\/post"}],"author":[{"embeddable":true,"href":"https:\/\/www.visit-ulcinj.com\/blog\/wp-json\/wp\/v2\/users\/1"}],"replies":[{"embeddable":true,"href":"https:\/\/www.visit-ulcinj.com\/blog\/wp-json\/wp\/v2\/comments?post=61183"}],"version-history":[{"count":2,"href":"https:\/\/www.visit-ulcinj.com\/blog\/wp-json\/wp\/v2\/posts\/61183\/revisions"}],"predecessor-version":[{"id":61225,"href":"https:\/\/www.visit-ulcinj.com\/blog\/wp-json\/wp\/v2\/posts\/61183\/revisions\/61225"}],"wp:attachment":[{"href":"https:\/\/www.visit-ulcinj.com\/blog\/wp-json\/wp\/v2\/media?parent=61183"}],"wp:term":[{"taxonomy":"category","embeddable":true,"href":"https:\/\/www.visit-ulcinj.com\/blog\/wp-json\/wp\/v2\/categories?post=61183"},{"taxonomy":"post_tag","embeddable":true,"href":"https:\/\/www.visit-ulcinj.com\/blog\/wp-json\/wp\/v2\/tags?post=61183"}],"curies":[{"name":"wp","href":"https:\/\/api.w.org\/{rel}","templated":true}]}}