{"id":612,"date":"2008-02-21T16:47:18","date_gmt":"2008-02-21T21:47:18","guid":{"rendered":"http:\/\/www.visit-ulcinj.com\/blog\/2008\/02\/21\/biljeske-ilira-capunija-sa-ekspedicije-%e2%80%9cbrindisi-2007%e2%80%9d\/"},"modified":"2008-02-26T12:12:52","modified_gmt":"2008-02-26T17:12:52","slug":"biljeske-ilira-capunija-sa-ekspedicije-%e2%80%9cbrindisi-2007%e2%80%9d","status":"publish","type":"post","link":"https:\/\/www.visit-ulcinj.com\/blog\/2008\/02\/21\/biljeske-ilira-capunija-sa-ekspedicije-%e2%80%9cbrindisi-2007%e2%80%9d\/","title":{"rendered":"Bilje\u0161ke Ilira ?apunija sa ekspedicije \u201cBrindisi 2007\u201d"},"content":{"rendered":"<p><img loading=\"lazy\" src=\"http:\/\/www.uldiving.com\/photos\/diving22_L.jpg\" align=\"left\" height=\"220\" width=\"294\" \/><strong>Put do svjetionika pod vodom<\/strong><br \/>\nU pripremnoj fazi ekspedicije, ?ekaju?i u luci, dvogledom poku\u0161avam da vidim prizor koji je o?evidac prof.Pavao Peri?, na dan nesre?e vidio. Slijedi malo razo?arenje jer sam odmah uvidio da se oko mjesta nalaze neke bove i neki ogra?eni rezervat. Imaju?i stare slike luke iz tog perioda, pokazujem lu?kim radnicima, koji naveliko rade na rekonstrukciji i pro\u0161irenju luke, gdje je nekada bila luka,i stvarno nalazimo stare metalne dijelove primitivnog gata iz tog perioda. Saznajem da se blizu olupine gradi rezervat mu\u0161lji i sa nestrpljenjem ?ekam da idem na to mjesto da saznam da slu?ajno olupina nije ogra?ena. Albanske vlasti su spremne na saradnju, dobili smo sva odobrenja i polako se ukrcavam na brod Colombo kako bismo prije ekspedicije postavili signalnu bovu zarona. Iako imamo sve dozvole,policajac poslije redovne kontrole pri ukrcaju me ljubazno zamolio da se po povratku javim u njihovu stanicu i da se potpi\u0161em da sam se opet vratio u luku. Pravila su pravila &#8211; ka\u017ee &#8211; i moramo ih po\u0161tovati. Manevri lociranja su nam ote\u017eani jer se blizu olupine nalazi rezervat. Planiramo kratak zaron, i kapetanu broda Toninu Zefiju dajem signal da se ne?u zadr\u017eavati dugo jer sam sam. Za svaki slu?aj ponio sam kameru i krenuo u plavu grobnicu. Naravno, emocije su tu,ali dodir hladne vode me upozorava da sam ispod vode gost i da moram da budem pribran. S obzirom na to da je vidljivost izuzetno dobra, \u0161to je rijetkost u ovom dijelu, navjeravam da se zadr\u017eim du\u017ee. Dobra vidjlivost mi sada omogu?ava da olupinu vidim u cijelini, potvr?ujem mjesto eksplozije, nalazim kotao\u2026 i polako snimam ove detalje kako bismo \u0161to bolje planirali svaki sljede?i zaron. Zapanjem izuzetno lo\u0161im stanjem olupine tokom izrona sumiram prizore koje do sada zbog lo\u0161e vidljivosti nijesam imao prilike da vidim. Ve? kasnim na dogovorenom sastanku sa lu?kim kapetanom i sa starim mje\u0161tanima \u0160en?ina da popri?amo o ovoj<a href=\"http:\/\/www.visit-ulcinj.com\/blog\/wp-content\/uploads\/2008\/02\/ilir-capuni.JPG\" rel=\"lightbox[pics-1203629193]\" title=\"Ilir ?apuni\"><img loading=\"lazy\" src=\"http:\/\/www.visit-ulcinj.com\/blog\/wp-content\/uploads\/2008\/02\/ilir-capuni.thumbnail.JPG\" alt=\"Ilir ?apuni\" align=\"right\" height=\"138\" width=\"200\" \/><\/a> tragediji. Vra?aju?i se prema luci, na radiju najavljuju jugo, \u0161to mi donekle i obja\u0161njava za\u0161to je vidljivost tako dobra, ali i zabrinjava jer se time kvari plan ekspedicije. Pitam komandanta Tonina za\u0161to je olupina u tako lo\u0161em stanju i on mi ka\u017ee da se de\u0161avalo da su se veliki brodovi tokom vrlo jakog juga sklanjali tu i ?ak \u201cdodirivali ne\u0161to\u201d. No, to je sudbina svih olupina blizu obale.Talasi su nemilosrdni, a slana voda svakim danom sve vi\u0161e uni\u0161tava svaki gvozdeni dio olupine.Prvi dan ekspedicije. Plan je jasan. Mjeriti ta?no dimenzije cilindara motora, mjeriti du\u017einu od pramca do katarke i potra\u017eiti mjesto gdje bi se moglo na?i zvono.<br \/>\nVidljivost je slaba \u0161to nam ote\u017eava rad, ali zacrtano smo proveli. Kamera nam danas nije puno poslu\u017eila. Dimenzije se poklapaju. Skiciramo plan olupine i na kompjuteru gledamo snimke sa pro\u0161lih zarona. Brod se polako ljulja i di\u017ee se zapadni vjetar \u0161to nas upozorava da moramo da po\u017eurimo.?udno, na kompjuteru dobijem signal za Internet i koristim se tom prilikom da na brodu provjerim po\u0161tu. Kolega Zvonko Freivogel iz Njema?ke mi \u0161alje izvod iz knjige \u201cSOS na Jadranu\u201d o Brindisiju. Kockice se sla\u017eu. U drugom zaronu vidljivost je jako lo\u0161a, strujanja velika i prekidamo prije vremena.Drugi dan ekspedicije. Bo?ne oplate na ve?ini mjesta su oborene i nalaze se van olupine dok su drveni dijelovi broda ve? i\u0161?ezli. <a href=\"http:\/\/www.visit-ulcinj.com\/blog\/wp-content\/uploads\/2008\/02\/ilir-capuni1.JPG\" rel=\"lightbox[pics-1203629193]\" title=\"Ilir ?apuni1\"><img loading=\"lazy\" src=\"http:\/\/www.visit-ulcinj.com\/blog\/wp-content\/uploads\/2008\/02\/ilir-capuni1.thumbnail.JPG\" alt=\"Ilir ?apuni1\" align=\"left\" height=\"200\" width=\"151\" \/><\/a>Izme?u ma\u0161inskog i teretnog prostora nalazimo komadi?e uglja koji su razbacani okolo od eksplozije kotla.Me?upaluba je u prednjem dijelu propala i plan da se u tom dijelu pristupi kuhinji propada. Skeniramo okolinu olupine Mulj skriva mnoge tajne Brindisija. Na oko 40 cm ispod mulja na daljini do \u0161est metara od olupine nalaze se metalni dijelovi broda. Taj isti mulj je pokrio i tijela stradalnika na Medovi.Ostatak ovog dana provodim u Skadru, u fototeci Marubi,gdje sa direktorom ove institucije razmijenjujemo stare slike,Medove, Ulcinja i Bara. Te ve?eri mi se javlja kapetan Tonin i najavljuje pogor\u0161anje vremena. Nastupa rezervni plan \u2013 ujutro 23. juna, u \u0161est sati, krenuo sam u Lezhi, da bi u osam sati sa platoa ispred d\u017eamije na Starom gradu gledao dvogledom mjesto nesre?e i rekonstruisao ispovijest Jeremija \u017divanovi?a koja je objavljena na 50 str. Spomenice stradalim ratnicima na Medovi. Gledam more i ujedno ?itam iskaz. Slika se poklapa i njegov iskaz se potvr?uje kao vjerodostojan. Jak zapadni vjetar, koji nam je pokvario plan, uzburkao je vodu. Smirivanje mora traje 2\u20133 dana. Kre?emo du\u017eim putem prema Ulcinju i stalno se pitam za\u0161to ba\u0161 moramo da idemo du\u017eim putem tri sata kada bismo mogli i?i barkom.Ali, odgovor je u regulativi plovidbe u Albaniji i me?usobnim odnosima Crne Gore i Albanije.<br \/>\nU toku ova dva dana odgovaram na e-mejlove kolege Freivogela, dajem mu mali raport kako sve proti?e i planiramo posljednji dan ekspedicije \u2013 dolazak delegacije Centra za iseljenike i crnogorskih medija u Medovi. Ovo od mene iziskuje dodatan pritisak kako bi sve proteklo bez problema.U petak obavije\u0161tavam komandanta mornari?ke baze u \u0160en?inu i ostale zvani?nike o dolasku crnogorske delegacije u nedjelju na malu ceremoniju postavljanja vijenca. Dobijam uvjerenja svih administrativnih organa da ?e svi u?esnici imati nesmetan ulazak u luku, ukrcaj i iskrcaj, a vlasnik kantine unutar luke nam poru?uje da ?e tim povodom o?istiti lokal i okolinu, dok nam Udru\u017eenje ribara osigurava mjesto za parkiranje vozila u hladu za delegaciju. U subotu ronimo malo du\u017ee.S obzirom na to da smo u luci ve? osam dana, prihvataju nas kao doma?e. Na ulazu u luku nam ne tra\u017ee dozvolu, policija nas vi\u0161e ne tjera da se javljamo pri ukrcaju\/iskrcaju. Vezujemo se za olupinu arijaninom niti i obilazimo teren oko nje na radijusu oko 50 metara. Ve? smo u\u0161li u rezervat mu\u0161lji pa korigujemo radijus. I na ovoj daljini nalazimo metalne predmete koji su vjerovatno sa broda, \u0161to obja\u0161njava ?injenicu da se na mapi na chartplotteru u barci Colombo taj dio ozna?ava kao \u201cmjesto sa preprekama\u201d sa znakom olupine. To nam obja\u0161njava i tvrdjenje drugog ko?ara \u2013 Lulija, koji se svojim mre\u017eama nedavno zaka?io podalje od stvarne pozicije olupine. Po zavr\u0161etku dana, javlja mi se kolega Balzi koji je taj dan bio na du\u017enosti pa nije mogao da nam se pridru\u017ei. ?eka nas na ulazu u luku jer mu stra\u017eari ne daju da u?e u nju. Naime, dozvola za ronjenje koju je dobio po?etkom godine istekla mu je tog dana. To nam nagovje\u0161tava da on ne?e mo?i da roni u nedjelju na ceremonijalnom zaronu. Poku\u0161avam da o ovome popri?am sa kapetanom i direktorom luke, ali su oni <img loading=\"lazy\" src=\"http:\/\/www.cselalamein.it\/regmar3.jpg\" style=\"width: 303px; height: 132px\" align=\"right\" border=\"0\" height=\"407\" width=\"631\" \/>kategori?ni. I ovo ekstremno toplo poslije podne provodimo u Skadru. Posljednji dan ekspedicije. Nije ba\u0161 sve po planu, ali zato je crngorska delegacija prijatno do?ekana. Nijesmo imali nikakve prepreke ni za snimanje, ni za ulazak u luku, izlazak na moru. Tokom plovidbe, pitam Djovalina Gilaja, suvlasnika Colomba da li vidi signalnu bovu jer se de\u0161avalo da je neki nesavjesni ribari ili, pak, more otkine. Odgovara mi uz smijeh \u201cne brini, Brindisija smo dobro vezali ovaj put. Nije mogao da pobjegne\u201d. Postavljanje vijenca je emocionalan ?in. Centar se pobrinuo da vijenac li?i na onaj koji Lov?enska vila dr\u017ei u ruci. More je mirno, i plava grobnica je sada oki?ena vijencem na pramcu, kao \u0161to nala\u017ee praksa u ovim prilikama.I to nije kraj pri?e, ni kraj istra\u017eivanja. Dok sam prikupljao podatke o ovoj nesre?i, kolega Dragan Ga?evi? mi je poru?io \u201c\u0161to vi\u0161e sazna\u0161 o njemu, to ?e\u0161 manje znati\u201d.Ne znam koliko je to ta?no. Sada znamo poziciju olupine,znamo kako se zbila tragedija, kako brod izgleda danas i kako je izgledao nekada. Znamo da brod nije torpedovan ve? je nai\u0161ao na savezni?ku defanzivnu minu. Ne znamo ta?an broj \u017ertava niti ta?an broj pre\u017eivjelih. Zbog toga \u0161to je Mer?an mo?varni dio Medove, neznamo ta?no ni lokaciju grobova. Ne znamo i dalje koji su italijanski torpiljeri pratili Brindisi do Drinskog u\u0161?a, da li ih je bilo ?etiri (kako se navodi u Spomenici Sava Vukomanovi?a), ili ih je bilo dva kako se navodi u knjizi brodogradili\u0161ta Fratelli Orlando. Ne znamo \u0161to se desilo sa posadom, za\u0161to lu?ki organi nijesu slali peljarski brod, ne znamo za\u0161to je donesena odluka da se crnogorski dobrovoljci ukrcaju u brod za Medovu kada su svi napustali Medovu. Postoje dosta neizvjesnosti, ali jedno<br \/>\nje ipak sigurno \u2013 iako pod vodom u tu?oj zemlji, Brindisi je Crnoj Gori svjetionik, koji opominje i ukazuje na pravi put.<\/p>\n<p><strong>Biografija: Ilir ?apuni<\/strong> je ulcinjski ronilac.Po profesiji<br \/>\nje matemati?ar, trenutno na doktorskim studijama u<br \/>\nBoston University u SAD-u. Ima zvanje Divemastera i<br \/>\ntehni?kog ronioca sa gasnim mje\u0161avinama. U?estvovao<br \/>\nje u pronala\u017eenju olupine Regina Margherite u Valoni<br \/>\n30. jula 2005. godine, bolni?kog broda PO, 1. avgusta<br \/>\n2005. godine. Od 10. do 15. avgusta 2005. u?estvuje kao<br \/>\nronilac na ekspediciji \u201cRegina Margherita 2005\u201d IANTD<br \/>\nExpeditions. Predvodio lociranje i identifikaciju parabroda<br \/>\nBrindisi, Anthipi i Andra\u0161y. Predvodio ekspediciju San<br \/>\nGiovanni di Medua 2006. godine i ekspediciju \u201cBrindisi<br \/>\n2007\u201d.<\/p>\n<p>www.diaspora.cg.yu\/<\/p>\n","protected":false},"excerpt":{"rendered":"<p><img loading=\"lazy\" src=\"http:\/\/www.uldiving.com\/photos\/diving22_L.jpg\" align=\"left\" height=\"140\" width=\"140\" \/><\/p>\n","protected":false},"author":1,"featured_media":0,"comment_status":"open","ping_status":"closed","sticky":false,"template":"","format":"standard","meta":{"spay_email":"","jetpack_publicize_message":"","jetpack_is_tweetstorm":false,"jetpack_publicize_feature_enabled":true},"categories":[13],"tags":[802,1340,1848,1515,1434,169,1442,1453,1400,414,142,1437,1418],"jetpack_publicize_connections":[],"yoast_head":"<!-- This site is optimized with the Yoast SEO plugin v19.1 - https:\/\/yoast.com\/wordpress\/plugins\/seo\/ -->\n<title>Bilje\u0161ke Ilira ?apunija sa ekspedicije \u201cBrindisi 2007\u201d - Lajme nga Ulqini<\/title>\n<meta name=\"robots\" content=\"index, follow, max-snippet:-1, max-image-preview:large, max-video-preview:-1\" \/>\n<link rel=\"canonical\" href=\"https:\/\/www.visit-ulcinj.com\/blog\/2008\/02\/21\/biljeske-ilira-capunija-sa-ekspedicije-\u201cbrindisi-2007\u201d\/\" \/>\n<meta property=\"og:locale\" content=\"en_US\" \/>\n<meta property=\"og:type\" content=\"article\" \/>\n<meta property=\"og:title\" content=\"Bilje\u0161ke Ilira ?apunija sa ekspedicije \u201cBrindisi 2007\u201d - Lajme nga Ulqini\" \/>\n<meta property=\"og:url\" content=\"https:\/\/www.visit-ulcinj.com\/blog\/2008\/02\/21\/biljeske-ilira-capunija-sa-ekspedicije-\u201cbrindisi-2007\u201d\/\" \/>\n<meta property=\"og:site_name\" content=\"Lajme nga Ulqini\" \/>\n<meta property=\"article:published_time\" content=\"2008-02-21T21:47:18+00:00\" \/>\n<meta property=\"article:modified_time\" content=\"2008-02-26T17:12:52+00:00\" \/>\n<meta property=\"og:image\" content=\"http:\/\/www.uldiving.com\/photos\/diving22_L.jpg\" \/>\n<meta name=\"twitter:label1\" content=\"Written by\" \/>\n\t<meta name=\"twitter:data1\" content=\"ulqini\" \/>\n\t<meta name=\"twitter:label2\" content=\"Est. reading time\" \/>\n\t<meta name=\"twitter:data2\" content=\"8 minutes\" \/>\n<script type=\"application\/ld+json\" class=\"yoast-schema-graph\">{\"@context\":\"https:\/\/schema.org\",\"@graph\":[{\"@type\":\"WebSite\",\"@id\":\"https:\/\/www.visit-ulcinj.com\/blog\/#website\",\"url\":\"https:\/\/www.visit-ulcinj.com\/blog\/\",\"name\":\"Lajme nga Ulqini\",\"description\":\"Lajme,Vijesti,Ulqini,Ulqin,Crna Gora,Mali i Zi\",\"potentialAction\":[{\"@type\":\"SearchAction\",\"target\":{\"@type\":\"EntryPoint\",\"urlTemplate\":\"https:\/\/www.visit-ulcinj.com\/blog\/?s={search_term_string}\"},\"query-input\":\"required name=search_term_string\"}],\"inLanguage\":\"en-US\"},{\"@type\":\"ImageObject\",\"inLanguage\":\"en-US\",\"@id\":\"https:\/\/www.visit-ulcinj.com\/blog\/2008\/02\/21\/biljeske-ilira-capunija-sa-ekspedicije-%e2%80%9cbrindisi-2007%e2%80%9d\/#primaryimage\",\"url\":\"http:\/\/www.uldiving.com\/photos\/diving22_L.jpg\",\"contentUrl\":\"http:\/\/www.uldiving.com\/photos\/diving22_L.jpg\"},{\"@type\":\"WebPage\",\"@id\":\"https:\/\/www.visit-ulcinj.com\/blog\/2008\/02\/21\/biljeske-ilira-capunija-sa-ekspedicije-%e2%80%9cbrindisi-2007%e2%80%9d\/#webpage\",\"url\":\"https:\/\/www.visit-ulcinj.com\/blog\/2008\/02\/21\/biljeske-ilira-capunija-sa-ekspedicije-%e2%80%9cbrindisi-2007%e2%80%9d\/\",\"name\":\"Bilje\u0161ke Ilira ?apunija sa ekspedicije \u201cBrindisi 2007\u201d - Lajme nga Ulqini\",\"isPartOf\":{\"@id\":\"https:\/\/www.visit-ulcinj.com\/blog\/#website\"},\"primaryImageOfPage\":{\"@id\":\"https:\/\/www.visit-ulcinj.com\/blog\/2008\/02\/21\/biljeske-ilira-capunija-sa-ekspedicije-%e2%80%9cbrindisi-2007%e2%80%9d\/#primaryimage\"},\"datePublished\":\"2008-02-21T21:47:18+00:00\",\"dateModified\":\"2008-02-26T17:12:52+00:00\",\"author\":{\"@id\":\"https:\/\/www.visit-ulcinj.com\/blog\/#\/schema\/person\/dcab619c614d3038751c63bc2aadc06d\"},\"breadcrumb\":{\"@id\":\"https:\/\/www.visit-ulcinj.com\/blog\/2008\/02\/21\/biljeske-ilira-capunija-sa-ekspedicije-%e2%80%9cbrindisi-2007%e2%80%9d\/#breadcrumb\"},\"inLanguage\":\"en-US\",\"potentialAction\":[{\"@type\":\"ReadAction\",\"target\":[\"https:\/\/www.visit-ulcinj.com\/blog\/2008\/02\/21\/biljeske-ilira-capunija-sa-ekspedicije-%e2%80%9cbrindisi-2007%e2%80%9d\/\"]}]},{\"@type\":\"BreadcrumbList\",\"@id\":\"https:\/\/www.visit-ulcinj.com\/blog\/2008\/02\/21\/biljeske-ilira-capunija-sa-ekspedicije-%e2%80%9cbrindisi-2007%e2%80%9d\/#breadcrumb\",\"itemListElement\":[{\"@type\":\"ListItem\",\"position\":1,\"name\":\"Bilje\u0161ke Ilira ?apunija sa ekspedicije \u201cBrindisi 2007\u201d\"}]},{\"@type\":\"Person\",\"@id\":\"https:\/\/www.visit-ulcinj.com\/blog\/#\/schema\/person\/dcab619c614d3038751c63bc2aadc06d\",\"name\":\"ulqini\",\"sameAs\":[\"http:\/\/www.visit-ulcinj.com\"],\"url\":\"https:\/\/www.visit-ulcinj.com\/blog\/author\/admin\/\"}]}<\/script>\n<!-- \/ Yoast SEO plugin. -->","yoast_head_json":{"title":"Bilje\u0161ke Ilira ?apunija sa ekspedicije \u201cBrindisi 2007\u201d - Lajme nga Ulqini","robots":{"index":"index","follow":"follow","max-snippet":"max-snippet:-1","max-image-preview":"max-image-preview:large","max-video-preview":"max-video-preview:-1"},"canonical":"https:\/\/www.visit-ulcinj.com\/blog\/2008\/02\/21\/biljeske-ilira-capunija-sa-ekspedicije-\u201cbrindisi-2007\u201d\/","og_locale":"en_US","og_type":"article","og_title":"Bilje\u0161ke Ilira ?apunija sa ekspedicije \u201cBrindisi 2007\u201d - Lajme nga Ulqini","og_url":"https:\/\/www.visit-ulcinj.com\/blog\/2008\/02\/21\/biljeske-ilira-capunija-sa-ekspedicije-\u201cbrindisi-2007\u201d\/","og_site_name":"Lajme nga Ulqini","article_published_time":"2008-02-21T21:47:18+00:00","article_modified_time":"2008-02-26T17:12:52+00:00","og_image":[{"url":"http:\/\/www.uldiving.com\/photos\/diving22_L.jpg"}],"twitter_misc":{"Written by":"ulqini","Est. reading time":"8 minutes"},"schema":{"@context":"https:\/\/schema.org","@graph":[{"@type":"WebSite","@id":"https:\/\/www.visit-ulcinj.com\/blog\/#website","url":"https:\/\/www.visit-ulcinj.com\/blog\/","name":"Lajme nga Ulqini","description":"Lajme,Vijesti,Ulqini,Ulqin,Crna Gora,Mali i Zi","potentialAction":[{"@type":"SearchAction","target":{"@type":"EntryPoint","urlTemplate":"https:\/\/www.visit-ulcinj.com\/blog\/?s={search_term_string}"},"query-input":"required name=search_term_string"}],"inLanguage":"en-US"},{"@type":"ImageObject","inLanguage":"en-US","@id":"https:\/\/www.visit-ulcinj.com\/blog\/2008\/02\/21\/biljeske-ilira-capunija-sa-ekspedicije-%e2%80%9cbrindisi-2007%e2%80%9d\/#primaryimage","url":"http:\/\/www.uldiving.com\/photos\/diving22_L.jpg","contentUrl":"http:\/\/www.uldiving.com\/photos\/diving22_L.jpg"},{"@type":"WebPage","@id":"https:\/\/www.visit-ulcinj.com\/blog\/2008\/02\/21\/biljeske-ilira-capunija-sa-ekspedicije-%e2%80%9cbrindisi-2007%e2%80%9d\/#webpage","url":"https:\/\/www.visit-ulcinj.com\/blog\/2008\/02\/21\/biljeske-ilira-capunija-sa-ekspedicije-%e2%80%9cbrindisi-2007%e2%80%9d\/","name":"Bilje\u0161ke Ilira ?apunija sa ekspedicije \u201cBrindisi 2007\u201d - Lajme nga Ulqini","isPartOf":{"@id":"https:\/\/www.visit-ulcinj.com\/blog\/#website"},"primaryImageOfPage":{"@id":"https:\/\/www.visit-ulcinj.com\/blog\/2008\/02\/21\/biljeske-ilira-capunija-sa-ekspedicije-%e2%80%9cbrindisi-2007%e2%80%9d\/#primaryimage"},"datePublished":"2008-02-21T21:47:18+00:00","dateModified":"2008-02-26T17:12:52+00:00","author":{"@id":"https:\/\/www.visit-ulcinj.com\/blog\/#\/schema\/person\/dcab619c614d3038751c63bc2aadc06d"},"breadcrumb":{"@id":"https:\/\/www.visit-ulcinj.com\/blog\/2008\/02\/21\/biljeske-ilira-capunija-sa-ekspedicije-%e2%80%9cbrindisi-2007%e2%80%9d\/#breadcrumb"},"inLanguage":"en-US","potentialAction":[{"@type":"ReadAction","target":["https:\/\/www.visit-ulcinj.com\/blog\/2008\/02\/21\/biljeske-ilira-capunija-sa-ekspedicije-%e2%80%9cbrindisi-2007%e2%80%9d\/"]}]},{"@type":"BreadcrumbList","@id":"https:\/\/www.visit-ulcinj.com\/blog\/2008\/02\/21\/biljeske-ilira-capunija-sa-ekspedicije-%e2%80%9cbrindisi-2007%e2%80%9d\/#breadcrumb","itemListElement":[{"@type":"ListItem","position":1,"name":"Bilje\u0161ke Ilira ?apunija sa ekspedicije \u201cBrindisi 2007\u201d"}]},{"@type":"Person","@id":"https:\/\/www.visit-ulcinj.com\/blog\/#\/schema\/person\/dcab619c614d3038751c63bc2aadc06d","name":"ulqini","sameAs":["http:\/\/www.visit-ulcinj.com"],"url":"https:\/\/www.visit-ulcinj.com\/blog\/author\/admin\/"}]}},"jetpack_featured_media_url":"","jetpack_sharing_enabled":true,"jetpack_shortlink":"https:\/\/wp.me\/pe6lTn-9S","_links":{"self":[{"href":"https:\/\/www.visit-ulcinj.com\/blog\/wp-json\/wp\/v2\/posts\/612"}],"collection":[{"href":"https:\/\/www.visit-ulcinj.com\/blog\/wp-json\/wp\/v2\/posts"}],"about":[{"href":"https:\/\/www.visit-ulcinj.com\/blog\/wp-json\/wp\/v2\/types\/post"}],"author":[{"embeddable":true,"href":"https:\/\/www.visit-ulcinj.com\/blog\/wp-json\/wp\/v2\/users\/1"}],"replies":[{"embeddable":true,"href":"https:\/\/www.visit-ulcinj.com\/blog\/wp-json\/wp\/v2\/comments?post=612"}],"version-history":[{"count":0,"href":"https:\/\/www.visit-ulcinj.com\/blog\/wp-json\/wp\/v2\/posts\/612\/revisions"}],"wp:attachment":[{"href":"https:\/\/www.visit-ulcinj.com\/blog\/wp-json\/wp\/v2\/media?parent=612"}],"wp:term":[{"taxonomy":"category","embeddable":true,"href":"https:\/\/www.visit-ulcinj.com\/blog\/wp-json\/wp\/v2\/categories?post=612"},{"taxonomy":"post_tag","embeddable":true,"href":"https:\/\/www.visit-ulcinj.com\/blog\/wp-json\/wp\/v2\/tags?post=612"}],"curies":[{"name":"wp","href":"https:\/\/api.w.org\/{rel}","templated":true}]}}