{"id":61220,"date":"2012-06-01T22:49:07","date_gmt":"2012-06-01T21:49:07","guid":{"rendered":"http:\/\/www.visit-ulcinj.com\/blog\/?p=61220"},"modified":"2012-06-01T22:49:07","modified_gmt":"2012-06-01T21:49:07","slug":"tete-cmime-per-taekwondo-ulqinin","status":"publish","type":"post","link":"https:\/\/www.visit-ulcinj.com\/blog\/2012\/06\/01\/tete-cmime-per-taekwondo-ulqinin\/","title":{"rendered":"Tet\u00eb \u00e7mime p\u00ebr Taekwondo Ulqinin"},"content":{"rendered":"<p><a href=\"http:\/\/www.visit-ulcinj.com\/blog\/wp-content\/uploads\/2012\/06\/Taekwondo-Ulqini_cmimet-2012.jpg\"><img loading=\"lazy\" class=\"alignleft  wp-image-61221\" title=\"Taekwondo Ulqini_cmimet 2012\" src=\"http:\/\/www.visit-ulcinj.com\/blog\/wp-content\/uploads\/2012\/06\/Taekwondo-Ulqini_cmimet-2012.jpg\" alt=\"\" width=\"508\" height=\"360\" \/><\/a>Sot me dat\u00eb 01.06.2012 edhe pse me vones\u00eb p\u00ebr shkak\u00eb t\u00eb krizes finaciare n\u00eb Mal t\u00eb Zi, me n\u00eb fund Federata e Taekwondo-s\u00eb s\u00eb Malit t\u00eb Zi shpalli sportist\u00ebt m\u00eb t\u00eb suksesh\u00ebm gjejg\u00ebsisht m\u00eb t\u00eb mir\u00eb p\u00ebr vitin 2011.<\/p>\n<p>Klubit t\u00eb Taekwondo-s\u00eb Ulqini i takuan tet\u00eb \u00e7mime, ku edhe nj\u00ebher\u00eb tregoi se klubi i tkd-s\u00eb Ulqini denj\u00ebsisht p\u00ebrfaqsoi \u00a0me sukses\u00eb qytetin e Ulqinit p\u00ebrgjat\u00eb vitit 2011.<\/p>\n<p><a href=\"http:\/\/www.visit-ulcinj.com\/blog\/wp-content\/uploads\/2012\/06\/Taekwondo-Ulqini_cmimet-2012.Esad-Kraja.jpg\"><img loading=\"lazy\" class=\"alignleft  wp-image-61222\" title=\"Taekwondo Ulqini_cmimet 2012.Esad Kraja\" src=\"http:\/\/www.visit-ulcinj.com\/blog\/wp-content\/uploads\/2012\/06\/Taekwondo-Ulqini_cmimet-2012.Esad-Kraja.jpg\" alt=\"\" width=\"508\" height=\"300\" \/><\/a><\/p>\n<p><strong>\u00c7mimet p\u00ebr Taekwondo Ulqinit ishin:<\/strong><\/p>\n<ol start=\"1\">\n<li><strong>Pioniri m\u00eb i suksesh\u00ebm RINOR JAHJA,\u00a0<\/strong><\/li>\n<li><strong>Pioniri m\u00eb perspektiv\u00eb ESAD KRAJA,<\/strong><\/li>\n<li><strong>Pionirja m\u00eb e sukseshme EDINA KRAJA,<\/strong><\/li>\n<li><strong>Kadeti m\u00eb i suksesh\u00ebm MERSUDIN KURTI, \u00a0<\/strong><\/li>\n<li><strong>Kadetja m\u00eb e sukseshme NURI KANAQI,<\/strong><\/li>\n<li><strong>Juniori m\u00eb i suksesh\u00ebm ARTAN FICI,<\/strong><\/li>\n<li><strong>Trajneri m\u00eb i suksesh\u00ebm FIKRET DUSHKU<\/strong><\/li>\n<li><strong>Klubi m\u00eb i suksesh\u00ebm KLUBI I TAEKWONDO-S\u00cb ULQINI.<\/strong><\/li>\n<li><a href=\"http:\/\/www.visit-ulcinj.com\/blog\/wp-content\/uploads\/2012\/06\/Taekwondo-Ulqini_cmimet-2012_Fikret-Dushku.jpg\"><img loading=\"lazy\" class=\"alignleft  wp-image-61223\" title=\"Taekwondo Ulqini_cmimet 2012_Fikret Dushku\" src=\"http:\/\/www.visit-ulcinj.com\/blog\/wp-content\/uploads\/2012\/06\/Taekwondo-Ulqini_cmimet-2012_Fikret-Dushku.jpg\" alt=\"\" width=\"508\" height=\"300\" \/><\/a><\/li>\n<\/ol>\n<p>&nbsp;<\/p>\n<p>Falenderojm\u00eb krytrajnerin e k\u00ebtij klubi nj\u00ebherit i d\u00ebshirojm\u00eb suksese edhe n\u00eb t\u00eb ardhmen, poashtu falenderojm\u00eb garuesit t\u00eb cil\u00ebt dhan\u00eb maksimumin gjat\u00eb vitit 2011, falenderojm\u00eb t\u00eb gjith\u00eb prind\u00ebrit q\u00eb e p\u00ebrkrahen k\u00ebt\u00eb klub, falenderojm\u00eb t\u00eb gjith\u00eb sponsor\u00ebt q\u00eb e p\u00ebrkrahen k\u00ebt\u00eb klub gjat\u00eb vitit 2011, falenderojm\u00eb sponsor\u00ebt mediatik si dhe webfaqet n\u00eb internet t\u00eb cil\u00ebt i p\u00ebrcjell\u00ebn rezultatet e k\u00ebtij klubi, falenderojm\u00eb t\u00eb gjithe ata q\u00eb e p\u00ebrkrahen k\u00ebt\u00eb klub gjat\u00eb vitit 2011.<\/p>\n","protected":false},"excerpt":{"rendered":"<p>Sot me dat\u00eb 01.06.2012 edhe pse me vones\u00eb p\u00ebr shkak\u00eb t\u00eb krizes finaciare n\u00eb Mal t\u00eb Zi, me n\u00eb fund Federata e Taekwondo-s\u00eb s\u00eb Malit t\u00eb Zi shpalli sportist\u00ebt m\u00eb t\u00eb suksesh\u00ebm gjejg\u00ebsisht m\u00eb t\u00eb mir\u00eb p\u00ebr vitin 2011. Klubit t\u00eb Taekwondo-s\u00eb Ulqini i takuan tet\u00eb \u00e7mime, ku edhe nj\u00ebher\u00eb tregoi se klubi i tkd-s\u00eb [&hellip;]<\/p>\n","protected":false},"author":1,"featured_media":0,"comment_status":"open","ping_status":"closed","sticky":false,"template":"","format":"standard","meta":{"spay_email":"","jetpack_publicize_message":"","jetpack_is_tweetstorm":false,"jetpack_publicize_feature_enabled":true},"categories":[3],"tags":[13141,200,18],"jetpack_publicize_connections":[],"yoast_head":"<!-- This site is optimized with the Yoast SEO plugin v19.1 - https:\/\/yoast.com\/wordpress\/plugins\/seo\/ -->\n<title>Tet\u00eb \u00e7mime p\u00ebr Taekwondo Ulqinin - Lajme nga Ulqini<\/title>\n<meta name=\"description\" content=\"Sot me dat\u00eb 01.06.2012 edhe pse me vones\u00eb p\u00ebr shkak\u00eb t\u00eb krizes finaciare n\u00eb Mal t\u00eb Zi, me n\u00eb fund Federata e Taekwondo-s\u00eb s\u00eb Malit t\u00eb Zi shpalli\" \/>\n<meta name=\"robots\" content=\"index, follow, max-snippet:-1, max-image-preview:large, max-video-preview:-1\" \/>\n<link rel=\"canonical\" href=\"https:\/\/www.visit-ulcinj.com\/blog\/2012\/06\/01\/tete-cmime-per-taekwondo-ulqinin\/\" \/>\n<meta property=\"og:locale\" content=\"en_US\" \/>\n<meta property=\"og:type\" content=\"article\" \/>\n<meta property=\"og:title\" content=\"Tet\u00eb \u00e7mime p\u00ebr Taekwondo Ulqinin - Lajme nga Ulqini\" \/>\n<meta property=\"og:description\" content=\"Sot me dat\u00eb 01.06.2012 edhe pse me vones\u00eb p\u00ebr shkak\u00eb t\u00eb krizes finaciare n\u00eb Mal t\u00eb Zi, me n\u00eb fund Federata e Taekwondo-s\u00eb s\u00eb Malit t\u00eb Zi shpalli\" \/>\n<meta property=\"og:url\" content=\"https:\/\/www.visit-ulcinj.com\/blog\/2012\/06\/01\/tete-cmime-per-taekwondo-ulqinin\/\" \/>\n<meta property=\"og:site_name\" content=\"Lajme nga Ulqini\" \/>\n<meta property=\"article:published_time\" content=\"2012-06-01T21:49:07+00:00\" \/>\n<meta property=\"og:image\" content=\"http:\/\/www.visit-ulcinj.com\/blog\/wp-content\/uploads\/2012\/06\/Taekwondo-Ulqini_cmimet-2012.jpg\" \/>\n<meta name=\"twitter:label1\" content=\"Written by\" \/>\n\t<meta name=\"twitter:data1\" content=\"ulqini\" \/>\n\t<meta name=\"twitter:label2\" content=\"Est. reading time\" \/>\n\t<meta name=\"twitter:data2\" content=\"1 minute\" \/>\n<script type=\"application\/ld+json\" class=\"yoast-schema-graph\">{\"@context\":\"https:\/\/schema.org\",\"@graph\":[{\"@type\":\"WebSite\",\"@id\":\"https:\/\/www.visit-ulcinj.com\/blog\/#website\",\"url\":\"https:\/\/www.visit-ulcinj.com\/blog\/\",\"name\":\"Lajme nga Ulqini\",\"description\":\"Lajme,Vijesti,Ulqini,Ulqin,Crna Gora,Mali i Zi\",\"potentialAction\":[{\"@type\":\"SearchAction\",\"target\":{\"@type\":\"EntryPoint\",\"urlTemplate\":\"https:\/\/www.visit-ulcinj.com\/blog\/?s={search_term_string}\"},\"query-input\":\"required name=search_term_string\"}],\"inLanguage\":\"en-US\"},{\"@type\":\"ImageObject\",\"inLanguage\":\"en-US\",\"@id\":\"https:\/\/www.visit-ulcinj.com\/blog\/2012\/06\/01\/tete-cmime-per-taekwondo-ulqinin\/#primaryimage\",\"url\":\"https:\/\/www.visit-ulcinj.com\/blog\/wp-content\/uploads\/2012\/06\/Taekwondo-Ulqini_cmimet-2012.jpg\",\"contentUrl\":\"https:\/\/www.visit-ulcinj.com\/blog\/wp-content\/uploads\/2012\/06\/Taekwondo-Ulqini_cmimet-2012.jpg\",\"width\":\"720\",\"height\":\"540\"},{\"@type\":\"WebPage\",\"@id\":\"https:\/\/www.visit-ulcinj.com\/blog\/2012\/06\/01\/tete-cmime-per-taekwondo-ulqinin\/#webpage\",\"url\":\"https:\/\/www.visit-ulcinj.com\/blog\/2012\/06\/01\/tete-cmime-per-taekwondo-ulqinin\/\",\"name\":\"Tet\u00eb \u00e7mime p\u00ebr Taekwondo Ulqinin - Lajme nga Ulqini\",\"isPartOf\":{\"@id\":\"https:\/\/www.visit-ulcinj.com\/blog\/#website\"},\"primaryImageOfPage\":{\"@id\":\"https:\/\/www.visit-ulcinj.com\/blog\/2012\/06\/01\/tete-cmime-per-taekwondo-ulqinin\/#primaryimage\"},\"datePublished\":\"2012-06-01T21:49:07+00:00\",\"dateModified\":\"2012-06-01T21:49:07+00:00\",\"author\":{\"@id\":\"https:\/\/www.visit-ulcinj.com\/blog\/#\/schema\/person\/dcab619c614d3038751c63bc2aadc06d\"},\"description\":\"Sot me dat\u00eb 01.06.2012 edhe pse me vones\u00eb p\u00ebr shkak\u00eb t\u00eb krizes finaciare n\u00eb Mal t\u00eb Zi, me n\u00eb fund Federata e Taekwondo-s\u00eb s\u00eb Malit t\u00eb Zi shpalli\",\"breadcrumb\":{\"@id\":\"https:\/\/www.visit-ulcinj.com\/blog\/2012\/06\/01\/tete-cmime-per-taekwondo-ulqinin\/#breadcrumb\"},\"inLanguage\":\"en-US\",\"potentialAction\":[{\"@type\":\"ReadAction\",\"target\":[\"https:\/\/www.visit-ulcinj.com\/blog\/2012\/06\/01\/tete-cmime-per-taekwondo-ulqinin\/\"]}]},{\"@type\":\"BreadcrumbList\",\"@id\":\"https:\/\/www.visit-ulcinj.com\/blog\/2012\/06\/01\/tete-cmime-per-taekwondo-ulqinin\/#breadcrumb\",\"itemListElement\":[{\"@type\":\"ListItem\",\"position\":1,\"name\":\"Tet\u00eb \u00e7mime p\u00ebr Taekwondo Ulqinin\"}]},{\"@type\":\"Person\",\"@id\":\"https:\/\/www.visit-ulcinj.com\/blog\/#\/schema\/person\/dcab619c614d3038751c63bc2aadc06d\",\"name\":\"ulqini\",\"sameAs\":[\"http:\/\/www.visit-ulcinj.com\"],\"url\":\"https:\/\/www.visit-ulcinj.com\/blog\/author\/admin\/\"}]}<\/script>\n<!-- \/ Yoast SEO plugin. -->","yoast_head_json":{"title":"Tet\u00eb \u00e7mime p\u00ebr Taekwondo Ulqinin - Lajme nga Ulqini","description":"Sot me dat\u00eb 01.06.2012 edhe pse me vones\u00eb p\u00ebr shkak\u00eb t\u00eb krizes finaciare n\u00eb Mal t\u00eb Zi, me n\u00eb fund Federata e Taekwondo-s\u00eb s\u00eb Malit t\u00eb Zi shpalli","robots":{"index":"index","follow":"follow","max-snippet":"max-snippet:-1","max-image-preview":"max-image-preview:large","max-video-preview":"max-video-preview:-1"},"canonical":"https:\/\/www.visit-ulcinj.com\/blog\/2012\/06\/01\/tete-cmime-per-taekwondo-ulqinin\/","og_locale":"en_US","og_type":"article","og_title":"Tet\u00eb \u00e7mime p\u00ebr Taekwondo Ulqinin - Lajme nga Ulqini","og_description":"Sot me dat\u00eb 01.06.2012 edhe pse me vones\u00eb p\u00ebr shkak\u00eb t\u00eb krizes finaciare n\u00eb Mal t\u00eb Zi, me n\u00eb fund Federata e Taekwondo-s\u00eb s\u00eb Malit t\u00eb Zi shpalli","og_url":"https:\/\/www.visit-ulcinj.com\/blog\/2012\/06\/01\/tete-cmime-per-taekwondo-ulqinin\/","og_site_name":"Lajme nga Ulqini","article_published_time":"2012-06-01T21:49:07+00:00","og_image":[{"url":"http:\/\/www.visit-ulcinj.com\/blog\/wp-content\/uploads\/2012\/06\/Taekwondo-Ulqini_cmimet-2012.jpg"}],"twitter_misc":{"Written by":"ulqini","Est. reading time":"1 minute"},"schema":{"@context":"https:\/\/schema.org","@graph":[{"@type":"WebSite","@id":"https:\/\/www.visit-ulcinj.com\/blog\/#website","url":"https:\/\/www.visit-ulcinj.com\/blog\/","name":"Lajme nga Ulqini","description":"Lajme,Vijesti,Ulqini,Ulqin,Crna Gora,Mali i Zi","potentialAction":[{"@type":"SearchAction","target":{"@type":"EntryPoint","urlTemplate":"https:\/\/www.visit-ulcinj.com\/blog\/?s={search_term_string}"},"query-input":"required name=search_term_string"}],"inLanguage":"en-US"},{"@type":"ImageObject","inLanguage":"en-US","@id":"https:\/\/www.visit-ulcinj.com\/blog\/2012\/06\/01\/tete-cmime-per-taekwondo-ulqinin\/#primaryimage","url":"https:\/\/www.visit-ulcinj.com\/blog\/wp-content\/uploads\/2012\/06\/Taekwondo-Ulqini_cmimet-2012.jpg","contentUrl":"https:\/\/www.visit-ulcinj.com\/blog\/wp-content\/uploads\/2012\/06\/Taekwondo-Ulqini_cmimet-2012.jpg","width":"720","height":"540"},{"@type":"WebPage","@id":"https:\/\/www.visit-ulcinj.com\/blog\/2012\/06\/01\/tete-cmime-per-taekwondo-ulqinin\/#webpage","url":"https:\/\/www.visit-ulcinj.com\/blog\/2012\/06\/01\/tete-cmime-per-taekwondo-ulqinin\/","name":"Tet\u00eb \u00e7mime p\u00ebr Taekwondo Ulqinin - Lajme nga Ulqini","isPartOf":{"@id":"https:\/\/www.visit-ulcinj.com\/blog\/#website"},"primaryImageOfPage":{"@id":"https:\/\/www.visit-ulcinj.com\/blog\/2012\/06\/01\/tete-cmime-per-taekwondo-ulqinin\/#primaryimage"},"datePublished":"2012-06-01T21:49:07+00:00","dateModified":"2012-06-01T21:49:07+00:00","author":{"@id":"https:\/\/www.visit-ulcinj.com\/blog\/#\/schema\/person\/dcab619c614d3038751c63bc2aadc06d"},"description":"Sot me dat\u00eb 01.06.2012 edhe pse me vones\u00eb p\u00ebr shkak\u00eb t\u00eb krizes finaciare n\u00eb Mal t\u00eb Zi, me n\u00eb fund Federata e Taekwondo-s\u00eb s\u00eb Malit t\u00eb Zi shpalli","breadcrumb":{"@id":"https:\/\/www.visit-ulcinj.com\/blog\/2012\/06\/01\/tete-cmime-per-taekwondo-ulqinin\/#breadcrumb"},"inLanguage":"en-US","potentialAction":[{"@type":"ReadAction","target":["https:\/\/www.visit-ulcinj.com\/blog\/2012\/06\/01\/tete-cmime-per-taekwondo-ulqinin\/"]}]},{"@type":"BreadcrumbList","@id":"https:\/\/www.visit-ulcinj.com\/blog\/2012\/06\/01\/tete-cmime-per-taekwondo-ulqinin\/#breadcrumb","itemListElement":[{"@type":"ListItem","position":1,"name":"Tet\u00eb \u00e7mime p\u00ebr Taekwondo Ulqinin"}]},{"@type":"Person","@id":"https:\/\/www.visit-ulcinj.com\/blog\/#\/schema\/person\/dcab619c614d3038751c63bc2aadc06d","name":"ulqini","sameAs":["http:\/\/www.visit-ulcinj.com"],"url":"https:\/\/www.visit-ulcinj.com\/blog\/author\/admin\/"}]}},"jetpack_featured_media_url":"","jetpack_sharing_enabled":true,"jetpack_shortlink":"https:\/\/wp.me\/pe6lTn-fVq","_links":{"self":[{"href":"https:\/\/www.visit-ulcinj.com\/blog\/wp-json\/wp\/v2\/posts\/61220"}],"collection":[{"href":"https:\/\/www.visit-ulcinj.com\/blog\/wp-json\/wp\/v2\/posts"}],"about":[{"href":"https:\/\/www.visit-ulcinj.com\/blog\/wp-json\/wp\/v2\/types\/post"}],"author":[{"embeddable":true,"href":"https:\/\/www.visit-ulcinj.com\/blog\/wp-json\/wp\/v2\/users\/1"}],"replies":[{"embeddable":true,"href":"https:\/\/www.visit-ulcinj.com\/blog\/wp-json\/wp\/v2\/comments?post=61220"}],"version-history":[{"count":1,"href":"https:\/\/www.visit-ulcinj.com\/blog\/wp-json\/wp\/v2\/posts\/61220\/revisions"}],"predecessor-version":[{"id":61224,"href":"https:\/\/www.visit-ulcinj.com\/blog\/wp-json\/wp\/v2\/posts\/61220\/revisions\/61224"}],"wp:attachment":[{"href":"https:\/\/www.visit-ulcinj.com\/blog\/wp-json\/wp\/v2\/media?parent=61220"}],"wp:term":[{"taxonomy":"category","embeddable":true,"href":"https:\/\/www.visit-ulcinj.com\/blog\/wp-json\/wp\/v2\/categories?post=61220"},{"taxonomy":"post_tag","embeddable":true,"href":"https:\/\/www.visit-ulcinj.com\/blog\/wp-json\/wp\/v2\/tags?post=61220"}],"curies":[{"name":"wp","href":"https:\/\/api.w.org\/{rel}","templated":true}]}}