{"id":61226,"date":"2012-06-01T23:22:33","date_gmt":"2012-06-01T22:22:33","guid":{"rendered":"http:\/\/www.visit-ulcinj.com\/blog\/?p=61226"},"modified":"2012-06-09T10:00:30","modified_gmt":"2012-06-09T09:00:30","slug":"koncert-ne-katerkolle-per-nder-te-100-femijeve-nga-kosova100-femi-per-te-festuar-100-vite-pamvaresi","status":"publish","type":"post","link":"https:\/\/www.visit-ulcinj.com\/blog\/2012\/06\/01\/koncert-ne-katerkolle-per-nder-te-100-femijeve-nga-kosova100-femi-per-te-festuar-100-vite-pamvaresi\/","title":{"rendered":"Koncert n\u00eb Kat\u00ebrkoll\u00eb p\u00ebr nder t\u00eb 100 f\u00ebmij\u00ebve nga Kosova,100 f\u00ebmi p\u00ebr t\u00eb festuar 100 vite pamvar\u00ebsi"},"content":{"rendered":"<p><strong><a href=\"http:\/\/www.visit-ulcinj.com\/blog\/wp-content\/uploads\/2012\/06\/Koncert-n\u00eb-Kat\u00ebrkoll\u00eb-p\u00ebr-nder-t\u00eb-100-f\u00ebmij\u00ebve-nga-Kosova-100-f\u00ebmi-p\u00ebr-t\u00eb-festuar-100-vite-pamvar\u00ebsi.jpg\"><img loading=\"lazy\" class=\"alignleft  wp-image-61227\" title=\"Koncert n\u00eb Kat\u00ebrkoll\u00eb p\u00ebr nder t\u00eb 100 f\u00ebmij\u00ebve nga Kosova, 100 f\u00ebmi p\u00ebr t\u00eb festuar 100 vite pamvar\u00ebsi\" src=\"http:\/\/www.visit-ulcinj.com\/blog\/wp-content\/uploads\/2012\/06\/Koncert-n\u00eb-Kat\u00ebrkoll\u00eb-p\u00ebr-nder-t\u00eb-100-f\u00ebmij\u00ebve-nga-Kosova-100-f\u00ebmi-p\u00ebr-t\u00eb-festuar-100-vite-pamvar\u00ebsi.jpg\" alt=\"\" width=\"508\" height=\"360\" \/><\/a><a href=\"https:\/\/www.facebook.com\/events\/376994562346209\/\">Koncert n\u00eb Kat\u00ebrkoll\u00eb p\u00ebr nder t\u00eb 100 f\u00ebmij\u00ebve nga Kosova, 100 f\u00ebmi p\u00ebr t\u00eb festuar 100 vite pamvar\u00ebsi<\/a><\/strong><\/p>\n<p>P\u00ebr t\u00eb gjashtin vit organizohet ardhja e f\u00ebmij\u00ebve nga Kosova, nga shoqata &#8220;Grupi veteran\u00ebt e arsimit&#8221;me kryetare zonj\u00ebn Naxhije Bu\u00e7inca n\u00eb bashk\u00ebpunim me shoqat\u00ebn &#8220;Anima&#8221;dhe grupin e grave intelektuale nga Ulqini dhe Ana e Malit.<br \/>\n100 f\u00ebmi, nj\u00eb simbolik mjaft e q\u00eblluar me nj\u00eb p\u00ebrvjetor t\u00eb r\u00ebnd\u00ebsishem t\u00eb historis\u00eb son\u00eb 100 vjetorin e pamvar\u00ebsis\u00eb.\u00cbsht\u00eb kjo nji mund\u00ebsi shum\u00eb e mir\u00eb p\u00ebr t\u00eb falenderuar Kosov\u00ebn e cila n\u00eb koh\u00ebn m\u00eb t\u00eb v\u00ebshtir\u00eb t\u00eb arsimit shqip n\u00eb trev\u00ebn ton\u00eb hapi dyert e gjimnazeve dhe fakulteteve dhe prodhoi k\u00ebshtu gjenerata e gjenerata intelektualesh<br \/>\n<a href=\"http:\/\/www.visit-ulcinj.com\/blog\/wp-content\/uploads\/2012\/06\/Shoqata-e-gruas-Anima-dhe-grupi-i-grave-intelektuale-nga-UlqiniAna-Malit-Kraja-Organizojn-Koncert.jpg\"><img loading=\"lazy\" class=\"alignleft  wp-image-61511\" title=\"Shoqata e gruas Anima dhe grupi i grave intelektuale nga Ulqini,Ana Malit &amp; Kraja Organizojn Koncert\" src=\"http:\/\/www.visit-ulcinj.com\/blog\/wp-content\/uploads\/2012\/06\/Shoqata-e-gruas-Anima-dhe-grupi-i-grave-intelektuale-nga-UlqiniAna-Malit-Kraja-Organizojn-Koncert.jpg\" alt=\"\" width=\"508\" height=\"342\" \/><\/a><\/p>\n<p>F\u00ebmij\u00ebt do t\u00eb mb\u00ebrrijn\u00eb n\u00eb qytetin ton\u00eb t\u00eb shtunen me dt.09 qeshor n\u00eb ora 14:00 dhe do t\u00eb q\u00ebndrojn\u00eb deri me 16.06.2012.Gjat\u00eb k\u00ebtyre dit\u00ebve q\u00eb f\u00ebmij\u00ebt do t\u00eb q\u00ebndrojn\u00eb n\u00eb qytetin ton\u00eb jan\u00eb t\u00eb parapara aktivitete t\u00eb ndryshme n\u00eb nderim t\u00eb tyre.Artistet e mir\u00ebnjohura Tinka Kurti dhe Margarita Xhepa do t\u00eb jen\u00eb t\u00eb ftuara nderi n\u00eb mbr\u00ebmjet e shfaqjes s\u00eb koncerteve(me 14 qeshor n\u00eb ora 20:00 n\u00eb Qendr\u00ebn p\u00ebr Kultur\u00eb, dhe n\u00eb kinosall\u00eb me dt.16.06.2012 poashtu n\u00eb ora 20:00).Poashtu k\u00ebti aktiviteti do t&#8217;i bashkangjiten edhe shoq\u00ebri kulturo-artistike dhe k\u00ebng\u00ebtar vendas, recitues dhe humorist\u00eb.<br \/>\nP\u00ebrve\u00e7 takimit me kryetarin e komun\u00ebs Z.Nazif Cungun, vizit\u00ebs n\u00eb Kalan\u00eb e qytetit, pikturimit n\u00eb plazh, vizites n\u00eb Shasin antik, aktoret bashk\u00eb me 100 f\u00ebmijet do t&#8217;i b\u00ebjn\u00eb nj\u00eb vizit\u00eb shkoll\u00ebs &#8220;Gjergj Kastrioti-Skenderbeu&#8221;n\u00eb Kraj\u00eb dhe shkoll\u00ebs s\u00eb vjet\u00ebr n\u00eb Kat\u00ebrkoll\u00eb.<br \/>\n\u00cbsht\u00eb i madh numri i atyre q\u00eb e p\u00ebrkrahin ket\u00eb organizim human dhe n\u00eb t\u00eb ardhmen e af\u00ebrt do t&#8217;jua b\u00ebjm\u00eb publike list\u00ebn e t\u00eb gjith\u00ebve q\u00eb kan\u00eb dh\u00ebn\u00eb kontribut humanitar.<br \/>\nNuk do ta quaja rast\u00ebsi, q\u00eb, nj\u00eb ngjarje madhore, sic ishte shpallja e Pavar\u00ebsis\u00eb Komb\u00ebtare, t\u00eb konturohej e t\u00eb konkretizohej n\u00eb Ulqinin ton\u00eb t\u00eb p\u00ebrbashk\u00ebt, n\u00eb qytetin ton\u00eb simbol t\u00eb unitetit atdhetar e historik.<br \/>\nNgjarjet do t\u00eb p\u00ebrcillen nga TELEVIZIONI 21 i Prishtin\u00ebs dhe nga mediat lokale.<\/p>\n<p>&nbsp;<\/p>\n<p><strong>Shoqata e gruas &#8220;Anima dhe grupi i grave intelektuale<\/strong><\/p>\n<p><a href=\"https:\/\/www.facebook.com\/events\/376994562346209\/388430761202589\/?ref=notif&amp;notif_t=plan_mall_activity\" target=\"_blank\"><strong>Flower Avdiu Facebook<\/strong><\/a><\/p>\n<!--YouTube Error: bad URL entered-->\n","protected":false},"excerpt":{"rendered":"<p>Koncert n\u00eb Kat\u00ebrkoll\u00eb p\u00ebr nder t\u00eb 100 f\u00ebmij\u00ebve nga Kosova, 100 f\u00ebmi p\u00ebr t\u00eb festuar 100 vite pamvar\u00ebsi P\u00ebr t\u00eb gjashtin vit organizohet ardhja e f\u00ebmij\u00ebve nga Kosova, nga shoqata &#8220;Grupi veteran\u00ebt e arsimit&#8221;me kryetare zonj\u00ebn Naxhije Bu\u00e7inca n\u00eb bashk\u00ebpunim me shoqat\u00ebn &#8220;Anima&#8221;dhe grupin e grave intelektuale nga Ulqini dhe Ana e Malit. 100 f\u00ebmi, [&hellip;]<\/p>\n","protected":false},"author":1,"featured_media":0,"comment_status":"open","ping_status":"closed","sticky":false,"template":"","format":"standard","meta":{"spay_email":"","jetpack_publicize_message":"","jetpack_is_tweetstorm":false,"jetpack_publicize_feature_enabled":true},"categories":[4,6950],"tags":[20603,20604,14813,17828,17834,18370,17811,17831,18362,14353,17808,14354,12340,17840,17839,18363,17835,17814,17810,17816,17071,17807,3516,14652,17837,17827,14358,222,17802,17812,17803,17820,17825,17817,17805,305,17823,17832,3506,17818,214,17680,14362,14363,18371,20602,3507,49,325,17800,498,3500,115,14364,17799,3327,17841,17826,15213,18236,3512,17806,11648,18289,17838,95,17813,17804,15141,19495,17836,14366,79,17073,18294,16714,20605,118,18368,18369,1653,1909,14367,17801,18360,17822,14368,14369,17824,14370,18291,2083,3231,14371,41,3617,3722,14372,17844,17821,18372,17830,17077,18295,14375,17833,17829,899,200,18,17819,17809,4265,14376],"jetpack_publicize_connections":[],"yoast_head":"<!-- This site is optimized with the Yoast SEO plugin v19.1 - https:\/\/yoast.com\/wordpress\/plugins\/seo\/ -->\n<title>Koncert n\u00eb Kat\u00ebrkoll\u00eb p\u00ebr nder t\u00eb 100 f\u00ebmij\u00ebve nga Kosova,100 f\u00ebmi p\u00ebr t\u00eb festuar 100 vite pamvar\u00ebsi - Lajme nga Ulqini<\/title>\n<meta name=\"description\" content=\"Koncert n\u00eb Kat\u00ebrkoll\u00eb p\u00ebr nder t\u00eb 100 f\u00ebmij\u00ebve nga Kosova, 100 f\u00ebmi p\u00ebr t\u00eb festuar 100 vite pamvar\u00ebsi P\u00ebr t\u00eb gjashtin vit organizohet ardhja e f\u00ebmij\u00ebve\" \/>\n<meta name=\"robots\" content=\"index, follow, max-snippet:-1, max-image-preview:large, max-video-preview:-1\" \/>\n<link rel=\"canonical\" href=\"https:\/\/www.visit-ulcinj.com\/blog\/2012\/06\/01\/koncert-ne-katerkolle-per-nder-te-100-femijeve-nga-kosova100-femi-per-te-festuar-100-vite-pamvaresi\/\" \/>\n<meta property=\"og:locale\" content=\"en_US\" \/>\n<meta property=\"og:type\" content=\"article\" \/>\n<meta property=\"og:title\" content=\"Koncert n\u00eb Kat\u00ebrkoll\u00eb p\u00ebr nder t\u00eb 100 f\u00ebmij\u00ebve nga Kosova,100 f\u00ebmi p\u00ebr t\u00eb festuar 100 vite pamvar\u00ebsi - Lajme nga Ulqini\" \/>\n<meta property=\"og:description\" content=\"Koncert n\u00eb Kat\u00ebrkoll\u00eb p\u00ebr nder t\u00eb 100 f\u00ebmij\u00ebve nga Kosova, 100 f\u00ebmi p\u00ebr t\u00eb festuar 100 vite pamvar\u00ebsi P\u00ebr t\u00eb gjashtin vit organizohet ardhja e f\u00ebmij\u00ebve\" \/>\n<meta property=\"og:url\" content=\"https:\/\/www.visit-ulcinj.com\/blog\/2012\/06\/01\/koncert-ne-katerkolle-per-nder-te-100-femijeve-nga-kosova100-femi-per-te-festuar-100-vite-pamvaresi\/\" \/>\n<meta property=\"og:site_name\" content=\"Lajme nga Ulqini\" \/>\n<meta property=\"article:published_time\" content=\"2012-06-01T22:22:33+00:00\" \/>\n<meta property=\"article:modified_time\" content=\"2012-06-09T09:00:30+00:00\" \/>\n<meta property=\"og:image\" content=\"http:\/\/www.visit-ulcinj.com\/blog\/wp-content\/uploads\/2012\/06\/Shoqata-e-gruas-Anima-dhe-grupi-i-grave-intelektuale-nga-UlqiniAna-Malit-Kraja-Organizojn-Koncert.jpg\" \/>\n<meta name=\"twitter:label1\" content=\"Written by\" \/>\n\t<meta name=\"twitter:data1\" content=\"ulqini\" \/>\n\t<meta name=\"twitter:label2\" content=\"Est. reading time\" \/>\n\t<meta name=\"twitter:data2\" content=\"2 minutes\" \/>\n<script type=\"application\/ld+json\" class=\"yoast-schema-graph\">{\"@context\":\"https:\/\/schema.org\",\"@graph\":[{\"@type\":\"WebSite\",\"@id\":\"https:\/\/www.visit-ulcinj.com\/blog\/#website\",\"url\":\"https:\/\/www.visit-ulcinj.com\/blog\/\",\"name\":\"Lajme nga Ulqini\",\"description\":\"Lajme,Vijesti,Ulqini,Ulqin,Crna Gora,Mali i Zi\",\"potentialAction\":[{\"@type\":\"SearchAction\",\"target\":{\"@type\":\"EntryPoint\",\"urlTemplate\":\"https:\/\/www.visit-ulcinj.com\/blog\/?s={search_term_string}\"},\"query-input\":\"required name=search_term_string\"}],\"inLanguage\":\"en-US\"},{\"@type\":\"ImageObject\",\"inLanguage\":\"en-US\",\"@id\":\"https:\/\/www.visit-ulcinj.com\/blog\/2012\/06\/01\/koncert-ne-katerkolle-per-nder-te-100-femijeve-nga-kosova100-femi-per-te-festuar-100-vite-pamvaresi\/#primaryimage\",\"url\":\"https:\/\/www.visit-ulcinj.com\/blog\/wp-content\/uploads\/2012\/06\/Shoqata-e-gruas-Anima-dhe-grupi-i-grave-intelektuale-nga-UlqiniAna-Malit-Kraja-Organizojn-Koncert.jpg\",\"contentUrl\":\"https:\/\/www.visit-ulcinj.com\/blog\/wp-content\/uploads\/2012\/06\/Shoqata-e-gruas-Anima-dhe-grupi-i-grave-intelektuale-nga-UlqiniAna-Malit-Kraja-Organizojn-Koncert.jpg\",\"width\":\"720\",\"height\":\"342\"},{\"@type\":\"WebPage\",\"@id\":\"https:\/\/www.visit-ulcinj.com\/blog\/2012\/06\/01\/koncert-ne-katerkolle-per-nder-te-100-femijeve-nga-kosova100-femi-per-te-festuar-100-vite-pamvaresi\/#webpage\",\"url\":\"https:\/\/www.visit-ulcinj.com\/blog\/2012\/06\/01\/koncert-ne-katerkolle-per-nder-te-100-femijeve-nga-kosova100-femi-per-te-festuar-100-vite-pamvaresi\/\",\"name\":\"Koncert n\u00eb Kat\u00ebrkoll\u00eb p\u00ebr nder t\u00eb 100 f\u00ebmij\u00ebve nga Kosova,100 f\u00ebmi p\u00ebr t\u00eb festuar 100 vite pamvar\u00ebsi - Lajme nga Ulqini\",\"isPartOf\":{\"@id\":\"https:\/\/www.visit-ulcinj.com\/blog\/#website\"},\"primaryImageOfPage\":{\"@id\":\"https:\/\/www.visit-ulcinj.com\/blog\/2012\/06\/01\/koncert-ne-katerkolle-per-nder-te-100-femijeve-nga-kosova100-femi-per-te-festuar-100-vite-pamvaresi\/#primaryimage\"},\"datePublished\":\"2012-06-01T22:22:33+00:00\",\"dateModified\":\"2012-06-09T09:00:30+00:00\",\"author\":{\"@id\":\"https:\/\/www.visit-ulcinj.com\/blog\/#\/schema\/person\/dcab619c614d3038751c63bc2aadc06d\"},\"description\":\"Koncert n\u00eb Kat\u00ebrkoll\u00eb p\u00ebr nder t\u00eb 100 f\u00ebmij\u00ebve nga Kosova, 100 f\u00ebmi p\u00ebr t\u00eb festuar 100 vite pamvar\u00ebsi P\u00ebr t\u00eb gjashtin vit organizohet ardhja e f\u00ebmij\u00ebve\",\"breadcrumb\":{\"@id\":\"https:\/\/www.visit-ulcinj.com\/blog\/2012\/06\/01\/koncert-ne-katerkolle-per-nder-te-100-femijeve-nga-kosova100-femi-per-te-festuar-100-vite-pamvaresi\/#breadcrumb\"},\"inLanguage\":\"en-US\",\"potentialAction\":[{\"@type\":\"ReadAction\",\"target\":[\"https:\/\/www.visit-ulcinj.com\/blog\/2012\/06\/01\/koncert-ne-katerkolle-per-nder-te-100-femijeve-nga-kosova100-femi-per-te-festuar-100-vite-pamvaresi\/\"]}]},{\"@type\":\"BreadcrumbList\",\"@id\":\"https:\/\/www.visit-ulcinj.com\/blog\/2012\/06\/01\/koncert-ne-katerkolle-per-nder-te-100-femijeve-nga-kosova100-femi-per-te-festuar-100-vite-pamvaresi\/#breadcrumb\",\"itemListElement\":[{\"@type\":\"ListItem\",\"position\":1,\"name\":\"Koncert n\u00eb Kat\u00ebrkoll\u00eb p\u00ebr nder t\u00eb 100 f\u00ebmij\u00ebve nga Kosova,100 f\u00ebmi p\u00ebr t\u00eb festuar 100 vite pamvar\u00ebsi\"}]},{\"@type\":\"Person\",\"@id\":\"https:\/\/www.visit-ulcinj.com\/blog\/#\/schema\/person\/dcab619c614d3038751c63bc2aadc06d\",\"name\":\"ulqini\",\"sameAs\":[\"http:\/\/www.visit-ulcinj.com\"],\"url\":\"https:\/\/www.visit-ulcinj.com\/blog\/author\/admin\/\"}]}<\/script>\n<!-- \/ Yoast SEO plugin. -->","yoast_head_json":{"title":"Koncert n\u00eb Kat\u00ebrkoll\u00eb p\u00ebr nder t\u00eb 100 f\u00ebmij\u00ebve nga Kosova,100 f\u00ebmi p\u00ebr t\u00eb festuar 100 vite pamvar\u00ebsi - Lajme nga Ulqini","description":"Koncert n\u00eb Kat\u00ebrkoll\u00eb p\u00ebr nder t\u00eb 100 f\u00ebmij\u00ebve nga Kosova, 100 f\u00ebmi p\u00ebr t\u00eb festuar 100 vite pamvar\u00ebsi P\u00ebr t\u00eb gjashtin vit organizohet ardhja e f\u00ebmij\u00ebve","robots":{"index":"index","follow":"follow","max-snippet":"max-snippet:-1","max-image-preview":"max-image-preview:large","max-video-preview":"max-video-preview:-1"},"canonical":"https:\/\/www.visit-ulcinj.com\/blog\/2012\/06\/01\/koncert-ne-katerkolle-per-nder-te-100-femijeve-nga-kosova100-femi-per-te-festuar-100-vite-pamvaresi\/","og_locale":"en_US","og_type":"article","og_title":"Koncert n\u00eb Kat\u00ebrkoll\u00eb p\u00ebr nder t\u00eb 100 f\u00ebmij\u00ebve nga Kosova,100 f\u00ebmi p\u00ebr t\u00eb festuar 100 vite pamvar\u00ebsi - Lajme nga Ulqini","og_description":"Koncert n\u00eb Kat\u00ebrkoll\u00eb p\u00ebr nder t\u00eb 100 f\u00ebmij\u00ebve nga Kosova, 100 f\u00ebmi p\u00ebr t\u00eb festuar 100 vite pamvar\u00ebsi P\u00ebr t\u00eb gjashtin vit organizohet ardhja e f\u00ebmij\u00ebve","og_url":"https:\/\/www.visit-ulcinj.com\/blog\/2012\/06\/01\/koncert-ne-katerkolle-per-nder-te-100-femijeve-nga-kosova100-femi-per-te-festuar-100-vite-pamvaresi\/","og_site_name":"Lajme nga Ulqini","article_published_time":"2012-06-01T22:22:33+00:00","article_modified_time":"2012-06-09T09:00:30+00:00","og_image":[{"url":"http:\/\/www.visit-ulcinj.com\/blog\/wp-content\/uploads\/2012\/06\/Shoqata-e-gruas-Anima-dhe-grupi-i-grave-intelektuale-nga-UlqiniAna-Malit-Kraja-Organizojn-Koncert.jpg"}],"twitter_misc":{"Written by":"ulqini","Est. reading time":"2 minutes"},"schema":{"@context":"https:\/\/schema.org","@graph":[{"@type":"WebSite","@id":"https:\/\/www.visit-ulcinj.com\/blog\/#website","url":"https:\/\/www.visit-ulcinj.com\/blog\/","name":"Lajme nga Ulqini","description":"Lajme,Vijesti,Ulqini,Ulqin,Crna Gora,Mali i Zi","potentialAction":[{"@type":"SearchAction","target":{"@type":"EntryPoint","urlTemplate":"https:\/\/www.visit-ulcinj.com\/blog\/?s={search_term_string}"},"query-input":"required name=search_term_string"}],"inLanguage":"en-US"},{"@type":"ImageObject","inLanguage":"en-US","@id":"https:\/\/www.visit-ulcinj.com\/blog\/2012\/06\/01\/koncert-ne-katerkolle-per-nder-te-100-femijeve-nga-kosova100-femi-per-te-festuar-100-vite-pamvaresi\/#primaryimage","url":"https:\/\/www.visit-ulcinj.com\/blog\/wp-content\/uploads\/2012\/06\/Shoqata-e-gruas-Anima-dhe-grupi-i-grave-intelektuale-nga-UlqiniAna-Malit-Kraja-Organizojn-Koncert.jpg","contentUrl":"https:\/\/www.visit-ulcinj.com\/blog\/wp-content\/uploads\/2012\/06\/Shoqata-e-gruas-Anima-dhe-grupi-i-grave-intelektuale-nga-UlqiniAna-Malit-Kraja-Organizojn-Koncert.jpg","width":"720","height":"342"},{"@type":"WebPage","@id":"https:\/\/www.visit-ulcinj.com\/blog\/2012\/06\/01\/koncert-ne-katerkolle-per-nder-te-100-femijeve-nga-kosova100-femi-per-te-festuar-100-vite-pamvaresi\/#webpage","url":"https:\/\/www.visit-ulcinj.com\/blog\/2012\/06\/01\/koncert-ne-katerkolle-per-nder-te-100-femijeve-nga-kosova100-femi-per-te-festuar-100-vite-pamvaresi\/","name":"Koncert n\u00eb Kat\u00ebrkoll\u00eb p\u00ebr nder t\u00eb 100 f\u00ebmij\u00ebve nga Kosova,100 f\u00ebmi p\u00ebr t\u00eb festuar 100 vite pamvar\u00ebsi - Lajme nga Ulqini","isPartOf":{"@id":"https:\/\/www.visit-ulcinj.com\/blog\/#website"},"primaryImageOfPage":{"@id":"https:\/\/www.visit-ulcinj.com\/blog\/2012\/06\/01\/koncert-ne-katerkolle-per-nder-te-100-femijeve-nga-kosova100-femi-per-te-festuar-100-vite-pamvaresi\/#primaryimage"},"datePublished":"2012-06-01T22:22:33+00:00","dateModified":"2012-06-09T09:00:30+00:00","author":{"@id":"https:\/\/www.visit-ulcinj.com\/blog\/#\/schema\/person\/dcab619c614d3038751c63bc2aadc06d"},"description":"Koncert n\u00eb Kat\u00ebrkoll\u00eb p\u00ebr nder t\u00eb 100 f\u00ebmij\u00ebve nga Kosova, 100 f\u00ebmi p\u00ebr t\u00eb festuar 100 vite pamvar\u00ebsi P\u00ebr t\u00eb gjashtin vit organizohet ardhja e f\u00ebmij\u00ebve","breadcrumb":{"@id":"https:\/\/www.visit-ulcinj.com\/blog\/2012\/06\/01\/koncert-ne-katerkolle-per-nder-te-100-femijeve-nga-kosova100-femi-per-te-festuar-100-vite-pamvaresi\/#breadcrumb"},"inLanguage":"en-US","potentialAction":[{"@type":"ReadAction","target":["https:\/\/www.visit-ulcinj.com\/blog\/2012\/06\/01\/koncert-ne-katerkolle-per-nder-te-100-femijeve-nga-kosova100-femi-per-te-festuar-100-vite-pamvaresi\/"]}]},{"@type":"BreadcrumbList","@id":"https:\/\/www.visit-ulcinj.com\/blog\/2012\/06\/01\/koncert-ne-katerkolle-per-nder-te-100-femijeve-nga-kosova100-femi-per-te-festuar-100-vite-pamvaresi\/#breadcrumb","itemListElement":[{"@type":"ListItem","position":1,"name":"Koncert n\u00eb Kat\u00ebrkoll\u00eb p\u00ebr nder t\u00eb 100 f\u00ebmij\u00ebve nga Kosova,100 f\u00ebmi p\u00ebr t\u00eb festuar 100 vite pamvar\u00ebsi"}]},{"@type":"Person","@id":"https:\/\/www.visit-ulcinj.com\/blog\/#\/schema\/person\/dcab619c614d3038751c63bc2aadc06d","name":"ulqini","sameAs":["http:\/\/www.visit-ulcinj.com"],"url":"https:\/\/www.visit-ulcinj.com\/blog\/author\/admin\/"}]}},"jetpack_featured_media_url":"","jetpack_sharing_enabled":true,"jetpack_shortlink":"https:\/\/wp.me\/pe6lTn-fVw","_links":{"self":[{"href":"https:\/\/www.visit-ulcinj.com\/blog\/wp-json\/wp\/v2\/posts\/61226"}],"collection":[{"href":"https:\/\/www.visit-ulcinj.com\/blog\/wp-json\/wp\/v2\/posts"}],"about":[{"href":"https:\/\/www.visit-ulcinj.com\/blog\/wp-json\/wp\/v2\/types\/post"}],"author":[{"embeddable":true,"href":"https:\/\/www.visit-ulcinj.com\/blog\/wp-json\/wp\/v2\/users\/1"}],"replies":[{"embeddable":true,"href":"https:\/\/www.visit-ulcinj.com\/blog\/wp-json\/wp\/v2\/comments?post=61226"}],"version-history":[{"count":13,"href":"https:\/\/www.visit-ulcinj.com\/blog\/wp-json\/wp\/v2\/posts\/61226\/revisions"}],"predecessor-version":[{"id":61229,"href":"https:\/\/www.visit-ulcinj.com\/blog\/wp-json\/wp\/v2\/posts\/61226\/revisions\/61229"}],"wp:attachment":[{"href":"https:\/\/www.visit-ulcinj.com\/blog\/wp-json\/wp\/v2\/media?parent=61226"}],"wp:term":[{"taxonomy":"category","embeddable":true,"href":"https:\/\/www.visit-ulcinj.com\/blog\/wp-json\/wp\/v2\/categories?post=61226"},{"taxonomy":"post_tag","embeddable":true,"href":"https:\/\/www.visit-ulcinj.com\/blog\/wp-json\/wp\/v2\/tags?post=61226"}],"curies":[{"name":"wp","href":"https:\/\/api.w.org\/{rel}","templated":true}]}}