{"id":61274,"date":"2012-06-03T11:07:20","date_gmt":"2012-06-03T10:07:20","guid":{"rendered":"http:\/\/www.visit-ulcinj.com\/blog\/?p=61274"},"modified":"2012-06-03T11:07:20","modified_gmt":"2012-06-03T10:07:20","slug":"komuna-e-ulqinit-gati-per-sezonin-turistik","status":"publish","type":"post","link":"https:\/\/www.visit-ulcinj.com\/blog\/2012\/06\/03\/komuna-e-ulqinit-gati-per-sezonin-turistik\/","title":{"rendered":"Komuna e Ulqinit gati p\u00ebr sezonin turistik"},"content":{"rendered":"<p><strong><a href=\"http:\/\/www.visit-ulcinj.com\/blog\/wp-content\/uploads\/2012\/06\/Mbledhja-e-par\u00eb-e-trupit-koordinues-p\u00ebr-p\u00ebrgatitjen-e-sezonit-turistik-t\u00eb-Komun\u00ebs-s\u00eb-Ulqinit.jpg\"><img loading=\"lazy\" class=\"alignleft size-full wp-image-61275\" title=\"Mbledhja e par\u00eb e trupit koordinues p\u00ebr p\u00ebrgatitjen e sezonit turistik t\u00eb Komun\u00ebs s\u00eb Ulqinit\" src=\"http:\/\/www.visit-ulcinj.com\/blog\/wp-content\/uploads\/2012\/06\/Mbledhja-e-par\u00eb-e-trupit-koordinues-p\u00ebr-p\u00ebrgatitjen-e-sezonit-turistik-t\u00eb-Komun\u00ebs-s\u00eb-Ulqinit.jpg\" alt=\"\" width=\"640\" height=\"424\" srcset=\"https:\/\/www.visit-ulcinj.com\/blog\/wp-content\/uploads\/2012\/06\/Mbledhja-e-par\u00eb-e-trupit-koordinues-p\u00ebr-p\u00ebrgatitjen-e-sezonit-turistik-t\u00eb-Komun\u00ebs-s\u00eb-Ulqinit.jpg 640w, https:\/\/www.visit-ulcinj.com\/blog\/wp-content\/uploads\/2012\/06\/Mbledhja-e-par\u00eb-e-trupit-koordinues-p\u00ebr-p\u00ebrgatitjen-e-sezonit-turistik-t\u00eb-Komun\u00ebs-s\u00eb-Ulqinit-300x198.jpg 300w\" sizes=\"(max-width: 640px) 100vw, 640px\" \/><\/a>U mbajt mbledhja e par\u00eb e trupit koordinues p\u00ebr p\u00ebrgatitjen e sezonit turistik t\u00eb Komun\u00ebs s\u00eb Ulqinit<\/strong><\/p>\n<p>Me dat\u00ebn 31. 05. 2012 \u00ebsht\u00eb mbajtur mbledhja e par\u00eb e Trupit koordinues p\u00ebr p\u00ebrgatitjen e sezonit turistik t\u00eb Komun\u00ebs s\u00eb Ulqinit, ku mor\u00ebn pjes\u00eb p\u00ebrfaq\u00ebsuesit e Ministris\u00eb p\u00ebr zhvillim t\u00eb q\u00ebndruesh\u00ebm dhe turiz\u00ebm \u2013 seksioni p\u00ebr inspektimin e turizmit dhe mbik\u00ebqyrje, p\u00ebrfaq\u00ebsuesit e nd\u00ebrmarrjeve publike: NP T\u00eb mirat detare, NP Veprimtarit\u00eb komunale, NP Uj\u00ebsjell\u00ebsi dhe kanalizimi, p\u00ebrfaq\u00ebsuesit e MPB Ulqin, p\u00ebrfaq\u00ebsuesit e organeve kompetente t\u00eb administrat\u00ebs lokale si dhe p\u00ebrfaq\u00ebsuesit e shoqatave lokale me r\u00ebn\u00ebdi p\u00ebr zhvillimin e turizmit n\u00eb Komun\u00ebn e Ulqinit.<\/p>\n<p>Q\u00ebllimi i takimit ka qen\u00eb analiza dhe njoftimi me problemet me t\u00eb cil\u00ebt hasemi vite me radh\u00eb gjat\u00eb sezonit turistik, p\u00ebrkat\u00ebsisht p\u00ebrballja me koh\u00eb si dhe zgjidhja eventuale e tyre.<\/p>\n<p>Kryetari i Komun\u00ebs Nazif Cungu i cili \u00ebsht\u00eb edhe Kryetar i trupit koordinues i ka njoftuar t\u00eb pranishmit me aktivitetet e nd\u00ebrmarra nga ana e Komun\u00ebs s\u00eb Ulqinit p\u00ebr avancimin e cil\u00ebsis\u00eb s\u00eb prodhimit turistik t\u00eb Komun\u00ebs s\u00eb Ulqinit, i ka njoftuar t\u00eb pranishmit me aktivitetet promovuese q\u00eb jan\u00eb realizuar, si dhe me projektet q\u00eb jan\u00eb realizuar dhe q\u00eb do t\u00eb realizohen para sezonit turistik.<\/p>\n<p>Ka theksuar q\u00eb paralajm\u00ebrimet p\u00ebr sezon jan\u00eb t\u00eb mira dhe n\u00ebse kemi sukses q\u00eb t\u00eb zvog\u00eblojm\u00eb intensitetin e problemeve me t\u00eb cil\u00ebt hasemi vite me radh\u00eb si\u00e7 \u00ebsht\u00eb zhurma, akomodimi i parregulluar, diler\u00ebt etj do t\u00eb jemi shum\u00eb t\u00eb k\u00ebnaqur, si edhe turist\u00ebt ton\u00eb.<\/p>\n<p>T\u00eb gjith\u00eb subjektet e pranish\u00ebm i kan\u00eb prezantuar aktivitetet e veta.<\/p>\n<p>Drejtori i Organizat\u00ebs turistike i Komun\u00ebs s\u00eb Ulqinit ka prezantuar aktivitetet promovuese dhe manifestimet q\u00eb priten gjat\u00eb k\u00ebtij muaji, si dhe vizitat studimore t\u00eb gazetar\u00ebve nga rajoni.<\/p>\n<p>P\u00ebrfaq\u00ebsuesi i NP Uj\u00ebsjell\u00ebsi dhe kanalizimi Fuad Haxhibeti ka theksuar q\u00eb me lidhjen n\u00eb uj\u00ebsjell\u00ebsin regjional do t\u00eb sigurohet nj\u00eb furnizim m\u00eb cil\u00ebsor me uj\u00eb dhe ka theksuar q\u00eb me zgjidhjen e problemeve t\u00eb derdhjeve n\u00ebnujore ku \u00ebsht\u00eb duke u punuar n\u00eb Plazhin e madh dhe tek ish hoteli Galeb duksh\u00ebm do t\u00eb avancohet rrjeti i kanalizimit.<\/p>\n<p>Drejtori i Elektroedistribucionit Loro Nrekiq ka theksuar se p\u00ebrgatitjet p\u00ebr k\u00ebt\u00eb sezon turistik kan\u00eb filluar q\u00eb n\u00eb shtator, q\u00eb kan\u00eb siguruar trafostacionin e ri n\u00eb Lima, q\u00eb do t\u00eb punojn\u00eb p\u00ebr nd\u00ebrtimin e trafostacionit t\u00eb ri n\u00eb Gjerana, si dhe q\u00eb planifikojn\u00eb investimin e trafostacionit t\u00eb ri prej 2 milion\u00eb Euro me t\u00eb cil\u00ebn gj\u00eb duksh\u00ebm do t\u00eb p\u00ebrmir\u00ebsohej<\/p>\n<p>Flamur Sella, kryeshef i sh\u00ebrbimit te mbrojtjes tha se sh\u00ebrbimi qe ai drejton eshte i gatshem qe te ballafaqohet me t\u00eb gjith\u00eb problemet .Ai m\u00eb tej tha q\u00eb kan\u00eb t\u00eb gatshem t\u00eb gjith\u00eb automjetet ,e q\u00eb nj\u00eb automjet do t\u00eb jet\u00eb n\u00eb An\u00eb t\u00eb Malit , nd\u00ebrkoh\u00eb q\u00eb nj\u00eb tjeter gjat\u00eb dites do t\u00eb jet\u00eb n\u00eb Plazhin e Madh.<\/p>\n<p>Drejtori i shtepis\u00eb s\u00eb sh\u00ebndetit dr. Pavle Marnikoviq , ve\u00e7oi q\u00eb Komuna dhe perfaqesuesit e biznesit do t\u00eb duheshin t\u00eb ndihmojn\u00eb n\u00eb realizimin e projektit t\u00eb ambulances turistike si dhe foli p\u00ebr nevojen e hapjes s\u00eb ambulances n\u00eb Shtoj.<\/p>\n<p>Rudolf Elezoviq , kryeshef i Drejtoris\u00eb s\u00eb policis\u00eb s\u00eb qytetit ton\u00eb , theksoi q\u00eb nevojitet bashk\u00ebpunimi m\u00eb t\u00eb gjith\u00eb subjektet dhe t\u00eb veprohet n\u00eb m\u00ebnyr\u00eb preventive me qellim q\u00eb t\u00eb zgjidhen problemet. Ai tha qe pret q\u00eb edhe k\u00ebt\u00eb vit n\u00eb qytetin ton\u00eb do t\u00eb jen\u00eb t\u00eb pranishem polic nga veriu p\u00ebr t\u00eb na ofruar ndihm\u00eb gjat\u00eb sezonit turistik.<\/p>\n<p>P\u00ebrfaqesuesi i inspeksionit turistik Rizo Mollazeqiri tha q\u00eb ky inspeksion do t\u00eb jet\u00eb n\u00eb dispozicion t\u00eb Komun\u00ebs dhe do t\u00eb jet\u00eb partner n\u00eb realizimin e strategjis\u00eb s\u00eb projekteve q\u00eb i ka v\u00ebn\u00eb vetes.<\/p>\n<p>Drejtori i NP p\u00ebr veprimtari komunale Zana Sarvan ve\u00e7oi q\u00eb past\u00ebrtia k\u00ebt\u00eb vit do t\u00eb jet\u00eb n\u00ebn mbik\u00ebqyrje t\u00eb ve\u00e7ant\u00eb, me furnizimin me aparatura t\u00eb reja dhe automjeti tha me tej ajo ka b\u00ebr\u00eb q\u00eb k\u00ebt\u00eb vit me t\u00eb p\u00ebrgatitur t\u00eb presim sezonin turistik dhe q\u00eb bashk\u00ebpunimi me organet e tjer\u00eb dhe subjektet kujdes t\u00eb ve\u00e7ant\u00eb do ti kushtojm\u00eb bartjes s\u00eb plehrave.<\/p>\n<p>Nd\u00ebrkaq, p\u00ebrfaq\u00ebsuesit e sh\u00ebrbimeve lokale, njoftuan t\u00eb pranishmit p\u00ebr kontrollet p\u00ebr pagesat e takses s\u00eb banimit, p\u00ebr kontrollin e shtuar t\u00eb zhurm\u00ebs dhe se energjikisht t\u00eb gjith\u00eb organet e inspeksionit do t\u00eb kontribuojn\u00eb n\u00eb rrjedhen e suksesshme t\u00eb sezonit turistik.<\/p>\n<p>Kryetari shprehu k\u00ebnaqesin\u00eb p\u00ebr mbajtjen e k\u00ebtij takimi dhe d\u00ebshiren e mir\u00eb t\u00eb t\u00eb gjithe institucioneve relevante dhe subjekteve turistike q\u00eb t\u00eb angazhohen n\u00eb zgjidhjen e problemeve.<\/p>\n<p>Ai n\u00eb vazhdim tha se me nj\u00eb fushat\u00eb t\u00eb mir\u00eb organizative , kontakt\u00eb t\u00eb p\u00ebrhershme bashk\u00ebpunimi dhe aktivitete t\u00eb p\u00ebrbashketa t\u00eb t\u00eb gjith\u00eb t\u00eb pranishmeve mund t\u00eb kontribuojm\u00eb n\u00eb kenaqesin\u00eb e mysafireve dhe t\u00eb nj\u00eb sezone turistike kualitative.<\/p>\n<p><strong>Komuna e Ulqinit<\/strong><br \/>\n<object width=\"508\" height=\"360\"><param name=\"movie\" value=\"http:\/\/www.youtube-nocookie.com\/v\/fEMKTtvt7Y4?version=3&amp;hl=fr_FR&amp;rel=0\"><\/param><param name=\"allowFullScreen\" value=\"true\"><\/param><param name=\"allowscriptaccess\" value=\"always\"><\/param><\/object><\/p>\n","protected":false},"excerpt":{"rendered":"<p>U mbajt mbledhja e par\u00eb e trupit koordinues p\u00ebr p\u00ebrgatitjen e sezonit turistik t\u00eb Komun\u00ebs s\u00eb Ulqinit Me dat\u00ebn 31. 05. 2012 \u00ebsht\u00eb mbajtur mbledhja e par\u00eb e Trupit koordinues p\u00ebr p\u00ebrgatitjen e sezonit turistik t\u00eb Komun\u00ebs s\u00eb Ulqinit, ku mor\u00ebn pjes\u00eb p\u00ebrfaq\u00ebsuesit e Ministris\u00eb p\u00ebr zhvillim t\u00eb q\u00ebndruesh\u00ebm dhe turiz\u00ebm \u2013 seksioni p\u00ebr inspektimin [&hellip;]<\/p>\n","protected":false},"author":1,"featured_media":0,"comment_status":"open","ping_status":"closed","sticky":false,"template":"","format":"standard","meta":{"spay_email":"","jetpack_publicize_message":"","jetpack_is_tweetstorm":false,"jetpack_publicize_feature_enabled":true},"categories":[10],"tags":[20609,297,20608,8870,14887,22016,200,18],"jetpack_publicize_connections":[],"yoast_head":"<!-- This site is optimized with the Yoast SEO plugin v19.1 - https:\/\/yoast.com\/wordpress\/plugins\/seo\/ -->\n<title>Komuna e Ulqinit gati p\u00ebr sezonin turistik - Lajme nga Ulqini<\/title>\n<meta name=\"description\" content=\"U mbajt mbledhja e par\u00eb e trupit koordinues p\u00ebr p\u00ebrgatitjen e sezonit turistik t\u00eb Komun\u00ebs s\u00eb Ulqinit Me dat\u00ebn 31. 05. 2012 \u00ebsht\u00eb mbajtur mbledhja e par\u00eb e\" \/>\n<meta name=\"robots\" content=\"index, follow, max-snippet:-1, max-image-preview:large, max-video-preview:-1\" \/>\n<link rel=\"canonical\" href=\"https:\/\/www.visit-ulcinj.com\/blog\/2012\/06\/03\/komuna-e-ulqinit-gati-per-sezonin-turistik\/\" \/>\n<meta property=\"og:locale\" content=\"en_US\" \/>\n<meta property=\"og:type\" content=\"article\" \/>\n<meta property=\"og:title\" content=\"Komuna e Ulqinit gati p\u00ebr sezonin turistik - Lajme nga Ulqini\" \/>\n<meta property=\"og:description\" content=\"U mbajt mbledhja e par\u00eb e trupit koordinues p\u00ebr p\u00ebrgatitjen e sezonit turistik t\u00eb Komun\u00ebs s\u00eb Ulqinit Me dat\u00ebn 31. 05. 2012 \u00ebsht\u00eb mbajtur mbledhja e par\u00eb e\" \/>\n<meta property=\"og:url\" content=\"https:\/\/www.visit-ulcinj.com\/blog\/2012\/06\/03\/komuna-e-ulqinit-gati-per-sezonin-turistik\/\" \/>\n<meta property=\"og:site_name\" content=\"Lajme nga Ulqini\" \/>\n<meta property=\"article:published_time\" content=\"2012-06-03T10:07:20+00:00\" \/>\n<meta name=\"twitter:label1\" content=\"Written by\" \/>\n\t<meta name=\"twitter:data1\" content=\"ulqini\" \/>\n\t<meta name=\"twitter:label2\" content=\"Est. reading time\" \/>\n\t<meta name=\"twitter:data2\" content=\"4 minutes\" \/>\n<script type=\"application\/ld+json\" class=\"yoast-schema-graph\">{\"@context\":\"https:\/\/schema.org\",\"@graph\":[{\"@type\":\"WebSite\",\"@id\":\"https:\/\/www.visit-ulcinj.com\/blog\/#website\",\"url\":\"https:\/\/www.visit-ulcinj.com\/blog\/\",\"name\":\"Lajme nga Ulqini\",\"description\":\"Lajme,Vijesti,Ulqini,Ulqin,Crna Gora,Mali i Zi\",\"potentialAction\":[{\"@type\":\"SearchAction\",\"target\":{\"@type\":\"EntryPoint\",\"urlTemplate\":\"https:\/\/www.visit-ulcinj.com\/blog\/?s={search_term_string}\"},\"query-input\":\"required name=search_term_string\"}],\"inLanguage\":\"en-US\"},{\"@type\":\"WebPage\",\"@id\":\"https:\/\/www.visit-ulcinj.com\/blog\/2012\/06\/03\/komuna-e-ulqinit-gati-per-sezonin-turistik\/#webpage\",\"url\":\"https:\/\/www.visit-ulcinj.com\/blog\/2012\/06\/03\/komuna-e-ulqinit-gati-per-sezonin-turistik\/\",\"name\":\"Komuna e Ulqinit gati p\u00ebr sezonin turistik - Lajme nga Ulqini\",\"isPartOf\":{\"@id\":\"https:\/\/www.visit-ulcinj.com\/blog\/#website\"},\"datePublished\":\"2012-06-03T10:07:20+00:00\",\"dateModified\":\"2012-06-03T10:07:20+00:00\",\"author\":{\"@id\":\"https:\/\/www.visit-ulcinj.com\/blog\/#\/schema\/person\/dcab619c614d3038751c63bc2aadc06d\"},\"description\":\"U mbajt mbledhja e par\u00eb e trupit koordinues p\u00ebr p\u00ebrgatitjen e sezonit turistik t\u00eb Komun\u00ebs s\u00eb Ulqinit Me dat\u00ebn 31. 05. 2012 \u00ebsht\u00eb mbajtur mbledhja e par\u00eb e\",\"breadcrumb\":{\"@id\":\"https:\/\/www.visit-ulcinj.com\/blog\/2012\/06\/03\/komuna-e-ulqinit-gati-per-sezonin-turistik\/#breadcrumb\"},\"inLanguage\":\"en-US\",\"potentialAction\":[{\"@type\":\"ReadAction\",\"target\":[\"https:\/\/www.visit-ulcinj.com\/blog\/2012\/06\/03\/komuna-e-ulqinit-gati-per-sezonin-turistik\/\"]}]},{\"@type\":\"BreadcrumbList\",\"@id\":\"https:\/\/www.visit-ulcinj.com\/blog\/2012\/06\/03\/komuna-e-ulqinit-gati-per-sezonin-turistik\/#breadcrumb\",\"itemListElement\":[{\"@type\":\"ListItem\",\"position\":1,\"name\":\"Komuna e Ulqinit gati p\u00ebr sezonin turistik\"}]},{\"@type\":\"Person\",\"@id\":\"https:\/\/www.visit-ulcinj.com\/blog\/#\/schema\/person\/dcab619c614d3038751c63bc2aadc06d\",\"name\":\"ulqini\",\"sameAs\":[\"http:\/\/www.visit-ulcinj.com\"],\"url\":\"https:\/\/www.visit-ulcinj.com\/blog\/author\/admin\/\"}]}<\/script>\n<!-- \/ Yoast SEO plugin. -->","yoast_head_json":{"title":"Komuna e Ulqinit gati p\u00ebr sezonin turistik - Lajme nga Ulqini","description":"U mbajt mbledhja e par\u00eb e trupit koordinues p\u00ebr p\u00ebrgatitjen e sezonit turistik t\u00eb Komun\u00ebs s\u00eb Ulqinit Me dat\u00ebn 31. 05. 2012 \u00ebsht\u00eb mbajtur mbledhja e par\u00eb e","robots":{"index":"index","follow":"follow","max-snippet":"max-snippet:-1","max-image-preview":"max-image-preview:large","max-video-preview":"max-video-preview:-1"},"canonical":"https:\/\/www.visit-ulcinj.com\/blog\/2012\/06\/03\/komuna-e-ulqinit-gati-per-sezonin-turistik\/","og_locale":"en_US","og_type":"article","og_title":"Komuna e Ulqinit gati p\u00ebr sezonin turistik - Lajme nga Ulqini","og_description":"U mbajt mbledhja e par\u00eb e trupit koordinues p\u00ebr p\u00ebrgatitjen e sezonit turistik t\u00eb Komun\u00ebs s\u00eb Ulqinit Me dat\u00ebn 31. 05. 2012 \u00ebsht\u00eb mbajtur mbledhja e par\u00eb e","og_url":"https:\/\/www.visit-ulcinj.com\/blog\/2012\/06\/03\/komuna-e-ulqinit-gati-per-sezonin-turistik\/","og_site_name":"Lajme nga Ulqini","article_published_time":"2012-06-03T10:07:20+00:00","twitter_misc":{"Written by":"ulqini","Est. reading time":"4 minutes"},"schema":{"@context":"https:\/\/schema.org","@graph":[{"@type":"WebSite","@id":"https:\/\/www.visit-ulcinj.com\/blog\/#website","url":"https:\/\/www.visit-ulcinj.com\/blog\/","name":"Lajme nga Ulqini","description":"Lajme,Vijesti,Ulqini,Ulqin,Crna Gora,Mali i Zi","potentialAction":[{"@type":"SearchAction","target":{"@type":"EntryPoint","urlTemplate":"https:\/\/www.visit-ulcinj.com\/blog\/?s={search_term_string}"},"query-input":"required name=search_term_string"}],"inLanguage":"en-US"},{"@type":"WebPage","@id":"https:\/\/www.visit-ulcinj.com\/blog\/2012\/06\/03\/komuna-e-ulqinit-gati-per-sezonin-turistik\/#webpage","url":"https:\/\/www.visit-ulcinj.com\/blog\/2012\/06\/03\/komuna-e-ulqinit-gati-per-sezonin-turistik\/","name":"Komuna e Ulqinit gati p\u00ebr sezonin turistik - Lajme nga Ulqini","isPartOf":{"@id":"https:\/\/www.visit-ulcinj.com\/blog\/#website"},"datePublished":"2012-06-03T10:07:20+00:00","dateModified":"2012-06-03T10:07:20+00:00","author":{"@id":"https:\/\/www.visit-ulcinj.com\/blog\/#\/schema\/person\/dcab619c614d3038751c63bc2aadc06d"},"description":"U mbajt mbledhja e par\u00eb e trupit koordinues p\u00ebr p\u00ebrgatitjen e sezonit turistik t\u00eb Komun\u00ebs s\u00eb Ulqinit Me dat\u00ebn 31. 05. 2012 \u00ebsht\u00eb mbajtur mbledhja e par\u00eb e","breadcrumb":{"@id":"https:\/\/www.visit-ulcinj.com\/blog\/2012\/06\/03\/komuna-e-ulqinit-gati-per-sezonin-turistik\/#breadcrumb"},"inLanguage":"en-US","potentialAction":[{"@type":"ReadAction","target":["https:\/\/www.visit-ulcinj.com\/blog\/2012\/06\/03\/komuna-e-ulqinit-gati-per-sezonin-turistik\/"]}]},{"@type":"BreadcrumbList","@id":"https:\/\/www.visit-ulcinj.com\/blog\/2012\/06\/03\/komuna-e-ulqinit-gati-per-sezonin-turistik\/#breadcrumb","itemListElement":[{"@type":"ListItem","position":1,"name":"Komuna e Ulqinit gati p\u00ebr sezonin turistik"}]},{"@type":"Person","@id":"https:\/\/www.visit-ulcinj.com\/blog\/#\/schema\/person\/dcab619c614d3038751c63bc2aadc06d","name":"ulqini","sameAs":["http:\/\/www.visit-ulcinj.com"],"url":"https:\/\/www.visit-ulcinj.com\/blog\/author\/admin\/"}]}},"jetpack_featured_media_url":"","jetpack_sharing_enabled":true,"jetpack_shortlink":"https:\/\/wp.me\/pe6lTn-fWi","_links":{"self":[{"href":"https:\/\/www.visit-ulcinj.com\/blog\/wp-json\/wp\/v2\/posts\/61274"}],"collection":[{"href":"https:\/\/www.visit-ulcinj.com\/blog\/wp-json\/wp\/v2\/posts"}],"about":[{"href":"https:\/\/www.visit-ulcinj.com\/blog\/wp-json\/wp\/v2\/types\/post"}],"author":[{"embeddable":true,"href":"https:\/\/www.visit-ulcinj.com\/blog\/wp-json\/wp\/v2\/users\/1"}],"replies":[{"embeddable":true,"href":"https:\/\/www.visit-ulcinj.com\/blog\/wp-json\/wp\/v2\/comments?post=61274"}],"version-history":[{"count":1,"href":"https:\/\/www.visit-ulcinj.com\/blog\/wp-json\/wp\/v2\/posts\/61274\/revisions"}],"predecessor-version":[{"id":61276,"href":"https:\/\/www.visit-ulcinj.com\/blog\/wp-json\/wp\/v2\/posts\/61274\/revisions\/61276"}],"wp:attachment":[{"href":"https:\/\/www.visit-ulcinj.com\/blog\/wp-json\/wp\/v2\/media?parent=61274"}],"wp:term":[{"taxonomy":"category","embeddable":true,"href":"https:\/\/www.visit-ulcinj.com\/blog\/wp-json\/wp\/v2\/categories?post=61274"},{"taxonomy":"post_tag","embeddable":true,"href":"https:\/\/www.visit-ulcinj.com\/blog\/wp-json\/wp\/v2\/tags?post=61274"}],"curies":[{"name":"wp","href":"https:\/\/api.w.org\/{rel}","templated":true}]}}