{"id":61293,"date":"2012-06-04T15:50:06","date_gmt":"2012-06-04T14:50:06","guid":{"rendered":"http:\/\/www.visit-ulcinj.com\/blog\/?p=61293"},"modified":"2012-06-06T13:39:55","modified_gmt":"2012-06-06T12:39:55","slug":"perurimi-i-librit-ulqini-ne-perandorine-osmane-mustaf-canka","status":"publish","type":"post","link":"https:\/\/www.visit-ulcinj.com\/blog\/2012\/06\/04\/perurimi-i-librit-ulqini-ne-perandorine-osmane-mustaf-canka\/","title":{"rendered":"Perurimi i librit &#8220;Ulqini n\u00eb perandorin\u00eb osmane&#8221; Mustaf Canka"},"content":{"rendered":"<p><a href=\"http:\/\/www.visit-ulcinj.com\/blog\/wp-content\/uploads\/2012\/06\/Perurimi-i-librit-Ulqini-n\u00eb-perandorin\u00eb-osmane-Mustaf-Canka-Tarasa-e-restaurantit-Hollegro-Ulqin.jpg\"><img loading=\"lazy\" class=\"alignleft  wp-image-61294\" title=\"Perurimi i librit -Ulqini n\u00eb perandorin\u00eb osmane- Mustaf Canka -Tarasa e restaurantit Hollegro Ulqin\" src=\"http:\/\/www.visit-ulcinj.com\/blog\/wp-content\/uploads\/2012\/06\/Perurimi-i-librit-Ulqini-n\u00eb-perandorin\u00eb-osmane-Mustaf-Canka-Tarasa-e-restaurantit-Hollegro-Ulqin.jpg\" alt=\"\" width=\"508\" height=\"360\" \/><\/a>Ju ftojme te merrni pjese ne perurimin e librit \u00ab Ulqini n\u00eb perandorin\u00eb osmane \u00ab te autorit nga Ulqini z.Mustaf Canka.<br \/>\nPerurimi do te mbahet dit\u00ebn e ejte me 7 qershor 2012, ne terasen e lokalit Restaurant \u2013 Pizeria Holegro n\u00eb Ran\u00eb \u2013 Ulqin, me fillim ne ora 21 :00<br \/>\nPrania juaj nderon autorin dhe organizatoret<\/p>\n<p>Mir\u00eb se vini\u2026. !<br \/>\n<strong> Lajme nga Ulqini<\/strong><\/p>\n<p><strong>P\u00ebrshkrim t\u00eb librit nga Ismet Karamanaga<\/strong><\/p>\n<p>Period vladavine Otomanske imperije na ovim prostorima, od skoro 500 g. ostavio je duboke tragove. Donijeli su Islam, ali i obi\u010daje i na\u010din \u017eivota koji je prisutan na svakom koraku&#8230;Do dana\u0161njih dana se vrlo malo promijenilo, \u010dak i kod onih kojima Islam nije vjera&#8230;..\u010cak je i u jezicima naroda i narodnosti na Balkanu prisutno mnogo rije\u010di koji se i danas svakodnevno, svijesno ili nesvjesno ..upotrebljavaju.. &#8221; Turcizam&#8221; rekli bi jezi\u010dari, a da ne govorimo o kafi, slatki\u0161ima ili kuhinji&#8230;Kod nas u Ulcinju bili su ne\u0161to kra\u0107e, negdje oko 300 godina, ali i to je bilo dovoljno da se izvr\u0161e korijenite promjene u \u017eivotu grada i njegovih stanovnika&#8230;Mo\u017eda bi bilo pravilnije i konstatovati da se ovdje vrlo malo promijenilo i da je orijentalni duh i na\u010din \u017eivota i danas prisutan na svakom koraku&#8230;Do devedesetih godina pro\u0161log vijeka na\u0161 grad je nazivan &#8220;Biserom Orijenta&#8221; u srcu Evrope. Imali smo i najljep\u0161u \u010dar\u0161iju na Balkanu, zbog koje su mnogi turisti i dolazili kod nas&#8230;me\u0111utim, kasnije smo je &#8220;svjesno&#8221; uni\u0161tili, dogradnom i prekrajanjem spratova, betoniranjem itd..No i pored toga , jo\u0161 uvijek je kod nas prisutan orintalni duh&#8230;Bez obzira \u0161to je nakon &#8220;Berlinskog kongresa&#8221; Otomanska imperija svedena skoro na dana\u0161nje granice, ona je ipak ostavila neizbrisive tragove koji su vidlivi i prisutni i danas&#8230;.\u010cak su danas ponovno jako prisutni, posebno svojim &#8220;tv serijama&#8221; koje se svuda gledaju i prate. Kod nas u Crnoj Gori, su \u010dini mi se i prisutniji jer ve\u0107 nam poma\u017eu u izgradnji infrastrukture, \u0161kola i raznih objekata. Posebno doniraju i poma\u017eu u obnovi kulturno istorijskih spomenika, Islamske kulture..d\u017eamija , \u010desmi itd.. Isto tako, se nadamo da \u0107e pored \u017delezare u Nik\u0161i\u0107u pomo\u0107i i i u izgradni aerodruma, puteva i slin\u010dno.. Knjiga Mustafe Canke &#8220;Ulcinj u Osmanskoj imperiji&#8221; \u010dija je promocija 7.06.2012. godine i govori jednim dijelom , studiozno o jednom vremenu, koje je ostavilo duboke tragove na ovim prostorima. Knjiga \u0107e svakako rasvijetliti jo\u0161 vi\u0161e neke \u010dinjenice iz perioda vladavine Otomanske imperije, sa posebnim osvrtom na Ulcinj..I ja se pomalo bavim ovom problematikom i mi\u0161ljenja sam da se Istorija mora ispri\u010dati, onakva kava jeste i kakva je bila, a nikako je uskladiti dnevnoj politici, ili je uni\u0161titi, kako se \u010desto \u010dinijelo i \u010dini kod nas. Zato sam i ubije\u0111en da \u0107e knjiga autora Mustafe Canke &#8220;Ulcinj u Osmanskoj imperiji&#8221; biti pravi doprinos daljem prou\u010davanju na\u0161e, ne tako davne pro\u0161losti..<\/p>\n","protected":false},"excerpt":{"rendered":"<p>Ju ftojme te merrni pjese ne perurimin e librit \u00ab Ulqini n\u00eb perandorin\u00eb osmane \u00ab te autorit nga Ulqini z.Mustaf Canka. Perurimi do te mbahet dit\u00ebn e ejte me 7 qershor 2012, ne terasen e lokalit Restaurant \u2013 Pizeria Holegro n\u00eb Ran\u00eb \u2013 Ulqin, me fillim ne ora 21 :00 Prania juaj nderon autorin dhe [&hellip;]<\/p>\n","protected":false},"author":1,"featured_media":0,"comment_status":"open","ping_status":"closed","sticky":false,"template":"","format":"standard","meta":{"spay_email":"","jetpack_publicize_message":"","jetpack_is_tweetstorm":false,"jetpack_publicize_feature_enabled":true},"categories":[12],"tags":[4322,11734,20241],"jetpack_publicize_connections":[],"yoast_head":"<!-- This site is optimized with the Yoast SEO plugin v19.1 - https:\/\/yoast.com\/wordpress\/plugins\/seo\/ -->\n<title>Perurimi i librit &quot;Ulqini n\u00eb perandorin\u00eb osmane&quot; Mustaf Canka - Lajme nga Ulqini<\/title>\n<meta name=\"description\" content=\"Ju ftojme te merrni pjese ne perurimin e librit \u00ab Ulqini n\u00eb perandorin\u00eb osmane \u00ab te autorit nga Ulqini z.Mustaf Canka. Perurimi do te mbahet dit\u00ebn e ejte\" \/>\n<meta name=\"robots\" content=\"index, follow, max-snippet:-1, max-image-preview:large, max-video-preview:-1\" \/>\n<link rel=\"canonical\" href=\"https:\/\/www.visit-ulcinj.com\/blog\/2012\/06\/04\/perurimi-i-librit-ulqini-ne-perandorine-osmane-mustaf-canka\/\" \/>\n<meta property=\"og:locale\" content=\"en_US\" \/>\n<meta property=\"og:type\" content=\"article\" \/>\n<meta property=\"og:title\" content=\"Perurimi i librit &quot;Ulqini n\u00eb perandorin\u00eb osmane&quot; Mustaf Canka - Lajme nga Ulqini\" \/>\n<meta property=\"og:description\" content=\"Ju ftojme te merrni pjese ne perurimin e librit \u00ab Ulqini n\u00eb perandorin\u00eb osmane \u00ab te autorit nga Ulqini z.Mustaf Canka. Perurimi do te mbahet dit\u00ebn e ejte\" \/>\n<meta property=\"og:url\" content=\"https:\/\/www.visit-ulcinj.com\/blog\/2012\/06\/04\/perurimi-i-librit-ulqini-ne-perandorine-osmane-mustaf-canka\/\" \/>\n<meta property=\"og:site_name\" content=\"Lajme nga Ulqini\" \/>\n<meta property=\"article:published_time\" content=\"2012-06-04T14:50:06+00:00\" \/>\n<meta property=\"article:modified_time\" content=\"2012-06-06T12:39:55+00:00\" \/>\n<meta name=\"twitter:label1\" content=\"Written by\" \/>\n\t<meta name=\"twitter:data1\" content=\"ulqini\" \/>\n\t<meta name=\"twitter:label2\" content=\"Est. reading time\" \/>\n\t<meta name=\"twitter:data2\" content=\"2 minutes\" \/>\n<script type=\"application\/ld+json\" class=\"yoast-schema-graph\">{\"@context\":\"https:\/\/schema.org\",\"@graph\":[{\"@type\":\"WebSite\",\"@id\":\"https:\/\/www.visit-ulcinj.com\/blog\/#website\",\"url\":\"https:\/\/www.visit-ulcinj.com\/blog\/\",\"name\":\"Lajme nga Ulqini\",\"description\":\"Lajme,Vijesti,Ulqini,Ulqin,Crna Gora,Mali i Zi\",\"potentialAction\":[{\"@type\":\"SearchAction\",\"target\":{\"@type\":\"EntryPoint\",\"urlTemplate\":\"https:\/\/www.visit-ulcinj.com\/blog\/?s={search_term_string}\"},\"query-input\":\"required name=search_term_string\"}],\"inLanguage\":\"en-US\"},{\"@type\":\"WebPage\",\"@id\":\"https:\/\/www.visit-ulcinj.com\/blog\/2012\/06\/04\/perurimi-i-librit-ulqini-ne-perandorine-osmane-mustaf-canka\/#webpage\",\"url\":\"https:\/\/www.visit-ulcinj.com\/blog\/2012\/06\/04\/perurimi-i-librit-ulqini-ne-perandorine-osmane-mustaf-canka\/\",\"name\":\"Perurimi i librit \\\"Ulqini n\u00eb perandorin\u00eb osmane\\\" Mustaf Canka - Lajme nga Ulqini\",\"isPartOf\":{\"@id\":\"https:\/\/www.visit-ulcinj.com\/blog\/#website\"},\"datePublished\":\"2012-06-04T14:50:06+00:00\",\"dateModified\":\"2012-06-06T12:39:55+00:00\",\"author\":{\"@id\":\"https:\/\/www.visit-ulcinj.com\/blog\/#\/schema\/person\/dcab619c614d3038751c63bc2aadc06d\"},\"description\":\"Ju ftojme te merrni pjese ne perurimin e librit \u00ab Ulqini n\u00eb perandorin\u00eb osmane \u00ab te autorit nga Ulqini z.Mustaf Canka. Perurimi do te mbahet dit\u00ebn e ejte\",\"breadcrumb\":{\"@id\":\"https:\/\/www.visit-ulcinj.com\/blog\/2012\/06\/04\/perurimi-i-librit-ulqini-ne-perandorine-osmane-mustaf-canka\/#breadcrumb\"},\"inLanguage\":\"en-US\",\"potentialAction\":[{\"@type\":\"ReadAction\",\"target\":[\"https:\/\/www.visit-ulcinj.com\/blog\/2012\/06\/04\/perurimi-i-librit-ulqini-ne-perandorine-osmane-mustaf-canka\/\"]}]},{\"@type\":\"BreadcrumbList\",\"@id\":\"https:\/\/www.visit-ulcinj.com\/blog\/2012\/06\/04\/perurimi-i-librit-ulqini-ne-perandorine-osmane-mustaf-canka\/#breadcrumb\",\"itemListElement\":[{\"@type\":\"ListItem\",\"position\":1,\"name\":\"Perurimi i librit &#8220;Ulqini n\u00eb perandorin\u00eb osmane&#8221; Mustaf Canka\"}]},{\"@type\":\"Person\",\"@id\":\"https:\/\/www.visit-ulcinj.com\/blog\/#\/schema\/person\/dcab619c614d3038751c63bc2aadc06d\",\"name\":\"ulqini\",\"sameAs\":[\"http:\/\/www.visit-ulcinj.com\"],\"url\":\"https:\/\/www.visit-ulcinj.com\/blog\/author\/admin\/\"}]}<\/script>\n<!-- \/ Yoast SEO plugin. -->","yoast_head_json":{"title":"Perurimi i librit \"Ulqini n\u00eb perandorin\u00eb osmane\" Mustaf Canka - Lajme nga Ulqini","description":"Ju ftojme te merrni pjese ne perurimin e librit \u00ab Ulqini n\u00eb perandorin\u00eb osmane \u00ab te autorit nga Ulqini z.Mustaf Canka. Perurimi do te mbahet dit\u00ebn e ejte","robots":{"index":"index","follow":"follow","max-snippet":"max-snippet:-1","max-image-preview":"max-image-preview:large","max-video-preview":"max-video-preview:-1"},"canonical":"https:\/\/www.visit-ulcinj.com\/blog\/2012\/06\/04\/perurimi-i-librit-ulqini-ne-perandorine-osmane-mustaf-canka\/","og_locale":"en_US","og_type":"article","og_title":"Perurimi i librit \"Ulqini n\u00eb perandorin\u00eb osmane\" Mustaf Canka - Lajme nga Ulqini","og_description":"Ju ftojme te merrni pjese ne perurimin e librit \u00ab Ulqini n\u00eb perandorin\u00eb osmane \u00ab te autorit nga Ulqini z.Mustaf Canka. Perurimi do te mbahet dit\u00ebn e ejte","og_url":"https:\/\/www.visit-ulcinj.com\/blog\/2012\/06\/04\/perurimi-i-librit-ulqini-ne-perandorine-osmane-mustaf-canka\/","og_site_name":"Lajme nga Ulqini","article_published_time":"2012-06-04T14:50:06+00:00","article_modified_time":"2012-06-06T12:39:55+00:00","twitter_misc":{"Written by":"ulqini","Est. reading time":"2 minutes"},"schema":{"@context":"https:\/\/schema.org","@graph":[{"@type":"WebSite","@id":"https:\/\/www.visit-ulcinj.com\/blog\/#website","url":"https:\/\/www.visit-ulcinj.com\/blog\/","name":"Lajme nga Ulqini","description":"Lajme,Vijesti,Ulqini,Ulqin,Crna Gora,Mali i Zi","potentialAction":[{"@type":"SearchAction","target":{"@type":"EntryPoint","urlTemplate":"https:\/\/www.visit-ulcinj.com\/blog\/?s={search_term_string}"},"query-input":"required name=search_term_string"}],"inLanguage":"en-US"},{"@type":"WebPage","@id":"https:\/\/www.visit-ulcinj.com\/blog\/2012\/06\/04\/perurimi-i-librit-ulqini-ne-perandorine-osmane-mustaf-canka\/#webpage","url":"https:\/\/www.visit-ulcinj.com\/blog\/2012\/06\/04\/perurimi-i-librit-ulqini-ne-perandorine-osmane-mustaf-canka\/","name":"Perurimi i librit \"Ulqini n\u00eb perandorin\u00eb osmane\" Mustaf Canka - Lajme nga Ulqini","isPartOf":{"@id":"https:\/\/www.visit-ulcinj.com\/blog\/#website"},"datePublished":"2012-06-04T14:50:06+00:00","dateModified":"2012-06-06T12:39:55+00:00","author":{"@id":"https:\/\/www.visit-ulcinj.com\/blog\/#\/schema\/person\/dcab619c614d3038751c63bc2aadc06d"},"description":"Ju ftojme te merrni pjese ne perurimin e librit \u00ab Ulqini n\u00eb perandorin\u00eb osmane \u00ab te autorit nga Ulqini z.Mustaf Canka. Perurimi do te mbahet dit\u00ebn e ejte","breadcrumb":{"@id":"https:\/\/www.visit-ulcinj.com\/blog\/2012\/06\/04\/perurimi-i-librit-ulqini-ne-perandorine-osmane-mustaf-canka\/#breadcrumb"},"inLanguage":"en-US","potentialAction":[{"@type":"ReadAction","target":["https:\/\/www.visit-ulcinj.com\/blog\/2012\/06\/04\/perurimi-i-librit-ulqini-ne-perandorine-osmane-mustaf-canka\/"]}]},{"@type":"BreadcrumbList","@id":"https:\/\/www.visit-ulcinj.com\/blog\/2012\/06\/04\/perurimi-i-librit-ulqini-ne-perandorine-osmane-mustaf-canka\/#breadcrumb","itemListElement":[{"@type":"ListItem","position":1,"name":"Perurimi i librit &#8220;Ulqini n\u00eb perandorin\u00eb osmane&#8221; Mustaf Canka"}]},{"@type":"Person","@id":"https:\/\/www.visit-ulcinj.com\/blog\/#\/schema\/person\/dcab619c614d3038751c63bc2aadc06d","name":"ulqini","sameAs":["http:\/\/www.visit-ulcinj.com"],"url":"https:\/\/www.visit-ulcinj.com\/blog\/author\/admin\/"}]}},"jetpack_featured_media_url":"","jetpack_sharing_enabled":true,"jetpack_shortlink":"https:\/\/wp.me\/pe6lTn-fWB","_links":{"self":[{"href":"https:\/\/www.visit-ulcinj.com\/blog\/wp-json\/wp\/v2\/posts\/61293"}],"collection":[{"href":"https:\/\/www.visit-ulcinj.com\/blog\/wp-json\/wp\/v2\/posts"}],"about":[{"href":"https:\/\/www.visit-ulcinj.com\/blog\/wp-json\/wp\/v2\/types\/post"}],"author":[{"embeddable":true,"href":"https:\/\/www.visit-ulcinj.com\/blog\/wp-json\/wp\/v2\/users\/1"}],"replies":[{"embeddable":true,"href":"https:\/\/www.visit-ulcinj.com\/blog\/wp-json\/wp\/v2\/comments?post=61293"}],"version-history":[{"count":6,"href":"https:\/\/www.visit-ulcinj.com\/blog\/wp-json\/wp\/v2\/posts\/61293\/revisions"}],"predecessor-version":[{"id":61344,"href":"https:\/\/www.visit-ulcinj.com\/blog\/wp-json\/wp\/v2\/posts\/61293\/revisions\/61344"}],"wp:attachment":[{"href":"https:\/\/www.visit-ulcinj.com\/blog\/wp-json\/wp\/v2\/media?parent=61293"}],"wp:term":[{"taxonomy":"category","embeddable":true,"href":"https:\/\/www.visit-ulcinj.com\/blog\/wp-json\/wp\/v2\/categories?post=61293"},{"taxonomy":"post_tag","embeddable":true,"href":"https:\/\/www.visit-ulcinj.com\/blog\/wp-json\/wp\/v2\/tags?post=61293"}],"curies":[{"name":"wp","href":"https:\/\/api.w.org\/{rel}","templated":true}]}}