{"id":6130,"date":"2008-11-16T07:04:04","date_gmt":"2008-11-16T12:04:04","guid":{"rendered":"http:\/\/www.visit-ulcinj.com\/blog\/?p=6130"},"modified":"2008-11-16T07:06:42","modified_gmt":"2008-11-16T12:06:42","slug":"lideri-opozicijerazgovarali-sa-leopoldom-maurerom","status":"publish","type":"post","link":"https:\/\/www.visit-ulcinj.com\/blog\/2008\/11\/16\/lideri-opozicijerazgovarali-sa-leopoldom-maurerom\/","title":{"rendered":"Lideri opozicije razgovarali sa Leopoldom Maurerom"},"content":{"rendered":"<p><a href=\"http:\/\/www.visit-ulcinj.com\/blog\/wp-content\/uploads\/2008\/11\/opozicja-crne-gore.jpg\"><img loading=\"lazy\" class=\"alignleft size-medium wp-image-6131\" title=\"opozicja-crne-gore\" src=\"http:\/\/www.visit-ulcinj.com\/blog\/wp-content\/uploads\/2008\/11\/opozicja-crne-gore-300x153.jpg\" alt=\"\" width=\"335\" height=\"171\" srcset=\"https:\/\/www.visit-ulcinj.com\/blog\/wp-content\/uploads\/2008\/11\/opozicja-crne-gore-300x153.jpg 300w, https:\/\/www.visit-ulcinj.com\/blog\/wp-content\/uploads\/2008\/11\/opozicja-crne-gore.jpg 367w\" sizes=\"(max-width: 335px) 100vw, 335px\" \/><\/a>PODGORICA &#8211; Lideri crnogorske opozicije razgovarali su ju?e sa \u0161efom Delegacije Evropske komisije u Crnoj Gori Leopoldom Maurerom.<br \/>\nIako nakon susreta nije objavljeno bilo kakvo zvani?no saop\u0161tenje, Republika saznaje da je bilo rije?i o Izvje\u0161taju EK, kao i slu?aju prebijanja biv\u0161eg boksera Aleksandra Pejanovi?a. Iz opozicije je ocijenjeno da Izvje\u0161taj EK predstavlja realnu sliku Crne Gore.<br \/>\nEK je u nedavnom redovnom godi\u0161njemizvje\u0161taju navela da je Crna Gora napredovala na putu evropskih integracija, ali i dalje postoje lo\u0161e strane koje se odnose na nedovoljno efikasnu borbu protiv korupcije i kriminala.<br \/>\nU tom dokumentu se navodi da je Crna Gora napredovala u oblastima implementacije Sporazuma o stabilizaciji i pridru\u017eivanju, ekonomije i regionalne saradnje.<br \/>\nU Izvje\u0161taju se ocjenjuje da i dalje zabrinjavaju stanje u pravosu?u, nedovoljno efikasna borba protiv korupcije i kriminala, kao i administrativni kapaciteti.<br \/>\n<strong>R.P.<br \/>\nIzvor \/ Republika<\/strong><\/p>\n<!--YouTube Error: bad URL entered-->\n","protected":false},"excerpt":{"rendered":"<p>PODGORICA &#8211; Lideri crnogorske opozicije razgovarali su ju?e sa \u0161efom Delegacije Evropske komisije u Crnoj Gori Leopoldom Maurerom. Iako nakon susreta nije objavljeno bilo kakvo zvani?no saop\u0161tenje, Republika saznaje da je bilo rije?i o Izvje\u0161taju EK, kao i slu?aju prebijanja biv\u0161eg boksera Aleksandra Pejanovi?a. Iz opozicije je ocijenjeno da Izvje\u0161taj EK predstavlja realnu sliku Crne [&hellip;]<\/p>\n","protected":false},"author":1,"featured_media":0,"comment_status":"open","ping_status":"closed","sticky":false,"template":"","format":"standard","meta":{"spay_email":"","jetpack_publicize_message":"","jetpack_is_tweetstorm":false,"jetpack_publicize_feature_enabled":true},"categories":[6],"tags":[4529,5056],"jetpack_publicize_connections":[],"yoast_head":"<!-- This site is optimized with the Yoast SEO plugin v19.1 - https:\/\/yoast.com\/wordpress\/plugins\/seo\/ -->\n<title>Lideri opozicije razgovarali sa Leopoldom Maurerom - Lajme nga Ulqini<\/title>\n<meta name=\"description\" content=\"PODGORICA - Lideri crnogorske opozicije razgovarali su ju?e sa \u0161efom Delegacije Evropske komisije u Crnoj Gori Leopoldom Maurerom. Iako nakon susreta nije\" \/>\n<meta name=\"robots\" content=\"index, follow, max-snippet:-1, max-image-preview:large, max-video-preview:-1\" \/>\n<link rel=\"canonical\" href=\"https:\/\/www.visit-ulcinj.com\/blog\/2008\/11\/16\/lideri-opozicijerazgovarali-sa-leopoldom-maurerom\/\" \/>\n<meta property=\"og:locale\" content=\"en_US\" \/>\n<meta property=\"og:type\" content=\"article\" \/>\n<meta property=\"og:title\" content=\"Lideri opozicije razgovarali sa Leopoldom Maurerom - Lajme nga Ulqini\" \/>\n<meta property=\"og:description\" content=\"PODGORICA - Lideri crnogorske opozicije razgovarali su ju?e sa \u0161efom Delegacije Evropske komisije u Crnoj Gori Leopoldom Maurerom. Iako nakon susreta nije\" \/>\n<meta property=\"og:url\" content=\"https:\/\/www.visit-ulcinj.com\/blog\/2008\/11\/16\/lideri-opozicijerazgovarali-sa-leopoldom-maurerom\/\" \/>\n<meta property=\"og:site_name\" content=\"Lajme nga Ulqini\" \/>\n<meta property=\"article:published_time\" content=\"2008-11-16T12:04:04+00:00\" \/>\n<meta property=\"article:modified_time\" content=\"2008-11-16T12:06:42+00:00\" \/>\n<meta property=\"og:image\" content=\"http:\/\/www.visit-ulcinj.com\/blog\/wp-content\/uploads\/2008\/11\/opozicja-crne-gore-300x153.jpg\" \/>\n<meta name=\"twitter:label1\" content=\"Written by\" \/>\n\t<meta name=\"twitter:data1\" content=\"ulqini\" \/>\n\t<meta name=\"twitter:label2\" content=\"Est. reading time\" \/>\n\t<meta name=\"twitter:data2\" content=\"1 minute\" \/>\n<script type=\"application\/ld+json\" class=\"yoast-schema-graph\">{\"@context\":\"https:\/\/schema.org\",\"@graph\":[{\"@type\":\"WebSite\",\"@id\":\"https:\/\/www.visit-ulcinj.com\/blog\/#website\",\"url\":\"https:\/\/www.visit-ulcinj.com\/blog\/\",\"name\":\"Lajme nga Ulqini\",\"description\":\"Lajme,Vijesti,Ulqini,Ulqin,Crna Gora,Mali i Zi\",\"potentialAction\":[{\"@type\":\"SearchAction\",\"target\":{\"@type\":\"EntryPoint\",\"urlTemplate\":\"https:\/\/www.visit-ulcinj.com\/blog\/?s={search_term_string}\"},\"query-input\":\"required name=search_term_string\"}],\"inLanguage\":\"en-US\"},{\"@type\":\"ImageObject\",\"inLanguage\":\"en-US\",\"@id\":\"https:\/\/www.visit-ulcinj.com\/blog\/2008\/11\/16\/lideri-opozicijerazgovarali-sa-leopoldom-maurerom\/#primaryimage\",\"url\":\"http:\/\/www.visit-ulcinj.com\/blog\/wp-content\/uploads\/2008\/11\/opozicja-crne-gore-300x153.jpg\",\"contentUrl\":\"http:\/\/www.visit-ulcinj.com\/blog\/wp-content\/uploads\/2008\/11\/opozicja-crne-gore-300x153.jpg\"},{\"@type\":\"WebPage\",\"@id\":\"https:\/\/www.visit-ulcinj.com\/blog\/2008\/11\/16\/lideri-opozicijerazgovarali-sa-leopoldom-maurerom\/#webpage\",\"url\":\"https:\/\/www.visit-ulcinj.com\/blog\/2008\/11\/16\/lideri-opozicijerazgovarali-sa-leopoldom-maurerom\/\",\"name\":\"Lideri opozicije razgovarali sa Leopoldom Maurerom - Lajme nga Ulqini\",\"isPartOf\":{\"@id\":\"https:\/\/www.visit-ulcinj.com\/blog\/#website\"},\"primaryImageOfPage\":{\"@id\":\"https:\/\/www.visit-ulcinj.com\/blog\/2008\/11\/16\/lideri-opozicijerazgovarali-sa-leopoldom-maurerom\/#primaryimage\"},\"datePublished\":\"2008-11-16T12:04:04+00:00\",\"dateModified\":\"2008-11-16T12:06:42+00:00\",\"author\":{\"@id\":\"https:\/\/www.visit-ulcinj.com\/blog\/#\/schema\/person\/dcab619c614d3038751c63bc2aadc06d\"},\"description\":\"PODGORICA - Lideri crnogorske opozicije razgovarali su ju?e sa \u0161efom Delegacije Evropske komisije u Crnoj Gori Leopoldom Maurerom. Iako nakon susreta nije\",\"breadcrumb\":{\"@id\":\"https:\/\/www.visit-ulcinj.com\/blog\/2008\/11\/16\/lideri-opozicijerazgovarali-sa-leopoldom-maurerom\/#breadcrumb\"},\"inLanguage\":\"en-US\",\"potentialAction\":[{\"@type\":\"ReadAction\",\"target\":[\"https:\/\/www.visit-ulcinj.com\/blog\/2008\/11\/16\/lideri-opozicijerazgovarali-sa-leopoldom-maurerom\/\"]}]},{\"@type\":\"BreadcrumbList\",\"@id\":\"https:\/\/www.visit-ulcinj.com\/blog\/2008\/11\/16\/lideri-opozicijerazgovarali-sa-leopoldom-maurerom\/#breadcrumb\",\"itemListElement\":[{\"@type\":\"ListItem\",\"position\":1,\"name\":\"Lideri opozicije razgovarali sa Leopoldom Maurerom\"}]},{\"@type\":\"Person\",\"@id\":\"https:\/\/www.visit-ulcinj.com\/blog\/#\/schema\/person\/dcab619c614d3038751c63bc2aadc06d\",\"name\":\"ulqini\",\"sameAs\":[\"http:\/\/www.visit-ulcinj.com\"],\"url\":\"https:\/\/www.visit-ulcinj.com\/blog\/author\/admin\/\"}]}<\/script>\n<!-- \/ Yoast SEO plugin. -->","yoast_head_json":{"title":"Lideri opozicije razgovarali sa Leopoldom Maurerom - Lajme nga Ulqini","description":"PODGORICA - Lideri crnogorske opozicije razgovarali su ju?e sa \u0161efom Delegacije Evropske komisije u Crnoj Gori Leopoldom Maurerom. Iako nakon susreta nije","robots":{"index":"index","follow":"follow","max-snippet":"max-snippet:-1","max-image-preview":"max-image-preview:large","max-video-preview":"max-video-preview:-1"},"canonical":"https:\/\/www.visit-ulcinj.com\/blog\/2008\/11\/16\/lideri-opozicijerazgovarali-sa-leopoldom-maurerom\/","og_locale":"en_US","og_type":"article","og_title":"Lideri opozicije razgovarali sa Leopoldom Maurerom - Lajme nga Ulqini","og_description":"PODGORICA - Lideri crnogorske opozicije razgovarali su ju?e sa \u0161efom Delegacije Evropske komisije u Crnoj Gori Leopoldom Maurerom. Iako nakon susreta nije","og_url":"https:\/\/www.visit-ulcinj.com\/blog\/2008\/11\/16\/lideri-opozicijerazgovarali-sa-leopoldom-maurerom\/","og_site_name":"Lajme nga Ulqini","article_published_time":"2008-11-16T12:04:04+00:00","article_modified_time":"2008-11-16T12:06:42+00:00","og_image":[{"url":"http:\/\/www.visit-ulcinj.com\/blog\/wp-content\/uploads\/2008\/11\/opozicja-crne-gore-300x153.jpg"}],"twitter_misc":{"Written by":"ulqini","Est. reading time":"1 minute"},"schema":{"@context":"https:\/\/schema.org","@graph":[{"@type":"WebSite","@id":"https:\/\/www.visit-ulcinj.com\/blog\/#website","url":"https:\/\/www.visit-ulcinj.com\/blog\/","name":"Lajme nga Ulqini","description":"Lajme,Vijesti,Ulqini,Ulqin,Crna Gora,Mali i Zi","potentialAction":[{"@type":"SearchAction","target":{"@type":"EntryPoint","urlTemplate":"https:\/\/www.visit-ulcinj.com\/blog\/?s={search_term_string}"},"query-input":"required name=search_term_string"}],"inLanguage":"en-US"},{"@type":"ImageObject","inLanguage":"en-US","@id":"https:\/\/www.visit-ulcinj.com\/blog\/2008\/11\/16\/lideri-opozicijerazgovarali-sa-leopoldom-maurerom\/#primaryimage","url":"http:\/\/www.visit-ulcinj.com\/blog\/wp-content\/uploads\/2008\/11\/opozicja-crne-gore-300x153.jpg","contentUrl":"http:\/\/www.visit-ulcinj.com\/blog\/wp-content\/uploads\/2008\/11\/opozicja-crne-gore-300x153.jpg"},{"@type":"WebPage","@id":"https:\/\/www.visit-ulcinj.com\/blog\/2008\/11\/16\/lideri-opozicijerazgovarali-sa-leopoldom-maurerom\/#webpage","url":"https:\/\/www.visit-ulcinj.com\/blog\/2008\/11\/16\/lideri-opozicijerazgovarali-sa-leopoldom-maurerom\/","name":"Lideri opozicije razgovarali sa Leopoldom Maurerom - Lajme nga Ulqini","isPartOf":{"@id":"https:\/\/www.visit-ulcinj.com\/blog\/#website"},"primaryImageOfPage":{"@id":"https:\/\/www.visit-ulcinj.com\/blog\/2008\/11\/16\/lideri-opozicijerazgovarali-sa-leopoldom-maurerom\/#primaryimage"},"datePublished":"2008-11-16T12:04:04+00:00","dateModified":"2008-11-16T12:06:42+00:00","author":{"@id":"https:\/\/www.visit-ulcinj.com\/blog\/#\/schema\/person\/dcab619c614d3038751c63bc2aadc06d"},"description":"PODGORICA - Lideri crnogorske opozicije razgovarali su ju?e sa \u0161efom Delegacije Evropske komisije u Crnoj Gori Leopoldom Maurerom. Iako nakon susreta nije","breadcrumb":{"@id":"https:\/\/www.visit-ulcinj.com\/blog\/2008\/11\/16\/lideri-opozicijerazgovarali-sa-leopoldom-maurerom\/#breadcrumb"},"inLanguage":"en-US","potentialAction":[{"@type":"ReadAction","target":["https:\/\/www.visit-ulcinj.com\/blog\/2008\/11\/16\/lideri-opozicijerazgovarali-sa-leopoldom-maurerom\/"]}]},{"@type":"BreadcrumbList","@id":"https:\/\/www.visit-ulcinj.com\/blog\/2008\/11\/16\/lideri-opozicijerazgovarali-sa-leopoldom-maurerom\/#breadcrumb","itemListElement":[{"@type":"ListItem","position":1,"name":"Lideri opozicije razgovarali sa Leopoldom Maurerom"}]},{"@type":"Person","@id":"https:\/\/www.visit-ulcinj.com\/blog\/#\/schema\/person\/dcab619c614d3038751c63bc2aadc06d","name":"ulqini","sameAs":["http:\/\/www.visit-ulcinj.com"],"url":"https:\/\/www.visit-ulcinj.com\/blog\/author\/admin\/"}]}},"jetpack_featured_media_url":"","jetpack_sharing_enabled":true,"jetpack_shortlink":"https:\/\/wp.me\/pe6lTn-1AS","_links":{"self":[{"href":"https:\/\/www.visit-ulcinj.com\/blog\/wp-json\/wp\/v2\/posts\/6130"}],"collection":[{"href":"https:\/\/www.visit-ulcinj.com\/blog\/wp-json\/wp\/v2\/posts"}],"about":[{"href":"https:\/\/www.visit-ulcinj.com\/blog\/wp-json\/wp\/v2\/types\/post"}],"author":[{"embeddable":true,"href":"https:\/\/www.visit-ulcinj.com\/blog\/wp-json\/wp\/v2\/users\/1"}],"replies":[{"embeddable":true,"href":"https:\/\/www.visit-ulcinj.com\/blog\/wp-json\/wp\/v2\/comments?post=6130"}],"version-history":[{"count":0,"href":"https:\/\/www.visit-ulcinj.com\/blog\/wp-json\/wp\/v2\/posts\/6130\/revisions"}],"wp:attachment":[{"href":"https:\/\/www.visit-ulcinj.com\/blog\/wp-json\/wp\/v2\/media?parent=6130"}],"wp:term":[{"taxonomy":"category","embeddable":true,"href":"https:\/\/www.visit-ulcinj.com\/blog\/wp-json\/wp\/v2\/categories?post=6130"},{"taxonomy":"post_tag","embeddable":true,"href":"https:\/\/www.visit-ulcinj.com\/blog\/wp-json\/wp\/v2\/tags?post=6130"}],"curies":[{"name":"wp","href":"https:\/\/api.w.org\/{rel}","templated":true}]}}