{"id":61312,"date":"2012-06-05T07:20:07","date_gmt":"2012-06-05T06:20:07","guid":{"rendered":"http:\/\/www.visit-ulcinj.com\/blog\/?p=61312"},"modified":"2012-06-09T10:17:04","modified_gmt":"2012-06-09T09:17:04","slug":"rrezart-cungu-kampion-i-malit-te-zi-2","status":"publish","type":"post","link":"https:\/\/www.visit-ulcinj.com\/blog\/2012\/06\/05\/rrezart-cungu-kampion-i-malit-te-zi-2\/","title":{"rendered":"Rrezart Cungu kampion i Malit te Zi"},"content":{"rendered":"<p><a href=\"http:\/\/www.visit-ulcinj.com\/blog\/wp-content\/uploads\/2012\/06\/Rrezart-Cungu-kampion-i-Malit-te-Zi.jpg\"><img loading=\"lazy\" class=\"alignleft  wp-image-61313\" title=\"Rrezart Cungu kampion i Malit te Zi\" src=\"http:\/\/www.visit-ulcinj.com\/blog\/wp-content\/uploads\/2012\/06\/Rrezart-Cungu-kampion-i-Malit-te-Zi.jpg\" alt=\"\" width=\"508\" height=\"608\" \/><\/a>Pa i mbushur 14 vje\u00e7,Rrezart Cungu dual fitues n\u00eb turneun shtetnor t\u00eb Malit t\u00eb Zi p\u00ebr grup\u00ebmosh derin n\u00eb 16 vje\u00e7 q\u00eb u mbajt n\u00eb Podgoric\u00eb.<br \/>\nN\u00eb klubin e tenisit \u201cAs\u201d me 2 dhe 3 Qershor Rrezarti doli i pari duke u shpallur nj\u00ebherit edhe kampioni i Mal t\u00eb Zi deri n\u00eb mosh\u00ebn 16 vje\u00e7are. K\u00ebt\u00eb e arriti duke fituar 4 ndeshje q\u00eb ishin : Danilo Lalic (6-0, 6-1), Genc Selita (6-1, 6-1), Stefan Radenoviq (6-2, 6-4) dhe Dejan Kova\u00e7 (6-2, 4-6, 3-0) i cili n\u00eb fund e dor\u00ebzoi ndeshjen.<br \/>\n<a href=\"http:\/\/www.visit-ulcinj.com\/blog\/wp-content\/uploads\/2012\/06\/Rrezart-Cungu-kampion-i-Malit-te-Zi.1.jpg\"><img loading=\"lazy\" class=\"alignleft size-full wp-image-61314\" title=\"Rrezart Cungu kampion i Malit te Zi.1\" src=\"http:\/\/www.visit-ulcinj.com\/blog\/wp-content\/uploads\/2012\/06\/Rrezart-Cungu-kampion-i-Malit-te-Zi.1.jpg\" alt=\"\" width=\"508\" height=\"300\" \/><\/a><br \/>\nVet fakti q\u00eb Rrezarti ende nuk i ka mbushur 14 vjet, k\u00ebt\u00eb sukses e b\u00ebn\u00eb edhe m\u00eb t\u00eb madh\u00eb dhe v\u00ebrteton edhe nj\u00eb her\u00eb q\u00eb \u00ebsht\u00eb tenisti nr. 1 n\u00eb Mal t\u00eb Zi n\u00eb t\u00eb gjitha grupmoshat.<br \/>\nRrezarti asht\u00eb duke sh\u00ebnuar sukses t\u00eb ve\u00e7ant edhe n\u00eb nivelin nd\u00ebrkomb\u00ebtar.<br \/>\n<a href=\"http:\/\/www.visit-ulcinj.com\/blog\/wp-content\/uploads\/2012\/06\/Rrezart-Cungu-kampion-i-Malit-te-Zi.2.jpg\"><img loading=\"lazy\" class=\"alignleft size-full wp-image-61315\" title=\"Rrezart Cungu kampion i Malit te Zi.2\" src=\"http:\/\/www.visit-ulcinj.com\/blog\/wp-content\/uploads\/2012\/06\/Rrezart-Cungu-kampion-i-Malit-te-Zi.2.jpg\" alt=\"\" width=\"508\" height=\"600\" \/><\/a><br \/>\nPrej vendit 851 q\u00eb e kishte n\u00eb janar t\u00eb k\u00ebtij viti n\u00eb Europian tennis asosiacion (ETA),p\u00ebr grupmosh\u00ebn 14 vje\u00e7are, arriti t\u00eb radhitet n\u00eb vendin 201,q\u00eb asht\u00eb vendi m\u00eb i lart\u00eb prej t\u00eb gjith\u00eb tenisist\u00ebve t\u00eb Malit t\u00eb Zi.<br \/>\nNa mbetet t\u00eb p\u00ebrcjellim turnet tjer\u00eb nd\u00ebrkomb\u00ebtar dhe t\u00eb urojm q\u00eb Rrezarti t\u00eb vazhdoi me k\u00ebto suksese.<\/p>\n","protected":false},"excerpt":{"rendered":"<p>Pa i mbushur 14 vje\u00e7,Rrezart Cungu dual fitues n\u00eb turneun shtetnor t\u00eb Malit t\u00eb Zi p\u00ebr grup\u00ebmosh derin n\u00eb 16 vje\u00e7 q\u00eb u mbajt n\u00eb Podgoric\u00eb. N\u00eb klubin e tenisit \u201cAs\u201d me 2 dhe 3 Qershor Rrezarti doli i pari duke u shpallur nj\u00ebherit edhe kampioni i Mal t\u00eb Zi deri n\u00eb mosh\u00ebn 16 vje\u00e7are. [&hellip;]<\/p>\n","protected":false},"author":1,"featured_media":0,"comment_status":"open","ping_status":"closed","sticky":false,"template":"","format":"standard","meta":{"spay_email":"","jetpack_publicize_message":"","jetpack_is_tweetstorm":false,"jetpack_publicize_feature_enabled":true},"categories":[1,3],"tags":[20618,14441,17139,20619,18],"jetpack_publicize_connections":[],"yoast_head":"<!-- This site is optimized with the Yoast SEO plugin v19.1 - https:\/\/yoast.com\/wordpress\/plugins\/seo\/ -->\n<title>Rrezart Cungu kampion i Malit te Zi - Lajme nga Ulqini<\/title>\n<meta name=\"description\" content=\"Pa i mbushur 14 vje\u00e7,Rrezart Cungu dual fitues n\u00eb turneun shtetnor t\u00eb Malit t\u00eb Zi p\u00ebr grup\u00ebmosh derin n\u00eb 16 vje\u00e7 q\u00eb u mbajt n\u00eb Podgoric\u00eb. N\u00eb klubin e\" \/>\n<meta name=\"robots\" content=\"index, follow, max-snippet:-1, max-image-preview:large, max-video-preview:-1\" \/>\n<link rel=\"canonical\" href=\"https:\/\/www.visit-ulcinj.com\/blog\/2012\/06\/05\/rrezart-cungu-kampion-i-malit-te-zi-2\/\" \/>\n<meta property=\"og:locale\" content=\"en_US\" \/>\n<meta property=\"og:type\" content=\"article\" \/>\n<meta property=\"og:title\" content=\"Rrezart Cungu kampion i Malit te Zi - Lajme nga Ulqini\" \/>\n<meta property=\"og:description\" content=\"Pa i mbushur 14 vje\u00e7,Rrezart Cungu dual fitues n\u00eb turneun shtetnor t\u00eb Malit t\u00eb Zi p\u00ebr grup\u00ebmosh derin n\u00eb 16 vje\u00e7 q\u00eb u mbajt n\u00eb Podgoric\u00eb. N\u00eb klubin e\" \/>\n<meta property=\"og:url\" content=\"https:\/\/www.visit-ulcinj.com\/blog\/2012\/06\/05\/rrezart-cungu-kampion-i-malit-te-zi-2\/\" \/>\n<meta property=\"og:site_name\" content=\"Lajme nga Ulqini\" \/>\n<meta property=\"article:published_time\" content=\"2012-06-05T06:20:07+00:00\" \/>\n<meta property=\"article:modified_time\" content=\"2012-06-09T09:17:04+00:00\" \/>\n<meta property=\"og:image\" content=\"http:\/\/www.visit-ulcinj.com\/blog\/wp-content\/uploads\/2012\/06\/Rrezart-Cungu-kampion-i-Malit-te-Zi.jpg\" \/>\n<meta name=\"twitter:label1\" content=\"Written by\" \/>\n\t<meta name=\"twitter:data1\" content=\"ulqini\" \/>\n\t<meta name=\"twitter:label2\" content=\"Est. reading time\" \/>\n\t<meta name=\"twitter:data2\" content=\"1 minute\" \/>\n<script type=\"application\/ld+json\" class=\"yoast-schema-graph\">{\"@context\":\"https:\/\/schema.org\",\"@graph\":[{\"@type\":\"WebSite\",\"@id\":\"https:\/\/www.visit-ulcinj.com\/blog\/#website\",\"url\":\"https:\/\/www.visit-ulcinj.com\/blog\/\",\"name\":\"Lajme nga Ulqini\",\"description\":\"Lajme,Vijesti,Ulqini,Ulqin,Crna Gora,Mali i Zi\",\"potentialAction\":[{\"@type\":\"SearchAction\",\"target\":{\"@type\":\"EntryPoint\",\"urlTemplate\":\"https:\/\/www.visit-ulcinj.com\/blog\/?s={search_term_string}\"},\"query-input\":\"required name=search_term_string\"}],\"inLanguage\":\"en-US\"},{\"@type\":\"ImageObject\",\"inLanguage\":\"en-US\",\"@id\":\"https:\/\/www.visit-ulcinj.com\/blog\/2012\/06\/05\/rrezart-cungu-kampion-i-malit-te-zi-2\/#primaryimage\",\"url\":\"https:\/\/www.visit-ulcinj.com\/blog\/wp-content\/uploads\/2012\/06\/Rrezart-Cungu-kampion-i-Malit-te-Zi.jpg\",\"contentUrl\":\"https:\/\/www.visit-ulcinj.com\/blog\/wp-content\/uploads\/2012\/06\/Rrezart-Cungu-kampion-i-Malit-te-Zi.jpg\",\"width\":\"700\",\"height\":\"933\"},{\"@type\":\"WebPage\",\"@id\":\"https:\/\/www.visit-ulcinj.com\/blog\/2012\/06\/05\/rrezart-cungu-kampion-i-malit-te-zi-2\/#webpage\",\"url\":\"https:\/\/www.visit-ulcinj.com\/blog\/2012\/06\/05\/rrezart-cungu-kampion-i-malit-te-zi-2\/\",\"name\":\"Rrezart Cungu kampion i Malit te Zi - Lajme nga Ulqini\",\"isPartOf\":{\"@id\":\"https:\/\/www.visit-ulcinj.com\/blog\/#website\"},\"primaryImageOfPage\":{\"@id\":\"https:\/\/www.visit-ulcinj.com\/blog\/2012\/06\/05\/rrezart-cungu-kampion-i-malit-te-zi-2\/#primaryimage\"},\"datePublished\":\"2012-06-05T06:20:07+00:00\",\"dateModified\":\"2012-06-09T09:17:04+00:00\",\"author\":{\"@id\":\"https:\/\/www.visit-ulcinj.com\/blog\/#\/schema\/person\/dcab619c614d3038751c63bc2aadc06d\"},\"description\":\"Pa i mbushur 14 vje\u00e7,Rrezart Cungu dual fitues n\u00eb turneun shtetnor t\u00eb Malit t\u00eb Zi p\u00ebr grup\u00ebmosh derin n\u00eb 16 vje\u00e7 q\u00eb u mbajt n\u00eb Podgoric\u00eb. N\u00eb klubin e\",\"breadcrumb\":{\"@id\":\"https:\/\/www.visit-ulcinj.com\/blog\/2012\/06\/05\/rrezart-cungu-kampion-i-malit-te-zi-2\/#breadcrumb\"},\"inLanguage\":\"en-US\",\"potentialAction\":[{\"@type\":\"ReadAction\",\"target\":[\"https:\/\/www.visit-ulcinj.com\/blog\/2012\/06\/05\/rrezart-cungu-kampion-i-malit-te-zi-2\/\"]}]},{\"@type\":\"BreadcrumbList\",\"@id\":\"https:\/\/www.visit-ulcinj.com\/blog\/2012\/06\/05\/rrezart-cungu-kampion-i-malit-te-zi-2\/#breadcrumb\",\"itemListElement\":[{\"@type\":\"ListItem\",\"position\":1,\"name\":\"Rrezart Cungu kampion i Malit te Zi\"}]},{\"@type\":\"Person\",\"@id\":\"https:\/\/www.visit-ulcinj.com\/blog\/#\/schema\/person\/dcab619c614d3038751c63bc2aadc06d\",\"name\":\"ulqini\",\"sameAs\":[\"http:\/\/www.visit-ulcinj.com\"],\"url\":\"https:\/\/www.visit-ulcinj.com\/blog\/author\/admin\/\"}]}<\/script>\n<!-- \/ Yoast SEO plugin. -->","yoast_head_json":{"title":"Rrezart Cungu kampion i Malit te Zi - Lajme nga Ulqini","description":"Pa i mbushur 14 vje\u00e7,Rrezart Cungu dual fitues n\u00eb turneun shtetnor t\u00eb Malit t\u00eb Zi p\u00ebr grup\u00ebmosh derin n\u00eb 16 vje\u00e7 q\u00eb u mbajt n\u00eb Podgoric\u00eb. N\u00eb klubin e","robots":{"index":"index","follow":"follow","max-snippet":"max-snippet:-1","max-image-preview":"max-image-preview:large","max-video-preview":"max-video-preview:-1"},"canonical":"https:\/\/www.visit-ulcinj.com\/blog\/2012\/06\/05\/rrezart-cungu-kampion-i-malit-te-zi-2\/","og_locale":"en_US","og_type":"article","og_title":"Rrezart Cungu kampion i Malit te Zi - Lajme nga Ulqini","og_description":"Pa i mbushur 14 vje\u00e7,Rrezart Cungu dual fitues n\u00eb turneun shtetnor t\u00eb Malit t\u00eb Zi p\u00ebr grup\u00ebmosh derin n\u00eb 16 vje\u00e7 q\u00eb u mbajt n\u00eb Podgoric\u00eb. N\u00eb klubin e","og_url":"https:\/\/www.visit-ulcinj.com\/blog\/2012\/06\/05\/rrezart-cungu-kampion-i-malit-te-zi-2\/","og_site_name":"Lajme nga Ulqini","article_published_time":"2012-06-05T06:20:07+00:00","article_modified_time":"2012-06-09T09:17:04+00:00","og_image":[{"url":"http:\/\/www.visit-ulcinj.com\/blog\/wp-content\/uploads\/2012\/06\/Rrezart-Cungu-kampion-i-Malit-te-Zi.jpg"}],"twitter_misc":{"Written by":"ulqini","Est. reading time":"1 minute"},"schema":{"@context":"https:\/\/schema.org","@graph":[{"@type":"WebSite","@id":"https:\/\/www.visit-ulcinj.com\/blog\/#website","url":"https:\/\/www.visit-ulcinj.com\/blog\/","name":"Lajme nga Ulqini","description":"Lajme,Vijesti,Ulqini,Ulqin,Crna Gora,Mali i Zi","potentialAction":[{"@type":"SearchAction","target":{"@type":"EntryPoint","urlTemplate":"https:\/\/www.visit-ulcinj.com\/blog\/?s={search_term_string}"},"query-input":"required name=search_term_string"}],"inLanguage":"en-US"},{"@type":"ImageObject","inLanguage":"en-US","@id":"https:\/\/www.visit-ulcinj.com\/blog\/2012\/06\/05\/rrezart-cungu-kampion-i-malit-te-zi-2\/#primaryimage","url":"https:\/\/www.visit-ulcinj.com\/blog\/wp-content\/uploads\/2012\/06\/Rrezart-Cungu-kampion-i-Malit-te-Zi.jpg","contentUrl":"https:\/\/www.visit-ulcinj.com\/blog\/wp-content\/uploads\/2012\/06\/Rrezart-Cungu-kampion-i-Malit-te-Zi.jpg","width":"700","height":"933"},{"@type":"WebPage","@id":"https:\/\/www.visit-ulcinj.com\/blog\/2012\/06\/05\/rrezart-cungu-kampion-i-malit-te-zi-2\/#webpage","url":"https:\/\/www.visit-ulcinj.com\/blog\/2012\/06\/05\/rrezart-cungu-kampion-i-malit-te-zi-2\/","name":"Rrezart Cungu kampion i Malit te Zi - Lajme nga Ulqini","isPartOf":{"@id":"https:\/\/www.visit-ulcinj.com\/blog\/#website"},"primaryImageOfPage":{"@id":"https:\/\/www.visit-ulcinj.com\/blog\/2012\/06\/05\/rrezart-cungu-kampion-i-malit-te-zi-2\/#primaryimage"},"datePublished":"2012-06-05T06:20:07+00:00","dateModified":"2012-06-09T09:17:04+00:00","author":{"@id":"https:\/\/www.visit-ulcinj.com\/blog\/#\/schema\/person\/dcab619c614d3038751c63bc2aadc06d"},"description":"Pa i mbushur 14 vje\u00e7,Rrezart Cungu dual fitues n\u00eb turneun shtetnor t\u00eb Malit t\u00eb Zi p\u00ebr grup\u00ebmosh derin n\u00eb 16 vje\u00e7 q\u00eb u mbajt n\u00eb Podgoric\u00eb. N\u00eb klubin e","breadcrumb":{"@id":"https:\/\/www.visit-ulcinj.com\/blog\/2012\/06\/05\/rrezart-cungu-kampion-i-malit-te-zi-2\/#breadcrumb"},"inLanguage":"en-US","potentialAction":[{"@type":"ReadAction","target":["https:\/\/www.visit-ulcinj.com\/blog\/2012\/06\/05\/rrezart-cungu-kampion-i-malit-te-zi-2\/"]}]},{"@type":"BreadcrumbList","@id":"https:\/\/www.visit-ulcinj.com\/blog\/2012\/06\/05\/rrezart-cungu-kampion-i-malit-te-zi-2\/#breadcrumb","itemListElement":[{"@type":"ListItem","position":1,"name":"Rrezart Cungu kampion i Malit te Zi"}]},{"@type":"Person","@id":"https:\/\/www.visit-ulcinj.com\/blog\/#\/schema\/person\/dcab619c614d3038751c63bc2aadc06d","name":"ulqini","sameAs":["http:\/\/www.visit-ulcinj.com"],"url":"https:\/\/www.visit-ulcinj.com\/blog\/author\/admin\/"}]}},"jetpack_featured_media_url":"","jetpack_sharing_enabled":true,"jetpack_shortlink":"https:\/\/wp.me\/pe6lTn-fWU","_links":{"self":[{"href":"https:\/\/www.visit-ulcinj.com\/blog\/wp-json\/wp\/v2\/posts\/61312"}],"collection":[{"href":"https:\/\/www.visit-ulcinj.com\/blog\/wp-json\/wp\/v2\/posts"}],"about":[{"href":"https:\/\/www.visit-ulcinj.com\/blog\/wp-json\/wp\/v2\/types\/post"}],"author":[{"embeddable":true,"href":"https:\/\/www.visit-ulcinj.com\/blog\/wp-json\/wp\/v2\/users\/1"}],"replies":[{"embeddable":true,"href":"https:\/\/www.visit-ulcinj.com\/blog\/wp-json\/wp\/v2\/comments?post=61312"}],"version-history":[{"count":5,"href":"https:\/\/www.visit-ulcinj.com\/blog\/wp-json\/wp\/v2\/posts\/61312\/revisions"}],"predecessor-version":[{"id":61520,"href":"https:\/\/www.visit-ulcinj.com\/blog\/wp-json\/wp\/v2\/posts\/61312\/revisions\/61520"}],"wp:attachment":[{"href":"https:\/\/www.visit-ulcinj.com\/blog\/wp-json\/wp\/v2\/media?parent=61312"}],"wp:term":[{"taxonomy":"category","embeddable":true,"href":"https:\/\/www.visit-ulcinj.com\/blog\/wp-json\/wp\/v2\/categories?post=61312"},{"taxonomy":"post_tag","embeddable":true,"href":"https:\/\/www.visit-ulcinj.com\/blog\/wp-json\/wp\/v2\/tags?post=61312"}],"curies":[{"name":"wp","href":"https:\/\/api.w.org\/{rel}","templated":true}]}}