{"id":61321,"date":"2012-06-05T15:52:29","date_gmt":"2012-06-05T14:52:29","guid":{"rendered":"http:\/\/www.visit-ulcinj.com\/blog\/?p=61321"},"modified":"2012-06-12T17:17:01","modified_gmt":"2012-06-12T16:17:01","slug":"manifestimi-dita-e-rumise-2012","status":"publish","type":"post","link":"https:\/\/www.visit-ulcinj.com\/blog\/2012\/06\/05\/manifestimi-dita-e-rumise-2012\/","title":{"rendered":"Manifestimi \u201cDita e Rumis\u00eb\u201d 2012"},"content":{"rendered":"<p align=\"center\"><strong><a href=\"http:\/\/www.visit-ulcinj.com\/blog\/wp-content\/uploads\/2012\/06\/Manifestimi-Dita-e-Rumis\u00eb-2012.jpg\"><img loading=\"lazy\" class=\"alignleft  wp-image-61322\" title=\"Manifestimi Dita e Rumis\u00eb 2012\" src=\"http:\/\/www.visit-ulcinj.com\/blog\/wp-content\/uploads\/2012\/06\/Manifestimi-Dita-e-Rumis\u00eb-2012.jpg\" alt=\"\" width=\"508\" height=\"360\" \/><\/a>Manifestimi \u201cDita e Rumis\u00eb\u201d 2012<\/strong><\/p>\n<p>P\u00ebr t\u00eb parin vit, t\u00eb diel\u00ebn m\u00eb 10 qershor 2012, do t\u00eb organizohet manifestimi \u201cDita e Rumis\u00eb\u201d.<\/p>\n<p>Ky manifestim p\u00ebrb\u00ebn n\u00eb fakt rikthimin e tradit\u00ebs s\u00eb dikurshme. Ai ka nj\u00eb histori t\u00eb lasht\u00eb, rr\u00ebnj\u00ebt e t\u00eb cilit dep\u00ebrtojn\u00eb deri n\u00eb koh\u00ebn pagane t\u00eb Iliris\u00eb, p\u00ebr t\u00eb cil\u00ebn d\u00ebshmojn\u00eb qart\u00eb tumat (mogilet) gjigande t\u00eb varreve ilire, t\u00eb vendosura n\u00eb shpatijet e Rumis\u00eb.<\/p>\n<p>Manifestimi fillon q\u00eb n\u00eb or\u00ebt e hershme t\u00eb m\u00ebngjesit me tubimin para shkoll\u00ebs n\u00eb Ljare. N\u00eb or\u00ebn 6.00 do t\u00eb b\u00ebhet dalja (nisja) n\u00eb m\u00ebnyr\u00eb t\u00eb organizuar e grupit q\u00eb do t\u00eb ngjitet n\u00eb maj\u00ebn e Rumis\u00eb. Ata q\u00eb duan t\u00eb ngjiten n\u00eb maj\u00ebn e Rumis\u00eb rekomandohet t\u00eb ken\u00eb veshje t\u00eb p\u00ebrshtatshme, t\u00eb marrin me vete ushqime dhe l\u00ebngje etj. Organizatori ka siguruar ciceron\u00ebt dhe ekipet mjek\u00ebsore q\u00eb do t\u00eb shoq\u00ebrojn\u00eb gjat\u00eb gjith\u00eb koh\u00ebs grupin e bjeshkatar\u00ebve.<\/p>\n<p><a href=\"http:\/\/www.visit-ulcinj.com\/blog\/wp-content\/uploads\/2012\/06\/G\u00ebrmadhat-e-Kish\u00ebs-s\u00eb-vjet\u00ebr-Sh\u00ebn-M\u00ebria-e-Kraj\u00ebs.jpg\"><img loading=\"lazy\" class=\"alignleft  wp-image-61324\" title=\"G\u00ebrmadhat e Kish\u00ebs s\u00eb vjet\u00ebr Sh\u00ebn M\u00ebria e Kraj\u00ebs\" src=\"http:\/\/www.visit-ulcinj.com\/blog\/wp-content\/uploads\/2012\/06\/G\u00ebrmadhat-e-Kish\u00ebs-s\u00eb-vjet\u00ebr-Sh\u00ebn-M\u00ebria-e-Kraj\u00ebs.jpg\" alt=\"\" width=\"508\" height=\"299\" \/><\/a><\/p>\n<p>P\u00ebr t\u00eb gjith\u00eb pjes\u00ebmarr\u00ebsit q\u00eb nuk kan\u00eb mund\u00ebsi t\u00eb ngjiten n\u00eb maj\u00ebn e Rumis\u00eb, \u00ebsht\u00eb rezervuar nj\u00eb program me muzik\u00eb, vizita, sh\u00ebtitje, demonstrime sportive etj., i cili fillon n\u00eb or\u00ebn 12.00 para shkoll\u00ebs n\u00eb Ljare dhe do t\u00eb zgjas\u00eb deri n\u00eb or\u00ebn 18.00. Vizita n\u00eb grup e objekteve kulturore \u2013 historike t\u00eb zon\u00ebs, si Pallati i Kontit, Kisha e Don Gjon Buzukut, Qyteza e Vjet\u00ebr etj., do t\u00eb b\u00ebhet n\u00ebn shoq\u00ebrimin e ciceron\u00ebve, t\u00eb cil\u00ebt do t\u00eb flasin dhe japin informacione m\u00eb t\u00eb holl\u00ebsishme p\u00ebr to. Pjes\u00ebmarr\u00ebsit e manifestimit kan\u00eb po ashtu mund\u00ebsi t\u00eb sh\u00ebtisin me barka n\u00ebp\u00ebr Liqenin e Shkodr\u00ebs.<\/p>\n<p>Momenti m\u00eb kulmor i k\u00ebtij manifestimi do t\u00eb jet\u00eb mb\u00ebrritja e grupit t\u00eb bjeshkatar\u00ebve n\u00eb maj\u00ebn e Rumis\u00eb dhe pritja e bjeshkatar\u00ebve q\u00eb do t\u00eb kthehen nga maja e Rumis\u00eb.<\/p>\n<p>Gjat\u00eb manifestimit do t\u00eb mbahen fjalime t\u00eb rastit dhe p\u00ebrsh\u00ebndetje nga organizator\u00ebt dhe\u00a0 autoritetet e pranish\u00ebm.<\/p>\n<p>Manifestimi do t\u00eb p\u00ebrfundoj\u00eb n\u00eb or\u00ebn 18.<\/p>\n<p>Mediat elektronike dhe t\u00eb shkruara jan\u00eb ftuar t\u00eb p\u00ebrcjellin k\u00ebt\u00eb veprimtari.<\/p>\n<p><strong>\u201cRumia po na th\u00ebrret, mos m\u00eb lini vet\u00eb!\u201d<\/strong><\/p>\n<p>Prandaj, ejani t\u00eb festojm\u00eb t\u00eb gjith\u00eb s\u00eb bashku.<\/p>\n<p>Pjes\u00ebmarrja Juaj do t\u2019ia shtoj\u00eb madh\u00ebshtin\u00eb k\u00ebtij manifestimi.<\/p>\n<p>&nbsp;<\/p>\n<p><strong>K\u00ebshilli organizativ <\/strong><\/p>\n<p><a href=\"http:\/\/www.visit-ulcinj.com\/blog\/wp-content\/uploads\/2012\/06\/Manifestimi-Dita-e-Rumis\u00eb-2012.1.jpg\"><img loading=\"lazy\" class=\"alignleft  wp-image-61323\" title=\"Manifestimi Dita e Rumis\u00eb 2012.1\" src=\"http:\/\/www.visit-ulcinj.com\/blog\/wp-content\/uploads\/2012\/06\/Manifestimi-Dita-e-Rumis\u00eb-2012.1.jpg\" alt=\"\" width=\"508\" height=\"300\" \/><\/a><\/p>\n<p>&nbsp;<\/p>\n<p align=\"center\"><strong>Manifestimi<\/strong><\/p>\n<p align=\"center\"><strong>\u201cDita e Rumis\u00eb\u201d <\/strong><\/p>\n<p align=\"center\">E diel, 10 qershor 2012<\/p>\n<p align=\"center\"><strong>Programi <\/strong><\/p>\n<p><strong>\u00a0\u00a0\u00a0\u00a0\u00a0 \u00a0\u00a0\u00a0\u00a0Dalja n\u00eb grup n\u00eb maj\u00ebn e Rumis\u00eb <\/strong><\/p>\n<p>(Tubimi dhe nisja para shkoll\u00ebs n\u00eb Ljare, ora 6.00)<\/p>\n<p><strong>Arg\u00ebtim me muzik\u00eb nga DJ<\/strong><\/p>\n<p align=\"center\">\u00a0\u00a0\u00a0\u00a0 (Para shkoll\u00ebs n\u00eb Ljare, ora 12.00\u201318.00)<\/p>\n<p><strong>\u00a0\u00a0\u00a0\u00a0 <\/strong><strong>Vizit\u00eb e objekteve kulturore-historike t\u00eb zon\u00ebs<\/strong><\/p>\n<p><strong>(Pallati i Kontit, Kisha e Don Gjon Buzukut, Qyteza e Vjet\u00ebr etj.)<\/strong><\/p>\n<p>(Ora 12.00-18.00)<\/p>\n<p><strong>\u00a0<\/strong><\/p>\n<p><strong>\u00a0\u00a0 Sh\u00ebtitje n\u00ebp\u00ebr Liqenin e Shkodr\u00ebs<\/strong><\/p>\n<p align=\"center\">\u00a0\u00a0\u00a0 (Muriq, ora 12.00\u201318.00)<\/p>\n<p align=\"center\"><strong>\u00a0\u00a0\u00a0\u00a0\u00a0\u00a0\u00a0\u00a0 Ceremonia e pritjes s\u00eb grupit t\u00eb bjeshkatar\u00ebve nga Rumia<\/strong><\/p>\n<p align=\"center\">(Para shkoll\u00ebs n\u00eb Ljare, ora 16.00)<\/p>\n<p align=\"center\"><strong>\u00a0<\/strong><\/p>\n<p align=\"center\"><strong>\u00a0\u00a0\u00a0\u00a0\u00a0 Rumia po na th\u00ebrret, mos m\u00eb lini vet\u00eb! <\/strong><\/p>\n<p align=\"center\">K\u00ebshilli organizativ<\/p>\n<p style=\"text-align: left;\" align=\"center\"><!--YouTube Error: bad URL entered--><\/p>\n","protected":false},"excerpt":{"rendered":"<p>Manifestimi \u201cDita e Rumis\u00eb\u201d 2012 P\u00ebr t\u00eb parin vit, t\u00eb diel\u00ebn m\u00eb 10 qershor 2012, do t\u00eb organizohet manifestimi \u201cDita e Rumis\u00eb\u201d. Ky manifestim p\u00ebrb\u00ebn n\u00eb fakt rikthimin e tradit\u00ebs s\u00eb dikurshme. Ai ka nj\u00eb histori t\u00eb lasht\u00eb, rr\u00ebnj\u00ebt e t\u00eb cilit dep\u00ebrtojn\u00eb deri n\u00eb koh\u00ebn pagane t\u00eb Iliris\u00eb, p\u00ebr t\u00eb cil\u00ebn d\u00ebshmojn\u00eb qart\u00eb tumat [&hellip;]<\/p>\n","protected":false},"author":1,"featured_media":0,"comment_status":"open","ping_status":"closed","sticky":false,"template":"","format":"standard","meta":{"spay_email":"","jetpack_publicize_message":"","jetpack_is_tweetstorm":false,"jetpack_publicize_feature_enabled":true},"categories":[4],"tags":[212,17828,17834,18370,17811,17831,18362,14353,17808,14354,12340,17840,17839,18363,17835,17814,17810,17816,17071,17807,20620,3516,14652,17837,17827,14358,222,17802,17812,17803,17820,17825,17817,17805,305,17823,17832,3506,17818,214,17680,14362,14363,18371,3507,17800,498,3500,115,14364,17799,3327,17841,17826,15213,18236,3512,17806,11648,18289,17838,95,17813,17804,15141,17836,14366,79,17073,18294,118,18368,18369,1653,1909,17815,14367,17801,18360,17822,14368,14369,17824,14370,18291,2083,3231,14371,41,3617,14372,17844,17821,18372,17830,17077,18295,14375,17833,17829,200,18,17819,17809,14376],"jetpack_publicize_connections":[],"yoast_head":"<!-- This site is optimized with the Yoast SEO plugin v19.1 - https:\/\/yoast.com\/wordpress\/plugins\/seo\/ -->\n<title>Manifestimi \u201cDita e Rumis\u00eb\u201d 2012 - Lajme nga Ulqini<\/title>\n<meta name=\"description\" content=\"Manifestimi \u201cDita e Rumis\u00eb\u201d 2012 P\u00ebr t\u00eb parin vit, t\u00eb diel\u00ebn m\u00eb 10 qershor 2012, do t\u00eb organizohet manifestimi \u201cDita e Rumis\u00eb\u201d. Ky manifestim p\u00ebrb\u00ebn n\u00eb\" \/>\n<meta name=\"robots\" content=\"index, follow, max-snippet:-1, max-image-preview:large, max-video-preview:-1\" \/>\n<link rel=\"canonical\" href=\"https:\/\/www.visit-ulcinj.com\/blog\/2012\/06\/05\/manifestimi-dita-e-rumise-2012\/\" \/>\n<meta property=\"og:locale\" content=\"en_US\" \/>\n<meta property=\"og:type\" content=\"article\" \/>\n<meta property=\"og:title\" content=\"Manifestimi \u201cDita e Rumis\u00eb\u201d 2012 - Lajme nga Ulqini\" \/>\n<meta property=\"og:description\" content=\"Manifestimi \u201cDita e Rumis\u00eb\u201d 2012 P\u00ebr t\u00eb parin vit, t\u00eb diel\u00ebn m\u00eb 10 qershor 2012, do t\u00eb organizohet manifestimi \u201cDita e Rumis\u00eb\u201d. Ky manifestim p\u00ebrb\u00ebn n\u00eb\" \/>\n<meta property=\"og:url\" content=\"https:\/\/www.visit-ulcinj.com\/blog\/2012\/06\/05\/manifestimi-dita-e-rumise-2012\/\" \/>\n<meta property=\"og:site_name\" content=\"Lajme nga Ulqini\" \/>\n<meta property=\"article:published_time\" content=\"2012-06-05T14:52:29+00:00\" \/>\n<meta property=\"article:modified_time\" content=\"2012-06-12T16:17:01+00:00\" \/>\n<meta name=\"twitter:label1\" content=\"Written by\" \/>\n\t<meta name=\"twitter:data1\" content=\"ulqini\" \/>\n\t<meta name=\"twitter:label2\" content=\"Est. reading time\" \/>\n\t<meta name=\"twitter:data2\" content=\"3 minutes\" \/>\n<script type=\"application\/ld+json\" class=\"yoast-schema-graph\">{\"@context\":\"https:\/\/schema.org\",\"@graph\":[{\"@type\":\"WebSite\",\"@id\":\"https:\/\/www.visit-ulcinj.com\/blog\/#website\",\"url\":\"https:\/\/www.visit-ulcinj.com\/blog\/\",\"name\":\"Lajme nga Ulqini\",\"description\":\"Lajme,Vijesti,Ulqini,Ulqin,Crna Gora,Mali i Zi\",\"potentialAction\":[{\"@type\":\"SearchAction\",\"target\":{\"@type\":\"EntryPoint\",\"urlTemplate\":\"https:\/\/www.visit-ulcinj.com\/blog\/?s={search_term_string}\"},\"query-input\":\"required name=search_term_string\"}],\"inLanguage\":\"en-US\"},{\"@type\":\"WebPage\",\"@id\":\"https:\/\/www.visit-ulcinj.com\/blog\/2012\/06\/05\/manifestimi-dita-e-rumise-2012\/#webpage\",\"url\":\"https:\/\/www.visit-ulcinj.com\/blog\/2012\/06\/05\/manifestimi-dita-e-rumise-2012\/\",\"name\":\"Manifestimi \u201cDita e Rumis\u00eb\u201d 2012 - Lajme nga Ulqini\",\"isPartOf\":{\"@id\":\"https:\/\/www.visit-ulcinj.com\/blog\/#website\"},\"datePublished\":\"2012-06-05T14:52:29+00:00\",\"dateModified\":\"2012-06-12T16:17:01+00:00\",\"author\":{\"@id\":\"https:\/\/www.visit-ulcinj.com\/blog\/#\/schema\/person\/dcab619c614d3038751c63bc2aadc06d\"},\"description\":\"Manifestimi \u201cDita e Rumis\u00eb\u201d 2012 P\u00ebr t\u00eb parin vit, t\u00eb diel\u00ebn m\u00eb 10 qershor 2012, do t\u00eb organizohet manifestimi \u201cDita e Rumis\u00eb\u201d. Ky manifestim p\u00ebrb\u00ebn n\u00eb\",\"breadcrumb\":{\"@id\":\"https:\/\/www.visit-ulcinj.com\/blog\/2012\/06\/05\/manifestimi-dita-e-rumise-2012\/#breadcrumb\"},\"inLanguage\":\"en-US\",\"potentialAction\":[{\"@type\":\"ReadAction\",\"target\":[\"https:\/\/www.visit-ulcinj.com\/blog\/2012\/06\/05\/manifestimi-dita-e-rumise-2012\/\"]}]},{\"@type\":\"BreadcrumbList\",\"@id\":\"https:\/\/www.visit-ulcinj.com\/blog\/2012\/06\/05\/manifestimi-dita-e-rumise-2012\/#breadcrumb\",\"itemListElement\":[{\"@type\":\"ListItem\",\"position\":1,\"name\":\"Manifestimi \u201cDita e Rumis\u00eb\u201d 2012\"}]},{\"@type\":\"Person\",\"@id\":\"https:\/\/www.visit-ulcinj.com\/blog\/#\/schema\/person\/dcab619c614d3038751c63bc2aadc06d\",\"name\":\"ulqini\",\"sameAs\":[\"http:\/\/www.visit-ulcinj.com\"],\"url\":\"https:\/\/www.visit-ulcinj.com\/blog\/author\/admin\/\"}]}<\/script>\n<!-- \/ Yoast SEO plugin. -->","yoast_head_json":{"title":"Manifestimi \u201cDita e Rumis\u00eb\u201d 2012 - Lajme nga Ulqini","description":"Manifestimi \u201cDita e Rumis\u00eb\u201d 2012 P\u00ebr t\u00eb parin vit, t\u00eb diel\u00ebn m\u00eb 10 qershor 2012, do t\u00eb organizohet manifestimi \u201cDita e Rumis\u00eb\u201d. Ky manifestim p\u00ebrb\u00ebn n\u00eb","robots":{"index":"index","follow":"follow","max-snippet":"max-snippet:-1","max-image-preview":"max-image-preview:large","max-video-preview":"max-video-preview:-1"},"canonical":"https:\/\/www.visit-ulcinj.com\/blog\/2012\/06\/05\/manifestimi-dita-e-rumise-2012\/","og_locale":"en_US","og_type":"article","og_title":"Manifestimi \u201cDita e Rumis\u00eb\u201d 2012 - Lajme nga Ulqini","og_description":"Manifestimi \u201cDita e Rumis\u00eb\u201d 2012 P\u00ebr t\u00eb parin vit, t\u00eb diel\u00ebn m\u00eb 10 qershor 2012, do t\u00eb organizohet manifestimi \u201cDita e Rumis\u00eb\u201d. Ky manifestim p\u00ebrb\u00ebn n\u00eb","og_url":"https:\/\/www.visit-ulcinj.com\/blog\/2012\/06\/05\/manifestimi-dita-e-rumise-2012\/","og_site_name":"Lajme nga Ulqini","article_published_time":"2012-06-05T14:52:29+00:00","article_modified_time":"2012-06-12T16:17:01+00:00","twitter_misc":{"Written by":"ulqini","Est. reading time":"3 minutes"},"schema":{"@context":"https:\/\/schema.org","@graph":[{"@type":"WebSite","@id":"https:\/\/www.visit-ulcinj.com\/blog\/#website","url":"https:\/\/www.visit-ulcinj.com\/blog\/","name":"Lajme nga Ulqini","description":"Lajme,Vijesti,Ulqini,Ulqin,Crna Gora,Mali i Zi","potentialAction":[{"@type":"SearchAction","target":{"@type":"EntryPoint","urlTemplate":"https:\/\/www.visit-ulcinj.com\/blog\/?s={search_term_string}"},"query-input":"required name=search_term_string"}],"inLanguage":"en-US"},{"@type":"WebPage","@id":"https:\/\/www.visit-ulcinj.com\/blog\/2012\/06\/05\/manifestimi-dita-e-rumise-2012\/#webpage","url":"https:\/\/www.visit-ulcinj.com\/blog\/2012\/06\/05\/manifestimi-dita-e-rumise-2012\/","name":"Manifestimi \u201cDita e Rumis\u00eb\u201d 2012 - Lajme nga Ulqini","isPartOf":{"@id":"https:\/\/www.visit-ulcinj.com\/blog\/#website"},"datePublished":"2012-06-05T14:52:29+00:00","dateModified":"2012-06-12T16:17:01+00:00","author":{"@id":"https:\/\/www.visit-ulcinj.com\/blog\/#\/schema\/person\/dcab619c614d3038751c63bc2aadc06d"},"description":"Manifestimi \u201cDita e Rumis\u00eb\u201d 2012 P\u00ebr t\u00eb parin vit, t\u00eb diel\u00ebn m\u00eb 10 qershor 2012, do t\u00eb organizohet manifestimi \u201cDita e Rumis\u00eb\u201d. Ky manifestim p\u00ebrb\u00ebn n\u00eb","breadcrumb":{"@id":"https:\/\/www.visit-ulcinj.com\/blog\/2012\/06\/05\/manifestimi-dita-e-rumise-2012\/#breadcrumb"},"inLanguage":"en-US","potentialAction":[{"@type":"ReadAction","target":["https:\/\/www.visit-ulcinj.com\/blog\/2012\/06\/05\/manifestimi-dita-e-rumise-2012\/"]}]},{"@type":"BreadcrumbList","@id":"https:\/\/www.visit-ulcinj.com\/blog\/2012\/06\/05\/manifestimi-dita-e-rumise-2012\/#breadcrumb","itemListElement":[{"@type":"ListItem","position":1,"name":"Manifestimi \u201cDita e Rumis\u00eb\u201d 2012"}]},{"@type":"Person","@id":"https:\/\/www.visit-ulcinj.com\/blog\/#\/schema\/person\/dcab619c614d3038751c63bc2aadc06d","name":"ulqini","sameAs":["http:\/\/www.visit-ulcinj.com"],"url":"https:\/\/www.visit-ulcinj.com\/blog\/author\/admin\/"}]}},"jetpack_featured_media_url":"","jetpack_sharing_enabled":true,"jetpack_shortlink":"https:\/\/wp.me\/pe6lTn-fX3","_links":{"self":[{"href":"https:\/\/www.visit-ulcinj.com\/blog\/wp-json\/wp\/v2\/posts\/61321"}],"collection":[{"href":"https:\/\/www.visit-ulcinj.com\/blog\/wp-json\/wp\/v2\/posts"}],"about":[{"href":"https:\/\/www.visit-ulcinj.com\/blog\/wp-json\/wp\/v2\/types\/post"}],"author":[{"embeddable":true,"href":"https:\/\/www.visit-ulcinj.com\/blog\/wp-json\/wp\/v2\/users\/1"}],"replies":[{"embeddable":true,"href":"https:\/\/www.visit-ulcinj.com\/blog\/wp-json\/wp\/v2\/comments?post=61321"}],"version-history":[{"count":4,"href":"https:\/\/www.visit-ulcinj.com\/blog\/wp-json\/wp\/v2\/posts\/61321\/revisions"}],"predecessor-version":[{"id":61603,"href":"https:\/\/www.visit-ulcinj.com\/blog\/wp-json\/wp\/v2\/posts\/61321\/revisions\/61603"}],"wp:attachment":[{"href":"https:\/\/www.visit-ulcinj.com\/blog\/wp-json\/wp\/v2\/media?parent=61321"}],"wp:term":[{"taxonomy":"category","embeddable":true,"href":"https:\/\/www.visit-ulcinj.com\/blog\/wp-json\/wp\/v2\/categories?post=61321"},{"taxonomy":"post_tag","embeddable":true,"href":"https:\/\/www.visit-ulcinj.com\/blog\/wp-json\/wp\/v2\/tags?post=61321"}],"curies":[{"name":"wp","href":"https:\/\/api.w.org\/{rel}","templated":true}]}}