{"id":61328,"date":"2012-06-05T16:01:46","date_gmt":"2012-06-05T15:01:46","guid":{"rendered":"http:\/\/www.visit-ulcinj.com\/blog\/?p=61328"},"modified":"2012-06-09T10:16:11","modified_gmt":"2012-06-09T09:16:11","slug":"perseri-medalje-per-klubin-e-karatese-ulqini","status":"publish","type":"post","link":"https:\/\/www.visit-ulcinj.com\/blog\/2012\/06\/05\/perseri-medalje-per-klubin-e-karatese-ulqini\/","title":{"rendered":"P\u00ebrs\u00ebri medalje p\u00ebr Klubin e Karates\u00eb \u201cUlqini\u201d"},"content":{"rendered":"<p><a href=\"http:\/\/www.visit-ulcinj.com\/blog\/wp-content\/uploads\/2012\/06\/KARATE-CLUB-ULQINI-ULCINJ-MONTENEGRO.jpg\"><img loading=\"lazy\" class=\"alignleft  wp-image-61329\" title=\"KARATE CLUB ULQINI - ULCINJ, MONTENEGRO\" src=\"http:\/\/www.visit-ulcinj.com\/blog\/wp-content\/uploads\/2012\/06\/KARATE-CLUB-ULQINI-ULCINJ-MONTENEGRO.jpg\" alt=\"\" width=\"508\" height=\"333\" \/><\/a>M\u00eb 2 qershor 2012 n\u00eb Podgoric\u00eb, n\u00eb organizimin e Lidhjes s\u00eb Sporteve t\u00eb Student\u00ebve t\u00eb Malit t\u00eb Zi dhe Federat\u00ebs s\u00eb Karates\u00eb t\u00eb Malit t\u00eb Zi, u mbajt Kampionati Studentor i Karates\u00eb i Malit t\u00eb Zi n\u00eb luft\u00ebra dhe kata. N\u00eb k\u00ebt\u00eb Kampionat mor\u00ebn pjes\u00eb student\u00eb nga t\u00eb tre universitetet e Malit t\u00eb Zi, nga ai shtet\u00ebror, UDG dhe Mediteran. Garuesit \u2013 student\u00eb e klubit t\u00eb karates\u00eb \u201cUlqini\u201d Allmir Hajdareviq dhe Petar Barlloviq arrit\u00ebn t\u00eb kuror\u00ebzohen me medalje. Allmir Hajdareviqi n\u00eb kategorin\u00eb -75kg u shpall n\u00ebnkampion, duke u kuror\u00ebzuar me medaljen e argjendt\u00eb, nd\u00ebrsa Petar Barlloviq n\u00eb kategorin\u00eb -67kg arriti t\u00eb renditet n\u00eb vend t\u00eb tret\u00eb, duke u kuror\u00ebzuar k\u00ebshtu me medalje t\u00eb bronzt\u00eb.<\/p>\n<p>Po t\u00eb nj\u00ebjt\u00ebn dit\u00eb, n\u00eb Prizren u mbajt Turneu I nd\u00ebrkomb\u00ebtar i karates\u00eb \u201cKupa e Lidhjes s\u00eb Prizrenit\u201d, kushtuar 100-vjetorit t\u00eb Pavar\u00ebsis\u00eb. N\u00eb k\u00ebt\u00eb Turne klubi i karates\u00eb \u201cUlqini\u201d mori pjes\u00eb me tre garues: Antigona Rama, Egzona Nika dhe Nermin Suma. Ata u kuror\u00ebzuan me gjithsej 5 medalje n\u00eb diciplinat individuale n\u00eb kata dhe luft\u00ebra, prej t\u00eb cilave 1 t\u00eb art\u00eb, 1 t\u00eb argjendt\u00eb dhe 3 t\u00eb bronzta.<strong><\/strong><\/p>\n","protected":false},"excerpt":{"rendered":"<p>M\u00eb 2 qershor 2012 n\u00eb Podgoric\u00eb, n\u00eb organizimin e Lidhjes s\u00eb Sporteve t\u00eb Student\u00ebve t\u00eb Malit t\u00eb Zi dhe Federat\u00ebs s\u00eb Karates\u00eb t\u00eb Malit t\u00eb Zi, u mbajt Kampionati Studentor i Karates\u00eb i Malit t\u00eb Zi n\u00eb luft\u00ebra dhe kata. N\u00eb k\u00ebt\u00eb Kampionat mor\u00ebn pjes\u00eb student\u00eb nga t\u00eb tre universitetet e Malit t\u00eb Zi, nga [&hellip;]<\/p>\n","protected":false},"author":1,"featured_media":0,"comment_status":"open","ping_status":"closed","sticky":false,"template":"","format":"standard","meta":{"spay_email":"","jetpack_publicize_message":"","jetpack_is_tweetstorm":false,"jetpack_publicize_feature_enabled":true},"categories":[12],"tags":[5025,200],"jetpack_publicize_connections":[],"yoast_head":"<!-- This site is optimized with the Yoast SEO plugin v19.1 - https:\/\/yoast.com\/wordpress\/plugins\/seo\/ -->\n<title>P\u00ebrs\u00ebri medalje p\u00ebr Klubin e Karates\u00eb \u201cUlqini\u201d - Lajme nga Ulqini<\/title>\n<meta name=\"description\" content=\"M\u00eb 2 qershor 2012 n\u00eb Podgoric\u00eb, n\u00eb organizimin e Lidhjes s\u00eb Sporteve t\u00eb Student\u00ebve t\u00eb Malit t\u00eb Zi dhe Federat\u00ebs s\u00eb Karates\u00eb t\u00eb Malit t\u00eb Zi, u mbajt\" \/>\n<meta name=\"robots\" content=\"index, follow, max-snippet:-1, max-image-preview:large, max-video-preview:-1\" \/>\n<link rel=\"canonical\" href=\"https:\/\/www.visit-ulcinj.com\/blog\/2012\/06\/05\/perseri-medalje-per-klubin-e-karatese-ulqini\/\" \/>\n<meta property=\"og:locale\" content=\"en_US\" \/>\n<meta property=\"og:type\" content=\"article\" \/>\n<meta property=\"og:title\" content=\"P\u00ebrs\u00ebri medalje p\u00ebr Klubin e Karates\u00eb \u201cUlqini\u201d - Lajme nga Ulqini\" \/>\n<meta property=\"og:description\" content=\"M\u00eb 2 qershor 2012 n\u00eb Podgoric\u00eb, n\u00eb organizimin e Lidhjes s\u00eb Sporteve t\u00eb Student\u00ebve t\u00eb Malit t\u00eb Zi dhe Federat\u00ebs s\u00eb Karates\u00eb t\u00eb Malit t\u00eb Zi, u mbajt\" \/>\n<meta property=\"og:url\" content=\"https:\/\/www.visit-ulcinj.com\/blog\/2012\/06\/05\/perseri-medalje-per-klubin-e-karatese-ulqini\/\" \/>\n<meta property=\"og:site_name\" content=\"Lajme nga Ulqini\" \/>\n<meta property=\"article:published_time\" content=\"2012-06-05T15:01:46+00:00\" \/>\n<meta property=\"article:modified_time\" content=\"2012-06-09T09:16:11+00:00\" \/>\n<meta property=\"og:image\" content=\"http:\/\/www.visit-ulcinj.com\/blog\/wp-content\/uploads\/2012\/06\/KARATE-CLUB-ULQINI-ULCINJ-MONTENEGRO.jpg\" \/>\n<meta name=\"twitter:label1\" content=\"Written by\" \/>\n\t<meta name=\"twitter:data1\" content=\"ulqini\" \/>\n\t<meta name=\"twitter:label2\" content=\"Est. reading time\" \/>\n\t<meta name=\"twitter:data2\" content=\"1 minute\" \/>\n<script type=\"application\/ld+json\" class=\"yoast-schema-graph\">{\"@context\":\"https:\/\/schema.org\",\"@graph\":[{\"@type\":\"WebSite\",\"@id\":\"https:\/\/www.visit-ulcinj.com\/blog\/#website\",\"url\":\"https:\/\/www.visit-ulcinj.com\/blog\/\",\"name\":\"Lajme nga Ulqini\",\"description\":\"Lajme,Vijesti,Ulqini,Ulqin,Crna Gora,Mali i Zi\",\"potentialAction\":[{\"@type\":\"SearchAction\",\"target\":{\"@type\":\"EntryPoint\",\"urlTemplate\":\"https:\/\/www.visit-ulcinj.com\/blog\/?s={search_term_string}\"},\"query-input\":\"required name=search_term_string\"}],\"inLanguage\":\"en-US\"},{\"@type\":\"ImageObject\",\"inLanguage\":\"en-US\",\"@id\":\"https:\/\/www.visit-ulcinj.com\/blog\/2012\/06\/05\/perseri-medalje-per-klubin-e-karatese-ulqini\/#primaryimage\",\"url\":\"https:\/\/www.visit-ulcinj.com\/blog\/wp-content\/uploads\/2012\/06\/KARATE-CLUB-ULQINI-ULCINJ-MONTENEGRO.jpg\",\"contentUrl\":\"https:\/\/www.visit-ulcinj.com\/blog\/wp-content\/uploads\/2012\/06\/KARATE-CLUB-ULQINI-ULCINJ-MONTENEGRO.jpg\",\"width\":\"720\",\"height\":\"333\"},{\"@type\":\"WebPage\",\"@id\":\"https:\/\/www.visit-ulcinj.com\/blog\/2012\/06\/05\/perseri-medalje-per-klubin-e-karatese-ulqini\/#webpage\",\"url\":\"https:\/\/www.visit-ulcinj.com\/blog\/2012\/06\/05\/perseri-medalje-per-klubin-e-karatese-ulqini\/\",\"name\":\"P\u00ebrs\u00ebri medalje p\u00ebr Klubin e Karates\u00eb \u201cUlqini\u201d - Lajme nga Ulqini\",\"isPartOf\":{\"@id\":\"https:\/\/www.visit-ulcinj.com\/blog\/#website\"},\"primaryImageOfPage\":{\"@id\":\"https:\/\/www.visit-ulcinj.com\/blog\/2012\/06\/05\/perseri-medalje-per-klubin-e-karatese-ulqini\/#primaryimage\"},\"datePublished\":\"2012-06-05T15:01:46+00:00\",\"dateModified\":\"2012-06-09T09:16:11+00:00\",\"author\":{\"@id\":\"https:\/\/www.visit-ulcinj.com\/blog\/#\/schema\/person\/dcab619c614d3038751c63bc2aadc06d\"},\"description\":\"M\u00eb 2 qershor 2012 n\u00eb Podgoric\u00eb, n\u00eb organizimin e Lidhjes s\u00eb Sporteve t\u00eb Student\u00ebve t\u00eb Malit t\u00eb Zi dhe Federat\u00ebs s\u00eb Karates\u00eb t\u00eb Malit t\u00eb Zi, u mbajt\",\"breadcrumb\":{\"@id\":\"https:\/\/www.visit-ulcinj.com\/blog\/2012\/06\/05\/perseri-medalje-per-klubin-e-karatese-ulqini\/#breadcrumb\"},\"inLanguage\":\"en-US\",\"potentialAction\":[{\"@type\":\"ReadAction\",\"target\":[\"https:\/\/www.visit-ulcinj.com\/blog\/2012\/06\/05\/perseri-medalje-per-klubin-e-karatese-ulqini\/\"]}]},{\"@type\":\"BreadcrumbList\",\"@id\":\"https:\/\/www.visit-ulcinj.com\/blog\/2012\/06\/05\/perseri-medalje-per-klubin-e-karatese-ulqini\/#breadcrumb\",\"itemListElement\":[{\"@type\":\"ListItem\",\"position\":1,\"name\":\"P\u00ebrs\u00ebri medalje p\u00ebr Klubin e Karates\u00eb \u201cUlqini\u201d\"}]},{\"@type\":\"Person\",\"@id\":\"https:\/\/www.visit-ulcinj.com\/blog\/#\/schema\/person\/dcab619c614d3038751c63bc2aadc06d\",\"name\":\"ulqini\",\"sameAs\":[\"http:\/\/www.visit-ulcinj.com\"],\"url\":\"https:\/\/www.visit-ulcinj.com\/blog\/author\/admin\/\"}]}<\/script>\n<!-- \/ Yoast SEO plugin. -->","yoast_head_json":{"title":"P\u00ebrs\u00ebri medalje p\u00ebr Klubin e Karates\u00eb \u201cUlqini\u201d - Lajme nga Ulqini","description":"M\u00eb 2 qershor 2012 n\u00eb Podgoric\u00eb, n\u00eb organizimin e Lidhjes s\u00eb Sporteve t\u00eb Student\u00ebve t\u00eb Malit t\u00eb Zi dhe Federat\u00ebs s\u00eb Karates\u00eb t\u00eb Malit t\u00eb Zi, u mbajt","robots":{"index":"index","follow":"follow","max-snippet":"max-snippet:-1","max-image-preview":"max-image-preview:large","max-video-preview":"max-video-preview:-1"},"canonical":"https:\/\/www.visit-ulcinj.com\/blog\/2012\/06\/05\/perseri-medalje-per-klubin-e-karatese-ulqini\/","og_locale":"en_US","og_type":"article","og_title":"P\u00ebrs\u00ebri medalje p\u00ebr Klubin e Karates\u00eb \u201cUlqini\u201d - Lajme nga Ulqini","og_description":"M\u00eb 2 qershor 2012 n\u00eb Podgoric\u00eb, n\u00eb organizimin e Lidhjes s\u00eb Sporteve t\u00eb Student\u00ebve t\u00eb Malit t\u00eb Zi dhe Federat\u00ebs s\u00eb Karates\u00eb t\u00eb Malit t\u00eb Zi, u mbajt","og_url":"https:\/\/www.visit-ulcinj.com\/blog\/2012\/06\/05\/perseri-medalje-per-klubin-e-karatese-ulqini\/","og_site_name":"Lajme nga Ulqini","article_published_time":"2012-06-05T15:01:46+00:00","article_modified_time":"2012-06-09T09:16:11+00:00","og_image":[{"url":"http:\/\/www.visit-ulcinj.com\/blog\/wp-content\/uploads\/2012\/06\/KARATE-CLUB-ULQINI-ULCINJ-MONTENEGRO.jpg"}],"twitter_misc":{"Written by":"ulqini","Est. reading time":"1 minute"},"schema":{"@context":"https:\/\/schema.org","@graph":[{"@type":"WebSite","@id":"https:\/\/www.visit-ulcinj.com\/blog\/#website","url":"https:\/\/www.visit-ulcinj.com\/blog\/","name":"Lajme nga Ulqini","description":"Lajme,Vijesti,Ulqini,Ulqin,Crna Gora,Mali i Zi","potentialAction":[{"@type":"SearchAction","target":{"@type":"EntryPoint","urlTemplate":"https:\/\/www.visit-ulcinj.com\/blog\/?s={search_term_string}"},"query-input":"required name=search_term_string"}],"inLanguage":"en-US"},{"@type":"ImageObject","inLanguage":"en-US","@id":"https:\/\/www.visit-ulcinj.com\/blog\/2012\/06\/05\/perseri-medalje-per-klubin-e-karatese-ulqini\/#primaryimage","url":"https:\/\/www.visit-ulcinj.com\/blog\/wp-content\/uploads\/2012\/06\/KARATE-CLUB-ULQINI-ULCINJ-MONTENEGRO.jpg","contentUrl":"https:\/\/www.visit-ulcinj.com\/blog\/wp-content\/uploads\/2012\/06\/KARATE-CLUB-ULQINI-ULCINJ-MONTENEGRO.jpg","width":"720","height":"333"},{"@type":"WebPage","@id":"https:\/\/www.visit-ulcinj.com\/blog\/2012\/06\/05\/perseri-medalje-per-klubin-e-karatese-ulqini\/#webpage","url":"https:\/\/www.visit-ulcinj.com\/blog\/2012\/06\/05\/perseri-medalje-per-klubin-e-karatese-ulqini\/","name":"P\u00ebrs\u00ebri medalje p\u00ebr Klubin e Karates\u00eb \u201cUlqini\u201d - Lajme nga Ulqini","isPartOf":{"@id":"https:\/\/www.visit-ulcinj.com\/blog\/#website"},"primaryImageOfPage":{"@id":"https:\/\/www.visit-ulcinj.com\/blog\/2012\/06\/05\/perseri-medalje-per-klubin-e-karatese-ulqini\/#primaryimage"},"datePublished":"2012-06-05T15:01:46+00:00","dateModified":"2012-06-09T09:16:11+00:00","author":{"@id":"https:\/\/www.visit-ulcinj.com\/blog\/#\/schema\/person\/dcab619c614d3038751c63bc2aadc06d"},"description":"M\u00eb 2 qershor 2012 n\u00eb Podgoric\u00eb, n\u00eb organizimin e Lidhjes s\u00eb Sporteve t\u00eb Student\u00ebve t\u00eb Malit t\u00eb Zi dhe Federat\u00ebs s\u00eb Karates\u00eb t\u00eb Malit t\u00eb Zi, u mbajt","breadcrumb":{"@id":"https:\/\/www.visit-ulcinj.com\/blog\/2012\/06\/05\/perseri-medalje-per-klubin-e-karatese-ulqini\/#breadcrumb"},"inLanguage":"en-US","potentialAction":[{"@type":"ReadAction","target":["https:\/\/www.visit-ulcinj.com\/blog\/2012\/06\/05\/perseri-medalje-per-klubin-e-karatese-ulqini\/"]}]},{"@type":"BreadcrumbList","@id":"https:\/\/www.visit-ulcinj.com\/blog\/2012\/06\/05\/perseri-medalje-per-klubin-e-karatese-ulqini\/#breadcrumb","itemListElement":[{"@type":"ListItem","position":1,"name":"P\u00ebrs\u00ebri medalje p\u00ebr Klubin e Karates\u00eb \u201cUlqini\u201d"}]},{"@type":"Person","@id":"https:\/\/www.visit-ulcinj.com\/blog\/#\/schema\/person\/dcab619c614d3038751c63bc2aadc06d","name":"ulqini","sameAs":["http:\/\/www.visit-ulcinj.com"],"url":"https:\/\/www.visit-ulcinj.com\/blog\/author\/admin\/"}]}},"jetpack_featured_media_url":"","jetpack_sharing_enabled":true,"jetpack_shortlink":"https:\/\/wp.me\/pe6lTn-fXa","_links":{"self":[{"href":"https:\/\/www.visit-ulcinj.com\/blog\/wp-json\/wp\/v2\/posts\/61328"}],"collection":[{"href":"https:\/\/www.visit-ulcinj.com\/blog\/wp-json\/wp\/v2\/posts"}],"about":[{"href":"https:\/\/www.visit-ulcinj.com\/blog\/wp-json\/wp\/v2\/types\/post"}],"author":[{"embeddable":true,"href":"https:\/\/www.visit-ulcinj.com\/blog\/wp-json\/wp\/v2\/users\/1"}],"replies":[{"embeddable":true,"href":"https:\/\/www.visit-ulcinj.com\/blog\/wp-json\/wp\/v2\/comments?post=61328"}],"version-history":[{"count":3,"href":"https:\/\/www.visit-ulcinj.com\/blog\/wp-json\/wp\/v2\/posts\/61328\/revisions"}],"predecessor-version":[{"id":61519,"href":"https:\/\/www.visit-ulcinj.com\/blog\/wp-json\/wp\/v2\/posts\/61328\/revisions\/61519"}],"wp:attachment":[{"href":"https:\/\/www.visit-ulcinj.com\/blog\/wp-json\/wp\/v2\/media?parent=61328"}],"wp:term":[{"taxonomy":"category","embeddable":true,"href":"https:\/\/www.visit-ulcinj.com\/blog\/wp-json\/wp\/v2\/categories?post=61328"},{"taxonomy":"post_tag","embeddable":true,"href":"https:\/\/www.visit-ulcinj.com\/blog\/wp-json\/wp\/v2\/tags?post=61328"}],"curies":[{"name":"wp","href":"https:\/\/api.w.org\/{rel}","templated":true}]}}