{"id":61332,"date":"2012-06-05T18:34:23","date_gmt":"2012-06-05T17:34:23","guid":{"rendered":"http:\/\/www.visit-ulcinj.com\/blog\/?p=61332"},"modified":"2012-06-08T06:53:48","modified_gmt":"2012-06-08T05:53:48","slug":"guardiola-midis-ulqinit","status":"publish","type":"post","link":"https:\/\/www.visit-ulcinj.com\/blog\/2012\/06\/05\/guardiola-midis-ulqinit\/","title":{"rendered":"Guardiola midis Ulqinit!"},"content":{"rendered":"<p><a href=\"http:\/\/www.visit-ulcinj.com\/blog\/wp-content\/uploads\/2012\/06\/Guardiola-midis-Ulqinit.jpg\"><img loading=\"lazy\" class=\"alignleft  wp-image-61334\" title=\"Guardiola midis Ulqinit!\" src=\"http:\/\/www.visit-ulcinj.com\/blog\/wp-content\/uploads\/2012\/06\/Guardiola-midis-Ulqinit.jpg\" alt=\"\" width=\"508\" height=\"356\" \/><\/a>Trajneri i deridjesh\u00ebm i Barcelon\u00ebs, Pep Guardiola \u00ebsht\u00eb m\u00eb af\u00ebr se kurr\u00eb adhuruesve t\u00eb tij t\u00eb shumt\u00eb n\u00eb Kosov\u00eb, t\u00eb cil\u00ebt jan\u00eb n\u00eb num\u00ebr t\u00eb madh n\u00eb vendin ton\u00eb. Ish futbollisti i Barcelon\u00ebs dhe p\u00ebrfaq\u00ebsueses spanjolle, m\u00eb shum\u00eb b\u00ebri fam\u00eb si trajner, duke thyer t\u00eb gjitha rekordet n\u00eb stolin e katalunasve. Guardiola tani \u00ebsht\u00eb m\u00eb i lir\u00eb edhe t\u00eb sh\u00ebtit, i cili \u00ebsht\u00eb duke e shijuar n\u00eb maksimum pushimin, q\u00eb ia dha vet\u00ebs. Ai n\u00eb fundjav\u00ebn e kaluar ishte n\u00eb Kroaci, nd\u00ebrkaq tani po q\u00ebndron n\u00eb Mal t\u00eb Zi. Guardiola \u00ebsht\u00eb duke q\u00ebndruar n\u00eb Kotorr, derisa \u00ebsht\u00eb par\u00eb edhe n\u00eb bregdetin preferuar t\u00eb shqiptar\u00ebve, Ulqini. Guardiola, i cili \u00ebsht\u00eb n\u00eb duke sh\u00ebtitur n\u00eb Ballkan thuhet se \u00ebsht\u00eb mir\u00ebpritur mjaft mir\u00eb nd\u00ebrsa shpeshher\u00eb nga ai \u00ebsht\u00eb k\u00ebrkuar q\u00eb t\u00eb jet\u00eb pjes\u00eb e fotove me simpatizant\u00ebt e tij. Ndoshta Guardiola s\u00eb shpejti do ta vizitoi edhe Kosov\u00ebn, pasi i \u00ebsht\u00eb afruar deri n\u00eb kufi.<\/p>\n<p>P\u00ebr ata q\u00eb d\u00ebshirojn\u00eb ta shohin \u2018live\u2019 mund ta gjejn\u00eb n\u00eb Ulqin.Trajneri i famsh\u00ebm spanjoll Pep Guardiola \u00ebsht\u00eb m\u00eb af\u00ebr se kurr\u00eb tifoz\u00ebve kosovar t\u00eb Barcelon\u00ebs, t\u00eb cil\u00ebt jan\u00eb n\u00eb num\u00ebr t\u00eb madh n\u00eb vendin ton\u00eb. Guardiola po q\u00ebndron n\u00eb shtetin fqinj\u00eb Malin e Zi, ku ka sh\u00ebtitur dit\u00ebve t\u00eb fundit. Pep \u00ebsht\u00eb par\u00eb edhe n\u00eb bregdetin e Ulqinit por q\u00eb vendq\u00ebndrimi i tij ka qen\u00eb Kotori n\u00eb Mal t\u00eb Zi.\/shqip media\/<\/p>\n","protected":false},"excerpt":{"rendered":"<p>Trajneri i deridjesh\u00ebm i Barcelon\u00ebs, Pep Guardiola \u00ebsht\u00eb m\u00eb af\u00ebr se kurr\u00eb adhuruesve t\u00eb tij t\u00eb shumt\u00eb n\u00eb Kosov\u00eb, t\u00eb cil\u00ebt jan\u00eb n\u00eb num\u00ebr t\u00eb madh n\u00eb vendin ton\u00eb. Ish futbollisti i Barcelon\u00ebs dhe p\u00ebrfaq\u00ebsueses spanjolle, m\u00eb shum\u00eb b\u00ebri fam\u00eb si trajner, duke thyer t\u00eb gjitha rekordet n\u00eb stolin e katalunasve. Guardiola tani \u00ebsht\u00eb m\u00eb [&hellip;]<\/p>\n","protected":false},"author":1,"featured_media":0,"comment_status":"open","ping_status":"closed","sticky":false,"template":"","format":"standard","meta":{"spay_email":"","jetpack_publicize_message":"","jetpack_is_tweetstorm":false,"jetpack_publicize_feature_enabled":true},"categories":[6950],"tags":[20621,200,18],"jetpack_publicize_connections":[],"yoast_head":"<!-- This site is optimized with the Yoast SEO plugin v19.1 - https:\/\/yoast.com\/wordpress\/plugins\/seo\/ -->\n<title>Guardiola midis Ulqinit! - Lajme nga Ulqini<\/title>\n<meta name=\"description\" content=\"Trajneri i deridjesh\u00ebm i Barcelon\u00ebs, Pep Guardiola \u00ebsht\u00eb m\u00eb af\u00ebr se kurr\u00eb adhuruesve t\u00eb tij t\u00eb shumt\u00eb n\u00eb Kosov\u00eb, t\u00eb cil\u00ebt jan\u00eb n\u00eb num\u00ebr t\u00eb madh n\u00eb vendin\" \/>\n<meta name=\"robots\" content=\"index, follow, max-snippet:-1, max-image-preview:large, max-video-preview:-1\" \/>\n<link rel=\"canonical\" href=\"https:\/\/www.visit-ulcinj.com\/blog\/2012\/06\/05\/guardiola-midis-ulqinit\/\" \/>\n<meta property=\"og:locale\" content=\"en_US\" \/>\n<meta property=\"og:type\" content=\"article\" \/>\n<meta property=\"og:title\" content=\"Guardiola midis Ulqinit! - Lajme nga Ulqini\" \/>\n<meta property=\"og:description\" content=\"Trajneri i deridjesh\u00ebm i Barcelon\u00ebs, Pep Guardiola \u00ebsht\u00eb m\u00eb af\u00ebr se kurr\u00eb adhuruesve t\u00eb tij t\u00eb shumt\u00eb n\u00eb Kosov\u00eb, t\u00eb cil\u00ebt jan\u00eb n\u00eb num\u00ebr t\u00eb madh n\u00eb vendin\" \/>\n<meta property=\"og:url\" content=\"https:\/\/www.visit-ulcinj.com\/blog\/2012\/06\/05\/guardiola-midis-ulqinit\/\" \/>\n<meta property=\"og:site_name\" content=\"Lajme nga Ulqini\" \/>\n<meta property=\"article:published_time\" content=\"2012-06-05T17:34:23+00:00\" \/>\n<meta property=\"article:modified_time\" content=\"2012-06-08T05:53:48+00:00\" \/>\n<meta property=\"og:image\" content=\"http:\/\/www.visit-ulcinj.com\/blog\/wp-content\/uploads\/2012\/06\/Guardiola-midis-Ulqinit.jpg\" \/>\n<meta name=\"twitter:label1\" content=\"Written by\" \/>\n\t<meta name=\"twitter:data1\" content=\"ulqini\" \/>\n\t<meta name=\"twitter:label2\" content=\"Est. reading time\" \/>\n\t<meta name=\"twitter:data2\" content=\"1 minute\" \/>\n<script type=\"application\/ld+json\" class=\"yoast-schema-graph\">{\"@context\":\"https:\/\/schema.org\",\"@graph\":[{\"@type\":\"WebSite\",\"@id\":\"https:\/\/www.visit-ulcinj.com\/blog\/#website\",\"url\":\"https:\/\/www.visit-ulcinj.com\/blog\/\",\"name\":\"Lajme nga Ulqini\",\"description\":\"Lajme,Vijesti,Ulqini,Ulqin,Crna Gora,Mali i Zi\",\"potentialAction\":[{\"@type\":\"SearchAction\",\"target\":{\"@type\":\"EntryPoint\",\"urlTemplate\":\"https:\/\/www.visit-ulcinj.com\/blog\/?s={search_term_string}\"},\"query-input\":\"required name=search_term_string\"}],\"inLanguage\":\"en-US\"},{\"@type\":\"ImageObject\",\"inLanguage\":\"en-US\",\"@id\":\"https:\/\/www.visit-ulcinj.com\/blog\/2012\/06\/05\/guardiola-midis-ulqinit\/#primaryimage\",\"url\":\"https:\/\/www.visit-ulcinj.com\/blog\/wp-content\/uploads\/2012\/06\/Guardiola-midis-Ulqinit.jpg\",\"contentUrl\":\"https:\/\/www.visit-ulcinj.com\/blog\/wp-content\/uploads\/2012\/06\/Guardiola-midis-Ulqinit.jpg\",\"width\":\"640\",\"height\":\"356\"},{\"@type\":\"WebPage\",\"@id\":\"https:\/\/www.visit-ulcinj.com\/blog\/2012\/06\/05\/guardiola-midis-ulqinit\/#webpage\",\"url\":\"https:\/\/www.visit-ulcinj.com\/blog\/2012\/06\/05\/guardiola-midis-ulqinit\/\",\"name\":\"Guardiola midis Ulqinit! - Lajme nga Ulqini\",\"isPartOf\":{\"@id\":\"https:\/\/www.visit-ulcinj.com\/blog\/#website\"},\"primaryImageOfPage\":{\"@id\":\"https:\/\/www.visit-ulcinj.com\/blog\/2012\/06\/05\/guardiola-midis-ulqinit\/#primaryimage\"},\"datePublished\":\"2012-06-05T17:34:23+00:00\",\"dateModified\":\"2012-06-08T05:53:48+00:00\",\"author\":{\"@id\":\"https:\/\/www.visit-ulcinj.com\/blog\/#\/schema\/person\/dcab619c614d3038751c63bc2aadc06d\"},\"description\":\"Trajneri i deridjesh\u00ebm i Barcelon\u00ebs, Pep Guardiola \u00ebsht\u00eb m\u00eb af\u00ebr se kurr\u00eb adhuruesve t\u00eb tij t\u00eb shumt\u00eb n\u00eb Kosov\u00eb, t\u00eb cil\u00ebt jan\u00eb n\u00eb num\u00ebr t\u00eb madh n\u00eb vendin\",\"breadcrumb\":{\"@id\":\"https:\/\/www.visit-ulcinj.com\/blog\/2012\/06\/05\/guardiola-midis-ulqinit\/#breadcrumb\"},\"inLanguage\":\"en-US\",\"potentialAction\":[{\"@type\":\"ReadAction\",\"target\":[\"https:\/\/www.visit-ulcinj.com\/blog\/2012\/06\/05\/guardiola-midis-ulqinit\/\"]}]},{\"@type\":\"BreadcrumbList\",\"@id\":\"https:\/\/www.visit-ulcinj.com\/blog\/2012\/06\/05\/guardiola-midis-ulqinit\/#breadcrumb\",\"itemListElement\":[{\"@type\":\"ListItem\",\"position\":1,\"name\":\"Guardiola midis Ulqinit!\"}]},{\"@type\":\"Person\",\"@id\":\"https:\/\/www.visit-ulcinj.com\/blog\/#\/schema\/person\/dcab619c614d3038751c63bc2aadc06d\",\"name\":\"ulqini\",\"sameAs\":[\"http:\/\/www.visit-ulcinj.com\"],\"url\":\"https:\/\/www.visit-ulcinj.com\/blog\/author\/admin\/\"}]}<\/script>\n<!-- \/ Yoast SEO plugin. -->","yoast_head_json":{"title":"Guardiola midis Ulqinit! - Lajme nga Ulqini","description":"Trajneri i deridjesh\u00ebm i Barcelon\u00ebs, Pep Guardiola \u00ebsht\u00eb m\u00eb af\u00ebr se kurr\u00eb adhuruesve t\u00eb tij t\u00eb shumt\u00eb n\u00eb Kosov\u00eb, t\u00eb cil\u00ebt jan\u00eb n\u00eb num\u00ebr t\u00eb madh n\u00eb vendin","robots":{"index":"index","follow":"follow","max-snippet":"max-snippet:-1","max-image-preview":"max-image-preview:large","max-video-preview":"max-video-preview:-1"},"canonical":"https:\/\/www.visit-ulcinj.com\/blog\/2012\/06\/05\/guardiola-midis-ulqinit\/","og_locale":"en_US","og_type":"article","og_title":"Guardiola midis Ulqinit! - Lajme nga Ulqini","og_description":"Trajneri i deridjesh\u00ebm i Barcelon\u00ebs, Pep Guardiola \u00ebsht\u00eb m\u00eb af\u00ebr se kurr\u00eb adhuruesve t\u00eb tij t\u00eb shumt\u00eb n\u00eb Kosov\u00eb, t\u00eb cil\u00ebt jan\u00eb n\u00eb num\u00ebr t\u00eb madh n\u00eb vendin","og_url":"https:\/\/www.visit-ulcinj.com\/blog\/2012\/06\/05\/guardiola-midis-ulqinit\/","og_site_name":"Lajme nga Ulqini","article_published_time":"2012-06-05T17:34:23+00:00","article_modified_time":"2012-06-08T05:53:48+00:00","og_image":[{"url":"http:\/\/www.visit-ulcinj.com\/blog\/wp-content\/uploads\/2012\/06\/Guardiola-midis-Ulqinit.jpg"}],"twitter_misc":{"Written by":"ulqini","Est. reading time":"1 minute"},"schema":{"@context":"https:\/\/schema.org","@graph":[{"@type":"WebSite","@id":"https:\/\/www.visit-ulcinj.com\/blog\/#website","url":"https:\/\/www.visit-ulcinj.com\/blog\/","name":"Lajme nga Ulqini","description":"Lajme,Vijesti,Ulqini,Ulqin,Crna Gora,Mali i Zi","potentialAction":[{"@type":"SearchAction","target":{"@type":"EntryPoint","urlTemplate":"https:\/\/www.visit-ulcinj.com\/blog\/?s={search_term_string}"},"query-input":"required name=search_term_string"}],"inLanguage":"en-US"},{"@type":"ImageObject","inLanguage":"en-US","@id":"https:\/\/www.visit-ulcinj.com\/blog\/2012\/06\/05\/guardiola-midis-ulqinit\/#primaryimage","url":"https:\/\/www.visit-ulcinj.com\/blog\/wp-content\/uploads\/2012\/06\/Guardiola-midis-Ulqinit.jpg","contentUrl":"https:\/\/www.visit-ulcinj.com\/blog\/wp-content\/uploads\/2012\/06\/Guardiola-midis-Ulqinit.jpg","width":"640","height":"356"},{"@type":"WebPage","@id":"https:\/\/www.visit-ulcinj.com\/blog\/2012\/06\/05\/guardiola-midis-ulqinit\/#webpage","url":"https:\/\/www.visit-ulcinj.com\/blog\/2012\/06\/05\/guardiola-midis-ulqinit\/","name":"Guardiola midis Ulqinit! - Lajme nga Ulqini","isPartOf":{"@id":"https:\/\/www.visit-ulcinj.com\/blog\/#website"},"primaryImageOfPage":{"@id":"https:\/\/www.visit-ulcinj.com\/blog\/2012\/06\/05\/guardiola-midis-ulqinit\/#primaryimage"},"datePublished":"2012-06-05T17:34:23+00:00","dateModified":"2012-06-08T05:53:48+00:00","author":{"@id":"https:\/\/www.visit-ulcinj.com\/blog\/#\/schema\/person\/dcab619c614d3038751c63bc2aadc06d"},"description":"Trajneri i deridjesh\u00ebm i Barcelon\u00ebs, Pep Guardiola \u00ebsht\u00eb m\u00eb af\u00ebr se kurr\u00eb adhuruesve t\u00eb tij t\u00eb shumt\u00eb n\u00eb Kosov\u00eb, t\u00eb cil\u00ebt jan\u00eb n\u00eb num\u00ebr t\u00eb madh n\u00eb vendin","breadcrumb":{"@id":"https:\/\/www.visit-ulcinj.com\/blog\/2012\/06\/05\/guardiola-midis-ulqinit\/#breadcrumb"},"inLanguage":"en-US","potentialAction":[{"@type":"ReadAction","target":["https:\/\/www.visit-ulcinj.com\/blog\/2012\/06\/05\/guardiola-midis-ulqinit\/"]}]},{"@type":"BreadcrumbList","@id":"https:\/\/www.visit-ulcinj.com\/blog\/2012\/06\/05\/guardiola-midis-ulqinit\/#breadcrumb","itemListElement":[{"@type":"ListItem","position":1,"name":"Guardiola midis Ulqinit!"}]},{"@type":"Person","@id":"https:\/\/www.visit-ulcinj.com\/blog\/#\/schema\/person\/dcab619c614d3038751c63bc2aadc06d","name":"ulqini","sameAs":["http:\/\/www.visit-ulcinj.com"],"url":"https:\/\/www.visit-ulcinj.com\/blog\/author\/admin\/"}]}},"jetpack_featured_media_url":"","jetpack_sharing_enabled":true,"jetpack_shortlink":"https:\/\/wp.me\/pe6lTn-fXe","_links":{"self":[{"href":"https:\/\/www.visit-ulcinj.com\/blog\/wp-json\/wp\/v2\/posts\/61332"}],"collection":[{"href":"https:\/\/www.visit-ulcinj.com\/blog\/wp-json\/wp\/v2\/posts"}],"about":[{"href":"https:\/\/www.visit-ulcinj.com\/blog\/wp-json\/wp\/v2\/types\/post"}],"author":[{"embeddable":true,"href":"https:\/\/www.visit-ulcinj.com\/blog\/wp-json\/wp\/v2\/users\/1"}],"replies":[{"embeddable":true,"href":"https:\/\/www.visit-ulcinj.com\/blog\/wp-json\/wp\/v2\/comments?post=61332"}],"version-history":[{"count":3,"href":"https:\/\/www.visit-ulcinj.com\/blog\/wp-json\/wp\/v2\/posts\/61332\/revisions"}],"predecessor-version":[{"id":61427,"href":"https:\/\/www.visit-ulcinj.com\/blog\/wp-json\/wp\/v2\/posts\/61332\/revisions\/61427"}],"wp:attachment":[{"href":"https:\/\/www.visit-ulcinj.com\/blog\/wp-json\/wp\/v2\/media?parent=61332"}],"wp:term":[{"taxonomy":"category","embeddable":true,"href":"https:\/\/www.visit-ulcinj.com\/blog\/wp-json\/wp\/v2\/categories?post=61332"},{"taxonomy":"post_tag","embeddable":true,"href":"https:\/\/www.visit-ulcinj.com\/blog\/wp-json\/wp\/v2\/tags?post=61332"}],"curies":[{"name":"wp","href":"https:\/\/api.w.org\/{rel}","templated":true}]}}