{"id":61350,"date":"2012-06-06T14:53:59","date_gmt":"2012-06-06T13:53:59","guid":{"rendered":"http:\/\/www.visit-ulcinj.com\/blog\/?p=61350"},"modified":"2012-06-06T16:36:29","modified_gmt":"2012-06-06T15:36:29","slug":"inaugurimi-i-xhamise-e-detareve","status":"publish","type":"post","link":"https:\/\/www.visit-ulcinj.com\/blog\/2012\/06\/06\/inaugurimi-i-xhamise-e-detareve\/","title":{"rendered":"Inaugurimi i &#8220;Xhamis\u00eb e Detar\u00ebve&#8221;"},"content":{"rendered":"<p>Inaugurimi dhe hapja e port\u00ebs s\u00eb &#8220;Xhamis\u00eb s\u00eb Detar\u00ebve&#8221; n\u00eb Ran\u00ebn ton\u00eb \u00ebsht\u00eb nj\u00eb ngjarje e madhe p\u00ebr qytetin ton\u00eb kaq\u00eb t\u00eb bukur.. P\u00ebrs\u00ebri sot pas 8. dekadave, ngritet lart mbi det minarja e saj, simboli i Ran\u00ebs dhe qytet\u00ebrimit ton\u00eb&#8230; M\u00eb duket se sot, edhe ato pasardh\u00ebsit e atyre t\u00eb cil\u00ebt kan\u00eb vendosur ti zhdukin gjurm\u00ebt e Xhamis\u00eb, ndajn\u00eb mendimin ton\u00eb, se m\u00eb n\u00eb fund &#8221; trijumfon e v\u00ebrteta ndaj t\u00eb pa v\u00ebrtet\u00ebs, trijumfon drejt\u00ebsia ndaj t\u00eb pa drejt\u00ebsis\u00eb&#8221;. Jam i mendimit se ky \u00ebsht\u00eb mesazhi m\u00eb i mir\u00eb i nisur nga Rana e jon t\u00eb gjithv\u00eb, an\u00eb e mbar\u00eb Planetit. Ky mesazh, t\u00eb cilin e ka th\u00ebn\u00eb Adriatik Karamanaga n\u00eb em\u00ebr t\u00eb Bashk\u00ebsis\u00eb Islame dhe popullit n\u00eb p\u00ebrgjith\u00ebsi, n\u00eb fjal\u00ebn e hyrjes n\u00eb k\u00ebt\u00eb manifestim madh\u00ebshtor, \u00ebsht\u00eb mesazhi m\u00eb i mir\u00eb p\u00ebr t\u00eb gjith\u00eb ato t\u00eb cil\u00ebt kan\u00eb mend\u00eb ta kuptojn\u00eb se e drejta gjithmon\u00eb fiton<\/p>\n<p>dhe trijumfon..P\u00ebr t\u00eb p\u00ebrmendur dhe t\u00eb lavdrohet \u00ebsht\u00eb, pa dyshim dhe biseda e z. &#8220;Protojerejit e kish\u00ebs Ortodokse Serbe n\u00eb Ulqin, Radojica Bozhoviqit, t\u00eb cilin dua ta citoj n\u00eb gj. serbo &#8211; malazeze. Mesazhi i ti ka nje pesh t\u00eb ve\u00e7ant\u00eb edhe p\u00ebr t\u00eb gjith\u00eb ato, t\u00eb cil\u00ebt kan\u00eb b\u00ebr\u00eb krime t\u00eb till\u00eb edhe m\u00eb von\u00eb, posa\u00e7\u00ebrisht\u00eb n\u00eb vitet e 90 n\u00eb Bosnje..&#8221; Izgradnjom d\u017eamije ispravljena je gre\u0161ka onih koji su je poru\u0161ili i prekrili zemljom i betonom &#8211; ali, evo, ona je ponovo vaskrsnula u svoj svojoj ljepoti&#8221;..Gjithashtu edhe biseda e reis. Rifat ef. Fejziqit ka l\u00ebn\u00eb p\u00ebrshtypje t\u00eb fort ke t\u00eb gjith\u00eb ato t\u00eb cil\u00ebt e kan\u00eb degjuar n\u00eb &#8220;balkone&#8221;, dhe m\u00eb von\u00eb edhe e kan\u00eb p\u00ebrcjell\u00eb nep\u00ebr medija t\u00eb shkruar apo elektronike&#8230;Dhe m\u00eb n\u00eb fund, thirja e ezanit nga mulla ef. Besimi nga minarja ka qen\u00eb kuror\u00ebzimi i k\u00ebti manfestimi madh\u00ebshtor n\u00eb Ran\u00ebn ton\u00eb. M\u00eb duket se n\u00eb k\u00ebt\u00eb dit t\u00eb madhe n\u00eb qytetin e Ulqinit, z\u00ebri i z. mulla Besimit, \u00ebsht\u00eb degjuar shum\u00eb m\u00eb lart\u00eb se kurr\u00eb n\u00eb historin e qytetit ton\u00eb, kaq\u00eb t\u00eb bukur n\u00eb zem\u00ebr t\u00eb Mesdheut&#8230;<\/p>\n","protected":false},"excerpt":{"rendered":"<p>Inaugurimi dhe hapja e port\u00ebs s\u00eb &#8220;Xhamis\u00eb s\u00eb Detar\u00ebve&#8221; n\u00eb Ran\u00ebn ton\u00eb \u00ebsht\u00eb nj\u00eb ngjarje e madhe p\u00ebr qytetin ton\u00eb kaq\u00eb t\u00eb bukur.. P\u00ebrs\u00ebri sot pas 8. dekadave, ngritet lart mbi det minarja e saj, simboli i Ran\u00ebs dhe qytet\u00ebrimit ton\u00eb&#8230; M\u00eb duket se sot, edhe ato pasardh\u00ebsit e atyre t\u00eb cil\u00ebt kan\u00eb vendosur ti [&hellip;]<\/p>\n","protected":false},"author":6,"featured_media":0,"comment_status":"open","ping_status":"closed","sticky":false,"template":"","format":"standard","meta":{"spay_email":"","jetpack_publicize_message":"","jetpack_is_tweetstorm":false,"jetpack_publicize_feature_enabled":true},"categories":[8],"tags":[],"jetpack_publicize_connections":[],"yoast_head":"<!-- This site is optimized with the Yoast SEO plugin v19.1 - https:\/\/yoast.com\/wordpress\/plugins\/seo\/ -->\n<title>Inaugurimi i &quot;Xhamis\u00eb e Detar\u00ebve&quot; - Lajme nga Ulqini<\/title>\n<meta name=\"description\" content=\"Inaugurimi dhe hapja e port\u00ebs s\u00eb &quot;Xhamis\u00eb s\u00eb Detar\u00ebve&quot; n\u00eb Ran\u00ebn ton\u00eb \u00ebsht\u00eb nj\u00eb ngjarje e madhe p\u00ebr qytetin ton\u00eb kaq\u00eb t\u00eb bukur.. P\u00ebrs\u00ebri sot pas 8.\" \/>\n<meta name=\"robots\" content=\"index, follow, max-snippet:-1, max-image-preview:large, max-video-preview:-1\" \/>\n<link rel=\"canonical\" href=\"https:\/\/www.visit-ulcinj.com\/blog\/2012\/06\/06\/inaugurimi-i-xhamise-e-detareve\/\" \/>\n<meta property=\"og:locale\" content=\"en_US\" \/>\n<meta property=\"og:type\" content=\"article\" \/>\n<meta property=\"og:title\" content=\"Inaugurimi i &quot;Xhamis\u00eb e Detar\u00ebve&quot; - Lajme nga Ulqini\" \/>\n<meta property=\"og:description\" content=\"Inaugurimi dhe hapja e port\u00ebs s\u00eb &quot;Xhamis\u00eb s\u00eb Detar\u00ebve&quot; n\u00eb Ran\u00ebn ton\u00eb \u00ebsht\u00eb nj\u00eb ngjarje e madhe p\u00ebr qytetin ton\u00eb kaq\u00eb t\u00eb bukur.. P\u00ebrs\u00ebri sot pas 8.\" \/>\n<meta property=\"og:url\" content=\"https:\/\/www.visit-ulcinj.com\/blog\/2012\/06\/06\/inaugurimi-i-xhamise-e-detareve\/\" \/>\n<meta property=\"og:site_name\" content=\"Lajme nga Ulqini\" \/>\n<meta property=\"article:published_time\" content=\"2012-06-06T13:53:59+00:00\" \/>\n<meta property=\"article:modified_time\" content=\"2012-06-06T15:36:29+00:00\" \/>\n<meta name=\"twitter:label1\" content=\"Written by\" \/>\n\t<meta name=\"twitter:data1\" content=\"Ismet Karamanaga\" \/>\n\t<meta name=\"twitter:label2\" content=\"Est. reading time\" \/>\n\t<meta name=\"twitter:data2\" content=\"2 minutes\" \/>\n<script type=\"application\/ld+json\" class=\"yoast-schema-graph\">{\"@context\":\"https:\/\/schema.org\",\"@graph\":[{\"@type\":\"WebSite\",\"@id\":\"https:\/\/www.visit-ulcinj.com\/blog\/#website\",\"url\":\"https:\/\/www.visit-ulcinj.com\/blog\/\",\"name\":\"Lajme nga Ulqini\",\"description\":\"Lajme,Vijesti,Ulqini,Ulqin,Crna Gora,Mali i Zi\",\"potentialAction\":[{\"@type\":\"SearchAction\",\"target\":{\"@type\":\"EntryPoint\",\"urlTemplate\":\"https:\/\/www.visit-ulcinj.com\/blog\/?s={search_term_string}\"},\"query-input\":\"required name=search_term_string\"}],\"inLanguage\":\"en-US\"},{\"@type\":\"WebPage\",\"@id\":\"https:\/\/www.visit-ulcinj.com\/blog\/2012\/06\/06\/inaugurimi-i-xhamise-e-detareve\/#webpage\",\"url\":\"https:\/\/www.visit-ulcinj.com\/blog\/2012\/06\/06\/inaugurimi-i-xhamise-e-detareve\/\",\"name\":\"Inaugurimi i \\\"Xhamis\u00eb e Detar\u00ebve\\\" - Lajme nga Ulqini\",\"isPartOf\":{\"@id\":\"https:\/\/www.visit-ulcinj.com\/blog\/#website\"},\"datePublished\":\"2012-06-06T13:53:59+00:00\",\"dateModified\":\"2012-06-06T15:36:29+00:00\",\"author\":{\"@id\":\"https:\/\/www.visit-ulcinj.com\/blog\/#\/schema\/person\/54acbe73e5e40d103054a73871775f79\"},\"description\":\"Inaugurimi dhe hapja e port\u00ebs s\u00eb \\\"Xhamis\u00eb s\u00eb Detar\u00ebve\\\" n\u00eb Ran\u00ebn ton\u00eb \u00ebsht\u00eb nj\u00eb ngjarje e madhe p\u00ebr qytetin ton\u00eb kaq\u00eb t\u00eb bukur.. P\u00ebrs\u00ebri sot pas 8.\",\"breadcrumb\":{\"@id\":\"https:\/\/www.visit-ulcinj.com\/blog\/2012\/06\/06\/inaugurimi-i-xhamise-e-detareve\/#breadcrumb\"},\"inLanguage\":\"en-US\",\"potentialAction\":[{\"@type\":\"ReadAction\",\"target\":[\"https:\/\/www.visit-ulcinj.com\/blog\/2012\/06\/06\/inaugurimi-i-xhamise-e-detareve\/\"]}]},{\"@type\":\"BreadcrumbList\",\"@id\":\"https:\/\/www.visit-ulcinj.com\/blog\/2012\/06\/06\/inaugurimi-i-xhamise-e-detareve\/#breadcrumb\",\"itemListElement\":[{\"@type\":\"ListItem\",\"position\":1,\"name\":\"Inaugurimi i &#8220;Xhamis\u00eb e Detar\u00ebve&#8221;\"}]},{\"@type\":\"Person\",\"@id\":\"https:\/\/www.visit-ulcinj.com\/blog\/#\/schema\/person\/54acbe73e5e40d103054a73871775f79\",\"name\":\"Ismet Karamanaga\",\"description\":\"Kam punuar si ciceron p\u00ebr shum\\\"agjensi turistike nga vendi dhe nga bota.\",\"url\":\"https:\/\/www.visit-ulcinj.com\/blog\/author\/ismet\/\"}]}<\/script>\n<!-- \/ Yoast SEO plugin. -->","yoast_head_json":{"title":"Inaugurimi i \"Xhamis\u00eb e Detar\u00ebve\" - Lajme nga Ulqini","description":"Inaugurimi dhe hapja e port\u00ebs s\u00eb \"Xhamis\u00eb s\u00eb Detar\u00ebve\" n\u00eb Ran\u00ebn ton\u00eb \u00ebsht\u00eb nj\u00eb ngjarje e madhe p\u00ebr qytetin ton\u00eb kaq\u00eb t\u00eb bukur.. P\u00ebrs\u00ebri sot pas 8.","robots":{"index":"index","follow":"follow","max-snippet":"max-snippet:-1","max-image-preview":"max-image-preview:large","max-video-preview":"max-video-preview:-1"},"canonical":"https:\/\/www.visit-ulcinj.com\/blog\/2012\/06\/06\/inaugurimi-i-xhamise-e-detareve\/","og_locale":"en_US","og_type":"article","og_title":"Inaugurimi i \"Xhamis\u00eb e Detar\u00ebve\" - Lajme nga Ulqini","og_description":"Inaugurimi dhe hapja e port\u00ebs s\u00eb \"Xhamis\u00eb s\u00eb Detar\u00ebve\" n\u00eb Ran\u00ebn ton\u00eb \u00ebsht\u00eb nj\u00eb ngjarje e madhe p\u00ebr qytetin ton\u00eb kaq\u00eb t\u00eb bukur.. P\u00ebrs\u00ebri sot pas 8.","og_url":"https:\/\/www.visit-ulcinj.com\/blog\/2012\/06\/06\/inaugurimi-i-xhamise-e-detareve\/","og_site_name":"Lajme nga Ulqini","article_published_time":"2012-06-06T13:53:59+00:00","article_modified_time":"2012-06-06T15:36:29+00:00","twitter_misc":{"Written by":"Ismet Karamanaga","Est. reading time":"2 minutes"},"schema":{"@context":"https:\/\/schema.org","@graph":[{"@type":"WebSite","@id":"https:\/\/www.visit-ulcinj.com\/blog\/#website","url":"https:\/\/www.visit-ulcinj.com\/blog\/","name":"Lajme nga Ulqini","description":"Lajme,Vijesti,Ulqini,Ulqin,Crna Gora,Mali i Zi","potentialAction":[{"@type":"SearchAction","target":{"@type":"EntryPoint","urlTemplate":"https:\/\/www.visit-ulcinj.com\/blog\/?s={search_term_string}"},"query-input":"required name=search_term_string"}],"inLanguage":"en-US"},{"@type":"WebPage","@id":"https:\/\/www.visit-ulcinj.com\/blog\/2012\/06\/06\/inaugurimi-i-xhamise-e-detareve\/#webpage","url":"https:\/\/www.visit-ulcinj.com\/blog\/2012\/06\/06\/inaugurimi-i-xhamise-e-detareve\/","name":"Inaugurimi i \"Xhamis\u00eb e Detar\u00ebve\" - Lajme nga Ulqini","isPartOf":{"@id":"https:\/\/www.visit-ulcinj.com\/blog\/#website"},"datePublished":"2012-06-06T13:53:59+00:00","dateModified":"2012-06-06T15:36:29+00:00","author":{"@id":"https:\/\/www.visit-ulcinj.com\/blog\/#\/schema\/person\/54acbe73e5e40d103054a73871775f79"},"description":"Inaugurimi dhe hapja e port\u00ebs s\u00eb \"Xhamis\u00eb s\u00eb Detar\u00ebve\" n\u00eb Ran\u00ebn ton\u00eb \u00ebsht\u00eb nj\u00eb ngjarje e madhe p\u00ebr qytetin ton\u00eb kaq\u00eb t\u00eb bukur.. P\u00ebrs\u00ebri sot pas 8.","breadcrumb":{"@id":"https:\/\/www.visit-ulcinj.com\/blog\/2012\/06\/06\/inaugurimi-i-xhamise-e-detareve\/#breadcrumb"},"inLanguage":"en-US","potentialAction":[{"@type":"ReadAction","target":["https:\/\/www.visit-ulcinj.com\/blog\/2012\/06\/06\/inaugurimi-i-xhamise-e-detareve\/"]}]},{"@type":"BreadcrumbList","@id":"https:\/\/www.visit-ulcinj.com\/blog\/2012\/06\/06\/inaugurimi-i-xhamise-e-detareve\/#breadcrumb","itemListElement":[{"@type":"ListItem","position":1,"name":"Inaugurimi i &#8220;Xhamis\u00eb e Detar\u00ebve&#8221;"}]},{"@type":"Person","@id":"https:\/\/www.visit-ulcinj.com\/blog\/#\/schema\/person\/54acbe73e5e40d103054a73871775f79","name":"Ismet Karamanaga","description":"Kam punuar si ciceron p\u00ebr shum\"agjensi turistike nga vendi dhe nga bota.","url":"https:\/\/www.visit-ulcinj.com\/blog\/author\/ismet\/"}]}},"jetpack_featured_media_url":"","jetpack_sharing_enabled":true,"jetpack_shortlink":"https:\/\/wp.me\/pe6lTn-fXw","_links":{"self":[{"href":"https:\/\/www.visit-ulcinj.com\/blog\/wp-json\/wp\/v2\/posts\/61350"}],"collection":[{"href":"https:\/\/www.visit-ulcinj.com\/blog\/wp-json\/wp\/v2\/posts"}],"about":[{"href":"https:\/\/www.visit-ulcinj.com\/blog\/wp-json\/wp\/v2\/types\/post"}],"author":[{"embeddable":true,"href":"https:\/\/www.visit-ulcinj.com\/blog\/wp-json\/wp\/v2\/users\/6"}],"replies":[{"embeddable":true,"href":"https:\/\/www.visit-ulcinj.com\/blog\/wp-json\/wp\/v2\/comments?post=61350"}],"version-history":[{"count":3,"href":"https:\/\/www.visit-ulcinj.com\/blog\/wp-json\/wp\/v2\/posts\/61350\/revisions"}],"predecessor-version":[{"id":61353,"href":"https:\/\/www.visit-ulcinj.com\/blog\/wp-json\/wp\/v2\/posts\/61350\/revisions\/61353"}],"wp:attachment":[{"href":"https:\/\/www.visit-ulcinj.com\/blog\/wp-json\/wp\/v2\/media?parent=61350"}],"wp:term":[{"taxonomy":"category","embeddable":true,"href":"https:\/\/www.visit-ulcinj.com\/blog\/wp-json\/wp\/v2\/categories?post=61350"},{"taxonomy":"post_tag","embeddable":true,"href":"https:\/\/www.visit-ulcinj.com\/blog\/wp-json\/wp\/v2\/tags?post=61350"}],"curies":[{"name":"wp","href":"https:\/\/api.w.org\/{rel}","templated":true}]}}