{"id":61359,"date":"2012-06-06T16:39:36","date_gmt":"2012-06-06T15:39:36","guid":{"rendered":"http:\/\/www.visit-ulcinj.com\/blog\/?p=61359"},"modified":"2012-06-06T16:42:18","modified_gmt":"2012-06-06T15:42:18","slug":"ulqinit-i-mungojne-hotelet-me-pese-yje","status":"publish","type":"post","link":"https:\/\/www.visit-ulcinj.com\/blog\/2012\/06\/06\/ulqinit-i-mungojne-hotelet-me-pese-yje\/","title":{"rendered":"Ulqinit i mungojn\u00eb hotelet me pes\u00eb yje"},"content":{"rendered":"<p><a href=\"http:\/\/www.hotel-mediteran.com\/\" target=\"_blank\"><img loading=\"lazy\" class=\"alignleft  wp-image-61361\" title=\"Hotel_Mediteran_Ulqin_Ulcinj_Montenegro.1\" src=\"http:\/\/www.visit-ulcinj.com\/blog\/wp-content\/uploads\/2012\/06\/Hotel_Mediteran_Ulqin_Ulcinj_Montenegro.1.jpg\" alt=\"\" width=\"508\" height=\"360\" \/><\/a>Q\u00eb Ulqini t\u00eb k\u00ebthehet n\u00eb nj\u00eb destinacion turistik gjat\u00eb gjith\u00eb vitit do t\u00eb fitoj\u00eb jo vet\u00ebm imazhi yn\u00eb i nj\u00eb vendi t\u00ebrheq\u00ebs p\u00ebr pushim, por do profitoje edhe biznesi vendas. Dhe nuk b\u00ebhet fjal\u00eb vet\u00ebm p\u00ebr hotelier\u00ebt, t\u00eb cil\u00ebt n\u00eb k\u00ebto momente mb\u00ebshteten vet\u00ebm te stina verore, q\u00eb t\u00eb plot\u00ebsojn\u00eb baz\u00ebn e shtret\u00ebrve t\u00eb cil\u00ebt gjat\u00eb pjes\u00ebs tjet\u00ebr t\u00eb vitit nuk shfryt\u00ebzohet. Komuna e Ulqinit, m\u00eb n\u00eb ve\u00e7anti esht\u00eb e izoluar, po k\u00ebshtu jan\u00eb t\u00eb interesuara t\u00eb zhvillojn\u00eb nj\u00eb turiz\u00ebm gjat\u00eb gjith\u00eb vitit n\u00eb territor t\u00eb vet.<\/p>\n<p><a href=\"http:\/\/www.hotel-mediteran.com\/\" target=\"_blank\"><img loading=\"lazy\" class=\"alignleft  wp-image-61362\" title=\"Hotel_Mediteran_Ulqin_Ulcinj_Montenegro.2\" src=\"http:\/\/www.visit-ulcinj.com\/blog\/wp-content\/uploads\/2012\/06\/Hotel_Mediteran_Ulqin_Ulcinj_Montenegro.2.jpg\" alt=\"\" width=\"508\" height=\"600\" \/><\/a>Sipas v\u00ebrejtjeve Ulqini \u00a0disponon me nj\u00eb potencial t\u00eb madh turistik. Por ai \u00ebsht\u00eb i lidhur m\u00eb tep\u00ebr me propozimin e nj\u00eb produkti me nj\u00eb cil\u00ebsi m\u00eb t\u00eb madhe, t\u00eb drejtuar drejt klientel\u00ebs m\u00eb k\u00ebrkuese, m\u00eb inteligjente dhe me mund\u00ebsi m\u00eb t\u00eb m\u00ebdha p\u00ebr pagim dhe nuk duhet t\u00eb afrohet vet\u00ebm me atraksionet e turizmit masiv. Mjerisht, pik\u00ebrisht ata vazhdojn\u00eb t\u00eb p\u00ebrcaktojn\u00eb imazhin ton\u00eb t\u00eb nj\u00eb destinacioni prij\u00ebs detar, ku prioriteti baz\u00eb jan\u00eb \u00e7mimet e ul\u00ebta.<\/p>\n<p>Tendencat aktuale bot\u00ebrore lidhur me pushimet gjithnj\u00eb e m\u00eb shum\u00eb jo standarde n\u00eb k\u00ebrkim t\u00eb p\u00ebrjetimeve t\u00eb reja, ekzotike jan\u00eb n\u00eb rrug\u00eb t\u00eb shortojn\u00eb fokusin e v\u00ebmendjes t\u00eb turist\u00ebve drejt larmis\u00eb s\u00eb madhe t\u00eb vendit ton\u00eb t\u00eb vog\u00ebl por t\u00eb dhuruar nga natyra dhe nga pozicioni i vet gjeografik.<\/p>\n<p>Pse n\u00eb \u00a0vendin ton\u00eb t\u00eb Ulqinit vazhdojn\u00eb t\u00eb mos vijn\u00eb turist\u00eb t\u00eb huaj. Mos ardhja e tyre vazhdon p\u00ebr arsye t\u00eb munges\u00ebs s\u00eb kapaciteteve dhe hoteleve jo t\u00eb cil\u00ebsis\u00eb s\u00eb mir\u00eb. N\u00eb vitet e \u201980-90 &#8211; ta Ulqini kishte 30 deri 40 % turist\u00eb t\u00eb huaj.<br \/>\nPo ashtu institucionet e Malit t\u00eb Zi ende nuk kan\u00eb mundur q\u00eb Ulqinin ta vendosin n\u00eb tur-katalogjet nd\u00ebrkomb\u00ebtare,kurse n\u00eb vitet e \u201980-90 \u2013 ta, ka figuruar n\u00eb gjitha kalologjet botrore . N\u00eb Ulqin\u00eb \u00a0ska num\u00ebr t\u00eb madh t\u00eb hoteleve, por ata kryesisht jan\u00eb nd\u00ebrtuar para 20 -30 vitesh dhe sjan ne konformitet me turizmin elitar botror\u00eb,kurse \u00a0kushtet e tyre jan\u00eb jo t\u00eb mira dhe me kapacitete jo t\u00eb m\u00ebdha. Po ashtu madh\u00ebsia e tyre vog\u00ebl saq\u00eb jemi n\u00eb pamund\u00ebsi t\u00eb afrojm\u00eb\u00a0 akomodim n\u00eb nj\u00eb hotel t\u00eb p\u00ebrbashk\u00ebt bashkohor\u00eb me kualitet t\u00eb lart\u00eb.<br \/>\n<a href=\"http:\/\/www.hotel-mediteran.com\/\" target=\"_blank\"><img loading=\"lazy\" class=\"alignleft  wp-image-61363\" title=\"Hotel_Mediteran_Ulqin_Ulcinj_Montenegro\" src=\"http:\/\/www.visit-ulcinj.com\/blog\/wp-content\/uploads\/2012\/06\/Hotel_Mediteran_Ulqin_Ulcinj_Montenegro.jpeg\" alt=\"\" width=\"508\" height=\"300\" \/><\/a><\/p>\n<p>Vitet t\u00eb 80 dhe 90 -ta t\u00eb gjitha agjencit\u00eb turistike dhe operator\u00ebt evropian n\u00eb programet e tyre i kan\u00eb pasur t\u00eb parapara vizitat n\u00eb monumentet kulturo-historike t\u00eb Ulqinit..Secila grup q\u00eb ka kaluar nga Kroacia, Mali i Zi dhe regjionet tjera n\u00eb programet e tyre e kan\u00eb pasur obligative vizit\u00ebn n\u00eb Ulqin, gjegj\u00ebsisht n\u00eb monumentet e kultur\u00ebs dhe historis\u00eb. Vizitat b\u00ebheshin n\u00eb manastiret,kishat xhamit\u00eb dhe hamamet e vendit t\u00eb regjionit.<\/p>\n<p>N\u00eb Ulqin situata p\u00ebr nj\u00eb turiz\u00ebm t\u00eb mirfillt esht\u00eb stihike, alarmante e pa organizuar deri m\u00eb tash dhe akoma kjo situat\u00eb vazhdon. Mos t\u00eb harojm\u00eb se Ulqini nuk figurojm\u00eb n\u00eb asnj\u00eb katalog t\u00eb turneve t\u00eb njohura bot\u00ebrore si\u00e7 \u00ebsht\u00eb Nekerman, Tui, e tjera. Kjo ndodh p\u00ebr shkak se kemi munges\u00eb t\u00eb objekteve hoteliere t\u00eb kategoris\u00eb s\u00eb lart\u00eb dhe me shum\u00eb dhomash.<\/p>\n<p>Duhet cekur se Ulqinit i mungojn\u00eb hotelet me pes\u00eb yje, por edhe me num\u00ebr t\u00eb pamjaftuesh\u00ebm t\u00eb dhomave q\u00eb k\u00ebrkohen nga Tur-operator\u00ebt.<\/p>\n<!--YouTube Error: bad URL entered-->\n","protected":false},"excerpt":{"rendered":"<p>Q\u00eb Ulqini t\u00eb k\u00ebthehet n\u00eb nj\u00eb destinacion turistik gjat\u00eb gjith\u00eb vitit do t\u00eb fitoj\u00eb jo vet\u00ebm imazhi yn\u00eb i nj\u00eb vendi t\u00ebrheq\u00ebs p\u00ebr pushim, por do profitoje edhe biznesi vendas. Dhe nuk b\u00ebhet fjal\u00eb vet\u00ebm p\u00ebr hotelier\u00ebt, t\u00eb cil\u00ebt n\u00eb k\u00ebto momente mb\u00ebshteten vet\u00ebm te stina verore, q\u00eb t\u00eb plot\u00ebsojn\u00eb baz\u00ebn e shtret\u00ebrve t\u00eb cil\u00ebt [&hellip;]<\/p>\n","protected":false},"author":1,"featured_media":0,"comment_status":"open","ping_status":"closed","sticky":false,"template":"","format":"standard","meta":{"spay_email":"","jetpack_publicize_message":"","jetpack_is_tweetstorm":false,"jetpack_publicize_feature_enabled":true},"categories":[7],"tags":[22016,20623],"jetpack_publicize_connections":[],"yoast_head":"<!-- This site is optimized with the Yoast SEO plugin v19.1 - https:\/\/yoast.com\/wordpress\/plugins\/seo\/ -->\n<title>Ulqinit i mungojn\u00eb hotelet me pes\u00eb yje - Lajme nga Ulqini<\/title>\n<meta name=\"description\" content=\"Q\u00eb Ulqini t\u00eb k\u00ebthehet n\u00eb nj\u00eb destinacion turistik gjat\u00eb gjith\u00eb vitit do t\u00eb fitoj\u00eb jo vet\u00ebm imazhi yn\u00eb i nj\u00eb vendi t\u00ebrheq\u00ebs p\u00ebr pushim, por do profitoje\" \/>\n<meta name=\"robots\" content=\"index, follow, max-snippet:-1, max-image-preview:large, max-video-preview:-1\" \/>\n<link rel=\"canonical\" href=\"https:\/\/www.visit-ulcinj.com\/blog\/2012\/06\/06\/ulqinit-i-mungojne-hotelet-me-pese-yje\/\" \/>\n<meta property=\"og:locale\" content=\"en_US\" \/>\n<meta property=\"og:type\" content=\"article\" \/>\n<meta property=\"og:title\" content=\"Ulqinit i mungojn\u00eb hotelet me pes\u00eb yje - Lajme nga Ulqini\" \/>\n<meta property=\"og:description\" content=\"Q\u00eb Ulqini t\u00eb k\u00ebthehet n\u00eb nj\u00eb destinacion turistik gjat\u00eb gjith\u00eb vitit do t\u00eb fitoj\u00eb jo vet\u00ebm imazhi yn\u00eb i nj\u00eb vendi t\u00ebrheq\u00ebs p\u00ebr pushim, por do profitoje\" \/>\n<meta property=\"og:url\" content=\"https:\/\/www.visit-ulcinj.com\/blog\/2012\/06\/06\/ulqinit-i-mungojne-hotelet-me-pese-yje\/\" \/>\n<meta property=\"og:site_name\" content=\"Lajme nga Ulqini\" \/>\n<meta property=\"article:published_time\" content=\"2012-06-06T15:39:36+00:00\" \/>\n<meta property=\"article:modified_time\" content=\"2012-06-06T15:42:18+00:00\" \/>\n<meta property=\"og:image\" content=\"http:\/\/www.visit-ulcinj.com\/blog\/wp-content\/uploads\/2012\/06\/Hotel_Mediteran_Ulqin_Ulcinj_Montenegro.1.jpg\" \/>\n<meta name=\"twitter:label1\" content=\"Written by\" \/>\n\t<meta name=\"twitter:data1\" content=\"ulqini\" \/>\n\t<meta name=\"twitter:label2\" content=\"Est. reading time\" \/>\n\t<meta name=\"twitter:data2\" content=\"3 minutes\" \/>\n<script type=\"application\/ld+json\" class=\"yoast-schema-graph\">{\"@context\":\"https:\/\/schema.org\",\"@graph\":[{\"@type\":\"WebSite\",\"@id\":\"https:\/\/www.visit-ulcinj.com\/blog\/#website\",\"url\":\"https:\/\/www.visit-ulcinj.com\/blog\/\",\"name\":\"Lajme nga Ulqini\",\"description\":\"Lajme,Vijesti,Ulqini,Ulqin,Crna Gora,Mali i Zi\",\"potentialAction\":[{\"@type\":\"SearchAction\",\"target\":{\"@type\":\"EntryPoint\",\"urlTemplate\":\"https:\/\/www.visit-ulcinj.com\/blog\/?s={search_term_string}\"},\"query-input\":\"required name=search_term_string\"}],\"inLanguage\":\"en-US\"},{\"@type\":\"ImageObject\",\"inLanguage\":\"en-US\",\"@id\":\"https:\/\/www.visit-ulcinj.com\/blog\/2012\/06\/06\/ulqinit-i-mungojne-hotelet-me-pese-yje\/#primaryimage\",\"url\":\"https:\/\/www.visit-ulcinj.com\/blog\/wp-content\/uploads\/2012\/06\/Hotel_Mediteran_Ulqin_Ulcinj_Montenegro.1.jpg\",\"contentUrl\":\"https:\/\/www.visit-ulcinj.com\/blog\/wp-content\/uploads\/2012\/06\/Hotel_Mediteran_Ulqin_Ulcinj_Montenegro.1.jpg\",\"width\":\"1001\",\"height\":\"750\"},{\"@type\":\"WebPage\",\"@id\":\"https:\/\/www.visit-ulcinj.com\/blog\/2012\/06\/06\/ulqinit-i-mungojne-hotelet-me-pese-yje\/#webpage\",\"url\":\"https:\/\/www.visit-ulcinj.com\/blog\/2012\/06\/06\/ulqinit-i-mungojne-hotelet-me-pese-yje\/\",\"name\":\"Ulqinit i mungojn\u00eb hotelet me pes\u00eb yje - Lajme nga Ulqini\",\"isPartOf\":{\"@id\":\"https:\/\/www.visit-ulcinj.com\/blog\/#website\"},\"primaryImageOfPage\":{\"@id\":\"https:\/\/www.visit-ulcinj.com\/blog\/2012\/06\/06\/ulqinit-i-mungojne-hotelet-me-pese-yje\/#primaryimage\"},\"datePublished\":\"2012-06-06T15:39:36+00:00\",\"dateModified\":\"2012-06-06T15:42:18+00:00\",\"author\":{\"@id\":\"https:\/\/www.visit-ulcinj.com\/blog\/#\/schema\/person\/dcab619c614d3038751c63bc2aadc06d\"},\"description\":\"Q\u00eb Ulqini t\u00eb k\u00ebthehet n\u00eb nj\u00eb destinacion turistik gjat\u00eb gjith\u00eb vitit do t\u00eb fitoj\u00eb jo vet\u00ebm imazhi yn\u00eb i nj\u00eb vendi t\u00ebrheq\u00ebs p\u00ebr pushim, por do profitoje\",\"breadcrumb\":{\"@id\":\"https:\/\/www.visit-ulcinj.com\/blog\/2012\/06\/06\/ulqinit-i-mungojne-hotelet-me-pese-yje\/#breadcrumb\"},\"inLanguage\":\"en-US\",\"potentialAction\":[{\"@type\":\"ReadAction\",\"target\":[\"https:\/\/www.visit-ulcinj.com\/blog\/2012\/06\/06\/ulqinit-i-mungojne-hotelet-me-pese-yje\/\"]}]},{\"@type\":\"BreadcrumbList\",\"@id\":\"https:\/\/www.visit-ulcinj.com\/blog\/2012\/06\/06\/ulqinit-i-mungojne-hotelet-me-pese-yje\/#breadcrumb\",\"itemListElement\":[{\"@type\":\"ListItem\",\"position\":1,\"name\":\"Ulqinit i mungojn\u00eb hotelet me pes\u00eb yje\"}]},{\"@type\":\"Person\",\"@id\":\"https:\/\/www.visit-ulcinj.com\/blog\/#\/schema\/person\/dcab619c614d3038751c63bc2aadc06d\",\"name\":\"ulqini\",\"sameAs\":[\"http:\/\/www.visit-ulcinj.com\"],\"url\":\"https:\/\/www.visit-ulcinj.com\/blog\/author\/admin\/\"}]}<\/script>\n<!-- \/ Yoast SEO plugin. -->","yoast_head_json":{"title":"Ulqinit i mungojn\u00eb hotelet me pes\u00eb yje - Lajme nga Ulqini","description":"Q\u00eb Ulqini t\u00eb k\u00ebthehet n\u00eb nj\u00eb destinacion turistik gjat\u00eb gjith\u00eb vitit do t\u00eb fitoj\u00eb jo vet\u00ebm imazhi yn\u00eb i nj\u00eb vendi t\u00ebrheq\u00ebs p\u00ebr pushim, por do profitoje","robots":{"index":"index","follow":"follow","max-snippet":"max-snippet:-1","max-image-preview":"max-image-preview:large","max-video-preview":"max-video-preview:-1"},"canonical":"https:\/\/www.visit-ulcinj.com\/blog\/2012\/06\/06\/ulqinit-i-mungojne-hotelet-me-pese-yje\/","og_locale":"en_US","og_type":"article","og_title":"Ulqinit i mungojn\u00eb hotelet me pes\u00eb yje - Lajme nga Ulqini","og_description":"Q\u00eb Ulqini t\u00eb k\u00ebthehet n\u00eb nj\u00eb destinacion turistik gjat\u00eb gjith\u00eb vitit do t\u00eb fitoj\u00eb jo vet\u00ebm imazhi yn\u00eb i nj\u00eb vendi t\u00ebrheq\u00ebs p\u00ebr pushim, por do profitoje","og_url":"https:\/\/www.visit-ulcinj.com\/blog\/2012\/06\/06\/ulqinit-i-mungojne-hotelet-me-pese-yje\/","og_site_name":"Lajme nga Ulqini","article_published_time":"2012-06-06T15:39:36+00:00","article_modified_time":"2012-06-06T15:42:18+00:00","og_image":[{"url":"http:\/\/www.visit-ulcinj.com\/blog\/wp-content\/uploads\/2012\/06\/Hotel_Mediteran_Ulqin_Ulcinj_Montenegro.1.jpg"}],"twitter_misc":{"Written by":"ulqini","Est. reading time":"3 minutes"},"schema":{"@context":"https:\/\/schema.org","@graph":[{"@type":"WebSite","@id":"https:\/\/www.visit-ulcinj.com\/blog\/#website","url":"https:\/\/www.visit-ulcinj.com\/blog\/","name":"Lajme nga Ulqini","description":"Lajme,Vijesti,Ulqini,Ulqin,Crna Gora,Mali i Zi","potentialAction":[{"@type":"SearchAction","target":{"@type":"EntryPoint","urlTemplate":"https:\/\/www.visit-ulcinj.com\/blog\/?s={search_term_string}"},"query-input":"required name=search_term_string"}],"inLanguage":"en-US"},{"@type":"ImageObject","inLanguage":"en-US","@id":"https:\/\/www.visit-ulcinj.com\/blog\/2012\/06\/06\/ulqinit-i-mungojne-hotelet-me-pese-yje\/#primaryimage","url":"https:\/\/www.visit-ulcinj.com\/blog\/wp-content\/uploads\/2012\/06\/Hotel_Mediteran_Ulqin_Ulcinj_Montenegro.1.jpg","contentUrl":"https:\/\/www.visit-ulcinj.com\/blog\/wp-content\/uploads\/2012\/06\/Hotel_Mediteran_Ulqin_Ulcinj_Montenegro.1.jpg","width":"1001","height":"750"},{"@type":"WebPage","@id":"https:\/\/www.visit-ulcinj.com\/blog\/2012\/06\/06\/ulqinit-i-mungojne-hotelet-me-pese-yje\/#webpage","url":"https:\/\/www.visit-ulcinj.com\/blog\/2012\/06\/06\/ulqinit-i-mungojne-hotelet-me-pese-yje\/","name":"Ulqinit i mungojn\u00eb hotelet me pes\u00eb yje - Lajme nga Ulqini","isPartOf":{"@id":"https:\/\/www.visit-ulcinj.com\/blog\/#website"},"primaryImageOfPage":{"@id":"https:\/\/www.visit-ulcinj.com\/blog\/2012\/06\/06\/ulqinit-i-mungojne-hotelet-me-pese-yje\/#primaryimage"},"datePublished":"2012-06-06T15:39:36+00:00","dateModified":"2012-06-06T15:42:18+00:00","author":{"@id":"https:\/\/www.visit-ulcinj.com\/blog\/#\/schema\/person\/dcab619c614d3038751c63bc2aadc06d"},"description":"Q\u00eb Ulqini t\u00eb k\u00ebthehet n\u00eb nj\u00eb destinacion turistik gjat\u00eb gjith\u00eb vitit do t\u00eb fitoj\u00eb jo vet\u00ebm imazhi yn\u00eb i nj\u00eb vendi t\u00ebrheq\u00ebs p\u00ebr pushim, por do profitoje","breadcrumb":{"@id":"https:\/\/www.visit-ulcinj.com\/blog\/2012\/06\/06\/ulqinit-i-mungojne-hotelet-me-pese-yje\/#breadcrumb"},"inLanguage":"en-US","potentialAction":[{"@type":"ReadAction","target":["https:\/\/www.visit-ulcinj.com\/blog\/2012\/06\/06\/ulqinit-i-mungojne-hotelet-me-pese-yje\/"]}]},{"@type":"BreadcrumbList","@id":"https:\/\/www.visit-ulcinj.com\/blog\/2012\/06\/06\/ulqinit-i-mungojne-hotelet-me-pese-yje\/#breadcrumb","itemListElement":[{"@type":"ListItem","position":1,"name":"Ulqinit i mungojn\u00eb hotelet me pes\u00eb yje"}]},{"@type":"Person","@id":"https:\/\/www.visit-ulcinj.com\/blog\/#\/schema\/person\/dcab619c614d3038751c63bc2aadc06d","name":"ulqini","sameAs":["http:\/\/www.visit-ulcinj.com"],"url":"https:\/\/www.visit-ulcinj.com\/blog\/author\/admin\/"}]}},"jetpack_featured_media_url":"","jetpack_sharing_enabled":true,"jetpack_shortlink":"https:\/\/wp.me\/pe6lTn-fXF","_links":{"self":[{"href":"https:\/\/www.visit-ulcinj.com\/blog\/wp-json\/wp\/v2\/posts\/61359"}],"collection":[{"href":"https:\/\/www.visit-ulcinj.com\/blog\/wp-json\/wp\/v2\/posts"}],"about":[{"href":"https:\/\/www.visit-ulcinj.com\/blog\/wp-json\/wp\/v2\/types\/post"}],"author":[{"embeddable":true,"href":"https:\/\/www.visit-ulcinj.com\/blog\/wp-json\/wp\/v2\/users\/1"}],"replies":[{"embeddable":true,"href":"https:\/\/www.visit-ulcinj.com\/blog\/wp-json\/wp\/v2\/comments?post=61359"}],"version-history":[{"count":2,"href":"https:\/\/www.visit-ulcinj.com\/blog\/wp-json\/wp\/v2\/posts\/61359\/revisions"}],"predecessor-version":[{"id":61366,"href":"https:\/\/www.visit-ulcinj.com\/blog\/wp-json\/wp\/v2\/posts\/61359\/revisions\/61366"}],"wp:attachment":[{"href":"https:\/\/www.visit-ulcinj.com\/blog\/wp-json\/wp\/v2\/media?parent=61359"}],"wp:term":[{"taxonomy":"category","embeddable":true,"href":"https:\/\/www.visit-ulcinj.com\/blog\/wp-json\/wp\/v2\/categories?post=61359"},{"taxonomy":"post_tag","embeddable":true,"href":"https:\/\/www.visit-ulcinj.com\/blog\/wp-json\/wp\/v2\/tags?post=61359"}],"curies":[{"name":"wp","href":"https:\/\/api.w.org\/{rel}","templated":true}]}}