{"id":61417,"date":"2012-06-07T20:10:09","date_gmt":"2012-06-07T19:10:09","guid":{"rendered":"http:\/\/www.visit-ulcinj.com\/blog\/?p=61417"},"modified":"2012-06-08T14:45:21","modified_gmt":"2012-06-08T13:45:21","slug":"kryetari-cungu-priti-perfaqesues-te-undp-is-mali-i-zi","status":"publish","type":"post","link":"https:\/\/www.visit-ulcinj.com\/blog\/2012\/06\/07\/kryetari-cungu-priti-perfaqesues-te-undp-is-mali-i-zi\/","title":{"rendered":"Kryetari Cungu priti p\u00ebrfaq\u00ebsues t\u00eb UNDP-is  Mali i Zi"},"content":{"rendered":"<p><a href=\"http:\/\/www.visit-ulcinj.com\/blog\/wp-content\/uploads\/2012\/06\/Kryetari-Cungu-priti-p\u00ebrfaq\u00ebsues-t\u00eb-UNDP-is-Mali-i-Zi.jpg\"><img loading=\"lazy\" class=\"alignleft  wp-image-61418\" title=\"Kryetari Cungu priti p\u00ebrfaq\u00ebsues t\u00eb UNDP-is  Mali i Zi\" src=\"http:\/\/www.visit-ulcinj.com\/blog\/wp-content\/uploads\/2012\/06\/Kryetari-Cungu-priti-p\u00ebrfaq\u00ebsues-t\u00eb-UNDP-is-Mali-i-Zi.jpg\" alt=\"\" width=\"508\" height=\"360\" \/><\/a><strong>Kryetari Cungu priti n\u00eb takim p\u00ebrfaq\u00ebsues t\u00eb zyres s\u00eb parandalimit t\u00eb fatkeq\u00ebsive \u2013 UNDP Mali i Zi<\/strong><\/p>\n<p>N\u00ebn organizimin e zyres s\u00eb UNDP-s\u00eb,kryetari i komun\u00ebs s\u00eb Ulqinit z.Nazif Cungu priti n\u00eb takim nj\u00eb grup t\u00eb gj\u00ebr\u00eb t\u00eb ekpert\u00ebve nga Europa Lindore dhe Azia t\u00eb cil\u00ebt diskutuan n\u00eb lidhje me vlersimin dhe parandalimin e krizave dhe fatkeq\u00ebsive natyrore.<\/p>\n<p>Kryetari Cungu i njoftoi ato me gjendjen reale n\u00eb komun\u00ebn e Ulqinit ku theksoi problematiken e p\u00ebrmbytjeve q\u00eb ndodhin n\u00eb zonen pran\u00eb lumit Buna ku gjat\u00eb prurjeve t\u00eb m\u00ebdha nga ky lum p\u00ebrmbyten disa fshatra dhe nj\u00eb pjes\u00eb e mir\u00eb e tokave bujq\u00ebsore n\u00eb k\u00ebt\u00eb zon\u00eb. Ai u shpreh se \u00ebsht\u00eb e nevojshme q\u00eb t\u00eb veprohet sa m\u00eb par\u00eb me masa preventive n\u00eb m\u00ebnyr\u00eb q\u00eb t\u00eb sigurohet zona nga p\u00ebrmbytjet e mund\u00ebshme.<\/p>\n<p>Poashtu theksoi se n\u00ebs\u00eb niveli i lumit Buna do t\u00eb kaloj mbi argjinaturen ekzistuese at\u00ebher do t\u00eb rrezikohen nga permbytja mbi 5000 sht\u00ebpi n\u00eb komunen e Ulqinit. P\u00ebrvec argjinatures s\u00eb lumit, problem tjeter mbeten edhe prrojet dhe kanalet kulluese q\u00eb dredhen n\u00eb k\u00ebt\u00eb lum. Ai tha se p\u00ebr k\u00ebto problematika nuk ka studime dhe plane t\u00eb reja; plani ekzistues \u00ebsht\u00eb punuar para m\u00eb se 30viteve dhe se n\u00eb disa pjes\u00eb nuk fakton me gjendjen ekzistuese.<\/p>\n<p>M\u00eb pas ky grup i p\u00ebrb\u00ebr\u00eb nga 15 ekspert t\u00eb fushes vizituan gjitha pjes\u00ebt e komun\u00ebs s\u00eb Ulqinit q\u00eb preken nga k\u00ebto p\u00ebrmbytje ku u takuan edhe me qytetar t\u00eb k\u00ebtyre zonave p\u00ebr t\u00eb marr informata m\u00eb detale n\u00eb lidhje me situaten.<\/p>\n<p>Rekomandimet e ekspert\u00ebve do t\u00eb integrohen n\u00eb planin e masave p\u00ebr parandalimin e fatkeq\u00ebsive,n\u00eb harten e rrezikut nga p\u00ebrmbytjet,si dhe n\u00eb strategjin\u00eb q\u00eb \u00ebsht\u00eb duke u pregaditur nga Sektori i Mbrojtjes dhe Menaxhimit te Emergjencave, i mb\u00ebshtetur nga UNDP-ja.<\/p>\n<p>Komuna e Ulqinit<\/p>\n","protected":false},"excerpt":{"rendered":"<p>Kryetari Cungu priti n\u00eb takim p\u00ebrfaq\u00ebsues t\u00eb zyres s\u00eb parandalimit t\u00eb fatkeq\u00ebsive \u2013 UNDP Mali i Zi N\u00ebn organizimin e zyres s\u00eb UNDP-s\u00eb,kryetari i komun\u00ebs s\u00eb Ulqinit z.Nazif Cungu priti n\u00eb takim nj\u00eb grup t\u00eb gj\u00ebr\u00eb t\u00eb ekpert\u00ebve nga Europa Lindore dhe Azia t\u00eb cil\u00ebt diskutuan n\u00eb lidhje me vlersimin dhe parandalimin e krizave dhe [&hellip;]<\/p>\n","protected":false},"author":1,"featured_media":0,"comment_status":"open","ping_status":"closed","sticky":false,"template":"","format":"standard","meta":{"spay_email":"","jetpack_publicize_message":"","jetpack_is_tweetstorm":false,"jetpack_publicize_feature_enabled":true},"categories":[1,6],"tags":[16426,95,118,200,18,20629],"jetpack_publicize_connections":[],"yoast_head":"<!-- This site is optimized with the Yoast SEO plugin v19.1 - https:\/\/yoast.com\/wordpress\/plugins\/seo\/ -->\n<title>Kryetari Cungu priti p\u00ebrfaq\u00ebsues t\u00eb UNDP-is Mali i Zi - Lajme nga Ulqini<\/title>\n<meta name=\"description\" content=\"Kryetari Cungu priti n\u00eb takim p\u00ebrfaq\u00ebsues t\u00eb zyres s\u00eb parandalimit t\u00eb fatkeq\u00ebsive \u2013 UNDP Mali i Zi N\u00ebn organizimin e zyres s\u00eb UNDP-s\u00eb,kryetari i komun\u00ebs\" \/>\n<meta name=\"robots\" content=\"index, follow, max-snippet:-1, max-image-preview:large, max-video-preview:-1\" \/>\n<link rel=\"canonical\" href=\"https:\/\/www.visit-ulcinj.com\/blog\/2012\/06\/07\/kryetari-cungu-priti-perfaqesues-te-undp-is-mali-i-zi\/\" \/>\n<meta property=\"og:locale\" content=\"en_US\" \/>\n<meta property=\"og:type\" content=\"article\" \/>\n<meta property=\"og:title\" content=\"Kryetari Cungu priti p\u00ebrfaq\u00ebsues t\u00eb UNDP-is Mali i Zi - Lajme nga Ulqini\" \/>\n<meta property=\"og:description\" content=\"Kryetari Cungu priti n\u00eb takim p\u00ebrfaq\u00ebsues t\u00eb zyres s\u00eb parandalimit t\u00eb fatkeq\u00ebsive \u2013 UNDP Mali i Zi N\u00ebn organizimin e zyres s\u00eb UNDP-s\u00eb,kryetari i komun\u00ebs\" \/>\n<meta property=\"og:url\" content=\"https:\/\/www.visit-ulcinj.com\/blog\/2012\/06\/07\/kryetari-cungu-priti-perfaqesues-te-undp-is-mali-i-zi\/\" \/>\n<meta property=\"og:site_name\" content=\"Lajme nga Ulqini\" \/>\n<meta property=\"article:published_time\" content=\"2012-06-07T19:10:09+00:00\" \/>\n<meta property=\"article:modified_time\" content=\"2012-06-08T13:45:21+00:00\" \/>\n<meta name=\"twitter:label1\" content=\"Written by\" \/>\n\t<meta name=\"twitter:data1\" content=\"ulqini\" \/>\n\t<meta name=\"twitter:label2\" content=\"Est. reading time\" \/>\n\t<meta name=\"twitter:data2\" content=\"2 minutes\" \/>\n<script type=\"application\/ld+json\" class=\"yoast-schema-graph\">{\"@context\":\"https:\/\/schema.org\",\"@graph\":[{\"@type\":\"WebSite\",\"@id\":\"https:\/\/www.visit-ulcinj.com\/blog\/#website\",\"url\":\"https:\/\/www.visit-ulcinj.com\/blog\/\",\"name\":\"Lajme nga Ulqini\",\"description\":\"Lajme,Vijesti,Ulqini,Ulqin,Crna Gora,Mali i Zi\",\"potentialAction\":[{\"@type\":\"SearchAction\",\"target\":{\"@type\":\"EntryPoint\",\"urlTemplate\":\"https:\/\/www.visit-ulcinj.com\/blog\/?s={search_term_string}\"},\"query-input\":\"required name=search_term_string\"}],\"inLanguage\":\"en-US\"},{\"@type\":\"WebPage\",\"@id\":\"https:\/\/www.visit-ulcinj.com\/blog\/2012\/06\/07\/kryetari-cungu-priti-perfaqesues-te-undp-is-mali-i-zi\/#webpage\",\"url\":\"https:\/\/www.visit-ulcinj.com\/blog\/2012\/06\/07\/kryetari-cungu-priti-perfaqesues-te-undp-is-mali-i-zi\/\",\"name\":\"Kryetari Cungu priti p\u00ebrfaq\u00ebsues t\u00eb UNDP-is Mali i Zi - Lajme nga Ulqini\",\"isPartOf\":{\"@id\":\"https:\/\/www.visit-ulcinj.com\/blog\/#website\"},\"datePublished\":\"2012-06-07T19:10:09+00:00\",\"dateModified\":\"2012-06-08T13:45:21+00:00\",\"author\":{\"@id\":\"https:\/\/www.visit-ulcinj.com\/blog\/#\/schema\/person\/dcab619c614d3038751c63bc2aadc06d\"},\"description\":\"Kryetari Cungu priti n\u00eb takim p\u00ebrfaq\u00ebsues t\u00eb zyres s\u00eb parandalimit t\u00eb fatkeq\u00ebsive \u2013 UNDP Mali i Zi N\u00ebn organizimin e zyres s\u00eb UNDP-s\u00eb,kryetari i komun\u00ebs\",\"breadcrumb\":{\"@id\":\"https:\/\/www.visit-ulcinj.com\/blog\/2012\/06\/07\/kryetari-cungu-priti-perfaqesues-te-undp-is-mali-i-zi\/#breadcrumb\"},\"inLanguage\":\"en-US\",\"potentialAction\":[{\"@type\":\"ReadAction\",\"target\":[\"https:\/\/www.visit-ulcinj.com\/blog\/2012\/06\/07\/kryetari-cungu-priti-perfaqesues-te-undp-is-mali-i-zi\/\"]}]},{\"@type\":\"BreadcrumbList\",\"@id\":\"https:\/\/www.visit-ulcinj.com\/blog\/2012\/06\/07\/kryetari-cungu-priti-perfaqesues-te-undp-is-mali-i-zi\/#breadcrumb\",\"itemListElement\":[{\"@type\":\"ListItem\",\"position\":1,\"name\":\"Kryetari Cungu priti p\u00ebrfaq\u00ebsues t\u00eb UNDP-is Mali i Zi\"}]},{\"@type\":\"Person\",\"@id\":\"https:\/\/www.visit-ulcinj.com\/blog\/#\/schema\/person\/dcab619c614d3038751c63bc2aadc06d\",\"name\":\"ulqini\",\"sameAs\":[\"http:\/\/www.visit-ulcinj.com\"],\"url\":\"https:\/\/www.visit-ulcinj.com\/blog\/author\/admin\/\"}]}<\/script>\n<!-- \/ Yoast SEO plugin. -->","yoast_head_json":{"title":"Kryetari Cungu priti p\u00ebrfaq\u00ebsues t\u00eb UNDP-is Mali i Zi - Lajme nga Ulqini","description":"Kryetari Cungu priti n\u00eb takim p\u00ebrfaq\u00ebsues t\u00eb zyres s\u00eb parandalimit t\u00eb fatkeq\u00ebsive \u2013 UNDP Mali i Zi N\u00ebn organizimin e zyres s\u00eb UNDP-s\u00eb,kryetari i komun\u00ebs","robots":{"index":"index","follow":"follow","max-snippet":"max-snippet:-1","max-image-preview":"max-image-preview:large","max-video-preview":"max-video-preview:-1"},"canonical":"https:\/\/www.visit-ulcinj.com\/blog\/2012\/06\/07\/kryetari-cungu-priti-perfaqesues-te-undp-is-mali-i-zi\/","og_locale":"en_US","og_type":"article","og_title":"Kryetari Cungu priti p\u00ebrfaq\u00ebsues t\u00eb UNDP-is Mali i Zi - Lajme nga Ulqini","og_description":"Kryetari Cungu priti n\u00eb takim p\u00ebrfaq\u00ebsues t\u00eb zyres s\u00eb parandalimit t\u00eb fatkeq\u00ebsive \u2013 UNDP Mali i Zi N\u00ebn organizimin e zyres s\u00eb UNDP-s\u00eb,kryetari i komun\u00ebs","og_url":"https:\/\/www.visit-ulcinj.com\/blog\/2012\/06\/07\/kryetari-cungu-priti-perfaqesues-te-undp-is-mali-i-zi\/","og_site_name":"Lajme nga Ulqini","article_published_time":"2012-06-07T19:10:09+00:00","article_modified_time":"2012-06-08T13:45:21+00:00","twitter_misc":{"Written by":"ulqini","Est. reading time":"2 minutes"},"schema":{"@context":"https:\/\/schema.org","@graph":[{"@type":"WebSite","@id":"https:\/\/www.visit-ulcinj.com\/blog\/#website","url":"https:\/\/www.visit-ulcinj.com\/blog\/","name":"Lajme nga Ulqini","description":"Lajme,Vijesti,Ulqini,Ulqin,Crna Gora,Mali i Zi","potentialAction":[{"@type":"SearchAction","target":{"@type":"EntryPoint","urlTemplate":"https:\/\/www.visit-ulcinj.com\/blog\/?s={search_term_string}"},"query-input":"required name=search_term_string"}],"inLanguage":"en-US"},{"@type":"WebPage","@id":"https:\/\/www.visit-ulcinj.com\/blog\/2012\/06\/07\/kryetari-cungu-priti-perfaqesues-te-undp-is-mali-i-zi\/#webpage","url":"https:\/\/www.visit-ulcinj.com\/blog\/2012\/06\/07\/kryetari-cungu-priti-perfaqesues-te-undp-is-mali-i-zi\/","name":"Kryetari Cungu priti p\u00ebrfaq\u00ebsues t\u00eb UNDP-is Mali i Zi - Lajme nga Ulqini","isPartOf":{"@id":"https:\/\/www.visit-ulcinj.com\/blog\/#website"},"datePublished":"2012-06-07T19:10:09+00:00","dateModified":"2012-06-08T13:45:21+00:00","author":{"@id":"https:\/\/www.visit-ulcinj.com\/blog\/#\/schema\/person\/dcab619c614d3038751c63bc2aadc06d"},"description":"Kryetari Cungu priti n\u00eb takim p\u00ebrfaq\u00ebsues t\u00eb zyres s\u00eb parandalimit t\u00eb fatkeq\u00ebsive \u2013 UNDP Mali i Zi N\u00ebn organizimin e zyres s\u00eb UNDP-s\u00eb,kryetari i komun\u00ebs","breadcrumb":{"@id":"https:\/\/www.visit-ulcinj.com\/blog\/2012\/06\/07\/kryetari-cungu-priti-perfaqesues-te-undp-is-mali-i-zi\/#breadcrumb"},"inLanguage":"en-US","potentialAction":[{"@type":"ReadAction","target":["https:\/\/www.visit-ulcinj.com\/blog\/2012\/06\/07\/kryetari-cungu-priti-perfaqesues-te-undp-is-mali-i-zi\/"]}]},{"@type":"BreadcrumbList","@id":"https:\/\/www.visit-ulcinj.com\/blog\/2012\/06\/07\/kryetari-cungu-priti-perfaqesues-te-undp-is-mali-i-zi\/#breadcrumb","itemListElement":[{"@type":"ListItem","position":1,"name":"Kryetari Cungu priti p\u00ebrfaq\u00ebsues t\u00eb UNDP-is Mali i Zi"}]},{"@type":"Person","@id":"https:\/\/www.visit-ulcinj.com\/blog\/#\/schema\/person\/dcab619c614d3038751c63bc2aadc06d","name":"ulqini","sameAs":["http:\/\/www.visit-ulcinj.com"],"url":"https:\/\/www.visit-ulcinj.com\/blog\/author\/admin\/"}]}},"jetpack_featured_media_url":"","jetpack_sharing_enabled":true,"jetpack_shortlink":"https:\/\/wp.me\/pe6lTn-fYB","_links":{"self":[{"href":"https:\/\/www.visit-ulcinj.com\/blog\/wp-json\/wp\/v2\/posts\/61417"}],"collection":[{"href":"https:\/\/www.visit-ulcinj.com\/blog\/wp-json\/wp\/v2\/posts"}],"about":[{"href":"https:\/\/www.visit-ulcinj.com\/blog\/wp-json\/wp\/v2\/types\/post"}],"author":[{"embeddable":true,"href":"https:\/\/www.visit-ulcinj.com\/blog\/wp-json\/wp\/v2\/users\/1"}],"replies":[{"embeddable":true,"href":"https:\/\/www.visit-ulcinj.com\/blog\/wp-json\/wp\/v2\/comments?post=61417"}],"version-history":[{"count":2,"href":"https:\/\/www.visit-ulcinj.com\/blog\/wp-json\/wp\/v2\/posts\/61417\/revisions"}],"predecessor-version":[{"id":61447,"href":"https:\/\/www.visit-ulcinj.com\/blog\/wp-json\/wp\/v2\/posts\/61417\/revisions\/61447"}],"wp:attachment":[{"href":"https:\/\/www.visit-ulcinj.com\/blog\/wp-json\/wp\/v2\/media?parent=61417"}],"wp:term":[{"taxonomy":"category","embeddable":true,"href":"https:\/\/www.visit-ulcinj.com\/blog\/wp-json\/wp\/v2\/categories?post=61417"},{"taxonomy":"post_tag","embeddable":true,"href":"https:\/\/www.visit-ulcinj.com\/blog\/wp-json\/wp\/v2\/tags?post=61417"}],"curies":[{"name":"wp","href":"https:\/\/api.w.org\/{rel}","templated":true}]}}