{"id":61423,"date":"2012-06-07T20:22:11","date_gmt":"2012-06-07T19:22:11","guid":{"rendered":"http:\/\/www.visit-ulcinj.com\/blog\/?p=61423"},"modified":"2012-06-07T20:22:11","modified_gmt":"2012-06-07T19:22:11","slug":"cungu-primio-predstavnike-undp-ja-crne-gore","status":"publish","type":"post","link":"https:\/\/www.visit-ulcinj.com\/blog\/2012\/06\/07\/cungu-primio-predstavnike-undp-ja-crne-gore\/","title":{"rendered":"Cungu primio predstavnike UNDP-ja Crne Gore"},"content":{"rendered":"<p><strong>Cungu primio predstavnike Kancelarije za sprije\u010davanje nesre\u0107a \u2013 UNDP Crna Gora<\/strong><a href=\"http:\/\/www.visit-ulcinj.com\/blog\/wp-content\/uploads\/2012\/06\/Cungu-primio-predstavnike-UNDP-ja-Crne-Gore.jpg\"><img loading=\"lazy\" class=\"alignleft  wp-image-61424\" title=\"Cungu primio predstavnike UNDP-ja Crne Gore\" src=\"http:\/\/www.visit-ulcinj.com\/blog\/wp-content\/uploads\/2012\/06\/Cungu-primio-predstavnike-UNDP-ja-Crne-Gore.jpg\" alt=\"\" width=\"508\" height=\"360\" \/><\/a><\/p>\n<p>U organizaciji Kancelarije UNDP \u2013 a, Predjednik Op\u0161tine Ulcinj g. Nazif Cungu primio je jednu \u0161iroku grupu eksperata iz Isto\u010dne Evrope i Azije koji su raspravljali u vezi ocjenjivanja i sprije\u010davanja kriza i prirodnih nepogoda.<\/p>\n<p>Predsjednik Cungu upoznao ih je sa realnim stanjem u Op\u0161tini Ulcinj a istakao je problem poplava podru\u010dja pored rijeke Bojane, jer prilikom velikih ki\u0161a poplavljuju se nekoliko sela i poljoprivredno zemlji\u0161te. On je rekao da je potrebno da se \u0161to prije preduzimaju preventivne mjere kako bi se ovo podru\u010dje za\u0161titilo od mogu\u0107ih poplava. Tako\u0111e je naglasio da ako rijeka Bojana bude pre\u0161la preko postoje\u0107eg nasipa onda se ugro\u017eavaju od poplava vi\u0161e od 5000 ku\u0107a u Ulcinjskoj Op\u0161tini.<\/p>\n<p>Osim nasipa rijeke problem predstavljaju i potoci i drena\u017eni kanali koji se izlivaju u ovu rijeku. On je rekao da za ovu problematiku nema studija i drugih planova; postoje\u0107i plan je ura\u0111en prije vi\u0161e od 30 godina, i na nekim mjestima ne korespondira sa postoje\u0107im stanjem.<\/p>\n<p>Potom ova grupa sastavljena od 15 stru\u010dnjaka posjetila je sve djelove Ulcinjske Op\u0161tine koja poga\u0111aju poplave i sreli su se i sa gra\u0111anima ovih podru\u010dja radi pribavljanja detalnih informacija u vezi sa ovom situacijom.<\/p>\n<p>Preporuke stru\u010dnjaka bi\u0107e integrisane u plan mjera o sprije\u010davanju nepogoda, u kartu opasnosti od poplave, kao i u strategiju koja je u priremi od strane Sektora Odbrane i Upravljanje vanrednim situacijama, uz podr\u0161ku UNDP.<\/p>\n<p>Op\u0161tina Ulcinj<\/p>\n","protected":false},"excerpt":{"rendered":"<p>Cungu primio predstavnike Kancelarije za sprije\u010davanje nesre\u0107a \u2013 UNDP Crna Gora U organizaciji Kancelarije UNDP \u2013 a, Predjednik Op\u0161tine Ulcinj g. Nazif Cungu primio je jednu \u0161iroku grupu eksperata iz Isto\u010dne Evrope i Azije koji su raspravljali u vezi ocjenjivanja i sprije\u010davanja kriza i prirodnih nepogoda. Predsjednik Cungu upoznao ih je sa realnim stanjem u [&hellip;]<\/p>\n","protected":false},"author":1,"featured_media":0,"comment_status":"open","ping_status":"closed","sticky":false,"template":"","format":"standard","meta":{"spay_email":"","jetpack_publicize_message":"","jetpack_is_tweetstorm":false,"jetpack_publicize_feature_enabled":true},"categories":[8337],"tags":[118,264,20630],"jetpack_publicize_connections":[],"yoast_head":"<!-- This site is optimized with the Yoast SEO plugin v19.1 - https:\/\/yoast.com\/wordpress\/plugins\/seo\/ -->\n<title>Cungu primio predstavnike UNDP-ja Crne Gore - Lajme nga Ulqini<\/title>\n<meta name=\"description\" content=\"Cungu primio predstavnike Kancelarije za sprije\u010davanje nesre\u0107a \u2013 UNDP Crna Gora U organizaciji Kancelarije UNDP \u2013 a, Predjednik Op\u0161tine Ulcinj g. Nazif\" \/>\n<meta name=\"robots\" content=\"index, follow, max-snippet:-1, max-image-preview:large, max-video-preview:-1\" \/>\n<link rel=\"canonical\" href=\"https:\/\/www.visit-ulcinj.com\/blog\/2012\/06\/07\/cungu-primio-predstavnike-undp-ja-crne-gore\/\" \/>\n<meta property=\"og:locale\" content=\"en_US\" \/>\n<meta property=\"og:type\" content=\"article\" \/>\n<meta property=\"og:title\" content=\"Cungu primio predstavnike UNDP-ja Crne Gore - Lajme nga Ulqini\" \/>\n<meta property=\"og:description\" content=\"Cungu primio predstavnike Kancelarije za sprije\u010davanje nesre\u0107a \u2013 UNDP Crna Gora U organizaciji Kancelarije UNDP \u2013 a, Predjednik Op\u0161tine Ulcinj g. Nazif\" \/>\n<meta property=\"og:url\" content=\"https:\/\/www.visit-ulcinj.com\/blog\/2012\/06\/07\/cungu-primio-predstavnike-undp-ja-crne-gore\/\" \/>\n<meta property=\"og:site_name\" content=\"Lajme nga Ulqini\" \/>\n<meta property=\"article:published_time\" content=\"2012-06-07T19:22:11+00:00\" \/>\n<meta property=\"og:image\" content=\"http:\/\/www.visit-ulcinj.com\/blog\/wp-content\/uploads\/2012\/06\/Cungu-primio-predstavnike-UNDP-ja-Crne-Gore.jpg\" \/>\n<meta name=\"twitter:label1\" content=\"Written by\" \/>\n\t<meta name=\"twitter:data1\" content=\"ulqini\" \/>\n\t<meta name=\"twitter:label2\" content=\"Est. reading time\" \/>\n\t<meta name=\"twitter:data2\" content=\"1 minute\" \/>\n<script type=\"application\/ld+json\" class=\"yoast-schema-graph\">{\"@context\":\"https:\/\/schema.org\",\"@graph\":[{\"@type\":\"WebSite\",\"@id\":\"https:\/\/www.visit-ulcinj.com\/blog\/#website\",\"url\":\"https:\/\/www.visit-ulcinj.com\/blog\/\",\"name\":\"Lajme nga Ulqini\",\"description\":\"Lajme,Vijesti,Ulqini,Ulqin,Crna Gora,Mali i Zi\",\"potentialAction\":[{\"@type\":\"SearchAction\",\"target\":{\"@type\":\"EntryPoint\",\"urlTemplate\":\"https:\/\/www.visit-ulcinj.com\/blog\/?s={search_term_string}\"},\"query-input\":\"required name=search_term_string\"}],\"inLanguage\":\"en-US\"},{\"@type\":\"ImageObject\",\"inLanguage\":\"en-US\",\"@id\":\"https:\/\/www.visit-ulcinj.com\/blog\/2012\/06\/07\/cungu-primio-predstavnike-undp-ja-crne-gore\/#primaryimage\",\"url\":\"https:\/\/www.visit-ulcinj.com\/blog\/wp-content\/uploads\/2012\/06\/Cungu-primio-predstavnike-UNDP-ja-Crne-Gore.jpg\",\"contentUrl\":\"https:\/\/www.visit-ulcinj.com\/blog\/wp-content\/uploads\/2012\/06\/Cungu-primio-predstavnike-UNDP-ja-Crne-Gore.jpg\",\"width\":\"640\",\"height\":\"424\"},{\"@type\":\"WebPage\",\"@id\":\"https:\/\/www.visit-ulcinj.com\/blog\/2012\/06\/07\/cungu-primio-predstavnike-undp-ja-crne-gore\/#webpage\",\"url\":\"https:\/\/www.visit-ulcinj.com\/blog\/2012\/06\/07\/cungu-primio-predstavnike-undp-ja-crne-gore\/\",\"name\":\"Cungu primio predstavnike UNDP-ja Crne Gore - Lajme nga Ulqini\",\"isPartOf\":{\"@id\":\"https:\/\/www.visit-ulcinj.com\/blog\/#website\"},\"primaryImageOfPage\":{\"@id\":\"https:\/\/www.visit-ulcinj.com\/blog\/2012\/06\/07\/cungu-primio-predstavnike-undp-ja-crne-gore\/#primaryimage\"},\"datePublished\":\"2012-06-07T19:22:11+00:00\",\"dateModified\":\"2012-06-07T19:22:11+00:00\",\"author\":{\"@id\":\"https:\/\/www.visit-ulcinj.com\/blog\/#\/schema\/person\/dcab619c614d3038751c63bc2aadc06d\"},\"description\":\"Cungu primio predstavnike Kancelarije za sprije\u010davanje nesre\u0107a \u2013 UNDP Crna Gora U organizaciji Kancelarije UNDP \u2013 a, Predjednik Op\u0161tine Ulcinj g. Nazif\",\"breadcrumb\":{\"@id\":\"https:\/\/www.visit-ulcinj.com\/blog\/2012\/06\/07\/cungu-primio-predstavnike-undp-ja-crne-gore\/#breadcrumb\"},\"inLanguage\":\"en-US\",\"potentialAction\":[{\"@type\":\"ReadAction\",\"target\":[\"https:\/\/www.visit-ulcinj.com\/blog\/2012\/06\/07\/cungu-primio-predstavnike-undp-ja-crne-gore\/\"]}]},{\"@type\":\"BreadcrumbList\",\"@id\":\"https:\/\/www.visit-ulcinj.com\/blog\/2012\/06\/07\/cungu-primio-predstavnike-undp-ja-crne-gore\/#breadcrumb\",\"itemListElement\":[{\"@type\":\"ListItem\",\"position\":1,\"name\":\"Cungu primio predstavnike UNDP-ja Crne Gore\"}]},{\"@type\":\"Person\",\"@id\":\"https:\/\/www.visit-ulcinj.com\/blog\/#\/schema\/person\/dcab619c614d3038751c63bc2aadc06d\",\"name\":\"ulqini\",\"sameAs\":[\"http:\/\/www.visit-ulcinj.com\"],\"url\":\"https:\/\/www.visit-ulcinj.com\/blog\/author\/admin\/\"}]}<\/script>\n<!-- \/ Yoast SEO plugin. -->","yoast_head_json":{"title":"Cungu primio predstavnike UNDP-ja Crne Gore - Lajme nga Ulqini","description":"Cungu primio predstavnike Kancelarije za sprije\u010davanje nesre\u0107a \u2013 UNDP Crna Gora U organizaciji Kancelarije UNDP \u2013 a, Predjednik Op\u0161tine Ulcinj g. Nazif","robots":{"index":"index","follow":"follow","max-snippet":"max-snippet:-1","max-image-preview":"max-image-preview:large","max-video-preview":"max-video-preview:-1"},"canonical":"https:\/\/www.visit-ulcinj.com\/blog\/2012\/06\/07\/cungu-primio-predstavnike-undp-ja-crne-gore\/","og_locale":"en_US","og_type":"article","og_title":"Cungu primio predstavnike UNDP-ja Crne Gore - Lajme nga Ulqini","og_description":"Cungu primio predstavnike Kancelarije za sprije\u010davanje nesre\u0107a \u2013 UNDP Crna Gora U organizaciji Kancelarije UNDP \u2013 a, Predjednik Op\u0161tine Ulcinj g. Nazif","og_url":"https:\/\/www.visit-ulcinj.com\/blog\/2012\/06\/07\/cungu-primio-predstavnike-undp-ja-crne-gore\/","og_site_name":"Lajme nga Ulqini","article_published_time":"2012-06-07T19:22:11+00:00","og_image":[{"url":"http:\/\/www.visit-ulcinj.com\/blog\/wp-content\/uploads\/2012\/06\/Cungu-primio-predstavnike-UNDP-ja-Crne-Gore.jpg"}],"twitter_misc":{"Written by":"ulqini","Est. reading time":"1 minute"},"schema":{"@context":"https:\/\/schema.org","@graph":[{"@type":"WebSite","@id":"https:\/\/www.visit-ulcinj.com\/blog\/#website","url":"https:\/\/www.visit-ulcinj.com\/blog\/","name":"Lajme nga Ulqini","description":"Lajme,Vijesti,Ulqini,Ulqin,Crna Gora,Mali i Zi","potentialAction":[{"@type":"SearchAction","target":{"@type":"EntryPoint","urlTemplate":"https:\/\/www.visit-ulcinj.com\/blog\/?s={search_term_string}"},"query-input":"required name=search_term_string"}],"inLanguage":"en-US"},{"@type":"ImageObject","inLanguage":"en-US","@id":"https:\/\/www.visit-ulcinj.com\/blog\/2012\/06\/07\/cungu-primio-predstavnike-undp-ja-crne-gore\/#primaryimage","url":"https:\/\/www.visit-ulcinj.com\/blog\/wp-content\/uploads\/2012\/06\/Cungu-primio-predstavnike-UNDP-ja-Crne-Gore.jpg","contentUrl":"https:\/\/www.visit-ulcinj.com\/blog\/wp-content\/uploads\/2012\/06\/Cungu-primio-predstavnike-UNDP-ja-Crne-Gore.jpg","width":"640","height":"424"},{"@type":"WebPage","@id":"https:\/\/www.visit-ulcinj.com\/blog\/2012\/06\/07\/cungu-primio-predstavnike-undp-ja-crne-gore\/#webpage","url":"https:\/\/www.visit-ulcinj.com\/blog\/2012\/06\/07\/cungu-primio-predstavnike-undp-ja-crne-gore\/","name":"Cungu primio predstavnike UNDP-ja Crne Gore - Lajme nga Ulqini","isPartOf":{"@id":"https:\/\/www.visit-ulcinj.com\/blog\/#website"},"primaryImageOfPage":{"@id":"https:\/\/www.visit-ulcinj.com\/blog\/2012\/06\/07\/cungu-primio-predstavnike-undp-ja-crne-gore\/#primaryimage"},"datePublished":"2012-06-07T19:22:11+00:00","dateModified":"2012-06-07T19:22:11+00:00","author":{"@id":"https:\/\/www.visit-ulcinj.com\/blog\/#\/schema\/person\/dcab619c614d3038751c63bc2aadc06d"},"description":"Cungu primio predstavnike Kancelarije za sprije\u010davanje nesre\u0107a \u2013 UNDP Crna Gora U organizaciji Kancelarije UNDP \u2013 a, Predjednik Op\u0161tine Ulcinj g. Nazif","breadcrumb":{"@id":"https:\/\/www.visit-ulcinj.com\/blog\/2012\/06\/07\/cungu-primio-predstavnike-undp-ja-crne-gore\/#breadcrumb"},"inLanguage":"en-US","potentialAction":[{"@type":"ReadAction","target":["https:\/\/www.visit-ulcinj.com\/blog\/2012\/06\/07\/cungu-primio-predstavnike-undp-ja-crne-gore\/"]}]},{"@type":"BreadcrumbList","@id":"https:\/\/www.visit-ulcinj.com\/blog\/2012\/06\/07\/cungu-primio-predstavnike-undp-ja-crne-gore\/#breadcrumb","itemListElement":[{"@type":"ListItem","position":1,"name":"Cungu primio predstavnike UNDP-ja Crne Gore"}]},{"@type":"Person","@id":"https:\/\/www.visit-ulcinj.com\/blog\/#\/schema\/person\/dcab619c614d3038751c63bc2aadc06d","name":"ulqini","sameAs":["http:\/\/www.visit-ulcinj.com"],"url":"https:\/\/www.visit-ulcinj.com\/blog\/author\/admin\/"}]}},"jetpack_featured_media_url":"","jetpack_sharing_enabled":true,"jetpack_shortlink":"https:\/\/wp.me\/pe6lTn-fYH","_links":{"self":[{"href":"https:\/\/www.visit-ulcinj.com\/blog\/wp-json\/wp\/v2\/posts\/61423"}],"collection":[{"href":"https:\/\/www.visit-ulcinj.com\/blog\/wp-json\/wp\/v2\/posts"}],"about":[{"href":"https:\/\/www.visit-ulcinj.com\/blog\/wp-json\/wp\/v2\/types\/post"}],"author":[{"embeddable":true,"href":"https:\/\/www.visit-ulcinj.com\/blog\/wp-json\/wp\/v2\/users\/1"}],"replies":[{"embeddable":true,"href":"https:\/\/www.visit-ulcinj.com\/blog\/wp-json\/wp\/v2\/comments?post=61423"}],"version-history":[{"count":1,"href":"https:\/\/www.visit-ulcinj.com\/blog\/wp-json\/wp\/v2\/posts\/61423\/revisions"}],"predecessor-version":[{"id":61425,"href":"https:\/\/www.visit-ulcinj.com\/blog\/wp-json\/wp\/v2\/posts\/61423\/revisions\/61425"}],"wp:attachment":[{"href":"https:\/\/www.visit-ulcinj.com\/blog\/wp-json\/wp\/v2\/media?parent=61423"}],"wp:term":[{"taxonomy":"category","embeddable":true,"href":"https:\/\/www.visit-ulcinj.com\/blog\/wp-json\/wp\/v2\/categories?post=61423"},{"taxonomy":"post_tag","embeddable":true,"href":"https:\/\/www.visit-ulcinj.com\/blog\/wp-json\/wp\/v2\/tags?post=61423"}],"curies":[{"name":"wp","href":"https:\/\/api.w.org\/{rel}","templated":true}]}}