{"id":61429,"date":"2012-06-08T07:35:18","date_gmt":"2012-06-08T06:35:18","guid":{"rendered":"http:\/\/www.visit-ulcinj.com\/blog\/?p=61429"},"modified":"2012-06-08T08:00:24","modified_gmt":"2012-06-08T07:00:24","slug":"svecano-podizanje-prvih-plavih-zastavica-u-2012","status":"publish","type":"post","link":"https:\/\/www.visit-ulcinj.com\/blog\/2012\/06\/08\/svecano-podizanje-prvih-plavih-zastavica-u-2012\/","title":{"rendered":"Sve\u010dano podizanje prvih Plavih zastavica u 2012"},"content":{"rendered":"<p><strong><a href=\"http:\/\/www.visit-ulcinj.com\/blog\/wp-content\/uploads\/2012\/06\/plave-zastavice-u-ulcinju_crna-gora.jpg\"><img loading=\"lazy\" class=\"alignleft size-full wp-image-61430\" title=\"plave-zastavice-u-ulcinju_crna gora\" src=\"http:\/\/www.visit-ulcinj.com\/blog\/wp-content\/uploads\/2012\/06\/plave-zastavice-u-ulcinju_crna-gora.jpg\" alt=\"\" width=\"350\" height=\"252\" srcset=\"https:\/\/www.visit-ulcinj.com\/blog\/wp-content\/uploads\/2012\/06\/plave-zastavice-u-ulcinju_crna-gora.jpg 350w, https:\/\/www.visit-ulcinj.com\/blog\/wp-content\/uploads\/2012\/06\/plave-zastavice-u-ulcinju_crna-gora-300x216.jpg 300w\" sizes=\"(max-width: 350px) 100vw, 350px\" \/><\/a>Sve\u010dano podizanje prvih Plavih zastavica u 2012. godini bi\u0107e uprili\u010deno u utorak, 5. juna u 11 sati, na sredi\u0161njem dijelu pla\u017ee Jaz u Budvi, na kupali\u0161tima &#8220;Escallera&#8221;, &#8220;Blue Beach&#8221; i &#8220;S&amp;I Beach Life&#8221;.<\/strong><\/p>\n<p>Osim na tri pomenuta kupali\u0161ta na Jazu, po odluci Me\u0111unarodnog \u017eirija, Plave zastavice \u0107e se ovog ljeta vijoriti i na sljede\u0107im kupali\u0161tima: &#8220;Club Hotel Rivijera&#8221; &#8211; Njivice, Herceg Novi; &#8220;Cuba Libre&#8221; i &#8220;Porto \u017danjic&#8221; &#8211; \u017danjic; &#8220;Stevuzo&#8221;, uvala Dobre\u010d na Lu\u0161tici; &#8220;Plavi Horizonti&#8221;, Pr\u017eno; &#8220;Almara beach&#8221;, uvala Oblatno; &#8220;Kalardovo&#8221;, Tivat; &#8220;Sveti Toma&#8221; i &#8220;Hotel Queen of Montenegro&#8221; &#8211; Be\u010di\u0107i; &#8220;Centar&#8221; &#8211; Sutomore; &#8220;Tony Grill&#8221;; &#8220;Evropa beach&#8221;; &#8220;Safari beach&#8221;, &#8220;MCM beach&#8221;, &#8220;Tropicana&#8221; i &#8220;Copacabana&#8221; na Velikoj ulcinjskoj pla\u017ei.<\/p>\n<p><a href=\"http:\/\/www.visit-ulcinj.com\/blog\/wp-content\/uploads\/2012\/06\/Plava-Zastavica-skrelja_plaza-copacabana.jpg\"><img loading=\"lazy\" class=\"alignleft  wp-image-61432\" title=\"Plava-Zastavica-skrelja_plaza copacabana\" src=\"http:\/\/www.visit-ulcinj.com\/blog\/wp-content\/uploads\/2012\/06\/Plava-Zastavica-skrelja_plaza-copacabana.jpg\" alt=\"\" width=\"508\" height=\"360\" \/><\/a><\/p>\n<p>Kampanja Plava zastavica ove godine slavi svoj jubilej &#8211; 25 godina uspje\u0161ne sprovo\u0111enja Programa Plava zastavica, koji realizuje me\u0111unarodna mre\u017ea preko 60 ekolo\u0161kih nevladinih organizacija FEE &#8211; Fondacija za ekolo\u0161ko obrazovanje, a simbol presti\u017enog me\u0111unarodnog priznanja \u0107e biti istaknut na ukupno 3098 pla\u017ea i 646 marina u 36 dr\u017eava sjeverne hemisfere (Evropa, Kanadra, Jordan, Maroko, Tunis, Turska i UAE), dok \u0107e odluka za dodjelu Plavih zastavica u zemljama ju\u017ene hemisfere (Ju\u017ena Afrika, Novi Zeland, Ju\u017ena Amerika i Australija) biti donesena u septembru.<\/p>\n<p>Za svih 19 crnogorskih Plavih zastavica koje su kandidovane i proslije\u0111ene od strane Nacionalnog \u017eirija, Me\u0111unarodni \u017eiri je ocijenio da zaslu\u017euju da nose ovo obilje\u017eje visokih ekolo\u0161kih standarda, organizacije i usluga na pla\u017eama u 2012 godini. Pored toga, kupali\u0161ta &#8220;Paradiso&#8221; u uvali Utjeha te &#8220;Lux Beach&#8221; i &#8220;Miami&#8221; na Velikoj pla\u017ei u Ulcinju, predlo\u017eena su za Pilot fazu, gdje \u0107e i ove godine biti marina &#8220;Porto Montengro&#8221;, kandidovana za dodjelu Plave zastavice za marine.<\/p>\n<p><span style=\"text-decoration: underline;\">Pla\u017ee sa Plavom zastavicom:<\/span><\/p>\n<p>&nbsp;<\/p>\n<p>1. \u201eClub hotel Riviera\u201c, Njivice (op\u0161tina Herceg Novi)<\/p>\n<p>2. \u201ePorto\u201c, \u017danjic (op\u0161tina Herceg Novi)<\/p>\n<p>3. \u201eCuba Libre\u201c, \u017danjic (op\u0161tina Herceg Novi)<\/p>\n<p>4. \u201eStevuzo\u201c, uvala Dobre\u010d (op\u0161tina Herceg Novi)<\/p>\n<p>5. \u201eAlmara beach\u201c, Oblatno (op\u0161tina Tivat)<\/p>\n<p>6. Hotel \u201ePlavi Horizonti\u201c (op\u0161tina Tivat)<\/p>\n<p>7. \u201eKalardovo\u201c(op\u0161tina Tivat)<\/p>\n<p>8. \u201eBlue Beach\u201c na Jazu (op\u0161tina Budva)<\/p>\n<p>9. \u201eS &amp; I beach life\u201c na Jazu (op\u0161tina Budva)<\/p>\n<p>10. \u201eEscallera\u201c na Jazu (op\u0161tina Budva),<\/p>\n<p>11. \u201eSveti Toma\u201c, Be\u010di\u0107i (op\u0161tina Budva)<\/p>\n<p>12. Hotel \u201eQueen of Montenegro\u201c, Be\u010di\u0107i (op\u0161tina Budva)<\/p>\n<p>13. \u201eCentar\u201c, Sutomore (op\u0161tina Bar)<\/p>\n<p>14. \u201eTony Grill\u201c na Velikoj pla\u017ei (op\u0161tina Ulcinj)<\/p>\n<p>15. \u201eEvropa\u201c na Velikoj pla\u017ei (op\u0161tina Ulcinj)<\/p>\n<p>16. \u201eSafari\u201c na Velikoj pla\u017ei (op\u0161tina Ulcinj)<\/p>\n<p>17. \u201eMCM beach\u201c na Velikoj pla\u017ei (op\u0161tina Ulcinj)<\/p>\n<p>18. \u201eTropicana\u201c na Velikoj pla\u017ei (op\u0161tina Ulcinj)<\/p>\n<p>19. \u201eCopacabana\u201c na Velikoj pla\u017ei (op\u0161tina Ulcinj).<\/p>\n<p>&nbsp;<\/p>\n<p><span style=\"text-decoration: underline;\">Pla\u017ee u pilot fazi Plave zastavice:<\/span><\/p>\n<p>&nbsp;<\/p>\n<p>1. \u00a0Hotel \u201ePerla\u201c, Savina (op\u0161tina Herceg Novi)<\/p>\n<p>2. \u201eSolila\u201c, Djura\u0161evi\u0107i (op\u0161tina Tivat)<\/p>\n<p>3. \u201eParadiso\u201c, uvala Utjeha (op\u0161tina Bar)<\/p>\n<p>4. \u201eMiami\u201c na Velikoj pla\u017ei (op\u0161tina Ulcinj)<\/p>\n<p>5. \u201eLux beach\u201c na Velikoj pla\u017ei (op\u0161tina Ulcinj)<\/p>\n<p>&nbsp;<\/p>\n<p><span style=\"text-decoration: underline;\">Marina u pilot fazi Plave zastavice:<\/span><\/p>\n<p>&nbsp;<\/p>\n<p>1. \u201ePorto Montenegro\u201d Tivat, (op\u0161tina Tivat)<\/p>\n<p><strong>Plava zastavica<\/strong><\/p>\n<!--YouTube Error: bad URL entered-->\n","protected":false},"excerpt":{"rendered":"<p>Sve\u010dano podizanje prvih Plavih zastavica u 2012. godini bi\u0107e uprili\u010deno u utorak, 5. juna u 11 sati, na sredi\u0161njem dijelu pla\u017ee Jaz u Budvi, na kupali\u0161tima &#8220;Escallera&#8221;, &#8220;Blue Beach&#8221; i &#8220;S&amp;I Beach Life&#8221;. Osim na tri pomenuta kupali\u0161ta na Jazu, po odluci Me\u0111unarodnog \u017eirija, Plave zastavice \u0107e se ovog ljeta vijoriti i na sljede\u0107im kupali\u0161tima: [&hellip;]<\/p>\n","protected":false},"author":1,"featured_media":0,"comment_status":"open","ping_status":"closed","sticky":false,"template":"","format":"standard","meta":{"spay_email":"","jetpack_publicize_message":"","jetpack_is_tweetstorm":false,"jetpack_publicize_feature_enabled":true},"categories":[8337],"tags":[20632,20638,11832,20,20633,18310,20631,20635,20637,20634,20636],"jetpack_publicize_connections":[],"yoast_head":"<!-- This site is optimized with the Yoast SEO plugin v19.1 - https:\/\/yoast.com\/wordpress\/plugins\/seo\/ -->\n<title>Sve\u010dano podizanje prvih Plavih zastavica u 2012 - Lajme nga Ulqini<\/title>\n<meta name=\"description\" content=\"Sve\u010dano podizanje prvih Plavih zastavica u 2012. godini bi\u0107e uprili\u010deno u utorak, 5. juna u 11 sati, na sredi\u0161njem dijelu pla\u017ee Jaz u Budvi, na\" \/>\n<meta name=\"robots\" content=\"index, follow, max-snippet:-1, max-image-preview:large, max-video-preview:-1\" \/>\n<link rel=\"canonical\" href=\"https:\/\/www.visit-ulcinj.com\/blog\/2012\/06\/08\/svecano-podizanje-prvih-plavih-zastavica-u-2012\/\" \/>\n<meta property=\"og:locale\" content=\"en_US\" \/>\n<meta property=\"og:type\" content=\"article\" \/>\n<meta property=\"og:title\" content=\"Sve\u010dano podizanje prvih Plavih zastavica u 2012 - Lajme nga Ulqini\" \/>\n<meta property=\"og:description\" content=\"Sve\u010dano podizanje prvih Plavih zastavica u 2012. godini bi\u0107e uprili\u010deno u utorak, 5. juna u 11 sati, na sredi\u0161njem dijelu pla\u017ee Jaz u Budvi, na\" \/>\n<meta property=\"og:url\" content=\"https:\/\/www.visit-ulcinj.com\/blog\/2012\/06\/08\/svecano-podizanje-prvih-plavih-zastavica-u-2012\/\" \/>\n<meta property=\"og:site_name\" content=\"Lajme nga Ulqini\" \/>\n<meta property=\"article:published_time\" content=\"2012-06-08T06:35:18+00:00\" \/>\n<meta property=\"article:modified_time\" content=\"2012-06-08T07:00:24+00:00\" \/>\n<meta property=\"og:image\" content=\"http:\/\/www.visit-ulcinj.com\/blog\/wp-content\/uploads\/2012\/06\/plave-zastavice-u-ulcinju_crna-gora.jpg\" \/>\n<meta name=\"twitter:label1\" content=\"Written by\" \/>\n\t<meta name=\"twitter:data1\" content=\"ulqini\" \/>\n\t<meta name=\"twitter:label2\" content=\"Est. reading time\" \/>\n\t<meta name=\"twitter:data2\" content=\"3 minutes\" \/>\n<script type=\"application\/ld+json\" class=\"yoast-schema-graph\">{\"@context\":\"https:\/\/schema.org\",\"@graph\":[{\"@type\":\"WebSite\",\"@id\":\"https:\/\/www.visit-ulcinj.com\/blog\/#website\",\"url\":\"https:\/\/www.visit-ulcinj.com\/blog\/\",\"name\":\"Lajme nga Ulqini\",\"description\":\"Lajme,Vijesti,Ulqini,Ulqin,Crna Gora,Mali i Zi\",\"potentialAction\":[{\"@type\":\"SearchAction\",\"target\":{\"@type\":\"EntryPoint\",\"urlTemplate\":\"https:\/\/www.visit-ulcinj.com\/blog\/?s={search_term_string}\"},\"query-input\":\"required name=search_term_string\"}],\"inLanguage\":\"en-US\"},{\"@type\":\"ImageObject\",\"inLanguage\":\"en-US\",\"@id\":\"https:\/\/www.visit-ulcinj.com\/blog\/2012\/06\/08\/svecano-podizanje-prvih-plavih-zastavica-u-2012\/#primaryimage\",\"url\":\"https:\/\/www.visit-ulcinj.com\/blog\/wp-content\/uploads\/2012\/06\/plave-zastavice-u-ulcinju_crna-gora.jpg\",\"contentUrl\":\"https:\/\/www.visit-ulcinj.com\/blog\/wp-content\/uploads\/2012\/06\/plave-zastavice-u-ulcinju_crna-gora.jpg\",\"width\":\"350\",\"height\":\"252\"},{\"@type\":\"WebPage\",\"@id\":\"https:\/\/www.visit-ulcinj.com\/blog\/2012\/06\/08\/svecano-podizanje-prvih-plavih-zastavica-u-2012\/#webpage\",\"url\":\"https:\/\/www.visit-ulcinj.com\/blog\/2012\/06\/08\/svecano-podizanje-prvih-plavih-zastavica-u-2012\/\",\"name\":\"Sve\u010dano podizanje prvih Plavih zastavica u 2012 - Lajme nga Ulqini\",\"isPartOf\":{\"@id\":\"https:\/\/www.visit-ulcinj.com\/blog\/#website\"},\"primaryImageOfPage\":{\"@id\":\"https:\/\/www.visit-ulcinj.com\/blog\/2012\/06\/08\/svecano-podizanje-prvih-plavih-zastavica-u-2012\/#primaryimage\"},\"datePublished\":\"2012-06-08T06:35:18+00:00\",\"dateModified\":\"2012-06-08T07:00:24+00:00\",\"author\":{\"@id\":\"https:\/\/www.visit-ulcinj.com\/blog\/#\/schema\/person\/dcab619c614d3038751c63bc2aadc06d\"},\"description\":\"Sve\u010dano podizanje prvih Plavih zastavica u 2012. godini bi\u0107e uprili\u010deno u utorak, 5. juna u 11 sati, na sredi\u0161njem dijelu pla\u017ee Jaz u Budvi, na\",\"breadcrumb\":{\"@id\":\"https:\/\/www.visit-ulcinj.com\/blog\/2012\/06\/08\/svecano-podizanje-prvih-plavih-zastavica-u-2012\/#breadcrumb\"},\"inLanguage\":\"en-US\",\"potentialAction\":[{\"@type\":\"ReadAction\",\"target\":[\"https:\/\/www.visit-ulcinj.com\/blog\/2012\/06\/08\/svecano-podizanje-prvih-plavih-zastavica-u-2012\/\"]}]},{\"@type\":\"BreadcrumbList\",\"@id\":\"https:\/\/www.visit-ulcinj.com\/blog\/2012\/06\/08\/svecano-podizanje-prvih-plavih-zastavica-u-2012\/#breadcrumb\",\"itemListElement\":[{\"@type\":\"ListItem\",\"position\":1,\"name\":\"Sve\u010dano podizanje prvih Plavih zastavica u 2012\"}]},{\"@type\":\"Person\",\"@id\":\"https:\/\/www.visit-ulcinj.com\/blog\/#\/schema\/person\/dcab619c614d3038751c63bc2aadc06d\",\"name\":\"ulqini\",\"sameAs\":[\"http:\/\/www.visit-ulcinj.com\"],\"url\":\"https:\/\/www.visit-ulcinj.com\/blog\/author\/admin\/\"}]}<\/script>\n<!-- \/ Yoast SEO plugin. -->","yoast_head_json":{"title":"Sve\u010dano podizanje prvih Plavih zastavica u 2012 - Lajme nga Ulqini","description":"Sve\u010dano podizanje prvih Plavih zastavica u 2012. godini bi\u0107e uprili\u010deno u utorak, 5. juna u 11 sati, na sredi\u0161njem dijelu pla\u017ee Jaz u Budvi, na","robots":{"index":"index","follow":"follow","max-snippet":"max-snippet:-1","max-image-preview":"max-image-preview:large","max-video-preview":"max-video-preview:-1"},"canonical":"https:\/\/www.visit-ulcinj.com\/blog\/2012\/06\/08\/svecano-podizanje-prvih-plavih-zastavica-u-2012\/","og_locale":"en_US","og_type":"article","og_title":"Sve\u010dano podizanje prvih Plavih zastavica u 2012 - Lajme nga Ulqini","og_description":"Sve\u010dano podizanje prvih Plavih zastavica u 2012. godini bi\u0107e uprili\u010deno u utorak, 5. juna u 11 sati, na sredi\u0161njem dijelu pla\u017ee Jaz u Budvi, na","og_url":"https:\/\/www.visit-ulcinj.com\/blog\/2012\/06\/08\/svecano-podizanje-prvih-plavih-zastavica-u-2012\/","og_site_name":"Lajme nga Ulqini","article_published_time":"2012-06-08T06:35:18+00:00","article_modified_time":"2012-06-08T07:00:24+00:00","og_image":[{"url":"http:\/\/www.visit-ulcinj.com\/blog\/wp-content\/uploads\/2012\/06\/plave-zastavice-u-ulcinju_crna-gora.jpg"}],"twitter_misc":{"Written by":"ulqini","Est. reading time":"3 minutes"},"schema":{"@context":"https:\/\/schema.org","@graph":[{"@type":"WebSite","@id":"https:\/\/www.visit-ulcinj.com\/blog\/#website","url":"https:\/\/www.visit-ulcinj.com\/blog\/","name":"Lajme nga Ulqini","description":"Lajme,Vijesti,Ulqini,Ulqin,Crna Gora,Mali i Zi","potentialAction":[{"@type":"SearchAction","target":{"@type":"EntryPoint","urlTemplate":"https:\/\/www.visit-ulcinj.com\/blog\/?s={search_term_string}"},"query-input":"required name=search_term_string"}],"inLanguage":"en-US"},{"@type":"ImageObject","inLanguage":"en-US","@id":"https:\/\/www.visit-ulcinj.com\/blog\/2012\/06\/08\/svecano-podizanje-prvih-plavih-zastavica-u-2012\/#primaryimage","url":"https:\/\/www.visit-ulcinj.com\/blog\/wp-content\/uploads\/2012\/06\/plave-zastavice-u-ulcinju_crna-gora.jpg","contentUrl":"https:\/\/www.visit-ulcinj.com\/blog\/wp-content\/uploads\/2012\/06\/plave-zastavice-u-ulcinju_crna-gora.jpg","width":"350","height":"252"},{"@type":"WebPage","@id":"https:\/\/www.visit-ulcinj.com\/blog\/2012\/06\/08\/svecano-podizanje-prvih-plavih-zastavica-u-2012\/#webpage","url":"https:\/\/www.visit-ulcinj.com\/blog\/2012\/06\/08\/svecano-podizanje-prvih-plavih-zastavica-u-2012\/","name":"Sve\u010dano podizanje prvih Plavih zastavica u 2012 - Lajme nga Ulqini","isPartOf":{"@id":"https:\/\/www.visit-ulcinj.com\/blog\/#website"},"primaryImageOfPage":{"@id":"https:\/\/www.visit-ulcinj.com\/blog\/2012\/06\/08\/svecano-podizanje-prvih-plavih-zastavica-u-2012\/#primaryimage"},"datePublished":"2012-06-08T06:35:18+00:00","dateModified":"2012-06-08T07:00:24+00:00","author":{"@id":"https:\/\/www.visit-ulcinj.com\/blog\/#\/schema\/person\/dcab619c614d3038751c63bc2aadc06d"},"description":"Sve\u010dano podizanje prvih Plavih zastavica u 2012. godini bi\u0107e uprili\u010deno u utorak, 5. juna u 11 sati, na sredi\u0161njem dijelu pla\u017ee Jaz u Budvi, na","breadcrumb":{"@id":"https:\/\/www.visit-ulcinj.com\/blog\/2012\/06\/08\/svecano-podizanje-prvih-plavih-zastavica-u-2012\/#breadcrumb"},"inLanguage":"en-US","potentialAction":[{"@type":"ReadAction","target":["https:\/\/www.visit-ulcinj.com\/blog\/2012\/06\/08\/svecano-podizanje-prvih-plavih-zastavica-u-2012\/"]}]},{"@type":"BreadcrumbList","@id":"https:\/\/www.visit-ulcinj.com\/blog\/2012\/06\/08\/svecano-podizanje-prvih-plavih-zastavica-u-2012\/#breadcrumb","itemListElement":[{"@type":"ListItem","position":1,"name":"Sve\u010dano podizanje prvih Plavih zastavica u 2012"}]},{"@type":"Person","@id":"https:\/\/www.visit-ulcinj.com\/blog\/#\/schema\/person\/dcab619c614d3038751c63bc2aadc06d","name":"ulqini","sameAs":["http:\/\/www.visit-ulcinj.com"],"url":"https:\/\/www.visit-ulcinj.com\/blog\/author\/admin\/"}]}},"jetpack_featured_media_url":"","jetpack_sharing_enabled":true,"jetpack_shortlink":"https:\/\/wp.me\/pe6lTn-fYN","_links":{"self":[{"href":"https:\/\/www.visit-ulcinj.com\/blog\/wp-json\/wp\/v2\/posts\/61429"}],"collection":[{"href":"https:\/\/www.visit-ulcinj.com\/blog\/wp-json\/wp\/v2\/posts"}],"about":[{"href":"https:\/\/www.visit-ulcinj.com\/blog\/wp-json\/wp\/v2\/types\/post"}],"author":[{"embeddable":true,"href":"https:\/\/www.visit-ulcinj.com\/blog\/wp-json\/wp\/v2\/users\/1"}],"replies":[{"embeddable":true,"href":"https:\/\/www.visit-ulcinj.com\/blog\/wp-json\/wp\/v2\/comments?post=61429"}],"version-history":[{"count":4,"href":"https:\/\/www.visit-ulcinj.com\/blog\/wp-json\/wp\/v2\/posts\/61429\/revisions"}],"predecessor-version":[{"id":61434,"href":"https:\/\/www.visit-ulcinj.com\/blog\/wp-json\/wp\/v2\/posts\/61429\/revisions\/61434"}],"wp:attachment":[{"href":"https:\/\/www.visit-ulcinj.com\/blog\/wp-json\/wp\/v2\/media?parent=61429"}],"wp:term":[{"taxonomy":"category","embeddable":true,"href":"https:\/\/www.visit-ulcinj.com\/blog\/wp-json\/wp\/v2\/categories?post=61429"},{"taxonomy":"post_tag","embeddable":true,"href":"https:\/\/www.visit-ulcinj.com\/blog\/wp-json\/wp\/v2\/tags?post=61429"}],"curies":[{"name":"wp","href":"https:\/\/api.w.org\/{rel}","templated":true}]}}