{"id":61437,"date":"2012-06-08T14:44:39","date_gmt":"2012-06-08T13:44:39","guid":{"rendered":"http:\/\/www.visit-ulcinj.com\/blog\/?p=61437"},"modified":"2012-06-09T18:45:18","modified_gmt":"2012-06-09T17:45:18","slug":"plazhet-me-te-mira-te-ulqinit-dhe-te-malit-te-zi","status":"publish","type":"post","link":"https:\/\/www.visit-ulcinj.com\/blog\/2012\/06\/08\/plazhet-me-te-mira-te-ulqinit-dhe-te-malit-te-zi\/","title":{"rendered":"Plazhet me te mira te Ulqinit dhe t\u00eb Malit t\u00eb Zi"},"content":{"rendered":"<p><a href=\"http:\/\/www.blueflag.org\/Menu\/Awarded+sites\/2012\/Northern+Hemisphere\/Montenegro\" target=\"_blank\"><img loading=\"lazy\" class=\"alignleft size-full wp-image-61444\" title=\"Plazhi tropicana dhe Plazhet me te mira te Ulqinit dhe t\u00eb Malit t\u00eb Zi\" src=\"http:\/\/www.visit-ulcinj.com\/blog\/wp-content\/uploads\/2012\/06\/Plazhi-tropicana-dhe-Plazhet-me-te-mira-te-Ulqinit-dhe-t\u00eb-Malit-t\u00eb-Zi.jpg\" alt=\"\" width=\"350\" height=\"252\" srcset=\"https:\/\/www.visit-ulcinj.com\/blog\/wp-content\/uploads\/2012\/06\/Plazhi-tropicana-dhe-Plazhet-me-te-mira-te-Ulqinit-dhe-t\u00eb-Malit-t\u00eb-Zi.jpg 350w, https:\/\/www.visit-ulcinj.com\/blog\/wp-content\/uploads\/2012\/06\/Plazhi-tropicana-dhe-Plazhet-me-te-mira-te-Ulqinit-dhe-t\u00eb-Malit-t\u00eb-Zi-300x216.jpg 300w\" sizes=\"(max-width: 350px) 100vw, 350px\" \/><\/a>N\u00eb linj\u00ebn e plazhit t\u00eb Ulqinit prej 13 kilometrash u jepet licenca e flamurit t\u00eb kalt\u00ebrt p\u00ebr aktivitetin e plazhit dhe n\u00eb sh\u00ebrbimet e kualitetit.<\/p>\n<p>Ato jan 6 plazhet me kualitetin e lart t\u00eb sh\u00ebrbimit plus jan edhe 2 n\u00eb faz\u00ebn pilot p\u00ebr ta marrur licenc\u00ebn e flamurit t\u00eb kalt\u00ebrt. Nuk mjafton vet\u00ebm deti e dit\u00ebt me diell, por edhe nj\u00eb jet\u00eb kulturore.Nj\u00eb num\u00ebr i madh i plazheve tona kan\u00eb marr\u00eb flamurin e kalt\u00ebr, em\u00ebruesi i p\u00ebrbashk\u00ebt i t\u00eb cilave jan\u00eb standardet kryesore: past\u00ebrtia e uj\u00ebrave, plazheve, sip\u00ebrfaqja e rezervuar p\u00ebr \u00e7do \u00e7ad\u00ebr dhe turist dhe, mbi t\u00eb gjitha, p\u00ebr mua m\u00eb e r\u00ebnd\u00ebsishme \u00ebsht\u00eb mir\u00ebsjellja e qytetar\u00ebve, sip\u00ebrmarr\u00ebsve t\u00eb k\u00ebtyre bizneseve,v\u00ebrteton dhe vlerat q\u00eb ulqinak\u00ebt kan\u00eb p\u00ebr t\u2019u marr\u00eb me turizmin.<br \/>\nPrej plazheve q\u00eb val\u00ebvit flamurin e kalt\u00ebr,duhet p\u00ebrmend ligjin kur flet p\u00ebr kufirin e siguris\u00eb t\u00eb personit, distanc\u00ebn e plazhit,restoranti, shp\u00ebrndarjen e pijeve n\u00eb plazh\u00eb,muzika apo qet\u00ebsia n\u00eb plazh\u00eb,interneti,lojrat e ndryshme e shum\u00eb cil\u00ebsi t\u00eb tjera t\u00eb tjera q\u00eb hyjn\u00eb q\u00eb nj\u00eb plazh\u00eb t\u00eb ket\u00eb flamurin e kalt\u00ebrt.<br \/>\n<a href=\"http:\/\/www.visit-ulcinj.com\/blog\/wp-content\/uploads\/2012\/06\/Sulejman-Bajrami_Menaxher-_Plazhi-Tropicana_Ulqin_Ulqini.jpg\"><img loading=\"lazy\" class=\"alignleft size-full wp-image-61449\" title=\"Sulejman Bajrami_Menaxher _Plazhi-Tropicana_Ulqin_Ulqini\" src=\"http:\/\/www.visit-ulcinj.com\/blog\/wp-content\/uploads\/2012\/06\/Sulejman-Bajrami_Menaxher-_Plazhi-Tropicana_Ulqin_Ulqini.jpg\" alt=\"\" width=\"508\" height=\"330\" \/><\/a><br \/>\nN\u00eb t\u00eb gjith\u00eb bregun e Malit t\u00eb Zi num\u00ebrohen 25 plazhe \u201cFlamur i kalt\u00ebr\u201d.Plazhi Tropikana \u00a0e ka prej tet\u00eb vitesh flamurin tregon Sulejman Bajrami.Ai tha se uj\u00ebrat e bregut kontrollohen nga ekspert\u00eb dhe Shoqata Nd\u00ebrkomb\u00ebtare e Detit, me qend\u00ebr n\u00eb Norvegji. \u201cN\u00eb rastet kur rrymat e ujit sjellin ndotje, n\u00eb zyrat e jona\u00a0 mb\u00ebrrin nj\u00eb e-mail q\u00eb i urdh\u00ebron t\u00eb ulin flamurin e kalt\u00ebr. K\u00ebshtu, pushuesit njoftohen se uji nuk \u00ebsht\u00eb plot\u00ebsisht i past\u00ebr\u201d. Ekspert\u00ebt e Organizat\u00ebs Publike t\u00eb t\u00eb Mirave Detare, me qend\u00ebr n\u00eb Budva, analizojn\u00eb nd\u00ebrkoh\u00eb n\u00eb m\u00ebnyr\u00eb periodike uj\u00ebrat e k\u00ebtyre plazheve. Drejtuesi i plazhit \u201cTropikana\u201d, i cili mban flamurin e kalt\u00ebr prej tet\u00eb vitesh, tregon se analizat merren n\u00eb mbi 30 pika ne bregdetin e Malit t\u00eb Zi.<br \/>\nPjesa m\u00eb e madhe e dallimeve mes qyteteve tona bregdetare dhe atyre malazeze gjenden te rregullat. Krahas vij\u00ebs s\u00eb kufirit t\u00eb siguris\u00eb p\u00ebr pushuesit, n\u00eb plazhet malazeze gjendet nj\u00eb flamur, q\u00eb mungon n\u00eb plazhet tjera t\u00eb rajonit. Pushuesit mund t\u00eb lahen kur ai \u00ebsht\u00eb jeshil, t\u00eb jen\u00eb t\u00eb kujdessh\u00ebm kur \u00ebsht\u00eb i verdh\u00eb dhe nuk duhet t\u00eb futen n\u00eb uj\u00eb kur shohin flamurin e kuq. Nj\u00eb fundjav\u00eb n\u00eb Ulqin na mjaftoi t\u00eb shohim t\u00eb val\u00ebviten dy prej k\u00ebtyre flamujve, n\u00eb var\u00ebsi t\u00eb dallg\u00ebve t\u00eb detit.<br \/>\nNje promovim shume me i forte dhe, mbi te gjitha, nje pune serioze e organeve internacionale t\u00eb flamurit t\u00eb kalt\u00ebrt, po ben qe Ulqini te marre gjithnje e me shume vlera si destinacion turistik i preferuar.<br \/>\nPlazhet n\u00eb Ulqin jan tashm\u00eb t\u00eb privatizuara,t\u00eb nd\u00ebrtuara n\u00eb form\u00ebn e resorteve,t\u00eb grupuara n\u00eb funksion t\u00eb nj\u00ebra- tjetr\u00ebs duke qen\u00eb te pavarura ne organizim,duke krijojne nje identitet te forte si destinacion turistik i preferuar.<br \/>\n<a href=\"http:\/\/www.visit-ulcinj.com\/blog\/wp-content\/uploads\/2012\/06\/Pushimet-n\u00eb-plazhin-Tropicana-Beach-UlqinUlqini.1.jpg\"><img loading=\"lazy\" class=\"alignleft size-full wp-image-61450\" title=\"Pushimet-n\u00eb-plazhin-Tropicana-Beach-UlqinUlqini.1\" src=\"http:\/\/www.visit-ulcinj.com\/blog\/wp-content\/uploads\/2012\/06\/Pushimet-n\u00eb-plazhin-Tropicana-Beach-UlqinUlqini.1.jpg\" alt=\"\" width=\"508\" height=\"333\" \/><\/a><br \/>\nEdhe p\u00ebr m\u00eb t\u00eb dashuruarin ndaj notit dhe detit ndonj\u00ebher\u00eb nj\u00eb dit\u00eb n\u00eb plazh nuk sjell asnj\u00eb k\u00ebnaqesi nese eshte nje plazh i zakonshem dhe i tej mbushur ne njerez. Lajmi i mir\u00eb \u00ebsht\u00eb se Blue Flag.org ka zbuluar disa plazhe ende t\u00eb paeksploruara n\u00eb Mal t\u00eb Zi. Ja disa prej tyre:<\/p>\n<p>Ja pra plazhet me flamur t\u00eb kalt\u00ebrt n\u00eb Mal t\u00eb Zi,ku tet\u00eb plazhe prej 25 gjinden n\u00eb komun t\u00eb Ulqinit.<br \/>\n<strong> Plazhe me Flamur t\u00eb Kalt\u00ebrt:<\/strong><\/p>\n<p>1. \u201eClub hotel Riviera\u201c, Njivice (Komuna Herceg Novi)<br \/>\n2. \u201ePorto\u201c, Zanjic (Komuna Herceg Novi)<br \/>\n3. \u201eCuba Libre\u201c, Zanjic (Komuna Herceg Novi)<br \/>\n4. \u201eStevuzo\u201c, gjiri Dobre\u00e7 (Komuna Herceg Novi)<br \/>\n5. \u201eAlmara beach\u201c, Oblatno (Komuna Tivat)<br \/>\n6. Hotel \u201ePlavi Horizonti\u201c (Komuna Tivat)<br \/>\n7. \u201eKalardovo\u201c(Komuna Tivat)<br \/>\n8. \u201eBlue Beach\u201c n\u00eb Jaz (Komuna Budva)<br \/>\n9. \u201eS &amp; I beach life\u201c n\u00eb Jaz (Komuna Budva)<br \/>\n10. \u201eEscallera\u201c n\u00eb Jaz (Komuna Budva),<br \/>\n11. \u201eSveti Toma\u201c, Be\u00e7iqi (Komuna Budva)<br \/>\n12. Hotel \u201eQueen of Montenegro\u201c, Be\u00e7iqi (Komuna Budva)<br \/>\n13. \u201eCentar\u201c, Sutomore (Komuna Tivar \/ Bar)<br \/>\n14. \u201eTony Grill\u201c Plazha Madhe (Komuna Ulqin)<br \/>\n15. \u201eEvropa\u201c Plazha Madhe (Komuna Ulqin)<br \/>\n16. \u201eSafari\u201c Plazha Madhe (Komuna Ulqin)<br \/>\n17. \u201eMCM beach\u201c Plazha Madhe (Komuna Ulqin)<br \/>\n18. \u201eTropicana\u201c Plazha Madhe (Komuna Ulqin)<br \/>\n19. \u201eCopacabana\u201c Plazha Madhe (Komuna Ulqin).<\/p>\n<p><strong>Plazhet pilot n\u00eb faz\u00eb pritje t\u00eb Flamurit t\u00eb kalt\u00ebrt:<\/strong><\/p>\n<p>1. Hotel \u201ePerla\u201c, Savina (Komuna Herceg Novi)<br \/>\n2. \u201eSolila\u201c, Gjurasheviqi (Komuna Tivat)<br \/>\n3. \u201eParadiso\u201c, Gjiri Utjeha (Komuna Bar)<br \/>\n4. \u201eMiami\u201c Plazha Madhe (Komuna Ulqin)<br \/>\n5. \u201eLux beach\u201c Plazha Madhe (Komuna Ulqin)<\/p>\n<p><strong>Marina pilot n\u00eb faz\u00eb pritje t\u00eb Flamurit t\u00eb kalt\u00ebrt:<\/strong><\/p>\n<p>1.\u201ePorto Montenegro\u201d Tivat, (Komuna Tivat)<br \/>\n<a href=\"http:\/\/www.blueflag.org\/Menu\/Awarded+sites\/2012\/Northern+Hemisphere\/Montenegro\" target=\"_blank\"><img loading=\"lazy\" class=\"alignleft size-full wp-image-61451\" title=\"Blue Flag Montenegro Ulqin\" src=\"http:\/\/www.visit-ulcinj.com\/blog\/wp-content\/uploads\/2012\/06\/Blue-Flag-Montenegro-Ulqin.jpg\" alt=\"\" width=\"508\" height=\"300\" \/><\/a><\/p>\n<p>Nd\u00ebrkoh\u00eb t\u00eb gjitha institucionet qeveritare kan\u00eb hartuar planet e tyre t\u00eb masave t\u00eb detajuara p\u00ebr mbar\u00ebvajtjen e sezonit turistik 2012, p\u00ebr t\u00eb garantuar shendetin dhe jet\u00ebn e pushuesve dhe turist\u00ebve n\u00eb Ulqin.<br \/>\nUlqini tashm\u00eb \u00ebsht\u00eb zgjuar t\u00ebr\u00ebsisht nga \u201cp\u00ebrgjumja dim\u00ebrore\u201d dhe k\u00ebto dit\u00eb bregdeti \u00ebsht\u00eb gjall\u00ebruar nga pushues t\u00eb shumt\u00eb nga gjitha viset e bot\u00ebs.<\/p>\n<p><strong>Lajme nga Ulqini<\/strong><br \/>\n<object width=\"508\" height=\"380\" classid=\"clsid:d27cdb6e-ae6d-11cf-96b8-444553540000\" codebase=\"http:\/\/download.macromedia.com\/pub\/shockwave\/cabs\/flash\/swflash.cab#version=6,0,40,0\"><param name=\"allowFullScreen\" value=\"true\" \/><param name=\"allowscriptaccess\" value=\"always\" \/><param name=\"src\" value=\"http:\/\/www.youtube-nocookie.com\/v\/fEMKTtvt7Y4?version=3&amp;hl=fr_FR&amp;rel=0\" \/><param name=\"allowfullscreen\" value=\"true\" \/><\/object><\/p>\n","protected":false},"excerpt":{"rendered":"<p>N\u00eb linj\u00ebn e plazhit t\u00eb Ulqinit prej 13 kilometrash u jepet licenca e flamurit t\u00eb kalt\u00ebrt p\u00ebr aktivitetin e plazhit dhe n\u00eb sh\u00ebrbimet e kualitetit. Ato jan 6 plazhet me kualitetin e lart t\u00eb sh\u00ebrbimit plus jan edhe 2 n\u00eb faz\u00ebn pilot p\u00ebr ta marrur licenc\u00ebn e flamurit t\u00eb kalt\u00ebrt. Nuk mjafton vet\u00ebm deti e [&hellip;]<\/p>\n","protected":false},"author":1,"featured_media":0,"comment_status":"open","ping_status":"closed","sticky":false,"template":"","format":"standard","meta":{"spay_email":"","jetpack_publicize_message":"","jetpack_is_tweetstorm":false,"jetpack_publicize_feature_enabled":true},"categories":[1,15],"tags":[20640,15690,8722,20639,95,16573,20641,19209,3084,8870,18503,18219,14595,200,18],"jetpack_publicize_connections":[],"yoast_head":"<!-- This site is optimized with the Yoast SEO plugin v19.1 - https:\/\/yoast.com\/wordpress\/plugins\/seo\/ -->\n<title>Plazhet me te mira te Ulqinit dhe t\u00eb Malit t\u00eb Zi - Lajme nga Ulqini<\/title>\n<meta name=\"description\" content=\"N\u00eb linj\u00ebn e plazhit t\u00eb Ulqinit prej 13 kilometrash u jepet licenca e flamurit t\u00eb kalt\u00ebrt p\u00ebr aktivitetin e plazhit dhe n\u00eb sh\u00ebrbimet e kualitetit. Ato jan\" \/>\n<meta name=\"robots\" content=\"index, follow, max-snippet:-1, max-image-preview:large, max-video-preview:-1\" \/>\n<link rel=\"canonical\" href=\"https:\/\/www.visit-ulcinj.com\/blog\/2012\/06\/08\/plazhet-me-te-mira-te-ulqinit-dhe-te-malit-te-zi\/\" \/>\n<meta property=\"og:locale\" content=\"en_US\" \/>\n<meta property=\"og:type\" content=\"article\" \/>\n<meta property=\"og:title\" content=\"Plazhet me te mira te Ulqinit dhe t\u00eb Malit t\u00eb Zi - Lajme nga Ulqini\" \/>\n<meta property=\"og:description\" content=\"N\u00eb linj\u00ebn e plazhit t\u00eb Ulqinit prej 13 kilometrash u jepet licenca e flamurit t\u00eb kalt\u00ebrt p\u00ebr aktivitetin e plazhit dhe n\u00eb sh\u00ebrbimet e kualitetit. Ato jan\" \/>\n<meta property=\"og:url\" content=\"https:\/\/www.visit-ulcinj.com\/blog\/2012\/06\/08\/plazhet-me-te-mira-te-ulqinit-dhe-te-malit-te-zi\/\" \/>\n<meta property=\"og:site_name\" content=\"Lajme nga Ulqini\" \/>\n<meta property=\"article:published_time\" content=\"2012-06-08T13:44:39+00:00\" \/>\n<meta property=\"article:modified_time\" content=\"2012-06-09T17:45:18+00:00\" \/>\n<meta property=\"og:image\" content=\"http:\/\/www.visit-ulcinj.com\/blog\/wp-content\/uploads\/2012\/06\/Sulejman-Bajrami_Menaxher-_Plazhi-Tropicana_Ulqin_Ulqini.jpg\" \/>\n<meta name=\"twitter:label1\" content=\"Written by\" \/>\n\t<meta name=\"twitter:data1\" content=\"ulqini\" \/>\n\t<meta name=\"twitter:label2\" content=\"Est. reading time\" \/>\n\t<meta name=\"twitter:data2\" content=\"4 minutes\" \/>\n<script type=\"application\/ld+json\" class=\"yoast-schema-graph\">{\"@context\":\"https:\/\/schema.org\",\"@graph\":[{\"@type\":\"WebSite\",\"@id\":\"https:\/\/www.visit-ulcinj.com\/blog\/#website\",\"url\":\"https:\/\/www.visit-ulcinj.com\/blog\/\",\"name\":\"Lajme nga Ulqini\",\"description\":\"Lajme,Vijesti,Ulqini,Ulqin,Crna Gora,Mali i Zi\",\"potentialAction\":[{\"@type\":\"SearchAction\",\"target\":{\"@type\":\"EntryPoint\",\"urlTemplate\":\"https:\/\/www.visit-ulcinj.com\/blog\/?s={search_term_string}\"},\"query-input\":\"required name=search_term_string\"}],\"inLanguage\":\"en-US\"},{\"@type\":\"ImageObject\",\"inLanguage\":\"en-US\",\"@id\":\"https:\/\/www.visit-ulcinj.com\/blog\/2012\/06\/08\/plazhet-me-te-mira-te-ulqinit-dhe-te-malit-te-zi\/#primaryimage\",\"url\":\"http:\/\/www.visit-ulcinj.com\/blog\/wp-content\/uploads\/2012\/06\/Sulejman-Bajrami_Menaxher-_Plazhi-Tropicana_Ulqin_Ulqini.jpg\",\"contentUrl\":\"http:\/\/www.visit-ulcinj.com\/blog\/wp-content\/uploads\/2012\/06\/Sulejman-Bajrami_Menaxher-_Plazhi-Tropicana_Ulqin_Ulqini.jpg\"},{\"@type\":\"WebPage\",\"@id\":\"https:\/\/www.visit-ulcinj.com\/blog\/2012\/06\/08\/plazhet-me-te-mira-te-ulqinit-dhe-te-malit-te-zi\/#webpage\",\"url\":\"https:\/\/www.visit-ulcinj.com\/blog\/2012\/06\/08\/plazhet-me-te-mira-te-ulqinit-dhe-te-malit-te-zi\/\",\"name\":\"Plazhet me te mira te Ulqinit dhe t\u00eb Malit t\u00eb Zi - Lajme nga Ulqini\",\"isPartOf\":{\"@id\":\"https:\/\/www.visit-ulcinj.com\/blog\/#website\"},\"primaryImageOfPage\":{\"@id\":\"https:\/\/www.visit-ulcinj.com\/blog\/2012\/06\/08\/plazhet-me-te-mira-te-ulqinit-dhe-te-malit-te-zi\/#primaryimage\"},\"datePublished\":\"2012-06-08T13:44:39+00:00\",\"dateModified\":\"2012-06-09T17:45:18+00:00\",\"author\":{\"@id\":\"https:\/\/www.visit-ulcinj.com\/blog\/#\/schema\/person\/dcab619c614d3038751c63bc2aadc06d\"},\"description\":\"N\u00eb linj\u00ebn e plazhit t\u00eb Ulqinit prej 13 kilometrash u jepet licenca e flamurit t\u00eb kalt\u00ebrt p\u00ebr aktivitetin e plazhit dhe n\u00eb sh\u00ebrbimet e kualitetit. Ato jan\",\"breadcrumb\":{\"@id\":\"https:\/\/www.visit-ulcinj.com\/blog\/2012\/06\/08\/plazhet-me-te-mira-te-ulqinit-dhe-te-malit-te-zi\/#breadcrumb\"},\"inLanguage\":\"en-US\",\"potentialAction\":[{\"@type\":\"ReadAction\",\"target\":[\"https:\/\/www.visit-ulcinj.com\/blog\/2012\/06\/08\/plazhet-me-te-mira-te-ulqinit-dhe-te-malit-te-zi\/\"]}]},{\"@type\":\"BreadcrumbList\",\"@id\":\"https:\/\/www.visit-ulcinj.com\/blog\/2012\/06\/08\/plazhet-me-te-mira-te-ulqinit-dhe-te-malit-te-zi\/#breadcrumb\",\"itemListElement\":[{\"@type\":\"ListItem\",\"position\":1,\"name\":\"Plazhet me te mira te Ulqinit dhe t\u00eb Malit t\u00eb Zi\"}]},{\"@type\":\"Person\",\"@id\":\"https:\/\/www.visit-ulcinj.com\/blog\/#\/schema\/person\/dcab619c614d3038751c63bc2aadc06d\",\"name\":\"ulqini\",\"sameAs\":[\"http:\/\/www.visit-ulcinj.com\"],\"url\":\"https:\/\/www.visit-ulcinj.com\/blog\/author\/admin\/\"}]}<\/script>\n<!-- \/ Yoast SEO plugin. -->","yoast_head_json":{"title":"Plazhet me te mira te Ulqinit dhe t\u00eb Malit t\u00eb Zi - Lajme nga Ulqini","description":"N\u00eb linj\u00ebn e plazhit t\u00eb Ulqinit prej 13 kilometrash u jepet licenca e flamurit t\u00eb kalt\u00ebrt p\u00ebr aktivitetin e plazhit dhe n\u00eb sh\u00ebrbimet e kualitetit. Ato jan","robots":{"index":"index","follow":"follow","max-snippet":"max-snippet:-1","max-image-preview":"max-image-preview:large","max-video-preview":"max-video-preview:-1"},"canonical":"https:\/\/www.visit-ulcinj.com\/blog\/2012\/06\/08\/plazhet-me-te-mira-te-ulqinit-dhe-te-malit-te-zi\/","og_locale":"en_US","og_type":"article","og_title":"Plazhet me te mira te Ulqinit dhe t\u00eb Malit t\u00eb Zi - Lajme nga Ulqini","og_description":"N\u00eb linj\u00ebn e plazhit t\u00eb Ulqinit prej 13 kilometrash u jepet licenca e flamurit t\u00eb kalt\u00ebrt p\u00ebr aktivitetin e plazhit dhe n\u00eb sh\u00ebrbimet e kualitetit. Ato jan","og_url":"https:\/\/www.visit-ulcinj.com\/blog\/2012\/06\/08\/plazhet-me-te-mira-te-ulqinit-dhe-te-malit-te-zi\/","og_site_name":"Lajme nga Ulqini","article_published_time":"2012-06-08T13:44:39+00:00","article_modified_time":"2012-06-09T17:45:18+00:00","og_image":[{"url":"http:\/\/www.visit-ulcinj.com\/blog\/wp-content\/uploads\/2012\/06\/Sulejman-Bajrami_Menaxher-_Plazhi-Tropicana_Ulqin_Ulqini.jpg"}],"twitter_misc":{"Written by":"ulqini","Est. reading time":"4 minutes"},"schema":{"@context":"https:\/\/schema.org","@graph":[{"@type":"WebSite","@id":"https:\/\/www.visit-ulcinj.com\/blog\/#website","url":"https:\/\/www.visit-ulcinj.com\/blog\/","name":"Lajme nga Ulqini","description":"Lajme,Vijesti,Ulqini,Ulqin,Crna Gora,Mali i Zi","potentialAction":[{"@type":"SearchAction","target":{"@type":"EntryPoint","urlTemplate":"https:\/\/www.visit-ulcinj.com\/blog\/?s={search_term_string}"},"query-input":"required name=search_term_string"}],"inLanguage":"en-US"},{"@type":"ImageObject","inLanguage":"en-US","@id":"https:\/\/www.visit-ulcinj.com\/blog\/2012\/06\/08\/plazhet-me-te-mira-te-ulqinit-dhe-te-malit-te-zi\/#primaryimage","url":"http:\/\/www.visit-ulcinj.com\/blog\/wp-content\/uploads\/2012\/06\/Sulejman-Bajrami_Menaxher-_Plazhi-Tropicana_Ulqin_Ulqini.jpg","contentUrl":"http:\/\/www.visit-ulcinj.com\/blog\/wp-content\/uploads\/2012\/06\/Sulejman-Bajrami_Menaxher-_Plazhi-Tropicana_Ulqin_Ulqini.jpg"},{"@type":"WebPage","@id":"https:\/\/www.visit-ulcinj.com\/blog\/2012\/06\/08\/plazhet-me-te-mira-te-ulqinit-dhe-te-malit-te-zi\/#webpage","url":"https:\/\/www.visit-ulcinj.com\/blog\/2012\/06\/08\/plazhet-me-te-mira-te-ulqinit-dhe-te-malit-te-zi\/","name":"Plazhet me te mira te Ulqinit dhe t\u00eb Malit t\u00eb Zi - Lajme nga Ulqini","isPartOf":{"@id":"https:\/\/www.visit-ulcinj.com\/blog\/#website"},"primaryImageOfPage":{"@id":"https:\/\/www.visit-ulcinj.com\/blog\/2012\/06\/08\/plazhet-me-te-mira-te-ulqinit-dhe-te-malit-te-zi\/#primaryimage"},"datePublished":"2012-06-08T13:44:39+00:00","dateModified":"2012-06-09T17:45:18+00:00","author":{"@id":"https:\/\/www.visit-ulcinj.com\/blog\/#\/schema\/person\/dcab619c614d3038751c63bc2aadc06d"},"description":"N\u00eb linj\u00ebn e plazhit t\u00eb Ulqinit prej 13 kilometrash u jepet licenca e flamurit t\u00eb kalt\u00ebrt p\u00ebr aktivitetin e plazhit dhe n\u00eb sh\u00ebrbimet e kualitetit. Ato jan","breadcrumb":{"@id":"https:\/\/www.visit-ulcinj.com\/blog\/2012\/06\/08\/plazhet-me-te-mira-te-ulqinit-dhe-te-malit-te-zi\/#breadcrumb"},"inLanguage":"en-US","potentialAction":[{"@type":"ReadAction","target":["https:\/\/www.visit-ulcinj.com\/blog\/2012\/06\/08\/plazhet-me-te-mira-te-ulqinit-dhe-te-malit-te-zi\/"]}]},{"@type":"BreadcrumbList","@id":"https:\/\/www.visit-ulcinj.com\/blog\/2012\/06\/08\/plazhet-me-te-mira-te-ulqinit-dhe-te-malit-te-zi\/#breadcrumb","itemListElement":[{"@type":"ListItem","position":1,"name":"Plazhet me te mira te Ulqinit dhe t\u00eb Malit t\u00eb Zi"}]},{"@type":"Person","@id":"https:\/\/www.visit-ulcinj.com\/blog\/#\/schema\/person\/dcab619c614d3038751c63bc2aadc06d","name":"ulqini","sameAs":["http:\/\/www.visit-ulcinj.com"],"url":"https:\/\/www.visit-ulcinj.com\/blog\/author\/admin\/"}]}},"jetpack_featured_media_url":"","jetpack_sharing_enabled":true,"jetpack_shortlink":"https:\/\/wp.me\/pe6lTn-fYV","_links":{"self":[{"href":"https:\/\/www.visit-ulcinj.com\/blog\/wp-json\/wp\/v2\/posts\/61437"}],"collection":[{"href":"https:\/\/www.visit-ulcinj.com\/blog\/wp-json\/wp\/v2\/posts"}],"about":[{"href":"https:\/\/www.visit-ulcinj.com\/blog\/wp-json\/wp\/v2\/types\/post"}],"author":[{"embeddable":true,"href":"https:\/\/www.visit-ulcinj.com\/blog\/wp-json\/wp\/v2\/users\/1"}],"replies":[{"embeddable":true,"href":"https:\/\/www.visit-ulcinj.com\/blog\/wp-json\/wp\/v2\/comments?post=61437"}],"version-history":[{"count":15,"href":"https:\/\/www.visit-ulcinj.com\/blog\/wp-json\/wp\/v2\/posts\/61437\/revisions"}],"predecessor-version":[{"id":61534,"href":"https:\/\/www.visit-ulcinj.com\/blog\/wp-json\/wp\/v2\/posts\/61437\/revisions\/61534"}],"wp:attachment":[{"href":"https:\/\/www.visit-ulcinj.com\/blog\/wp-json\/wp\/v2\/media?parent=61437"}],"wp:term":[{"taxonomy":"category","embeddable":true,"href":"https:\/\/www.visit-ulcinj.com\/blog\/wp-json\/wp\/v2\/categories?post=61437"},{"taxonomy":"post_tag","embeddable":true,"href":"https:\/\/www.visit-ulcinj.com\/blog\/wp-json\/wp\/v2\/tags?post=61437"}],"curies":[{"name":"wp","href":"https:\/\/api.w.org\/{rel}","templated":true}]}}