{"id":61460,"date":"2012-06-08T15:43:07","date_gmt":"2012-06-08T14:43:07","guid":{"rendered":"http:\/\/www.visit-ulcinj.com\/blog\/?p=61460"},"modified":"2012-06-08T15:43:58","modified_gmt":"2012-06-08T14:43:58","slug":"ada-bojana-oaza-mira-i-uzivanja","status":"publish","type":"post","link":"https:\/\/www.visit-ulcinj.com\/blog\/2012\/06\/08\/ada-bojana-oaza-mira-i-uzivanja\/","title":{"rendered":"Ada Bojana: Oaza mira i u\u017eivanja"},"content":{"rendered":"<p>Ka\u017eu da okrepljuje i duh i telo, a praksa je pokazala da i oni koji nisu nudisti \u2013 nakon dolaska na Adu i sami shvate koliko je ovde ode\u0107a suvi\u0161na pa postanu ljubitelji Adamovog i Evinog kostima.<br \/>\n<a href=\"http:\/\/www.visit-ulcinj.com\/blog\/wp-content\/uploads\/2012\/06\/Ada-Bojana_oaza-mira-i-uzivanja-na-odmor-i-letovonje.jpg\"><img loading=\"lazy\" class=\"alignleft  wp-image-61461\" title=\"Ada Bojana_oaza mira i uzivanja na odmor i letovonje\" src=\"http:\/\/www.visit-ulcinj.com\/blog\/wp-content\/uploads\/2012\/06\/Ada-Bojana_oaza-mira-i-uzivanja-na-odmor-i-letovonje.jpg\" alt=\"\" width=\"508\" height=\"360\" \/><\/a><br \/>\nKapija Ade Bojane otvorena je od 7. maja a prvi gosti do\u0161li su posredstvom nema\u010dke agencije Obena. Trenutno na \u201erajskom ostrvu\u201c odmara oko 110 gostiju iz Nema\u010dke, a tokom jula i avgusta u \u010darima nudizma, kako je najavljeno, u\u017eiva\u0107e gosti iz svih krajeva Evrope.<\/p>\n<p><a href=\"http:\/\/www.visit-ulcinj.com\/blog\/wp-content\/uploads\/2012\/06\/Ada-Bojana_oaza-mira-i-uzivanja-na-odmor-i-letovonje.1.jpg\"><img loading=\"lazy\" class=\"alignleft size-full wp-image-61462\" title=\"Ada Bojana_oaza mira i uzivanja na odmor i letovonje.1\" src=\"http:\/\/www.visit-ulcinj.com\/blog\/wp-content\/uploads\/2012\/06\/Ada-Bojana_oaza-mira-i-uzivanja-na-odmor-i-letovonje.1.jpg\" alt=\"\" width=\"508\" height=\"300\" \/><\/a><strong><a href=\"http:\/\/www.b92.net\/putovanja\/zoom.php?nav_category=160&amp;image_id=152124\" target=\"_self\">Pogledajte jo\u0161 fotografija Ade Bojane u Galeriji<\/a><\/strong><\/p>\n<p>\u201eAda Bojana\u201c do\u010dekuje goste ove godine sa dosta novog u ponudi. Gotovo tre\u0107ina sme\u0161tajnog dela Ade je za ovu godinu renovirana. Najboljii deo ponude je sme\u0161taj u sobama tipa A gde je u potpunosti promenjen name\u0161taj, stolarija, bravarija, plo\u010dice, terase, kupatila&#8230; 40 soba od ukupno 70 koliko ih ima u bungalovima tipa L pored same pla\u017ee ovoga leta imaju potpuno novi izgled.<\/p>\n<p>Cena polupansiona se kre\u0107e od<strong> 27 do 48 eura po osobi <\/strong>u zavisnosti od perioda boravka i tipa sobe koji gost odabere.<br \/>\n<a href=\"http:\/\/www.visit-ulcinj.com\/blog\/wp-content\/uploads\/2012\/06\/Ada-Bojana_oaza-mira-i-uzivanja-na-odmor-i-letovonje.kajtsurf-ulcinj.jpg\"><img loading=\"lazy\" class=\"alignleft size-full wp-image-61463\" title=\"Ada Bojana_oaza mira i uzivanja na odmor i letovonje.kajtsurf-ulcinj\" src=\"http:\/\/www.visit-ulcinj.com\/blog\/wp-content\/uploads\/2012\/06\/Ada-Bojana_oaza-mira-i-uzivanja-na-odmor-i-letovonje.kajtsurf-ulcinj.jpg\" alt=\"\" width=\"508\" height=\"300\" \/><\/a><br \/>\nUre\u0111eni su i sportski sadr\u017eaji me\u0111u kojima se isti\u010du teniski tereni. Na Adi gosti mogu da igraju odbojku, mali fudbala, stoni tenisa, a da je Ada sa Velikom pla\u017eom dugi niz godina prepoznata u svetu kao raj za surfere i kajtsurfere zbog povoljnih vetrova i tipa obale. Od sredine juna, posetioci Ade \u0107e ponovo imati na raspolaganju konje za jahanje.<\/p>\n<p>Tu su i vrhunski restorani me\u0111u kojima se izdvaja restoran \u201eMaestral\u201c koji se nalazi na samoj nudisti\u010dkoj pla\u017ei, a koji u svojoj ponudi ima jela od vrhunskih ribljih specijaliteta, preko jela sa ro\u0161tilja do testenina iz italijanske kuhinje uz nezaobilazno doma\u0107e vino.<br \/>\n<a href=\"http:\/\/www.visit-ulcinj.com\/blog\/wp-content\/uploads\/2012\/06\/Ada-Bojana_oaza-mira-i-uzivanja-na-odmor-i-letovonje.2.jpg\"><img loading=\"lazy\" class=\"alignleft size-full wp-image-61464\" title=\"Ada Bojana_oaza mira i uzivanja na odmor i letovonje.2\" src=\"http:\/\/www.visit-ulcinj.com\/blog\/wp-content\/uploads\/2012\/06\/Ada-Bojana_oaza-mira-i-uzivanja-na-odmor-i-letovonje.2.jpg\" alt=\"\" width=\"508\" height=\"300\" \/><\/a><\/p>\n<p>Ada je ostrvo je u obliku trougla povr\u0161ine 5,4 km2. Dve strane zapljuskuje reka Bojana, a tre\u0107u more. Obale Ade nisu kona\u010dne, ve\u0107 se iz godine u godinu menjaju pa tako svake godine pla\u017ea ima novi izgled. Jedan od glavnih aduta ovog letovali\u0161ta jeste skoro 3 km duga pje\u0161\u010dana pla\u017ea.<\/p>\n<p>Pesak na Adi Bojani u svom sastavu sadr\u017ei oko 30 vrlo retkih i biolo\u0161ki aktivnih mineralnih sastojaka \u0161to ga \u010dini pogodnim za primenu u medicinske svrhe pa le\u017eanje u pesku jako povoljno uti\u010de na obolele od reume i na osobe sportskim povredama.<br \/>\n<strong><a href=\"http:\/\/www.b92.net\/putovanja\/zoom.php?nav_category=160&amp;image_id=152124\" target=\"_self\">Pogledajte jo\u0161 fotografija Ade Bojane u Galeriji<\/p>\n<p><\/a><\/strong><\/p>\n<p><strong>b92.net<\/strong><\/p>\n<!--YouTube Error: bad URL entered-->\n","protected":false},"excerpt":{"rendered":"<p>Ka\u017eu da okrepljuje i duh i telo, a praksa je pokazala da i oni koji nisu nudisti \u2013 nakon dolaska na Adu i sami shvate koliko je ovde ode\u0107a suvi\u0161na pa postanu ljubitelji Adamovog i Evinog kostima. Kapija Ade Bojane otvorena je od 7. maja a prvi gosti do\u0161li su posredstvom nema\u010dke agencije Obena. Trenutno [&hellip;]<\/p>\n","protected":false},"author":1,"featured_media":0,"comment_status":"open","ping_status":"closed","sticky":false,"template":"","format":"standard","meta":{"spay_email":"","jetpack_publicize_message":"","jetpack_is_tweetstorm":false,"jetpack_publicize_feature_enabled":true},"categories":[8337],"tags":[20,17852,11256,20642,10343,20643,18062,20644,10345,19],"jetpack_publicize_connections":[],"yoast_head":"<!-- This site is optimized with the Yoast SEO plugin v19.1 - https:\/\/yoast.com\/wordpress\/plugins\/seo\/ -->\n<title>Ada Bojana: Oaza mira i u\u017eivanja - Lajme nga Ulqini<\/title>\n<meta name=\"description\" content=\"Ka\u017eu da okrepljuje i duh i telo, a praksa je pokazala da i oni koji nisu nudisti \u2013 nakon dolaska na Adu i sami shvate koliko je ovde ode\u0107a suvi\u0161na pa\" \/>\n<meta name=\"robots\" content=\"index, follow, max-snippet:-1, max-image-preview:large, max-video-preview:-1\" \/>\n<link rel=\"canonical\" href=\"https:\/\/www.visit-ulcinj.com\/blog\/2012\/06\/08\/ada-bojana-oaza-mira-i-uzivanja\/\" \/>\n<meta property=\"og:locale\" content=\"en_US\" \/>\n<meta property=\"og:type\" content=\"article\" \/>\n<meta property=\"og:title\" content=\"Ada Bojana: Oaza mira i u\u017eivanja - Lajme nga Ulqini\" \/>\n<meta property=\"og:description\" content=\"Ka\u017eu da okrepljuje i duh i telo, a praksa je pokazala da i oni koji nisu nudisti \u2013 nakon dolaska na Adu i sami shvate koliko je ovde ode\u0107a suvi\u0161na pa\" \/>\n<meta property=\"og:url\" content=\"https:\/\/www.visit-ulcinj.com\/blog\/2012\/06\/08\/ada-bojana-oaza-mira-i-uzivanja\/\" \/>\n<meta property=\"og:site_name\" content=\"Lajme nga Ulqini\" \/>\n<meta property=\"article:published_time\" content=\"2012-06-08T14:43:07+00:00\" \/>\n<meta property=\"article:modified_time\" content=\"2012-06-08T14:43:58+00:00\" \/>\n<meta property=\"og:image\" content=\"http:\/\/www.visit-ulcinj.com\/blog\/wp-content\/uploads\/2012\/06\/Ada-Bojana_oaza-mira-i-uzivanja-na-odmor-i-letovonje.jpg\" \/>\n<meta name=\"twitter:label1\" content=\"Written by\" \/>\n\t<meta name=\"twitter:data1\" content=\"ulqini\" \/>\n\t<meta name=\"twitter:label2\" content=\"Est. reading time\" \/>\n\t<meta name=\"twitter:data2\" content=\"2 minutes\" \/>\n<script type=\"application\/ld+json\" class=\"yoast-schema-graph\">{\"@context\":\"https:\/\/schema.org\",\"@graph\":[{\"@type\":\"WebSite\",\"@id\":\"https:\/\/www.visit-ulcinj.com\/blog\/#website\",\"url\":\"https:\/\/www.visit-ulcinj.com\/blog\/\",\"name\":\"Lajme nga Ulqini\",\"description\":\"Lajme,Vijesti,Ulqini,Ulqin,Crna Gora,Mali i Zi\",\"potentialAction\":[{\"@type\":\"SearchAction\",\"target\":{\"@type\":\"EntryPoint\",\"urlTemplate\":\"https:\/\/www.visit-ulcinj.com\/blog\/?s={search_term_string}\"},\"query-input\":\"required name=search_term_string\"}],\"inLanguage\":\"en-US\"},{\"@type\":\"ImageObject\",\"inLanguage\":\"en-US\",\"@id\":\"https:\/\/www.visit-ulcinj.com\/blog\/2012\/06\/08\/ada-bojana-oaza-mira-i-uzivanja\/#primaryimage\",\"url\":\"https:\/\/www.visit-ulcinj.com\/blog\/wp-content\/uploads\/2012\/06\/Ada-Bojana_oaza-mira-i-uzivanja-na-odmor-i-letovonje.jpg\",\"contentUrl\":\"https:\/\/www.visit-ulcinj.com\/blog\/wp-content\/uploads\/2012\/06\/Ada-Bojana_oaza-mira-i-uzivanja-na-odmor-i-letovonje.jpg\",\"width\":\"640\",\"height\":\"481\"},{\"@type\":\"WebPage\",\"@id\":\"https:\/\/www.visit-ulcinj.com\/blog\/2012\/06\/08\/ada-bojana-oaza-mira-i-uzivanja\/#webpage\",\"url\":\"https:\/\/www.visit-ulcinj.com\/blog\/2012\/06\/08\/ada-bojana-oaza-mira-i-uzivanja\/\",\"name\":\"Ada Bojana: Oaza mira i u\u017eivanja - Lajme nga Ulqini\",\"isPartOf\":{\"@id\":\"https:\/\/www.visit-ulcinj.com\/blog\/#website\"},\"primaryImageOfPage\":{\"@id\":\"https:\/\/www.visit-ulcinj.com\/blog\/2012\/06\/08\/ada-bojana-oaza-mira-i-uzivanja\/#primaryimage\"},\"datePublished\":\"2012-06-08T14:43:07+00:00\",\"dateModified\":\"2012-06-08T14:43:58+00:00\",\"author\":{\"@id\":\"https:\/\/www.visit-ulcinj.com\/blog\/#\/schema\/person\/dcab619c614d3038751c63bc2aadc06d\"},\"description\":\"Ka\u017eu da okrepljuje i duh i telo, a praksa je pokazala da i oni koji nisu nudisti \u2013 nakon dolaska na Adu i sami shvate koliko je ovde ode\u0107a suvi\u0161na pa\",\"breadcrumb\":{\"@id\":\"https:\/\/www.visit-ulcinj.com\/blog\/2012\/06\/08\/ada-bojana-oaza-mira-i-uzivanja\/#breadcrumb\"},\"inLanguage\":\"en-US\",\"potentialAction\":[{\"@type\":\"ReadAction\",\"target\":[\"https:\/\/www.visit-ulcinj.com\/blog\/2012\/06\/08\/ada-bojana-oaza-mira-i-uzivanja\/\"]}]},{\"@type\":\"BreadcrumbList\",\"@id\":\"https:\/\/www.visit-ulcinj.com\/blog\/2012\/06\/08\/ada-bojana-oaza-mira-i-uzivanja\/#breadcrumb\",\"itemListElement\":[{\"@type\":\"ListItem\",\"position\":1,\"name\":\"Ada Bojana: Oaza mira i u\u017eivanja\"}]},{\"@type\":\"Person\",\"@id\":\"https:\/\/www.visit-ulcinj.com\/blog\/#\/schema\/person\/dcab619c614d3038751c63bc2aadc06d\",\"name\":\"ulqini\",\"sameAs\":[\"http:\/\/www.visit-ulcinj.com\"],\"url\":\"https:\/\/www.visit-ulcinj.com\/blog\/author\/admin\/\"}]}<\/script>\n<!-- \/ Yoast SEO plugin. -->","yoast_head_json":{"title":"Ada Bojana: Oaza mira i u\u017eivanja - Lajme nga Ulqini","description":"Ka\u017eu da okrepljuje i duh i telo, a praksa je pokazala da i oni koji nisu nudisti \u2013 nakon dolaska na Adu i sami shvate koliko je ovde ode\u0107a suvi\u0161na pa","robots":{"index":"index","follow":"follow","max-snippet":"max-snippet:-1","max-image-preview":"max-image-preview:large","max-video-preview":"max-video-preview:-1"},"canonical":"https:\/\/www.visit-ulcinj.com\/blog\/2012\/06\/08\/ada-bojana-oaza-mira-i-uzivanja\/","og_locale":"en_US","og_type":"article","og_title":"Ada Bojana: Oaza mira i u\u017eivanja - Lajme nga Ulqini","og_description":"Ka\u017eu da okrepljuje i duh i telo, a praksa je pokazala da i oni koji nisu nudisti \u2013 nakon dolaska na Adu i sami shvate koliko je ovde ode\u0107a suvi\u0161na pa","og_url":"https:\/\/www.visit-ulcinj.com\/blog\/2012\/06\/08\/ada-bojana-oaza-mira-i-uzivanja\/","og_site_name":"Lajme nga Ulqini","article_published_time":"2012-06-08T14:43:07+00:00","article_modified_time":"2012-06-08T14:43:58+00:00","og_image":[{"url":"http:\/\/www.visit-ulcinj.com\/blog\/wp-content\/uploads\/2012\/06\/Ada-Bojana_oaza-mira-i-uzivanja-na-odmor-i-letovonje.jpg"}],"twitter_misc":{"Written by":"ulqini","Est. reading time":"2 minutes"},"schema":{"@context":"https:\/\/schema.org","@graph":[{"@type":"WebSite","@id":"https:\/\/www.visit-ulcinj.com\/blog\/#website","url":"https:\/\/www.visit-ulcinj.com\/blog\/","name":"Lajme nga Ulqini","description":"Lajme,Vijesti,Ulqini,Ulqin,Crna Gora,Mali i Zi","potentialAction":[{"@type":"SearchAction","target":{"@type":"EntryPoint","urlTemplate":"https:\/\/www.visit-ulcinj.com\/blog\/?s={search_term_string}"},"query-input":"required name=search_term_string"}],"inLanguage":"en-US"},{"@type":"ImageObject","inLanguage":"en-US","@id":"https:\/\/www.visit-ulcinj.com\/blog\/2012\/06\/08\/ada-bojana-oaza-mira-i-uzivanja\/#primaryimage","url":"https:\/\/www.visit-ulcinj.com\/blog\/wp-content\/uploads\/2012\/06\/Ada-Bojana_oaza-mira-i-uzivanja-na-odmor-i-letovonje.jpg","contentUrl":"https:\/\/www.visit-ulcinj.com\/blog\/wp-content\/uploads\/2012\/06\/Ada-Bojana_oaza-mira-i-uzivanja-na-odmor-i-letovonje.jpg","width":"640","height":"481"},{"@type":"WebPage","@id":"https:\/\/www.visit-ulcinj.com\/blog\/2012\/06\/08\/ada-bojana-oaza-mira-i-uzivanja\/#webpage","url":"https:\/\/www.visit-ulcinj.com\/blog\/2012\/06\/08\/ada-bojana-oaza-mira-i-uzivanja\/","name":"Ada Bojana: Oaza mira i u\u017eivanja - Lajme nga Ulqini","isPartOf":{"@id":"https:\/\/www.visit-ulcinj.com\/blog\/#website"},"primaryImageOfPage":{"@id":"https:\/\/www.visit-ulcinj.com\/blog\/2012\/06\/08\/ada-bojana-oaza-mira-i-uzivanja\/#primaryimage"},"datePublished":"2012-06-08T14:43:07+00:00","dateModified":"2012-06-08T14:43:58+00:00","author":{"@id":"https:\/\/www.visit-ulcinj.com\/blog\/#\/schema\/person\/dcab619c614d3038751c63bc2aadc06d"},"description":"Ka\u017eu da okrepljuje i duh i telo, a praksa je pokazala da i oni koji nisu nudisti \u2013 nakon dolaska na Adu i sami shvate koliko je ovde ode\u0107a suvi\u0161na pa","breadcrumb":{"@id":"https:\/\/www.visit-ulcinj.com\/blog\/2012\/06\/08\/ada-bojana-oaza-mira-i-uzivanja\/#breadcrumb"},"inLanguage":"en-US","potentialAction":[{"@type":"ReadAction","target":["https:\/\/www.visit-ulcinj.com\/blog\/2012\/06\/08\/ada-bojana-oaza-mira-i-uzivanja\/"]}]},{"@type":"BreadcrumbList","@id":"https:\/\/www.visit-ulcinj.com\/blog\/2012\/06\/08\/ada-bojana-oaza-mira-i-uzivanja\/#breadcrumb","itemListElement":[{"@type":"ListItem","position":1,"name":"Ada Bojana: Oaza mira i u\u017eivanja"}]},{"@type":"Person","@id":"https:\/\/www.visit-ulcinj.com\/blog\/#\/schema\/person\/dcab619c614d3038751c63bc2aadc06d","name":"ulqini","sameAs":["http:\/\/www.visit-ulcinj.com"],"url":"https:\/\/www.visit-ulcinj.com\/blog\/author\/admin\/"}]}},"jetpack_featured_media_url":"","jetpack_sharing_enabled":true,"jetpack_shortlink":"https:\/\/wp.me\/pe6lTn-fZi","_links":{"self":[{"href":"https:\/\/www.visit-ulcinj.com\/blog\/wp-json\/wp\/v2\/posts\/61460"}],"collection":[{"href":"https:\/\/www.visit-ulcinj.com\/blog\/wp-json\/wp\/v2\/posts"}],"about":[{"href":"https:\/\/www.visit-ulcinj.com\/blog\/wp-json\/wp\/v2\/types\/post"}],"author":[{"embeddable":true,"href":"https:\/\/www.visit-ulcinj.com\/blog\/wp-json\/wp\/v2\/users\/1"}],"replies":[{"embeddable":true,"href":"https:\/\/www.visit-ulcinj.com\/blog\/wp-json\/wp\/v2\/comments?post=61460"}],"version-history":[{"count":2,"href":"https:\/\/www.visit-ulcinj.com\/blog\/wp-json\/wp\/v2\/posts\/61460\/revisions"}],"predecessor-version":[{"id":61466,"href":"https:\/\/www.visit-ulcinj.com\/blog\/wp-json\/wp\/v2\/posts\/61460\/revisions\/61466"}],"wp:attachment":[{"href":"https:\/\/www.visit-ulcinj.com\/blog\/wp-json\/wp\/v2\/media?parent=61460"}],"wp:term":[{"taxonomy":"category","embeddable":true,"href":"https:\/\/www.visit-ulcinj.com\/blog\/wp-json\/wp\/v2\/categories?post=61460"},{"taxonomy":"post_tag","embeddable":true,"href":"https:\/\/www.visit-ulcinj.com\/blog\/wp-json\/wp\/v2\/tags?post=61460"}],"curies":[{"name":"wp","href":"https:\/\/api.w.org\/{rel}","templated":true}]}}