{"id":61497,"date":"2012-06-08T23:12:10","date_gmt":"2012-06-08T22:12:10","guid":{"rendered":"http:\/\/www.visit-ulcinj.com\/blog\/?p=61497"},"modified":"2012-06-08T23:12:10","modified_gmt":"2012-06-08T22:12:10","slug":"genta-ismaili-show-shfaqet-pa-te-brendshme","status":"publish","type":"post","link":"https:\/\/www.visit-ulcinj.com\/blog\/2012\/06\/08\/genta-ismaili-show-shfaqet-pa-te-brendshme\/","title":{"rendered":"Genta Ismaili show, shfaqet pa t\u00eb brendshme"},"content":{"rendered":"<p><a href=\"http:\/\/www.visit-ulcinj.com\/blog\/wp-content\/uploads\/2012\/06\/Genta-ismajli-pa-te-mbrenshme.jpg\"><img loading=\"lazy\" class=\"alignleft  wp-image-61498\" title=\"Genta ismajli pa te mbrenshme\" src=\"http:\/\/www.visit-ulcinj.com\/blog\/wp-content\/uploads\/2012\/06\/Genta-ismajli-pa-te-mbrenshme.jpg\" alt=\"\" width=\"508\" height=\"380\" \/><\/a>Genta Ismaili kete her ka tentuar te kopjoje vipat e huaj ajo gjate ndarjeve te cmimeve te\u00a0Video Festit Muzikor 2012eshte shfaqur me nje fustan te gjate te bardhe me nje qarje shume te madhe saqe dukej qe ajo nuk kishte veshur \u00a0mbathje ndoshta per te kopjuar pak \u00a0 prezantuesen \u00a0e Sanremos\u00a0Belen Rodriguez por me nje ndryshim te vogel ajo nuk kishte te tatuazhuar nje flutur \u00a0Kaq mjaftoi q\u00eb e gjith\u00eb bota t\u00eb fliste \u00ebr flutur\u00ebn e saj q\u00eb e kishte t\u00eb vendosur pran\u00eb vendit intim dhe u hap nj\u00eb val\u00eb diskutimesh n\u00ebse Belen kishte veshur apo jo t\u00eb brendshmet. K\u00ebt\u00eb situat\u00eb duket se ka dashur ta kopjoj\u00eb Genta Ismajli e cila n\u00eb video festin muzikor 2012 \u00ebsht\u00eb shfaqur me nj\u00eb fustan t\u00eb till\u00eb t\u00eb hapur deri sip\u00ebr dhe ndon\u00ebse flutura i mungon debate mbi t\u00eb brendshmet \u00ebsht\u00eb i sigurt\u00eb se do t\u00eb ndizet.<br \/>\nPor gjithsesi ajo dukej shume e bukur dhe elegante me kete fustan te bardhe ne foto ajo gjendet bashke me\u00a0DJ Dalool.Ajo mori \u00a0\u00a0nj\u00eb \u00e7mim special nga kanali muzikor \u201c21 Plus\u201d ne edicionin\u00a0Video Festit Muzikor 2012.<\/p>\n<p>Fotot q\u00eb shikoni jan\u00eb realizuar nga Dryton Imeri.<\/p>\n","protected":false},"excerpt":{"rendered":"<p>Genta Ismaili kete her ka tentuar te kopjoje vipat e huaj ajo gjate ndarjeve te cmimeve te\u00a0Video Festit Muzikor 2012eshte shfaqur me nje fustan te gjate te bardhe me nje qarje shume te madhe saqe dukej qe ajo nuk kishte veshur \u00a0mbathje ndoshta per te kopjuar pak \u00a0 prezantuesen \u00a0e Sanremos\u00a0Belen Rodriguez por me nje [&hellip;]<\/p>\n","protected":false},"author":1,"featured_media":0,"comment_status":"open","ping_status":"closed","sticky":false,"template":"","format":"standard","meta":{"spay_email":"","jetpack_publicize_message":"","jetpack_is_tweetstorm":false,"jetpack_publicize_feature_enabled":true},"categories":[1],"tags":[19677,19806,4888,323,16036,19514,19511,19513,6693,4684,19460],"jetpack_publicize_connections":[],"yoast_head":"<!-- This site is optimized with the Yoast SEO plugin v19.1 - https:\/\/yoast.com\/wordpress\/plugins\/seo\/ -->\n<title>Genta Ismaili show, shfaqet pa t\u00eb brendshme - Lajme nga Ulqini<\/title>\n<meta name=\"description\" content=\"Genta Ismaili kete her ka tentuar te kopjoje vipat e huaj ajo gjate ndarjeve te cmimeve te\u00a0Video Festit Muzikor 2012eshte shfaqur me nje fustan te gjate\" \/>\n<meta name=\"robots\" content=\"index, follow, max-snippet:-1, max-image-preview:large, max-video-preview:-1\" \/>\n<link rel=\"canonical\" href=\"https:\/\/www.visit-ulcinj.com\/blog\/2012\/06\/08\/genta-ismaili-show-shfaqet-pa-te-brendshme\/\" \/>\n<meta property=\"og:locale\" content=\"en_US\" \/>\n<meta property=\"og:type\" content=\"article\" \/>\n<meta property=\"og:title\" content=\"Genta Ismaili show, shfaqet pa t\u00eb brendshme - Lajme nga Ulqini\" \/>\n<meta property=\"og:description\" content=\"Genta Ismaili kete her ka tentuar te kopjoje vipat e huaj ajo gjate ndarjeve te cmimeve te\u00a0Video Festit Muzikor 2012eshte shfaqur me nje fustan te gjate\" \/>\n<meta property=\"og:url\" content=\"https:\/\/www.visit-ulcinj.com\/blog\/2012\/06\/08\/genta-ismaili-show-shfaqet-pa-te-brendshme\/\" \/>\n<meta property=\"og:site_name\" content=\"Lajme nga Ulqini\" \/>\n<meta property=\"article:published_time\" content=\"2012-06-08T22:12:10+00:00\" \/>\n<meta property=\"og:image\" content=\"http:\/\/www.visit-ulcinj.com\/blog\/wp-content\/uploads\/2012\/06\/Genta-ismajli-pa-te-mbrenshme.jpg\" \/>\n<meta name=\"twitter:label1\" content=\"Written by\" \/>\n\t<meta name=\"twitter:data1\" content=\"ulqini\" \/>\n\t<meta name=\"twitter:label2\" content=\"Est. reading time\" \/>\n\t<meta name=\"twitter:data2\" content=\"1 minute\" \/>\n<script type=\"application\/ld+json\" class=\"yoast-schema-graph\">{\"@context\":\"https:\/\/schema.org\",\"@graph\":[{\"@type\":\"WebSite\",\"@id\":\"https:\/\/www.visit-ulcinj.com\/blog\/#website\",\"url\":\"https:\/\/www.visit-ulcinj.com\/blog\/\",\"name\":\"Lajme nga Ulqini\",\"description\":\"Lajme,Vijesti,Ulqini,Ulqin,Crna Gora,Mali i Zi\",\"potentialAction\":[{\"@type\":\"SearchAction\",\"target\":{\"@type\":\"EntryPoint\",\"urlTemplate\":\"https:\/\/www.visit-ulcinj.com\/blog\/?s={search_term_string}\"},\"query-input\":\"required name=search_term_string\"}],\"inLanguage\":\"en-US\"},{\"@type\":\"ImageObject\",\"inLanguage\":\"en-US\",\"@id\":\"https:\/\/www.visit-ulcinj.com\/blog\/2012\/06\/08\/genta-ismaili-show-shfaqet-pa-te-brendshme\/#primaryimage\",\"url\":\"http:\/\/www.visit-ulcinj.com\/blog\/wp-content\/uploads\/2012\/06\/Genta-ismajli-pa-te-mbrenshme.jpg\",\"contentUrl\":\"http:\/\/www.visit-ulcinj.com\/blog\/wp-content\/uploads\/2012\/06\/Genta-ismajli-pa-te-mbrenshme.jpg\"},{\"@type\":\"WebPage\",\"@id\":\"https:\/\/www.visit-ulcinj.com\/blog\/2012\/06\/08\/genta-ismaili-show-shfaqet-pa-te-brendshme\/#webpage\",\"url\":\"https:\/\/www.visit-ulcinj.com\/blog\/2012\/06\/08\/genta-ismaili-show-shfaqet-pa-te-brendshme\/\",\"name\":\"Genta Ismaili show, shfaqet pa t\u00eb brendshme - Lajme nga Ulqini\",\"isPartOf\":{\"@id\":\"https:\/\/www.visit-ulcinj.com\/blog\/#website\"},\"primaryImageOfPage\":{\"@id\":\"https:\/\/www.visit-ulcinj.com\/blog\/2012\/06\/08\/genta-ismaili-show-shfaqet-pa-te-brendshme\/#primaryimage\"},\"datePublished\":\"2012-06-08T22:12:10+00:00\",\"dateModified\":\"2012-06-08T22:12:10+00:00\",\"author\":{\"@id\":\"https:\/\/www.visit-ulcinj.com\/blog\/#\/schema\/person\/dcab619c614d3038751c63bc2aadc06d\"},\"description\":\"Genta Ismaili kete her ka tentuar te kopjoje vipat e huaj ajo gjate ndarjeve te cmimeve te\u00a0Video Festit Muzikor 2012eshte shfaqur me nje fustan te gjate\",\"breadcrumb\":{\"@id\":\"https:\/\/www.visit-ulcinj.com\/blog\/2012\/06\/08\/genta-ismaili-show-shfaqet-pa-te-brendshme\/#breadcrumb\"},\"inLanguage\":\"en-US\",\"potentialAction\":[{\"@type\":\"ReadAction\",\"target\":[\"https:\/\/www.visit-ulcinj.com\/blog\/2012\/06\/08\/genta-ismaili-show-shfaqet-pa-te-brendshme\/\"]}]},{\"@type\":\"BreadcrumbList\",\"@id\":\"https:\/\/www.visit-ulcinj.com\/blog\/2012\/06\/08\/genta-ismaili-show-shfaqet-pa-te-brendshme\/#breadcrumb\",\"itemListElement\":[{\"@type\":\"ListItem\",\"position\":1,\"name\":\"Genta Ismaili show, shfaqet pa t\u00eb brendshme\"}]},{\"@type\":\"Person\",\"@id\":\"https:\/\/www.visit-ulcinj.com\/blog\/#\/schema\/person\/dcab619c614d3038751c63bc2aadc06d\",\"name\":\"ulqini\",\"sameAs\":[\"http:\/\/www.visit-ulcinj.com\"],\"url\":\"https:\/\/www.visit-ulcinj.com\/blog\/author\/admin\/\"}]}<\/script>\n<!-- \/ Yoast SEO plugin. -->","yoast_head_json":{"title":"Genta Ismaili show, shfaqet pa t\u00eb brendshme - Lajme nga Ulqini","description":"Genta Ismaili kete her ka tentuar te kopjoje vipat e huaj ajo gjate ndarjeve te cmimeve te\u00a0Video Festit Muzikor 2012eshte shfaqur me nje fustan te gjate","robots":{"index":"index","follow":"follow","max-snippet":"max-snippet:-1","max-image-preview":"max-image-preview:large","max-video-preview":"max-video-preview:-1"},"canonical":"https:\/\/www.visit-ulcinj.com\/blog\/2012\/06\/08\/genta-ismaili-show-shfaqet-pa-te-brendshme\/","og_locale":"en_US","og_type":"article","og_title":"Genta Ismaili show, shfaqet pa t\u00eb brendshme - Lajme nga Ulqini","og_description":"Genta Ismaili kete her ka tentuar te kopjoje vipat e huaj ajo gjate ndarjeve te cmimeve te\u00a0Video Festit Muzikor 2012eshte shfaqur me nje fustan te gjate","og_url":"https:\/\/www.visit-ulcinj.com\/blog\/2012\/06\/08\/genta-ismaili-show-shfaqet-pa-te-brendshme\/","og_site_name":"Lajme nga Ulqini","article_published_time":"2012-06-08T22:12:10+00:00","og_image":[{"url":"http:\/\/www.visit-ulcinj.com\/blog\/wp-content\/uploads\/2012\/06\/Genta-ismajli-pa-te-mbrenshme.jpg"}],"twitter_misc":{"Written by":"ulqini","Est. reading time":"1 minute"},"schema":{"@context":"https:\/\/schema.org","@graph":[{"@type":"WebSite","@id":"https:\/\/www.visit-ulcinj.com\/blog\/#website","url":"https:\/\/www.visit-ulcinj.com\/blog\/","name":"Lajme nga Ulqini","description":"Lajme,Vijesti,Ulqini,Ulqin,Crna Gora,Mali i Zi","potentialAction":[{"@type":"SearchAction","target":{"@type":"EntryPoint","urlTemplate":"https:\/\/www.visit-ulcinj.com\/blog\/?s={search_term_string}"},"query-input":"required name=search_term_string"}],"inLanguage":"en-US"},{"@type":"ImageObject","inLanguage":"en-US","@id":"https:\/\/www.visit-ulcinj.com\/blog\/2012\/06\/08\/genta-ismaili-show-shfaqet-pa-te-brendshme\/#primaryimage","url":"http:\/\/www.visit-ulcinj.com\/blog\/wp-content\/uploads\/2012\/06\/Genta-ismajli-pa-te-mbrenshme.jpg","contentUrl":"http:\/\/www.visit-ulcinj.com\/blog\/wp-content\/uploads\/2012\/06\/Genta-ismajli-pa-te-mbrenshme.jpg"},{"@type":"WebPage","@id":"https:\/\/www.visit-ulcinj.com\/blog\/2012\/06\/08\/genta-ismaili-show-shfaqet-pa-te-brendshme\/#webpage","url":"https:\/\/www.visit-ulcinj.com\/blog\/2012\/06\/08\/genta-ismaili-show-shfaqet-pa-te-brendshme\/","name":"Genta Ismaili show, shfaqet pa t\u00eb brendshme - Lajme nga Ulqini","isPartOf":{"@id":"https:\/\/www.visit-ulcinj.com\/blog\/#website"},"primaryImageOfPage":{"@id":"https:\/\/www.visit-ulcinj.com\/blog\/2012\/06\/08\/genta-ismaili-show-shfaqet-pa-te-brendshme\/#primaryimage"},"datePublished":"2012-06-08T22:12:10+00:00","dateModified":"2012-06-08T22:12:10+00:00","author":{"@id":"https:\/\/www.visit-ulcinj.com\/blog\/#\/schema\/person\/dcab619c614d3038751c63bc2aadc06d"},"description":"Genta Ismaili kete her ka tentuar te kopjoje vipat e huaj ajo gjate ndarjeve te cmimeve te\u00a0Video Festit Muzikor 2012eshte shfaqur me nje fustan te gjate","breadcrumb":{"@id":"https:\/\/www.visit-ulcinj.com\/blog\/2012\/06\/08\/genta-ismaili-show-shfaqet-pa-te-brendshme\/#breadcrumb"},"inLanguage":"en-US","potentialAction":[{"@type":"ReadAction","target":["https:\/\/www.visit-ulcinj.com\/blog\/2012\/06\/08\/genta-ismaili-show-shfaqet-pa-te-brendshme\/"]}]},{"@type":"BreadcrumbList","@id":"https:\/\/www.visit-ulcinj.com\/blog\/2012\/06\/08\/genta-ismaili-show-shfaqet-pa-te-brendshme\/#breadcrumb","itemListElement":[{"@type":"ListItem","position":1,"name":"Genta Ismaili show, shfaqet pa t\u00eb brendshme"}]},{"@type":"Person","@id":"https:\/\/www.visit-ulcinj.com\/blog\/#\/schema\/person\/dcab619c614d3038751c63bc2aadc06d","name":"ulqini","sameAs":["http:\/\/www.visit-ulcinj.com"],"url":"https:\/\/www.visit-ulcinj.com\/blog\/author\/admin\/"}]}},"jetpack_featured_media_url":"","jetpack_sharing_enabled":true,"jetpack_shortlink":"https:\/\/wp.me\/pe6lTn-fZT","_links":{"self":[{"href":"https:\/\/www.visit-ulcinj.com\/blog\/wp-json\/wp\/v2\/posts\/61497"}],"collection":[{"href":"https:\/\/www.visit-ulcinj.com\/blog\/wp-json\/wp\/v2\/posts"}],"about":[{"href":"https:\/\/www.visit-ulcinj.com\/blog\/wp-json\/wp\/v2\/types\/post"}],"author":[{"embeddable":true,"href":"https:\/\/www.visit-ulcinj.com\/blog\/wp-json\/wp\/v2\/users\/1"}],"replies":[{"embeddable":true,"href":"https:\/\/www.visit-ulcinj.com\/blog\/wp-json\/wp\/v2\/comments?post=61497"}],"version-history":[{"count":1,"href":"https:\/\/www.visit-ulcinj.com\/blog\/wp-json\/wp\/v2\/posts\/61497\/revisions"}],"predecessor-version":[{"id":61499,"href":"https:\/\/www.visit-ulcinj.com\/blog\/wp-json\/wp\/v2\/posts\/61497\/revisions\/61499"}],"wp:attachment":[{"href":"https:\/\/www.visit-ulcinj.com\/blog\/wp-json\/wp\/v2\/media?parent=61497"}],"wp:term":[{"taxonomy":"category","embeddable":true,"href":"https:\/\/www.visit-ulcinj.com\/blog\/wp-json\/wp\/v2\/categories?post=61497"},{"taxonomy":"post_tag","embeddable":true,"href":"https:\/\/www.visit-ulcinj.com\/blog\/wp-json\/wp\/v2\/tags?post=61497"}],"curies":[{"name":"wp","href":"https:\/\/api.w.org\/{rel}","templated":true}]}}