{"id":6151,"date":"2008-11-16T11:59:18","date_gmt":"2008-11-16T16:59:18","guid":{"rendered":"http:\/\/www.visit-ulcinj.com\/blog\/?p=6151"},"modified":"2008-11-16T12:00:34","modified_gmt":"2008-11-16T17:00:34","slug":"poli-zgjedh-skandinaden","status":"publish","type":"post","link":"https:\/\/www.visit-ulcinj.com\/blog\/2008\/11\/16\/poli-zgjedh-skandinaden\/","title":{"rendered":"Poli zgjedh Skandinaden"},"content":{"rendered":"<p><a href=\"http:\/\/www.visit-ulcinj.com\/blog\/wp-content\/uploads\/2008\/11\/poli_skandinada-lala.jpg\"><img loading=\"lazy\" class=\"alignleft size-medium wp-image-6152\" title=\"poli_skandinada-lala\" src=\"http:\/\/www.visit-ulcinj.com\/blog\/wp-content\/uploads\/2008\/11\/poli_skandinada-lala.jpg\" alt=\"\" width=\"337\" height=\"224\" \/><\/a>Tani nuk \u00ebsht\u00eb m\u00eb nj\u00eb \u00e7udi q\u00eb Polin ta shohim n\u00eb shoq\u00ebrin\u00eb e femrave t\u00eb ndryshme, por edhe t\u00eb bukura gjithashtu.<br \/>\nTani mesa duket ai po ndjek nj\u00eb tjet\u00ebr taktik\u00eb, q\u00eb t\u00eb bjer\u00eb sa m\u00eb shum\u00eb n\u00eb sy, femrat me t\u00eb cilat shoq\u00ebrohet, duhet t\u00eb jen\u00eb edhe ato t\u00eb njohura. K\u00ebshtu ka ndodhur fundjav\u00ebn.<br \/>\nPoli k\u00ebsaj radhe kishte zgjedhur p\u00ebr t\u00eb kaluar or\u00ebt e nat\u00ebs, nj\u00eb vajz\u00eb tejet sensuale, Skandinada Lal\u00ebn, modalen e njohur dhe shum\u00eb elegante. Nuk diskutohet q\u00eb kan\u00eb r\u00ebn\u00eb menj\u00ebher\u00eb n\u00eb sy pasi t\u00eb dy njihen nga opinioni publik.<br \/>\nAi u b\u00eb i famsh\u00ebm n\u00eb programin \u201cBig Brother\u201d, ajo nj\u00eb vajz\u00eb e njohur e pasarelave t\u00eb mod\u00ebs. Por krahas miq\u00ebsis\u00eb dhe af\u00ebrsis\u00eb s\u00eb natyrshme q\u00eb nj\u00eb vajz\u00eb dhe nj\u00eb djal\u00eb mund t\u00eb krijojn\u00eb, duket se Polin dhe Skandinad\u00ebn e bashkon edhe nj\u00eb pasion tjet\u00ebr, ai p\u00ebr mod\u00ebn. Kjo pasi Poli, para se t\u00eb njihej fal\u00eb \u201cBig Brother\u201d b\u00ebnte modelin natyrisht p\u00ebr hobby dhe jo p\u00ebr profesion.<br \/>\nT\u00eb shohim se \u00e7far\u00eb surprizash t\u00eb tjera do t\u00eb na rezervoj\u00eb Poli me b\u00ebmat e tij me femrat.<br \/>\n<strong>Kosovapress<\/strong><\/p>\n","protected":false},"excerpt":{"rendered":"<p>Tani nuk \u00ebsht\u00eb m\u00eb nj\u00eb \u00e7udi q\u00eb Polin ta shohim n\u00eb shoq\u00ebrin\u00eb e femrave t\u00eb ndryshme, por edhe t\u00eb bukura gjithashtu. Tani mesa duket ai po ndjek nj\u00eb tjet\u00ebr taktik\u00eb, q\u00eb t\u00eb bjer\u00eb sa m\u00eb shum\u00eb n\u00eb sy, femrat me t\u00eb cilat shoq\u00ebrohet, duhet t\u00eb jen\u00eb edhe ato t\u00eb njohura. K\u00ebshtu ka ndodhur fundjav\u00ebn. Poli [&hellip;]<\/p>\n","protected":false},"author":1,"featured_media":0,"comment_status":"open","ping_status":"closed","sticky":false,"template":"","format":"standard","meta":{"spay_email":"","jetpack_publicize_message":"","jetpack_is_tweetstorm":false,"jetpack_publicize_feature_enabled":true},"categories":[1],"tags":[5057,4980,5058],"jetpack_publicize_connections":[],"yoast_head":"<!-- This site is optimized with the Yoast SEO plugin v19.1 - https:\/\/yoast.com\/wordpress\/plugins\/seo\/ -->\n<title>Poli zgjedh Skandinaden - Lajme nga Ulqini<\/title>\n<meta name=\"description\" content=\"Tani nuk \u00ebsht\u00eb m\u00eb nj\u00eb \u00e7udi q\u00eb Polin ta shohim n\u00eb shoq\u00ebrin\u00eb e femrave t\u00eb ndryshme, por edhe t\u00eb bukura gjithashtu. Tani mesa duket ai po ndjek nj\u00eb tjet\u00ebr\" \/>\n<meta name=\"robots\" content=\"index, follow, max-snippet:-1, max-image-preview:large, max-video-preview:-1\" \/>\n<link rel=\"canonical\" href=\"https:\/\/www.visit-ulcinj.com\/blog\/2008\/11\/16\/poli-zgjedh-skandinaden\/\" \/>\n<meta property=\"og:locale\" content=\"en_US\" \/>\n<meta property=\"og:type\" content=\"article\" \/>\n<meta property=\"og:title\" content=\"Poli zgjedh Skandinaden - Lajme nga Ulqini\" \/>\n<meta property=\"og:description\" content=\"Tani nuk \u00ebsht\u00eb m\u00eb nj\u00eb \u00e7udi q\u00eb Polin ta shohim n\u00eb shoq\u00ebrin\u00eb e femrave t\u00eb ndryshme, por edhe t\u00eb bukura gjithashtu. Tani mesa duket ai po ndjek nj\u00eb tjet\u00ebr\" \/>\n<meta property=\"og:url\" content=\"https:\/\/www.visit-ulcinj.com\/blog\/2008\/11\/16\/poli-zgjedh-skandinaden\/\" \/>\n<meta property=\"og:site_name\" content=\"Lajme nga Ulqini\" \/>\n<meta property=\"article:published_time\" content=\"2008-11-16T16:59:18+00:00\" \/>\n<meta property=\"article:modified_time\" content=\"2008-11-16T17:00:34+00:00\" \/>\n<meta property=\"og:image\" content=\"http:\/\/www.visit-ulcinj.com\/blog\/wp-content\/uploads\/2008\/11\/poli_skandinada-lala.jpg\" \/>\n<meta name=\"twitter:label1\" content=\"Written by\" \/>\n\t<meta name=\"twitter:data1\" content=\"ulqini\" \/>\n\t<meta name=\"twitter:label2\" content=\"Est. reading time\" \/>\n\t<meta name=\"twitter:data2\" content=\"1 minute\" \/>\n<script type=\"application\/ld+json\" class=\"yoast-schema-graph\">{\"@context\":\"https:\/\/schema.org\",\"@graph\":[{\"@type\":\"WebSite\",\"@id\":\"https:\/\/www.visit-ulcinj.com\/blog\/#website\",\"url\":\"https:\/\/www.visit-ulcinj.com\/blog\/\",\"name\":\"Lajme nga Ulqini\",\"description\":\"Lajme,Vijesti,Ulqini,Ulqin,Crna Gora,Mali i Zi\",\"potentialAction\":[{\"@type\":\"SearchAction\",\"target\":{\"@type\":\"EntryPoint\",\"urlTemplate\":\"https:\/\/www.visit-ulcinj.com\/blog\/?s={search_term_string}\"},\"query-input\":\"required name=search_term_string\"}],\"inLanguage\":\"en-US\"},{\"@type\":\"ImageObject\",\"inLanguage\":\"en-US\",\"@id\":\"https:\/\/www.visit-ulcinj.com\/blog\/2008\/11\/16\/poli-zgjedh-skandinaden\/#primaryimage\",\"url\":\"http:\/\/www.visit-ulcinj.com\/blog\/wp-content\/uploads\/2008\/11\/poli_skandinada-lala.jpg\",\"contentUrl\":\"http:\/\/www.visit-ulcinj.com\/blog\/wp-content\/uploads\/2008\/11\/poli_skandinada-lala.jpg\"},{\"@type\":\"WebPage\",\"@id\":\"https:\/\/www.visit-ulcinj.com\/blog\/2008\/11\/16\/poli-zgjedh-skandinaden\/#webpage\",\"url\":\"https:\/\/www.visit-ulcinj.com\/blog\/2008\/11\/16\/poli-zgjedh-skandinaden\/\",\"name\":\"Poli zgjedh Skandinaden - Lajme nga Ulqini\",\"isPartOf\":{\"@id\":\"https:\/\/www.visit-ulcinj.com\/blog\/#website\"},\"primaryImageOfPage\":{\"@id\":\"https:\/\/www.visit-ulcinj.com\/blog\/2008\/11\/16\/poli-zgjedh-skandinaden\/#primaryimage\"},\"datePublished\":\"2008-11-16T16:59:18+00:00\",\"dateModified\":\"2008-11-16T17:00:34+00:00\",\"author\":{\"@id\":\"https:\/\/www.visit-ulcinj.com\/blog\/#\/schema\/person\/dcab619c614d3038751c63bc2aadc06d\"},\"description\":\"Tani nuk \u00ebsht\u00eb m\u00eb nj\u00eb \u00e7udi q\u00eb Polin ta shohim n\u00eb shoq\u00ebrin\u00eb e femrave t\u00eb ndryshme, por edhe t\u00eb bukura gjithashtu. Tani mesa duket ai po ndjek nj\u00eb tjet\u00ebr\",\"breadcrumb\":{\"@id\":\"https:\/\/www.visit-ulcinj.com\/blog\/2008\/11\/16\/poli-zgjedh-skandinaden\/#breadcrumb\"},\"inLanguage\":\"en-US\",\"potentialAction\":[{\"@type\":\"ReadAction\",\"target\":[\"https:\/\/www.visit-ulcinj.com\/blog\/2008\/11\/16\/poli-zgjedh-skandinaden\/\"]}]},{\"@type\":\"BreadcrumbList\",\"@id\":\"https:\/\/www.visit-ulcinj.com\/blog\/2008\/11\/16\/poli-zgjedh-skandinaden\/#breadcrumb\",\"itemListElement\":[{\"@type\":\"ListItem\",\"position\":1,\"name\":\"Poli zgjedh Skandinaden\"}]},{\"@type\":\"Person\",\"@id\":\"https:\/\/www.visit-ulcinj.com\/blog\/#\/schema\/person\/dcab619c614d3038751c63bc2aadc06d\",\"name\":\"ulqini\",\"sameAs\":[\"http:\/\/www.visit-ulcinj.com\"],\"url\":\"https:\/\/www.visit-ulcinj.com\/blog\/author\/admin\/\"}]}<\/script>\n<!-- \/ Yoast SEO plugin. -->","yoast_head_json":{"title":"Poli zgjedh Skandinaden - Lajme nga Ulqini","description":"Tani nuk \u00ebsht\u00eb m\u00eb nj\u00eb \u00e7udi q\u00eb Polin ta shohim n\u00eb shoq\u00ebrin\u00eb e femrave t\u00eb ndryshme, por edhe t\u00eb bukura gjithashtu. Tani mesa duket ai po ndjek nj\u00eb tjet\u00ebr","robots":{"index":"index","follow":"follow","max-snippet":"max-snippet:-1","max-image-preview":"max-image-preview:large","max-video-preview":"max-video-preview:-1"},"canonical":"https:\/\/www.visit-ulcinj.com\/blog\/2008\/11\/16\/poli-zgjedh-skandinaden\/","og_locale":"en_US","og_type":"article","og_title":"Poli zgjedh Skandinaden - Lajme nga Ulqini","og_description":"Tani nuk \u00ebsht\u00eb m\u00eb nj\u00eb \u00e7udi q\u00eb Polin ta shohim n\u00eb shoq\u00ebrin\u00eb e femrave t\u00eb ndryshme, por edhe t\u00eb bukura gjithashtu. Tani mesa duket ai po ndjek nj\u00eb tjet\u00ebr","og_url":"https:\/\/www.visit-ulcinj.com\/blog\/2008\/11\/16\/poli-zgjedh-skandinaden\/","og_site_name":"Lajme nga Ulqini","article_published_time":"2008-11-16T16:59:18+00:00","article_modified_time":"2008-11-16T17:00:34+00:00","og_image":[{"url":"http:\/\/www.visit-ulcinj.com\/blog\/wp-content\/uploads\/2008\/11\/poli_skandinada-lala.jpg"}],"twitter_misc":{"Written by":"ulqini","Est. reading time":"1 minute"},"schema":{"@context":"https:\/\/schema.org","@graph":[{"@type":"WebSite","@id":"https:\/\/www.visit-ulcinj.com\/blog\/#website","url":"https:\/\/www.visit-ulcinj.com\/blog\/","name":"Lajme nga Ulqini","description":"Lajme,Vijesti,Ulqini,Ulqin,Crna Gora,Mali i Zi","potentialAction":[{"@type":"SearchAction","target":{"@type":"EntryPoint","urlTemplate":"https:\/\/www.visit-ulcinj.com\/blog\/?s={search_term_string}"},"query-input":"required name=search_term_string"}],"inLanguage":"en-US"},{"@type":"ImageObject","inLanguage":"en-US","@id":"https:\/\/www.visit-ulcinj.com\/blog\/2008\/11\/16\/poli-zgjedh-skandinaden\/#primaryimage","url":"http:\/\/www.visit-ulcinj.com\/blog\/wp-content\/uploads\/2008\/11\/poli_skandinada-lala.jpg","contentUrl":"http:\/\/www.visit-ulcinj.com\/blog\/wp-content\/uploads\/2008\/11\/poli_skandinada-lala.jpg"},{"@type":"WebPage","@id":"https:\/\/www.visit-ulcinj.com\/blog\/2008\/11\/16\/poli-zgjedh-skandinaden\/#webpage","url":"https:\/\/www.visit-ulcinj.com\/blog\/2008\/11\/16\/poli-zgjedh-skandinaden\/","name":"Poli zgjedh Skandinaden - Lajme nga Ulqini","isPartOf":{"@id":"https:\/\/www.visit-ulcinj.com\/blog\/#website"},"primaryImageOfPage":{"@id":"https:\/\/www.visit-ulcinj.com\/blog\/2008\/11\/16\/poli-zgjedh-skandinaden\/#primaryimage"},"datePublished":"2008-11-16T16:59:18+00:00","dateModified":"2008-11-16T17:00:34+00:00","author":{"@id":"https:\/\/www.visit-ulcinj.com\/blog\/#\/schema\/person\/dcab619c614d3038751c63bc2aadc06d"},"description":"Tani nuk \u00ebsht\u00eb m\u00eb nj\u00eb \u00e7udi q\u00eb Polin ta shohim n\u00eb shoq\u00ebrin\u00eb e femrave t\u00eb ndryshme, por edhe t\u00eb bukura gjithashtu. Tani mesa duket ai po ndjek nj\u00eb tjet\u00ebr","breadcrumb":{"@id":"https:\/\/www.visit-ulcinj.com\/blog\/2008\/11\/16\/poli-zgjedh-skandinaden\/#breadcrumb"},"inLanguage":"en-US","potentialAction":[{"@type":"ReadAction","target":["https:\/\/www.visit-ulcinj.com\/blog\/2008\/11\/16\/poli-zgjedh-skandinaden\/"]}]},{"@type":"BreadcrumbList","@id":"https:\/\/www.visit-ulcinj.com\/blog\/2008\/11\/16\/poli-zgjedh-skandinaden\/#breadcrumb","itemListElement":[{"@type":"ListItem","position":1,"name":"Poli zgjedh Skandinaden"}]},{"@type":"Person","@id":"https:\/\/www.visit-ulcinj.com\/blog\/#\/schema\/person\/dcab619c614d3038751c63bc2aadc06d","name":"ulqini","sameAs":["http:\/\/www.visit-ulcinj.com"],"url":"https:\/\/www.visit-ulcinj.com\/blog\/author\/admin\/"}]}},"jetpack_featured_media_url":"","jetpack_sharing_enabled":true,"jetpack_shortlink":"https:\/\/wp.me\/pe6lTn-1Bd","_links":{"self":[{"href":"https:\/\/www.visit-ulcinj.com\/blog\/wp-json\/wp\/v2\/posts\/6151"}],"collection":[{"href":"https:\/\/www.visit-ulcinj.com\/blog\/wp-json\/wp\/v2\/posts"}],"about":[{"href":"https:\/\/www.visit-ulcinj.com\/blog\/wp-json\/wp\/v2\/types\/post"}],"author":[{"embeddable":true,"href":"https:\/\/www.visit-ulcinj.com\/blog\/wp-json\/wp\/v2\/users\/1"}],"replies":[{"embeddable":true,"href":"https:\/\/www.visit-ulcinj.com\/blog\/wp-json\/wp\/v2\/comments?post=6151"}],"version-history":[{"count":0,"href":"https:\/\/www.visit-ulcinj.com\/blog\/wp-json\/wp\/v2\/posts\/6151\/revisions"}],"wp:attachment":[{"href":"https:\/\/www.visit-ulcinj.com\/blog\/wp-json\/wp\/v2\/media?parent=6151"}],"wp:term":[{"taxonomy":"category","embeddable":true,"href":"https:\/\/www.visit-ulcinj.com\/blog\/wp-json\/wp\/v2\/categories?post=6151"},{"taxonomy":"post_tag","embeddable":true,"href":"https:\/\/www.visit-ulcinj.com\/blog\/wp-json\/wp\/v2\/tags?post=6151"}],"curies":[{"name":"wp","href":"https:\/\/api.w.org\/{rel}","templated":true}]}}