{"id":61540,"date":"2012-06-10T14:45:01","date_gmt":"2012-06-10T13:45:01","guid":{"rendered":"http:\/\/www.visit-ulcinj.com\/blog\/?p=61540"},"modified":"2012-06-13T22:35:02","modified_gmt":"2012-06-13T21:35:02","slug":"u-be-perurimi-i-librit-me-fotografi-urlaub-in-ulqin","status":"publish","type":"post","link":"https:\/\/www.visit-ulcinj.com\/blog\/2012\/06\/10\/u-be-perurimi-i-librit-me-fotografi-urlaub-in-ulqin\/","title":{"rendered":"U b\u00eb p\u00ebrurimi i librit me fotografi &#8220;URLAUB IN ULQIN&#8221; &#8211; Video"},"content":{"rendered":"<p><a href=\"http:\/\/www.visit-ulcinj.com\/blog\/wp-content\/uploads\/2012\/06\/URLAUB-IN-ULQINI_Alfred-Wollner-_Gazmend-Citaku_Ulqin.4.jpg\"><img loading=\"lazy\" class=\"alignleft  wp-image-61541\" title=\"URLAUB IN ULQINI_Alfred Wollner _Gazmend Citaku_Ulqin.4\" src=\"http:\/\/www.visit-ulcinj.com\/blog\/wp-content\/uploads\/2012\/06\/URLAUB-IN-ULQINI_Alfred-Wollner-_Gazmend-Citaku_Ulqin.4.jpg\" alt=\"\" width=\"508\" height=\"360\" \/><\/a><strong>Zmadho Fotografin<\/strong><\/p>\n<p>M\u00eb 09 qershor 2012 n\u00eb sall\u00ebn e bibliotek\u00ebs s\u00eb qytetit n\u00eb Ulqin u b\u00eb p\u00ebrurimi i librit me fotografi nga viti 1959 me titull URLAUB IN ULQINI t\u00eb autorit dr. Alfred Wollner nga Vjena e Austris, p\u00ebrgatiti Gazmend \u00c7itaku, botoi Asociacioni Ulqini, 2012. Mbr\u00ebmjen e hapi drejtoresha e bibliotek\u00ebs znj. Ardita Rama n\u00ebrsa sipas protokolit p\u00ebr librin fol\u00ebn Hajro Ulqinaku, nj\u00ebherit edhe udh\u00ebheq\u00ebs i programit, Gazmend \u00c7itaku botues si dhe Nexhat Halimi shkrimtar, nga Prishtina. Mbr\u00ebmja ishte e konceptuar asisoji q\u00eb n\u00eb te ishin t\u00eb g\u00ebrshetuara tri p\u00ebrurime: p\u00ebrurimi i librit Uralub in Ulqini. 2 dramave p\u00ebr f\u00ebmij\u00eb t\u00eb Autorit Nexhat Halimi si dhe hapja solemne e libraris\u00eb s\u00eb par\u00eb pas 25 viteve n\u00eb Ulqin. Mbr\u00ebmjen edhe m\u00eb t\u00eb madhe e b\u00ebri edhe prania e ekselenc\u00ebs s\u00eb tij Ambasadorit t\u00eb Austris\u00eb n\u00eb Mal t\u00eb Zi z. Martin Pammer, Kryetari i bashkis\u00eb nr.23 t\u00eb Vjen\u00ebs z. Manfred Wurm, p\u00ebrfaq\u00ebsuesi i Shoqat\u00ebs s\u00eb shoq\u00ebris\u00eb Austriako-malazeze z. Sejdin-Dino Mehmeti, Kryetari i komun\u00ebs s\u00eb Ulqinit z.Nazif Cungu dhe shum\u00eb personalitete tjera t\u00eb politik\u00ebs dhe kultur\u00ebs. Miq\u00ebt nga Austria dol\u00ebn shum\u00eb t\u00eb k\u00ebnaqur me t\u00ebr\u00eb mbr\u00ebmjen dhe premtuan se n\u00eb t\u00eb ardhmen do t\u00eb rrisin bashk\u00ebpunimin kulturor.<\/p>\n<p><strong>Lajme nga Ulqini<\/strong><br \/>\n<a href=\"https:\/\/www.facebook.com\/profile.php?id=842313990\" target=\"_blank\"><img loading=\"lazy\" class=\"alignleft\" src=\"http:\/\/www.visit-ulcinj.com\/blog\/wp-content\/uploads\/2012\/05\/Sejdo-Ismaili-Video-Grafic-Design-Ulqin.jpg\" alt=\"\" width=\"490\" height=\"90\" \/><\/a><br \/>\n<a href=\"https:\/\/www.facebook.com\/profile.php?id=842313990\" target=\"_blank\"><strong>Sejdo Ismaili Facebook<\/strong><\/a><br \/>\n<iframe loading=\"lazy\" width=\"508\" height=\"380\" src=\"http:\/\/www.youtube.com\/embed\/KmpS5YYHJ4c\" frameborder=\"0\" allowfullscreen><\/iframe><br \/>\n\n\t\t<style type=\"text\/css\">\n\t\t\t#gallery-1 {\n\t\t\t\tmargin: auto;\n\t\t\t}\n\t\t\t#gallery-1 .gallery-item {\n\t\t\t\tfloat: left;\n\t\t\t\tmargin-top: 10px;\n\t\t\t\ttext-align: center;\n\t\t\t\twidth: 33%;\n\t\t\t}\n\t\t\t#gallery-1 img {\n\t\t\t\tborder: 2px solid #cfcfcf;\n\t\t\t}\n\t\t\t#gallery-1 .gallery-caption {\n\t\t\t\tmargin-left: 0;\n\t\t\t}\n\t\t\t\/* see gallery_shortcode() in wp-includes\/media.php *\/\n\t\t<\/style>\n\t\t<div id='gallery-1' class='gallery galleryid-61540 gallery-columns-3 gallery-size-thumbnail'><dl class='gallery-item'>\n\t\t\t<dt class='gallery-icon landscape'>\n\t\t\t\t<a href='https:\/\/www.visit-ulcinj.com\/blog\/wp-content\/uploads\/2012\/06\/URLAUB-IN-ULQINI_Alfred-Wollner-_Gazmend-Citaku_Ulqin.4.jpg'><img width=\"150\" height=\"150\" src=\"https:\/\/www.visit-ulcinj.com\/blog\/wp-content\/uploads\/2012\/06\/URLAUB-IN-ULQINI_Alfred-Wollner-_Gazmend-Citaku_Ulqin.4-150x150.jpg\" class=\"attachment-thumbnail size-thumbnail\" alt=\"\" loading=\"lazy\" \/><\/a>\n\t\t\t<\/dt><\/dl><dl class='gallery-item'>\n\t\t\t<dt class='gallery-icon landscape'>\n\t\t\t\t<a href='https:\/\/www.visit-ulcinj.com\/blog\/wp-content\/uploads\/2012\/06\/URLAUB-IN-ULQINI_Alfred-Wollner-_Gazmend-Citaku_Ulqin.2.jpg'><img width=\"150\" height=\"150\" src=\"https:\/\/www.visit-ulcinj.com\/blog\/wp-content\/uploads\/2012\/06\/URLAUB-IN-ULQINI_Alfred-Wollner-_Gazmend-Citaku_Ulqin.2-150x150.jpg\" class=\"attachment-thumbnail size-thumbnail\" alt=\"\" loading=\"lazy\" \/><\/a>\n\t\t\t<\/dt><\/dl><dl class='gallery-item'>\n\t\t\t<dt class='gallery-icon landscape'>\n\t\t\t\t<a href='https:\/\/www.visit-ulcinj.com\/blog\/wp-content\/uploads\/2012\/06\/URLAUB-IN-ULQINI_Alfred-Wollner-_Gazmend-Citaku_Ulqin.3.jpg'><img width=\"150\" height=\"150\" src=\"https:\/\/www.visit-ulcinj.com\/blog\/wp-content\/uploads\/2012\/06\/URLAUB-IN-ULQINI_Alfred-Wollner-_Gazmend-Citaku_Ulqin.3-150x150.jpg\" class=\"attachment-thumbnail size-thumbnail\" alt=\"\" loading=\"lazy\" \/><\/a>\n\t\t\t<\/dt><\/dl><br style=\"clear: both\" \/><dl class='gallery-item'>\n\t\t\t<dt class='gallery-icon landscape'>\n\t\t\t\t<a href='https:\/\/www.visit-ulcinj.com\/blog\/wp-content\/uploads\/2012\/06\/URLAUB-IN-ULQINI_Alfred-Wollner-_Gazmend-Citaku_Ulqin.5.jpg'><img width=\"150\" height=\"150\" src=\"https:\/\/www.visit-ulcinj.com\/blog\/wp-content\/uploads\/2012\/06\/URLAUB-IN-ULQINI_Alfred-Wollner-_Gazmend-Citaku_Ulqin.5-150x150.jpg\" class=\"attachment-thumbnail size-thumbnail\" alt=\"\" loading=\"lazy\" \/><\/a>\n\t\t\t<\/dt><\/dl><dl class='gallery-item'>\n\t\t\t<dt class='gallery-icon landscape'>\n\t\t\t\t<a href='https:\/\/www.visit-ulcinj.com\/blog\/wp-content\/uploads\/2012\/06\/URLAUB-IN-ULQINI_Alfred-Wollner-_Gazmend-Citaku_Ulqin.jpg'><img width=\"150\" height=\"150\" src=\"https:\/\/www.visit-ulcinj.com\/blog\/wp-content\/uploads\/2012\/06\/URLAUB-IN-ULQINI_Alfred-Wollner-_Gazmend-Citaku_Ulqin-150x150.jpg\" class=\"attachment-thumbnail size-thumbnail\" alt=\"\" loading=\"lazy\" \/><\/a>\n\t\t\t<\/dt><\/dl><dl class='gallery-item'>\n\t\t\t<dt class='gallery-icon landscape'>\n\t\t\t\t<a href='https:\/\/www.visit-ulcinj.com\/blog\/wp-content\/uploads\/2012\/06\/URLAUB-IN-ULQINI_Alfred-Wollner-_Gazmend-Citaku_Ulqin.1.jpg'><img width=\"150\" height=\"150\" src=\"https:\/\/www.visit-ulcinj.com\/blog\/wp-content\/uploads\/2012\/06\/URLAUB-IN-ULQINI_Alfred-Wollner-_Gazmend-Citaku_Ulqin.1-150x150.jpg\" class=\"attachment-thumbnail size-thumbnail\" alt=\"\" loading=\"lazy\" \/><\/a>\n\t\t\t<\/dt><\/dl><br style=\"clear: both\" \/>\n\t\t<\/div>\n<\/p>\n","protected":false},"excerpt":{"rendered":"<p>Zmadho Fotografin M\u00eb 09 qershor 2012 n\u00eb sall\u00ebn e bibliotek\u00ebs s\u00eb qytetit n\u00eb Ulqin u b\u00eb p\u00ebrurimi i librit me fotografi nga viti 1959 me titull URLAUB IN ULQINI t\u00eb autorit dr. Alfred Wollner nga Vjena e Austris, p\u00ebrgatiti Gazmend \u00c7itaku, botoi Asociacioni Ulqini, 2012. Mbr\u00ebmjen e hapi drejtoresha e bibliotek\u00ebs znj. Ardita Rama n\u00ebrsa [&hellip;]<\/p>\n","protected":false},"author":1,"featured_media":0,"comment_status":"open","ping_status":"closed","sticky":false,"template":"","format":"standard","meta":{"spay_email":"","jetpack_publicize_message":"","jetpack_is_tweetstorm":false,"jetpack_publicize_feature_enabled":true},"categories":[4,6950],"tags":[200,18],"jetpack_publicize_connections":[],"yoast_head":"<!-- This site is optimized with the Yoast SEO plugin v19.1 - https:\/\/yoast.com\/wordpress\/plugins\/seo\/ -->\n<title>U b\u00eb p\u00ebrurimi i librit me fotografi &quot;URLAUB IN ULQIN&quot; - Video - Lajme nga Ulqini<\/title>\n<meta name=\"description\" content=\"Zmadho Fotografin M\u00eb 09 qershor 2012 n\u00eb sall\u00ebn e bibliotek\u00ebs s\u00eb qytetit n\u00eb Ulqin u b\u00eb p\u00ebrurimi i librit me fotografi nga viti 1959 me titull URLAUB IN\" \/>\n<meta name=\"robots\" content=\"index, follow, max-snippet:-1, max-image-preview:large, max-video-preview:-1\" \/>\n<link rel=\"canonical\" href=\"https:\/\/www.visit-ulcinj.com\/blog\/2012\/06\/10\/u-be-perurimi-i-librit-me-fotografi-urlaub-in-ulqin\/\" \/>\n<meta property=\"og:locale\" content=\"en_US\" \/>\n<meta property=\"og:type\" content=\"article\" \/>\n<meta property=\"og:title\" content=\"U b\u00eb p\u00ebrurimi i librit me fotografi &quot;URLAUB IN ULQIN&quot; - Video - Lajme nga Ulqini\" \/>\n<meta property=\"og:description\" content=\"Zmadho Fotografin M\u00eb 09 qershor 2012 n\u00eb sall\u00ebn e bibliotek\u00ebs s\u00eb qytetit n\u00eb Ulqin u b\u00eb p\u00ebrurimi i librit me fotografi nga viti 1959 me titull URLAUB IN\" \/>\n<meta property=\"og:url\" content=\"https:\/\/www.visit-ulcinj.com\/blog\/2012\/06\/10\/u-be-perurimi-i-librit-me-fotografi-urlaub-in-ulqin\/\" \/>\n<meta property=\"og:site_name\" content=\"Lajme nga Ulqini\" \/>\n<meta property=\"article:published_time\" content=\"2012-06-10T13:45:01+00:00\" \/>\n<meta property=\"article:modified_time\" content=\"2012-06-13T21:35:02+00:00\" \/>\n<meta property=\"og:image\" content=\"https:\/\/www.visit-ulcinj.com\/blog\/wp-content\/uploads\/2012\/06\/URLAUB-IN-ULQINI_Alfred-Wollner-_Gazmend-Citaku_Ulqin.4-150x150.jpg\" \/>\n<meta name=\"twitter:label1\" content=\"Written by\" \/>\n\t<meta name=\"twitter:data1\" content=\"ulqini\" \/>\n\t<meta name=\"twitter:label2\" content=\"Est. reading time\" \/>\n\t<meta name=\"twitter:data2\" content=\"1 minute\" \/>\n<script type=\"application\/ld+json\" class=\"yoast-schema-graph\">{\"@context\":\"https:\/\/schema.org\",\"@graph\":[{\"@type\":\"WebSite\",\"@id\":\"https:\/\/www.visit-ulcinj.com\/blog\/#website\",\"url\":\"https:\/\/www.visit-ulcinj.com\/blog\/\",\"name\":\"Lajme nga Ulqini\",\"description\":\"Lajme,Vijesti,Ulqini,Ulqin,Crna Gora,Mali i Zi\",\"potentialAction\":[{\"@type\":\"SearchAction\",\"target\":{\"@type\":\"EntryPoint\",\"urlTemplate\":\"https:\/\/www.visit-ulcinj.com\/blog\/?s={search_term_string}\"},\"query-input\":\"required name=search_term_string\"}],\"inLanguage\":\"en-US\"},{\"@type\":\"ImageObject\",\"inLanguage\":\"en-US\",\"@id\":\"https:\/\/www.visit-ulcinj.com\/blog\/2012\/06\/10\/u-be-perurimi-i-librit-me-fotografi-urlaub-in-ulqin\/#primaryimage\",\"url\":\"https:\/\/www.visit-ulcinj.com\/blog\/wp-content\/uploads\/2012\/06\/URLAUB-IN-ULQINI_Alfred-Wollner-_Gazmend-Citaku_Ulqin.4.jpg\",\"contentUrl\":\"https:\/\/www.visit-ulcinj.com\/blog\/wp-content\/uploads\/2012\/06\/URLAUB-IN-ULQINI_Alfred-Wollner-_Gazmend-Citaku_Ulqin.4.jpg\",\"width\":\"960\",\"height\":\"343\"},{\"@type\":\"WebPage\",\"@id\":\"https:\/\/www.visit-ulcinj.com\/blog\/2012\/06\/10\/u-be-perurimi-i-librit-me-fotografi-urlaub-in-ulqin\/#webpage\",\"url\":\"https:\/\/www.visit-ulcinj.com\/blog\/2012\/06\/10\/u-be-perurimi-i-librit-me-fotografi-urlaub-in-ulqin\/\",\"name\":\"U b\u00eb p\u00ebrurimi i librit me fotografi \\\"URLAUB IN ULQIN\\\" - Video - Lajme nga Ulqini\",\"isPartOf\":{\"@id\":\"https:\/\/www.visit-ulcinj.com\/blog\/#website\"},\"primaryImageOfPage\":{\"@id\":\"https:\/\/www.visit-ulcinj.com\/blog\/2012\/06\/10\/u-be-perurimi-i-librit-me-fotografi-urlaub-in-ulqin\/#primaryimage\"},\"datePublished\":\"2012-06-10T13:45:01+00:00\",\"dateModified\":\"2012-06-13T21:35:02+00:00\",\"author\":{\"@id\":\"https:\/\/www.visit-ulcinj.com\/blog\/#\/schema\/person\/dcab619c614d3038751c63bc2aadc06d\"},\"description\":\"Zmadho Fotografin M\u00eb 09 qershor 2012 n\u00eb sall\u00ebn e bibliotek\u00ebs s\u00eb qytetit n\u00eb Ulqin u b\u00eb p\u00ebrurimi i librit me fotografi nga viti 1959 me titull URLAUB IN\",\"breadcrumb\":{\"@id\":\"https:\/\/www.visit-ulcinj.com\/blog\/2012\/06\/10\/u-be-perurimi-i-librit-me-fotografi-urlaub-in-ulqin\/#breadcrumb\"},\"inLanguage\":\"en-US\",\"potentialAction\":[{\"@type\":\"ReadAction\",\"target\":[\"https:\/\/www.visit-ulcinj.com\/blog\/2012\/06\/10\/u-be-perurimi-i-librit-me-fotografi-urlaub-in-ulqin\/\"]}]},{\"@type\":\"BreadcrumbList\",\"@id\":\"https:\/\/www.visit-ulcinj.com\/blog\/2012\/06\/10\/u-be-perurimi-i-librit-me-fotografi-urlaub-in-ulqin\/#breadcrumb\",\"itemListElement\":[{\"@type\":\"ListItem\",\"position\":1,\"name\":\"U b\u00eb p\u00ebrurimi i librit me fotografi &#8220;URLAUB IN ULQIN&#8221; &#8211; Video\"}]},{\"@type\":\"Person\",\"@id\":\"https:\/\/www.visit-ulcinj.com\/blog\/#\/schema\/person\/dcab619c614d3038751c63bc2aadc06d\",\"name\":\"ulqini\",\"sameAs\":[\"http:\/\/www.visit-ulcinj.com\"],\"url\":\"https:\/\/www.visit-ulcinj.com\/blog\/author\/admin\/\"}]}<\/script>\n<!-- \/ Yoast SEO plugin. -->","yoast_head_json":{"title":"U b\u00eb p\u00ebrurimi i librit me fotografi \"URLAUB IN ULQIN\" - Video - Lajme nga Ulqini","description":"Zmadho Fotografin M\u00eb 09 qershor 2012 n\u00eb sall\u00ebn e bibliotek\u00ebs s\u00eb qytetit n\u00eb Ulqin u b\u00eb p\u00ebrurimi i librit me fotografi nga viti 1959 me titull URLAUB IN","robots":{"index":"index","follow":"follow","max-snippet":"max-snippet:-1","max-image-preview":"max-image-preview:large","max-video-preview":"max-video-preview:-1"},"canonical":"https:\/\/www.visit-ulcinj.com\/blog\/2012\/06\/10\/u-be-perurimi-i-librit-me-fotografi-urlaub-in-ulqin\/","og_locale":"en_US","og_type":"article","og_title":"U b\u00eb p\u00ebrurimi i librit me fotografi \"URLAUB IN ULQIN\" - Video - Lajme nga Ulqini","og_description":"Zmadho Fotografin M\u00eb 09 qershor 2012 n\u00eb sall\u00ebn e bibliotek\u00ebs s\u00eb qytetit n\u00eb Ulqin u b\u00eb p\u00ebrurimi i librit me fotografi nga viti 1959 me titull URLAUB IN","og_url":"https:\/\/www.visit-ulcinj.com\/blog\/2012\/06\/10\/u-be-perurimi-i-librit-me-fotografi-urlaub-in-ulqin\/","og_site_name":"Lajme nga Ulqini","article_published_time":"2012-06-10T13:45:01+00:00","article_modified_time":"2012-06-13T21:35:02+00:00","og_image":[{"url":"https:\/\/www.visit-ulcinj.com\/blog\/wp-content\/uploads\/2012\/06\/URLAUB-IN-ULQINI_Alfred-Wollner-_Gazmend-Citaku_Ulqin.4-150x150.jpg"}],"twitter_misc":{"Written by":"ulqini","Est. reading time":"1 minute"},"schema":{"@context":"https:\/\/schema.org","@graph":[{"@type":"WebSite","@id":"https:\/\/www.visit-ulcinj.com\/blog\/#website","url":"https:\/\/www.visit-ulcinj.com\/blog\/","name":"Lajme nga Ulqini","description":"Lajme,Vijesti,Ulqini,Ulqin,Crna Gora,Mali i Zi","potentialAction":[{"@type":"SearchAction","target":{"@type":"EntryPoint","urlTemplate":"https:\/\/www.visit-ulcinj.com\/blog\/?s={search_term_string}"},"query-input":"required name=search_term_string"}],"inLanguage":"en-US"},{"@type":"ImageObject","inLanguage":"en-US","@id":"https:\/\/www.visit-ulcinj.com\/blog\/2012\/06\/10\/u-be-perurimi-i-librit-me-fotografi-urlaub-in-ulqin\/#primaryimage","url":"https:\/\/www.visit-ulcinj.com\/blog\/wp-content\/uploads\/2012\/06\/URLAUB-IN-ULQINI_Alfred-Wollner-_Gazmend-Citaku_Ulqin.4.jpg","contentUrl":"https:\/\/www.visit-ulcinj.com\/blog\/wp-content\/uploads\/2012\/06\/URLAUB-IN-ULQINI_Alfred-Wollner-_Gazmend-Citaku_Ulqin.4.jpg","width":"960","height":"343"},{"@type":"WebPage","@id":"https:\/\/www.visit-ulcinj.com\/blog\/2012\/06\/10\/u-be-perurimi-i-librit-me-fotografi-urlaub-in-ulqin\/#webpage","url":"https:\/\/www.visit-ulcinj.com\/blog\/2012\/06\/10\/u-be-perurimi-i-librit-me-fotografi-urlaub-in-ulqin\/","name":"U b\u00eb p\u00ebrurimi i librit me fotografi \"URLAUB IN ULQIN\" - Video - Lajme nga Ulqini","isPartOf":{"@id":"https:\/\/www.visit-ulcinj.com\/blog\/#website"},"primaryImageOfPage":{"@id":"https:\/\/www.visit-ulcinj.com\/blog\/2012\/06\/10\/u-be-perurimi-i-librit-me-fotografi-urlaub-in-ulqin\/#primaryimage"},"datePublished":"2012-06-10T13:45:01+00:00","dateModified":"2012-06-13T21:35:02+00:00","author":{"@id":"https:\/\/www.visit-ulcinj.com\/blog\/#\/schema\/person\/dcab619c614d3038751c63bc2aadc06d"},"description":"Zmadho Fotografin M\u00eb 09 qershor 2012 n\u00eb sall\u00ebn e bibliotek\u00ebs s\u00eb qytetit n\u00eb Ulqin u b\u00eb p\u00ebrurimi i librit me fotografi nga viti 1959 me titull URLAUB IN","breadcrumb":{"@id":"https:\/\/www.visit-ulcinj.com\/blog\/2012\/06\/10\/u-be-perurimi-i-librit-me-fotografi-urlaub-in-ulqin\/#breadcrumb"},"inLanguage":"en-US","potentialAction":[{"@type":"ReadAction","target":["https:\/\/www.visit-ulcinj.com\/blog\/2012\/06\/10\/u-be-perurimi-i-librit-me-fotografi-urlaub-in-ulqin\/"]}]},{"@type":"BreadcrumbList","@id":"https:\/\/www.visit-ulcinj.com\/blog\/2012\/06\/10\/u-be-perurimi-i-librit-me-fotografi-urlaub-in-ulqin\/#breadcrumb","itemListElement":[{"@type":"ListItem","position":1,"name":"U b\u00eb p\u00ebrurimi i librit me fotografi &#8220;URLAUB IN ULQIN&#8221; &#8211; Video"}]},{"@type":"Person","@id":"https:\/\/www.visit-ulcinj.com\/blog\/#\/schema\/person\/dcab619c614d3038751c63bc2aadc06d","name":"ulqini","sameAs":["http:\/\/www.visit-ulcinj.com"],"url":"https:\/\/www.visit-ulcinj.com\/blog\/author\/admin\/"}]}},"jetpack_featured_media_url":"","jetpack_sharing_enabled":true,"jetpack_shortlink":"https:\/\/wp.me\/pe6lTn-g0A","_links":{"self":[{"href":"https:\/\/www.visit-ulcinj.com\/blog\/wp-json\/wp\/v2\/posts\/61540"}],"collection":[{"href":"https:\/\/www.visit-ulcinj.com\/blog\/wp-json\/wp\/v2\/posts"}],"about":[{"href":"https:\/\/www.visit-ulcinj.com\/blog\/wp-json\/wp\/v2\/types\/post"}],"author":[{"embeddable":true,"href":"https:\/\/www.visit-ulcinj.com\/blog\/wp-json\/wp\/v2\/users\/1"}],"replies":[{"embeddable":true,"href":"https:\/\/www.visit-ulcinj.com\/blog\/wp-json\/wp\/v2\/comments?post=61540"}],"version-history":[{"count":11,"href":"https:\/\/www.visit-ulcinj.com\/blog\/wp-json\/wp\/v2\/posts\/61540\/revisions"}],"predecessor-version":[{"id":61642,"href":"https:\/\/www.visit-ulcinj.com\/blog\/wp-json\/wp\/v2\/posts\/61540\/revisions\/61642"}],"wp:attachment":[{"href":"https:\/\/www.visit-ulcinj.com\/blog\/wp-json\/wp\/v2\/media?parent=61540"}],"wp:term":[{"taxonomy":"category","embeddable":true,"href":"https:\/\/www.visit-ulcinj.com\/blog\/wp-json\/wp\/v2\/categories?post=61540"},{"taxonomy":"post_tag","embeddable":true,"href":"https:\/\/www.visit-ulcinj.com\/blog\/wp-json\/wp\/v2\/tags?post=61540"}],"curies":[{"name":"wp","href":"https:\/\/api.w.org\/{rel}","templated":true}]}}